{"id":12220,"date":"2023-07-05T23:07:13","date_gmt":"2023-07-05T23:07:13","guid":{"rendered":"https:\/\/reflejodemichoacan.com\/?p=12220"},"modified":"2023-07-05T23:07:17","modified_gmt":"2023-07-05T23:07:17","slug":"acuerdo-de-formalizacion-laboral-un-avance-para-garantizar-derechos-de-jornaleros-agricolas-reyes-cosari","status":"publish","type":"post","link":"https:\/\/reflejodemichoacan.com\/index.php\/2023\/07\/05\/acuerdo-de-formalizacion-laboral-un-avance-para-garantizar-derechos-de-jornaleros-agricolas-reyes-cosari\/","title":{"rendered":"Acuerdo de formalizaci\u00f3n laboral, un avance para garantizar derechos de jornaleros agr\u00edcolas: Reyes Cosari"},"content":{"rendered":"\n<p>Morelia, Michoac\u00e1n, 05 de julio de 2023.- El acuerdo de Formalizaci\u00f3n Laboral de la Agroindustria es un paso importante para garantizar los derechos laborales de miles de trabajadores del campo michoacano, consider\u00f3 Roberto Reyes Cosari, quien invit\u00f3 a los patrones del sector primario a que formalicen a su plantilla laboral, a trav\u00e9s de la plataforma que se ha habilitado para tal efecto (<a href=\"http:\/\/acreditacionlaboral.sedeco.michoacan.gob.mx\/\" target=\"_blank\" rel=\"noreferrer noopener\">http:\/\/acreditacionlaboral.sedeco.michoacan.gob.mx<\/a>)<\/p>\n\n\n\n<p>El Acuerdo de Formalizaci\u00f3n Laboral de la Agroindustria, signado por el gobierno del estado y productores, empacadores y exportadores de la agroindustria en Michoac\u00e1n, tiene la meta de incorporar a m\u00e1s de 45 mil trabajadores a la seguridad social, y as\u00ed garantizar la justicia laboral de estos jornaleros, dijo Reyes Cosari.<br>El presidente de la Comisi\u00f3n de Trabajo y Previsi\u00f3n Social de la 75 Legislatura confi\u00f3 en que la parte patronal cumplir\u00e1 con dicho acuerdo para as\u00ed hacer realidad los derechos de sus trabajadores, quienes han hecho de Michoac\u00e1n el estado n\u00famero uno a nivel nacional en agroexportaciones.<br>Durante d\u00e9cadas se ha privilegiado a la producci\u00f3n, a los empleadores, y se ha dejado en el olvido a la fuerza de trabajo, a los miles de mujeres y hombre que hacen posible la producci\u00f3n agropecuaria, por lo que es tiempo de mejorar sus condiciones de vida y garantizar sus derechos laborales, remarc\u00f3 Reyes Cosari.&nbsp; &nbsp;<br>Y es que, indic\u00f3, la l\u00f3gica del neoliberalismo es maximizar las ganancias de los patrones a costa de castigar a los trabajadores, con la complicidad del gobierno, lo que ha permitido la explotaci\u00f3n laboral con el consecuente deterioro de los niveles de vida de los asalariados y sus familias.&nbsp; &nbsp;<br>Con el proyecto de la 4T se busca que el crecimiento econ\u00f3mico no se haga a costillas de los trabajadores, sino que se busque un equilibrio entre los factores de la producci\u00f3n que no atente en contra de la justicia laboral y social de los asalariados, puntualiz\u00f3 Reyes Cosari.<\/p>\n","protected":false},"excerpt":{"rendered":"<p>Morelia, Michoac\u00e1n, 05 de julio de 2023.- El acuerdo de Formalizaci\u00f3n Laboral de la Agroindustria es un paso importante para garantizar los derechos laborales de miles de trabajadores del campo michoacano, consider\u00f3 Roberto Reyes Cosari, quien invit\u00f3 a los patrones del sector primario a que formalicen a su plantilla laboral, a trav\u00e9s de la plataforma [&hellip;]<\/p>\n","protected":false},"author":1,"featured_media":12221,"comment_status":"open","ping_status":"closed","sticky":false,"template":"","format":"standard","meta":[],"categories":[23],"tags":[],"yoast_head":"<!-- This site is optimized with the Yoast SEO plugin v17.9 - https:\/\/yoast.com\/wordpress\/plugins\/seo\/ -->\n<title>Acuerdo de formalizaci\u00f3n laboral, un avance para garantizar derechos de jornaleros agr\u00edcolas: Reyes Cosari - Reflejo de Michoac\u00e1n<\/title>\n<meta name=\"robots\" content=\"index, follow, max-snippet:-1, max-image-preview:large, max-video-preview:-1\" \/>\n<link rel=\"canonical\" href=\"https:\/\/reflejodemichoacan.com\/index.php\/2023\/07\/05\/acuerdo-de-formalizacion-laboral-un-avance-para-garantizar-derechos-de-jornaleros-agricolas-reyes-cosari\/\" \/>\n<meta property=\"og:locale\" content=\"es_MX\" \/>\n<meta property=\"og:type\" content=\"article\" \/>\n<meta property=\"og:title\" content=\"Acuerdo de formalizaci\u00f3n laboral, un avance para garantizar derechos de jornaleros agr\u00edcolas: Reyes Cosari - Reflejo de Michoac\u00e1n\" \/>\n<meta property=\"og:description\" content=\"Morelia, Michoac\u00e1n, 05 de julio de 2023.- El acuerdo de Formalizaci\u00f3n Laboral de la Agroindustria es un paso importante para garantizar los derechos laborales de miles de trabajadores del campo michoacano, consider\u00f3 Roberto Reyes Cosari, quien invit\u00f3 a los patrones del sector primario a que formalicen a su plantilla laboral, a trav\u00e9s de la plataforma [&hellip;]\" \/>\n<meta property=\"og:url\" content=\"https:\/\/reflejodemichoacan.com\/index.php\/2023\/07\/05\/acuerdo-de-formalizacion-laboral-un-avance-para-garantizar-derechos-de-jornaleros-agricolas-reyes-cosari\/\" \/>\n<meta property=\"og:site_name\" content=\"Reflejo de Michoac\u00e1n\" \/>\n<meta property=\"article:published_time\" content=\"2023-07-05T23:07:13+00:00\" \/>\n<meta property=\"article:modified_time\" content=\"2023-07-05T23:07:17+00:00\" \/>\n<meta property=\"og:image\" content=\"https:\/\/reflejodemichoacan.com\/wp-content\/uploads\/2023\/07\/cosari.jpg\" \/>\n\t<meta property=\"og:image:width\" content=\"1409\" \/>\n\t<meta property=\"og:image:height\" content=\"1046\" \/>\n\t<meta property=\"og:image:type\" content=\"image\/jpeg\" \/>\n<meta name=\"twitter:card\" content=\"summary_large_image\" \/>\n<meta name=\"twitter:label1\" content=\"Escrito por\" \/>\n\t<meta name=\"twitter:data1\" content=\"Aurora\" \/>\n\t<meta name=\"twitter:label2\" content=\"Tiempo de lectura\" \/>\n\t<meta name=\"twitter:data2\" content=\"2 minutos\" \/>\n<script type=\"application\/ld+json\" class=\"yoast-schema-graph\">{\"@context\":\"https:\/\/schema.org\",\"@graph\":[{\"@type\":\"WebSite\",\"@id\":\"https:\/\/reflejodemichoacan.com\/#website\",\"url\":\"https:\/\/reflejodemichoacan.com\/\",\"name\":\"Reflejo de Michoac\\u00e1n\",\"description\":\"Medio de comunicaci\\u00f3n impreso y digital al servicio de la regi\\u00f3n lacustre y Michoac\\u00e1n.\",\"potentialAction\":[{\"@type\":\"SearchAction\",\"target\":{\"@type\":\"EntryPoint\",\"urlTemplate\":\"https:\/\/reflejodemichoacan.com\/?s={search_term_string}\"},\"query-input\":\"required name=search_term_string\"}],\"inLanguage\":\"es-MX\"},{\"@type\":\"ImageObject\",\"@id\":\"https:\/\/reflejodemichoacan.com\/index.php\/2023\/07\/05\/acuerdo-de-formalizacion-laboral-un-avance-para-garantizar-derechos-de-jornaleros-agricolas-reyes-cosari\/#primaryimage\",\"inLanguage\":\"es-MX\",\"url\":\"https:\/\/reflejodemichoacan.com\/wp-content\/uploads\/2023\/07\/cosari.jpg\",\"contentUrl\":\"https:\/\/reflejodemichoacan.com\/wp-content\/uploads\/2023\/07\/cosari.jpg\",\"width\":1409,\"height\":1046},{\"@type\":\"WebPage\",\"@id\":\"https:\/\/reflejodemichoacan.com\/index.php\/2023\/07\/05\/acuerdo-de-formalizacion-laboral-un-avance-para-garantizar-derechos-de-jornaleros-agricolas-reyes-cosari\/#webpage\",\"url\":\"https:\/\/reflejodemichoacan.com\/index.php\/2023\/07\/05\/acuerdo-de-formalizacion-laboral-un-avance-para-garantizar-derechos-de-jornaleros-agricolas-reyes-cosari\/\",\"name\":\"Acuerdo de formalizaci\\u00f3n laboral, un avance para garantizar derechos de jornaleros agr\\u00edcolas: Reyes Cosari - Reflejo de Michoac\\u00e1n\",\"isPartOf\":{\"@id\":\"https:\/\/reflejodemichoacan.com\/#website\"},\"primaryImageOfPage\":{\"@id\":\"https:\/\/reflejodemichoacan.com\/index.php\/2023\/07\/05\/acuerdo-de-formalizacion-laboral-un-avance-para-garantizar-derechos-de-jornaleros-agricolas-reyes-cosari\/#primaryimage\"},\"datePublished\":\"2023-07-05T23:07:13+00:00\",\"dateModified\":\"2023-07-05T23:07:17+00:00\",\"author\":{\"@id\":\"https:\/\/reflejodemichoacan.com\/#\/schema\/person\/72d921e8fe99bd6e2e39bcde8995046f\"},\"breadcrumb\":{\"@id\":\"https:\/\/reflejodemichoacan.com\/index.php\/2023\/07\/05\/acuerdo-de-formalizacion-laboral-un-avance-para-garantizar-derechos-de-jornaleros-agricolas-reyes-cosari\/#breadcrumb\"},\"inLanguage\":\"es-MX\",\"potentialAction\":[{\"@type\":\"ReadAction\",\"target\":[\"https:\/\/reflejodemichoacan.com\/index.php\/2023\/07\/05\/acuerdo-de-formalizacion-laboral-un-avance-para-garantizar-derechos-de-jornaleros-agricolas-reyes-cosari\/\"]}]},{\"@type\":\"BreadcrumbList\",\"@id\":\"https:\/\/reflejodemichoacan.com\/index.php\/2023\/07\/05\/acuerdo-de-formalizacion-laboral-un-avance-para-garantizar-derechos-de-jornaleros-agricolas-reyes-cosari\/#breadcrumb\",\"itemListElement\":[{\"@type\":\"ListItem\",\"position\":1,\"name\":\"Inicio\",\"item\":\"https:\/\/reflejodemichoacan.com\/\"},{\"@type\":\"ListItem\",\"position\":2,\"name\":\"Acuerdo de formalizaci\\u00f3n laboral, un avance para garantizar derechos de jornaleros agr\\u00edcolas: Reyes Cosari\"}]},{\"@type\":\"Person\",\"@id\":\"https:\/\/reflejodemichoacan.com\/#\/schema\/person\/72d921e8fe99bd6e2e39bcde8995046f\",\"name\":\"Aurora\",\"image\":{\"@type\":\"ImageObject\",\"@id\":\"https:\/\/reflejodemichoacan.com\/#personlogo\",\"inLanguage\":\"es-MX\",\"url\":\"https:\/\/secure.gravatar.com\/avatar\/df5ceb9b998be27b25dd258a6b4b0a95?s=96&d=mm&r=g\",\"contentUrl\":\"https:\/\/secure.gravatar.com\/avatar\/df5ceb9b998be27b25dd258a6b4b0a95?s=96&d=mm&r=g\",\"caption\":\"Aurora\"},\"sameAs\":[\"http:\/\/reflejodemichoacan.com\"],\"url\":\"https:\/\/reflejodemichoacan.com\/index.php\/author\/rixwm7qvsq\/\"}]}<\/script>\n<!-- \/ Yoast SEO plugin. -->","yoast_head_json":{"title":"Acuerdo de formalizaci\u00f3n laboral, un avance para garantizar derechos de jornaleros agr\u00edcolas: Reyes Cosari - Reflejo de Michoac\u00e1n","robots":{"index":"index","follow":"follow","max-snippet":"max-snippet:-1","max-image-preview":"max-image-preview:large","max-video-preview":"max-video-preview:-1"},"canonical":"https:\/\/reflejodemichoacan.com\/index.php\/2023\/07\/05\/acuerdo-de-formalizacion-laboral-un-avance-para-garantizar-derechos-de-jornaleros-agricolas-reyes-cosari\/","og_locale":"es_MX","og_type":"article","og_title":"Acuerdo de formalizaci\u00f3n laboral, un avance para garantizar derechos de jornaleros agr\u00edcolas: Reyes Cosari - Reflejo de Michoac\u00e1n","og_description":"Morelia, Michoac\u00e1n, 05 de julio de 2023.- El acuerdo de Formalizaci\u00f3n Laboral de la Agroindustria es un paso importante para garantizar los derechos laborales de miles de trabajadores del campo michoacano, consider\u00f3 Roberto Reyes Cosari, quien invit\u00f3 a los patrones del sector primario a que formalicen a su plantilla laboral, a trav\u00e9s de la plataforma [&hellip;]","og_url":"https:\/\/reflejodemichoacan.com\/index.php\/2023\/07\/05\/acuerdo-de-formalizacion-laboral-un-avance-para-garantizar-derechos-de-jornaleros-agricolas-reyes-cosari\/","og_site_name":"Reflejo de Michoac\u00e1n","article_published_time":"2023-07-05T23:07:13+00:00","article_modified_time":"2023-07-05T23:07:17+00:00","og_image":[{"width":1409,"height":1046,"url":"https:\/\/reflejodemichoacan.com\/wp-content\/uploads\/2023\/07\/cosari.jpg","type":"image\/jpeg"}],"twitter_card":"summary_large_image","twitter_misc":{"Escrito por":"Aurora","Tiempo de lectura":"2 minutos"},"schema":{"@context":"https:\/\/schema.org","@graph":[{"@type":"WebSite","@id":"https:\/\/reflejodemichoacan.com\/#website","url":"https:\/\/reflejodemichoacan.com\/","name":"Reflejo de Michoac\u00e1n","description":"Medio de comunicaci\u00f3n impreso y digital al servicio de la regi\u00f3n lacustre y Michoac\u00e1n.","potentialAction":[{"@type":"SearchAction","target":{"@type":"EntryPoint","urlTemplate":"https:\/\/reflejodemichoacan.com\/?s={search_term_string}"},"query-input":"required name=search_term_string"}],"inLanguage":"es-MX"},{"@type":"ImageObject","@id":"https:\/\/reflejodemichoacan.com\/index.php\/2023\/07\/05\/acuerdo-de-formalizacion-laboral-un-avance-para-garantizar-derechos-de-jornaleros-agricolas-reyes-cosari\/#primaryimage","inLanguage":"es-MX","url":"https:\/\/reflejodemichoacan.com\/wp-content\/uploads\/2023\/07\/cosari.jpg","contentUrl":"https:\/\/reflejodemichoacan.com\/wp-content\/uploads\/2023\/07\/cosari.jpg","width":1409,"height":1046},{"@type":"WebPage","@id":"https:\/\/reflejodemichoacan.com\/index.php\/2023\/07\/05\/acuerdo-de-formalizacion-laboral-un-avance-para-garantizar-derechos-de-jornaleros-agricolas-reyes-cosari\/#webpage","url":"https:\/\/reflejodemichoacan.com\/index.php\/2023\/07\/05\/acuerdo-de-formalizacion-laboral-un-avance-para-garantizar-derechos-de-jornaleros-agricolas-reyes-cosari\/","name":"Acuerdo de formalizaci\u00f3n laboral, un avance para garantizar derechos de jornaleros agr\u00edcolas: Reyes Cosari - Reflejo de Michoac\u00e1n","isPartOf":{"@id":"https:\/\/reflejodemichoacan.com\/#website"},"primaryImageOfPage":{"@id":"https:\/\/reflejodemichoacan.com\/index.php\/2023\/07\/05\/acuerdo-de-formalizacion-laboral-un-avance-para-garantizar-derechos-de-jornaleros-agricolas-reyes-cosari\/#primaryimage"},"datePublished":"2023-07-05T23:07:13+00:00","dateModified":"2023-07-05T23:07:17+00:00","author":{"@id":"https:\/\/reflejodemichoacan.com\/#\/schema\/person\/72d921e8fe99bd6e2e39bcde8995046f"},"breadcrumb":{"@id":"https:\/\/reflejodemichoacan.com\/index.php\/2023\/07\/05\/acuerdo-de-formalizacion-laboral-un-avance-para-garantizar-derechos-de-jornaleros-agricolas-reyes-cosari\/#breadcrumb"},"inLanguage":"es-MX","potentialAction":[{"@type":"ReadAction","target":["https:\/\/reflejodemichoacan.com\/index.php\/2023\/07\/05\/acuerdo-de-formalizacion-laboral-un-avance-para-garantizar-derechos-de-jornaleros-agricolas-reyes-cosari\/"]}]},{"@type":"BreadcrumbList","@id":"https:\/\/reflejodemichoacan.com\/index.php\/2023\/07\/05\/acuerdo-de-formalizacion-laboral-un-avance-para-garantizar-derechos-de-jornaleros-agricolas-reyes-cosari\/#breadcrumb","itemListElement":[{"@type":"ListItem","position":1,"name":"Inicio","item":"https:\/\/reflejodemichoacan.com\/"},{"@type":"ListItem","position":2,"name":"Acuerdo de formalizaci\u00f3n laboral, un avance para garantizar derechos de jornaleros agr\u00edcolas: Reyes Cosari"}]},{"@type":"Person","@id":"https:\/\/reflejodemichoacan.com\/#\/schema\/person\/72d921e8fe99bd6e2e39bcde8995046f","name":"Aurora","image":{"@type":"ImageObject","@id":"https:\/\/reflejodemichoacan.com\/#personlogo","inLanguage":"es-MX","url":"https:\/\/secure.gravatar.com\/avatar\/df5ceb9b998be27b25dd258a6b4b0a95?s=96&d=mm&r=g","contentUrl":"https:\/\/secure.gravatar.com\/avatar\/df5ceb9b998be27b25dd258a6b4b0a95?s=96&d=mm&r=g","caption":"Aurora"},"sameAs":["http:\/\/reflejodemichoacan.com"],"url":"https:\/\/reflejodemichoacan.com\/index.php\/author\/rixwm7qvsq\/"}]}},"_links":{"self":[{"href":"https:\/\/reflejodemichoacan.com\/index.php\/wp-json\/wp\/v2\/posts\/12220"}],"collection":[{"href":"https:\/\/reflejodemichoacan.com\/index.php\/wp-json\/wp\/v2\/posts"}],"about":[{"href":"https:\/\/reflejodemichoacan.com\/index.php\/wp-json\/wp\/v2\/types\/post"}],"author":[{"embeddable":true,"href":"https:\/\/reflejodemichoacan.com\/index.php\/wp-json\/wp\/v2\/users\/1"}],"replies":[{"embeddable":true,"href":"https:\/\/reflejodemichoacan.com\/index.php\/wp-json\/wp\/v2\/comments?post=12220"}],"version-history":[{"count":1,"href":"https:\/\/reflejodemichoacan.com\/index.php\/wp-json\/wp\/v2\/posts\/12220\/revisions"}],"predecessor-version":[{"id":12222,"href":"https:\/\/reflejodemichoacan.com\/index.php\/wp-json\/wp\/v2\/posts\/12220\/revisions\/12222"}],"wp:featuredmedia":[{"embeddable":true,"href":"https:\/\/reflejodemichoacan.com\/index.php\/wp-json\/wp\/v2\/media\/12221"}],"wp:attachment":[{"href":"https:\/\/reflejodemichoacan.com\/index.php\/wp-json\/wp\/v2\/media?parent=12220"}],"wp:term":[{"taxonomy":"category","embeddable":true,"href":"https:\/\/reflejodemichoacan.com\/index.php\/wp-json\/wp\/v2\/categories?post=12220"},{"taxonomy":"post_tag","embeddable":true,"href":"https:\/\/reflejodemichoacan.com\/index.php\/wp-json\/wp\/v2\/tags?post=12220"}],"curies":[{"name":"wp","href":"https:\/\/api.w.org\/{rel}","templated":true}]}}