{"id":1485,"date":"2020-10-04T22:52:41","date_gmt":"2020-10-04T22:52:41","guid":{"rendered":"https:\/\/reflejodemichoacan.com\/?p=1485"},"modified":"2020-10-04T22:52:41","modified_gmt":"2020-10-04T22:52:41","slug":"cabildo-de-patzcuaro-entregara-presea-gertrudis-bocanegra-a-la-asociacion-gilberto","status":"publish","type":"post","link":"https:\/\/reflejodemichoacan.com\/index.php\/2020\/10\/04\/cabildo-de-patzcuaro-entregara-presea-gertrudis-bocanegra-a-la-asociacion-gilberto\/","title":{"rendered":"Cabildo de P\u00e1tzcuaro entregar\u00e1 presea \u201cGertrudis Bocanegra\u201d a la asociaci\u00f3n Gilberto"},"content":{"rendered":"\n<p><\/p>\n\n\n\n<p>&nbsp;&nbsp;&nbsp;&nbsp;&nbsp;&nbsp;&nbsp;&nbsp;&nbsp;&nbsp;&nbsp; \u2022&nbsp;&nbsp;&nbsp;&nbsp;&nbsp;&nbsp;&nbsp;&nbsp;&nbsp; A consecuencia de sus actividades humanitarias, entrega y compromiso social, la edici\u00f3n XXVII de la presea ser\u00e1 para esta asociaci\u00f3n, subray\u00f3 el presidente V\u00edctor Manuel B\u00e1ez Ceja.<\/p>\n\n\n\n<p>Por unanimidad, el Cabildo de P\u00e1tzcuaro, otorgar\u00e1 la edici\u00f3n XXVII de la presea Gertrudis Bocanegra a la Asociaci\u00f3n Gilberto A.C., quien ha realizado importantes acciones para beneficio de los pobladores del municipio.<\/p>\n\n\n\n<p>En sesi\u00f3n extraordinaria, los integrantes del Cabildo votaron a favor de que la presente edici\u00f3n de la presea \u201cGertrudis Bocanegra\u201d se entregue a esta asociaci\u00f3n en virtud de las acciones que viene realizando en apoyo a los sectores sociales m\u00e1s desprotegidos.<\/p>\n\n\n\n<p>Durante la votaci\u00f3n, el presidente V\u00edctor B\u00e1ez Ceja consider\u00f3 que la decisi\u00f3n estaba debidamente fundada y justificada debido a las actividades humanitarias, entrega y compromiso social de cada una de las mujeres que forman parte de la Asociaci\u00f3n Gilberto A.C.<\/p>\n\n\n\n<p>Asimismo, destac\u00f3 que esta presea ser\u00e1 entregada el pr\u00f3ximo domingo 11 de octubre, luego de que se pospusiera a consecuencia de la contingencia sanitaria provocada por la COVID-19, la entrega acostumbrada estaba programada para el mes de abril.<\/p>\n\n\n\n<p>El presidente refiri\u00f3 que la presea fue instituida el a\u00f1o de 1994 por el Ayuntamiento de P\u00e1tzcuaro, en honor de do\u00f1a Gertrudis Bocanegra, hero\u00edna independentista nacida en P\u00e1tzcuaro; dicha instauraci\u00f3n se realiz\u00f3 con la finalidad de reconocer a todas aquellas mujeres que, con sus actividades humanitarias, art\u00edsticas, cient\u00edficas, quehacer y trabajo p\u00fablico o virtudes c\u00edvicas hayan honrado al municipio, al Estado o a la Naci\u00f3n.<\/p>\n\n\n\n<p>Para la designaci\u00f3n de la recipiendaria se emiti\u00f3 una convocatoria p\u00fablica por el Ayuntamiento, y la presea se otorga por sugerencia de los sectores representativos de la ciudad, clubes de servicio, organizaciones populares y obreras, c\u00e1maras de comercio y organizaciones de prestadores de servicios.<\/p>\n\n\n\n<p>Cabe destacar que en anteriores ediciones fueron recipiendarias de la presea Gertrudis Bocanegra la escritora Elena Poniatowska, la&nbsp;periodista&nbsp;Carmen Aristegui y la escultora Ana Pellicer L\u00f3pez, por se\u00f1alar a las mujeres que la recibieron en las \u00faltimas ediciones.<\/p>\n","protected":false},"excerpt":{"rendered":"<p>&nbsp;&nbsp;&nbsp;&nbsp;&nbsp;&nbsp;&nbsp;&nbsp;&nbsp;&nbsp;&nbsp; \u2022&nbsp;&nbsp;&nbsp;&nbsp;&nbsp;&nbsp;&nbsp;&nbsp;&nbsp; A consecuencia de sus actividades humanitarias, entrega y compromiso social, la edici\u00f3n XXVII de la presea ser\u00e1 para esta asociaci\u00f3n, subray\u00f3 el presidente V\u00edctor Manuel B\u00e1ez Ceja. Por unanimidad, el Cabildo de P\u00e1tzcuaro, otorgar\u00e1 la edici\u00f3n XXVII de la presea Gertrudis Bocanegra a la Asociaci\u00f3n Gilberto A.C., quien ha realizado importantes acciones para [&hellip;]<\/p>\n","protected":false},"author":1,"featured_media":1486,"comment_status":"open","ping_status":"closed","sticky":false,"template":"","format":"standard","meta":[],"categories":[25],"tags":[],"yoast_head":"<!-- This site is optimized with the Yoast SEO plugin v17.9 - https:\/\/yoast.com\/wordpress\/plugins\/seo\/ -->\n<title>Cabildo de P\u00e1tzcuaro entregar\u00e1 presea \u201cGertrudis Bocanegra\u201d a la asociaci\u00f3n Gilberto - Reflejo de Michoac\u00e1n<\/title>\n<meta name=\"robots\" content=\"index, follow, max-snippet:-1, max-image-preview:large, max-video-preview:-1\" \/>\n<link rel=\"canonical\" href=\"https:\/\/reflejodemichoacan.com\/index.php\/2020\/10\/04\/cabildo-de-patzcuaro-entregara-presea-gertrudis-bocanegra-a-la-asociacion-gilberto\/\" \/>\n<meta property=\"og:locale\" content=\"es_MX\" \/>\n<meta property=\"og:type\" content=\"article\" \/>\n<meta property=\"og:title\" content=\"Cabildo de P\u00e1tzcuaro entregar\u00e1 presea \u201cGertrudis Bocanegra\u201d a la asociaci\u00f3n Gilberto - Reflejo de Michoac\u00e1n\" \/>\n<meta property=\"og:description\" content=\"&nbsp;&nbsp;&nbsp;&nbsp;&nbsp;&nbsp;&nbsp;&nbsp;&nbsp;&nbsp;&nbsp; \u2022&nbsp;&nbsp;&nbsp;&nbsp;&nbsp;&nbsp;&nbsp;&nbsp;&nbsp; A consecuencia de sus actividades humanitarias, entrega y compromiso social, la edici\u00f3n XXVII de la presea ser\u00e1 para esta asociaci\u00f3n, subray\u00f3 el presidente V\u00edctor Manuel B\u00e1ez Ceja. Por unanimidad, el Cabildo de P\u00e1tzcuaro, otorgar\u00e1 la edici\u00f3n XXVII de la presea Gertrudis Bocanegra a la Asociaci\u00f3n Gilberto A.C., quien ha realizado importantes acciones para [&hellip;]\" \/>\n<meta property=\"og:url\" content=\"https:\/\/reflejodemichoacan.com\/index.php\/2020\/10\/04\/cabildo-de-patzcuaro-entregara-presea-gertrudis-bocanegra-a-la-asociacion-gilberto\/\" \/>\n<meta property=\"og:site_name\" content=\"Reflejo de Michoac\u00e1n\" \/>\n<meta property=\"article:published_time\" content=\"2020-10-04T22:52:41+00:00\" \/>\n<meta property=\"og:image\" content=\"https:\/\/reflejodemichoacan.com\/wp-content\/uploads\/2020\/10\/Nota-presea-gertrudis.jpg.jpeg\" \/>\n\t<meta property=\"og:image:width\" content=\"1244\" \/>\n\t<meta property=\"og:image:height\" content=\"829\" \/>\n\t<meta property=\"og:image:type\" content=\"image\/jpeg\" \/>\n<meta name=\"twitter:card\" content=\"summary_large_image\" \/>\n<meta name=\"twitter:label1\" content=\"Escrito por\" \/>\n\t<meta name=\"twitter:data1\" content=\"Aurora\" \/>\n\t<meta name=\"twitter:label2\" content=\"Tiempo de lectura\" \/>\n\t<meta name=\"twitter:data2\" content=\"2 minutos\" \/>\n<script type=\"application\/ld+json\" class=\"yoast-schema-graph\">{\"@context\":\"https:\/\/schema.org\",\"@graph\":[{\"@type\":\"WebSite\",\"@id\":\"https:\/\/reflejodemichoacan.com\/#website\",\"url\":\"https:\/\/reflejodemichoacan.com\/\",\"name\":\"Reflejo de Michoac\\u00e1n\",\"description\":\"Medio de comunicaci\\u00f3n impreso y digital al servicio de la regi\\u00f3n lacustre y Michoac\\u00e1n.\",\"potentialAction\":[{\"@type\":\"SearchAction\",\"target\":{\"@type\":\"EntryPoint\",\"urlTemplate\":\"https:\/\/reflejodemichoacan.com\/?s={search_term_string}\"},\"query-input\":\"required name=search_term_string\"}],\"inLanguage\":\"es-MX\"},{\"@type\":\"ImageObject\",\"@id\":\"https:\/\/reflejodemichoacan.com\/index.php\/2020\/10\/04\/cabildo-de-patzcuaro-entregara-presea-gertrudis-bocanegra-a-la-asociacion-gilberto\/#primaryimage\",\"inLanguage\":\"es-MX\",\"url\":\"https:\/\/reflejodemichoacan.com\/wp-content\/uploads\/2020\/10\/Nota-presea-gertrudis.jpg.jpeg\",\"contentUrl\":\"https:\/\/reflejodemichoacan.com\/wp-content\/uploads\/2020\/10\/Nota-presea-gertrudis.jpg.jpeg\",\"width\":1244,\"height\":829},{\"@type\":\"WebPage\",\"@id\":\"https:\/\/reflejodemichoacan.com\/index.php\/2020\/10\/04\/cabildo-de-patzcuaro-entregara-presea-gertrudis-bocanegra-a-la-asociacion-gilberto\/#webpage\",\"url\":\"https:\/\/reflejodemichoacan.com\/index.php\/2020\/10\/04\/cabildo-de-patzcuaro-entregara-presea-gertrudis-bocanegra-a-la-asociacion-gilberto\/\",\"name\":\"Cabildo de P\\u00e1tzcuaro entregar\\u00e1 presea \\u201cGertrudis Bocanegra\\u201d a la asociaci\\u00f3n Gilberto - Reflejo de Michoac\\u00e1n\",\"isPartOf\":{\"@id\":\"https:\/\/reflejodemichoacan.com\/#website\"},\"primaryImageOfPage\":{\"@id\":\"https:\/\/reflejodemichoacan.com\/index.php\/2020\/10\/04\/cabildo-de-patzcuaro-entregara-presea-gertrudis-bocanegra-a-la-asociacion-gilberto\/#primaryimage\"},\"datePublished\":\"2020-10-04T22:52:41+00:00\",\"dateModified\":\"2020-10-04T22:52:41+00:00\",\"author\":{\"@id\":\"https:\/\/reflejodemichoacan.com\/#\/schema\/person\/72d921e8fe99bd6e2e39bcde8995046f\"},\"breadcrumb\":{\"@id\":\"https:\/\/reflejodemichoacan.com\/index.php\/2020\/10\/04\/cabildo-de-patzcuaro-entregara-presea-gertrudis-bocanegra-a-la-asociacion-gilberto\/#breadcrumb\"},\"inLanguage\":\"es-MX\",\"potentialAction\":[{\"@type\":\"ReadAction\",\"target\":[\"https:\/\/reflejodemichoacan.com\/index.php\/2020\/10\/04\/cabildo-de-patzcuaro-entregara-presea-gertrudis-bocanegra-a-la-asociacion-gilberto\/\"]}]},{\"@type\":\"BreadcrumbList\",\"@id\":\"https:\/\/reflejodemichoacan.com\/index.php\/2020\/10\/04\/cabildo-de-patzcuaro-entregara-presea-gertrudis-bocanegra-a-la-asociacion-gilberto\/#breadcrumb\",\"itemListElement\":[{\"@type\":\"ListItem\",\"position\":1,\"name\":\"Inicio\",\"item\":\"https:\/\/reflejodemichoacan.com\/\"},{\"@type\":\"ListItem\",\"position\":2,\"name\":\"Cabildo de P\\u00e1tzcuaro entregar\\u00e1 presea \\u201cGertrudis Bocanegra\\u201d a la asociaci\\u00f3n Gilberto\"}]},{\"@type\":\"Person\",\"@id\":\"https:\/\/reflejodemichoacan.com\/#\/schema\/person\/72d921e8fe99bd6e2e39bcde8995046f\",\"name\":\"Aurora\",\"image\":{\"@type\":\"ImageObject\",\"@id\":\"https:\/\/reflejodemichoacan.com\/#personlogo\",\"inLanguage\":\"es-MX\",\"url\":\"https:\/\/secure.gravatar.com\/avatar\/df5ceb9b998be27b25dd258a6b4b0a95?s=96&d=mm&r=g\",\"contentUrl\":\"https:\/\/secure.gravatar.com\/avatar\/df5ceb9b998be27b25dd258a6b4b0a95?s=96&d=mm&r=g\",\"caption\":\"Aurora\"},\"sameAs\":[\"http:\/\/reflejodemichoacan.com\"],\"url\":\"https:\/\/reflejodemichoacan.com\/index.php\/author\/rixwm7qvsq\/\"}]}<\/script>\n<!-- \/ Yoast SEO plugin. -->","yoast_head_json":{"title":"Cabildo de P\u00e1tzcuaro entregar\u00e1 presea \u201cGertrudis Bocanegra\u201d a la asociaci\u00f3n Gilberto - Reflejo de Michoac\u00e1n","robots":{"index":"index","follow":"follow","max-snippet":"max-snippet:-1","max-image-preview":"max-image-preview:large","max-video-preview":"max-video-preview:-1"},"canonical":"https:\/\/reflejodemichoacan.com\/index.php\/2020\/10\/04\/cabildo-de-patzcuaro-entregara-presea-gertrudis-bocanegra-a-la-asociacion-gilberto\/","og_locale":"es_MX","og_type":"article","og_title":"Cabildo de P\u00e1tzcuaro entregar\u00e1 presea \u201cGertrudis Bocanegra\u201d a la asociaci\u00f3n Gilberto - Reflejo de Michoac\u00e1n","og_description":"&nbsp;&nbsp;&nbsp;&nbsp;&nbsp;&nbsp;&nbsp;&nbsp;&nbsp;&nbsp;&nbsp; \u2022&nbsp;&nbsp;&nbsp;&nbsp;&nbsp;&nbsp;&nbsp;&nbsp;&nbsp; A consecuencia de sus actividades humanitarias, entrega y compromiso social, la edici\u00f3n XXVII de la presea ser\u00e1 para esta asociaci\u00f3n, subray\u00f3 el presidente V\u00edctor Manuel B\u00e1ez Ceja. Por unanimidad, el Cabildo de P\u00e1tzcuaro, otorgar\u00e1 la edici\u00f3n XXVII de la presea Gertrudis Bocanegra a la Asociaci\u00f3n Gilberto A.C., quien ha realizado importantes acciones para [&hellip;]","og_url":"https:\/\/reflejodemichoacan.com\/index.php\/2020\/10\/04\/cabildo-de-patzcuaro-entregara-presea-gertrudis-bocanegra-a-la-asociacion-gilberto\/","og_site_name":"Reflejo de Michoac\u00e1n","article_published_time":"2020-10-04T22:52:41+00:00","og_image":[{"width":1244,"height":829,"url":"https:\/\/reflejodemichoacan.com\/wp-content\/uploads\/2020\/10\/Nota-presea-gertrudis.jpg.jpeg","type":"image\/jpeg"}],"twitter_card":"summary_large_image","twitter_misc":{"Escrito por":"Aurora","Tiempo de lectura":"2 minutos"},"schema":{"@context":"https:\/\/schema.org","@graph":[{"@type":"WebSite","@id":"https:\/\/reflejodemichoacan.com\/#website","url":"https:\/\/reflejodemichoacan.com\/","name":"Reflejo de Michoac\u00e1n","description":"Medio de comunicaci\u00f3n impreso y digital al servicio de la regi\u00f3n lacustre y Michoac\u00e1n.","potentialAction":[{"@type":"SearchAction","target":{"@type":"EntryPoint","urlTemplate":"https:\/\/reflejodemichoacan.com\/?s={search_term_string}"},"query-input":"required name=search_term_string"}],"inLanguage":"es-MX"},{"@type":"ImageObject","@id":"https:\/\/reflejodemichoacan.com\/index.php\/2020\/10\/04\/cabildo-de-patzcuaro-entregara-presea-gertrudis-bocanegra-a-la-asociacion-gilberto\/#primaryimage","inLanguage":"es-MX","url":"https:\/\/reflejodemichoacan.com\/wp-content\/uploads\/2020\/10\/Nota-presea-gertrudis.jpg.jpeg","contentUrl":"https:\/\/reflejodemichoacan.com\/wp-content\/uploads\/2020\/10\/Nota-presea-gertrudis.jpg.jpeg","width":1244,"height":829},{"@type":"WebPage","@id":"https:\/\/reflejodemichoacan.com\/index.php\/2020\/10\/04\/cabildo-de-patzcuaro-entregara-presea-gertrudis-bocanegra-a-la-asociacion-gilberto\/#webpage","url":"https:\/\/reflejodemichoacan.com\/index.php\/2020\/10\/04\/cabildo-de-patzcuaro-entregara-presea-gertrudis-bocanegra-a-la-asociacion-gilberto\/","name":"Cabildo de P\u00e1tzcuaro entregar\u00e1 presea \u201cGertrudis Bocanegra\u201d a la asociaci\u00f3n Gilberto - Reflejo de Michoac\u00e1n","isPartOf":{"@id":"https:\/\/reflejodemichoacan.com\/#website"},"primaryImageOfPage":{"@id":"https:\/\/reflejodemichoacan.com\/index.php\/2020\/10\/04\/cabildo-de-patzcuaro-entregara-presea-gertrudis-bocanegra-a-la-asociacion-gilberto\/#primaryimage"},"datePublished":"2020-10-04T22:52:41+00:00","dateModified":"2020-10-04T22:52:41+00:00","author":{"@id":"https:\/\/reflejodemichoacan.com\/#\/schema\/person\/72d921e8fe99bd6e2e39bcde8995046f"},"breadcrumb":{"@id":"https:\/\/reflejodemichoacan.com\/index.php\/2020\/10\/04\/cabildo-de-patzcuaro-entregara-presea-gertrudis-bocanegra-a-la-asociacion-gilberto\/#breadcrumb"},"inLanguage":"es-MX","potentialAction":[{"@type":"ReadAction","target":["https:\/\/reflejodemichoacan.com\/index.php\/2020\/10\/04\/cabildo-de-patzcuaro-entregara-presea-gertrudis-bocanegra-a-la-asociacion-gilberto\/"]}]},{"@type":"BreadcrumbList","@id":"https:\/\/reflejodemichoacan.com\/index.php\/2020\/10\/04\/cabildo-de-patzcuaro-entregara-presea-gertrudis-bocanegra-a-la-asociacion-gilberto\/#breadcrumb","itemListElement":[{"@type":"ListItem","position":1,"name":"Inicio","item":"https:\/\/reflejodemichoacan.com\/"},{"@type":"ListItem","position":2,"name":"Cabildo de P\u00e1tzcuaro entregar\u00e1 presea \u201cGertrudis Bocanegra\u201d a la asociaci\u00f3n Gilberto"}]},{"@type":"Person","@id":"https:\/\/reflejodemichoacan.com\/#\/schema\/person\/72d921e8fe99bd6e2e39bcde8995046f","name":"Aurora","image":{"@type":"ImageObject","@id":"https:\/\/reflejodemichoacan.com\/#personlogo","inLanguage":"es-MX","url":"https:\/\/secure.gravatar.com\/avatar\/df5ceb9b998be27b25dd258a6b4b0a95?s=96&d=mm&r=g","contentUrl":"https:\/\/secure.gravatar.com\/avatar\/df5ceb9b998be27b25dd258a6b4b0a95?s=96&d=mm&r=g","caption":"Aurora"},"sameAs":["http:\/\/reflejodemichoacan.com"],"url":"https:\/\/reflejodemichoacan.com\/index.php\/author\/rixwm7qvsq\/"}]}},"_links":{"self":[{"href":"https:\/\/reflejodemichoacan.com\/index.php\/wp-json\/wp\/v2\/posts\/1485"}],"collection":[{"href":"https:\/\/reflejodemichoacan.com\/index.php\/wp-json\/wp\/v2\/posts"}],"about":[{"href":"https:\/\/reflejodemichoacan.com\/index.php\/wp-json\/wp\/v2\/types\/post"}],"author":[{"embeddable":true,"href":"https:\/\/reflejodemichoacan.com\/index.php\/wp-json\/wp\/v2\/users\/1"}],"replies":[{"embeddable":true,"href":"https:\/\/reflejodemichoacan.com\/index.php\/wp-json\/wp\/v2\/comments?post=1485"}],"version-history":[{"count":1,"href":"https:\/\/reflejodemichoacan.com\/index.php\/wp-json\/wp\/v2\/posts\/1485\/revisions"}],"predecessor-version":[{"id":1487,"href":"https:\/\/reflejodemichoacan.com\/index.php\/wp-json\/wp\/v2\/posts\/1485\/revisions\/1487"}],"wp:featuredmedia":[{"embeddable":true,"href":"https:\/\/reflejodemichoacan.com\/index.php\/wp-json\/wp\/v2\/media\/1486"}],"wp:attachment":[{"href":"https:\/\/reflejodemichoacan.com\/index.php\/wp-json\/wp\/v2\/media?parent=1485"}],"wp:term":[{"taxonomy":"category","embeddable":true,"href":"https:\/\/reflejodemichoacan.com\/index.php\/wp-json\/wp\/v2\/categories?post=1485"},{"taxonomy":"post_tag","embeddable":true,"href":"https:\/\/reflejodemichoacan.com\/index.php\/wp-json\/wp\/v2\/tags?post=1485"}],"curies":[{"name":"wp","href":"https:\/\/api.w.org\/{rel}","templated":true}]}}