{"id":1488,"date":"2020-10-04T23:02:27","date_gmt":"2020-10-04T23:02:27","guid":{"rendered":"https:\/\/reflejodemichoacan.com\/?p=1488"},"modified":"2020-10-04T23:02:27","modified_gmt":"2020-10-04T23:02:27","slug":"patzcuaro-avanza-a-bandera-verde-que-indica-riesgo-intermedio-de-covid-19","status":"publish","type":"post","link":"https:\/\/reflejodemichoacan.com\/index.php\/2020\/10\/04\/patzcuaro-avanza-a-bandera-verde-que-indica-riesgo-intermedio-de-covid-19\/","title":{"rendered":"P\u00e1tzcuaro avanza a bandera verde que indica Riesgo Intermedio de Covid-19"},"content":{"rendered":"\n<p><\/p>\n\n\n\n<p>Aurora L\u00f3pez Nambo<\/p>\n\n\n\n<p>P\u00e1tzcuaro, Mich., 04 de octubre del 2020.- El municipio avanza este domingo a bandera verde, de acuerdo al comportamiento de la pandemia por Covid-19; el color de esta bandera en Michoac\u00e1n significa \u201cRiesgo Intermedio\u201d.<\/p>\n\n\n\n<p>Despu\u00e9s de que por varios meses se mantuvo P\u00e1tzcuaro con bandera amarillo que indica \u201cRiesgo Alto\u201d, finalmente este domingo logra avanzar a la bandera verde, seg\u00fan la informaci\u00f3n de la Secretar\u00eda de Salud en el Estado.<\/p>\n\n\n\n<p>En base a la actualizaci\u00f3n de cifras por la misma Secretar\u00eda, este cuatro de octubre se tienen las siguientes cifras en P\u00e1tzcuaro de Covid-19:<\/p>\n\n\n\n<p>Casos Nuevos: 2<\/p>\n\n\n\n<p>Casos confirmados: 773<\/p>\n\n\n\n<p>Recuperados: 637<\/p>\n\n\n\n<p>Activos: 83<\/p>\n\n\n\n<p>Sospechosos: 26<\/p>\n\n\n\n<p>Total de defunciones en lo que va de la pandemia: 53<\/p>\n\n\n\n<p>Muestras tomadas: 1,591<\/p>\n\n\n\n<p>\u00cdndice de letalidad: 6.86%<\/p>\n\n\n\n<p>Cabe se\u00f1alar que contin\u00faan con bandera amarilla los municipios de L\u00e1zaro C\u00e1rdenas, Morelia y Uruapan.<\/p>\n","protected":false},"excerpt":{"rendered":"<p>Aurora L\u00f3pez Nambo P\u00e1tzcuaro, Mich., 04 de octubre del 2020.- El municipio avanza este domingo a bandera verde, de acuerdo al comportamiento de la pandemia por Covid-19; el color de esta bandera en Michoac\u00e1n significa \u201cRiesgo Intermedio\u201d. Despu\u00e9s de que por varios meses se mantuvo P\u00e1tzcuaro con bandera amarillo que indica \u201cRiesgo Alto\u201d, finalmente este [&hellip;]<\/p>\n","protected":false},"author":1,"featured_media":1489,"comment_status":"open","ping_status":"closed","sticky":false,"template":"","format":"standard","meta":[],"categories":[25],"tags":[],"yoast_head":"<!-- This site is optimized with the Yoast SEO plugin v17.9 - https:\/\/yoast.com\/wordpress\/plugins\/seo\/ -->\n<title>P\u00e1tzcuaro avanza a bandera verde que indica Riesgo Intermedio de Covid-19 - Reflejo de Michoac\u00e1n<\/title>\n<meta name=\"robots\" content=\"index, follow, max-snippet:-1, max-image-preview:large, max-video-preview:-1\" \/>\n<link rel=\"canonical\" href=\"https:\/\/reflejodemichoacan.com\/index.php\/2020\/10\/04\/patzcuaro-avanza-a-bandera-verde-que-indica-riesgo-intermedio-de-covid-19\/\" \/>\n<meta property=\"og:locale\" content=\"es_MX\" \/>\n<meta property=\"og:type\" content=\"article\" \/>\n<meta property=\"og:title\" content=\"P\u00e1tzcuaro avanza a bandera verde que indica Riesgo Intermedio de Covid-19 - Reflejo de Michoac\u00e1n\" \/>\n<meta property=\"og:description\" content=\"Aurora L\u00f3pez Nambo P\u00e1tzcuaro, Mich., 04 de octubre del 2020.- El municipio avanza este domingo a bandera verde, de acuerdo al comportamiento de la pandemia por Covid-19; el color de esta bandera en Michoac\u00e1n significa \u201cRiesgo Intermedio\u201d. Despu\u00e9s de que por varios meses se mantuvo P\u00e1tzcuaro con bandera amarillo que indica \u201cRiesgo Alto\u201d, finalmente este [&hellip;]\" \/>\n<meta property=\"og:url\" content=\"https:\/\/reflejodemichoacan.com\/index.php\/2020\/10\/04\/patzcuaro-avanza-a-bandera-verde-que-indica-riesgo-intermedio-de-covid-19\/\" \/>\n<meta property=\"og:site_name\" content=\"Reflejo de Michoac\u00e1n\" \/>\n<meta property=\"article:published_time\" content=\"2020-10-04T23:02:27+00:00\" \/>\n<meta property=\"og:image\" content=\"https:\/\/reflejodemichoacan.com\/wp-content\/uploads\/2020\/10\/VIERNES06NOVIEMBRE09-002-e1601852536380.jpg\" \/>\n\t<meta property=\"og:image:width\" content=\"1000\" \/>\n\t<meta property=\"og:image:height\" content=\"750\" \/>\n\t<meta property=\"og:image:type\" content=\"image\/jpeg\" \/>\n<meta name=\"twitter:card\" content=\"summary_large_image\" \/>\n<meta name=\"twitter:label1\" content=\"Escrito por\" \/>\n\t<meta name=\"twitter:data1\" content=\"Aurora\" \/>\n\t<meta name=\"twitter:label2\" content=\"Tiempo de lectura\" \/>\n\t<meta name=\"twitter:data2\" content=\"1 minuto\" \/>\n<script type=\"application\/ld+json\" class=\"yoast-schema-graph\">{\"@context\":\"https:\/\/schema.org\",\"@graph\":[{\"@type\":\"WebSite\",\"@id\":\"https:\/\/reflejodemichoacan.com\/#website\",\"url\":\"https:\/\/reflejodemichoacan.com\/\",\"name\":\"Reflejo de Michoac\\u00e1n\",\"description\":\"Medio de comunicaci\\u00f3n impreso y digital al servicio de la regi\\u00f3n lacustre y Michoac\\u00e1n.\",\"potentialAction\":[{\"@type\":\"SearchAction\",\"target\":{\"@type\":\"EntryPoint\",\"urlTemplate\":\"https:\/\/reflejodemichoacan.com\/?s={search_term_string}\"},\"query-input\":\"required name=search_term_string\"}],\"inLanguage\":\"es-MX\"},{\"@type\":\"ImageObject\",\"@id\":\"https:\/\/reflejodemichoacan.com\/index.php\/2020\/10\/04\/patzcuaro-avanza-a-bandera-verde-que-indica-riesgo-intermedio-de-covid-19\/#primaryimage\",\"inLanguage\":\"es-MX\",\"url\":\"https:\/\/reflejodemichoacan.com\/wp-content\/uploads\/2020\/10\/VIERNES06NOVIEMBRE09-002-e1601852536380.jpg\",\"contentUrl\":\"https:\/\/reflejodemichoacan.com\/wp-content\/uploads\/2020\/10\/VIERNES06NOVIEMBRE09-002-e1601852536380.jpg\",\"width\":1000,\"height\":750},{\"@type\":\"WebPage\",\"@id\":\"https:\/\/reflejodemichoacan.com\/index.php\/2020\/10\/04\/patzcuaro-avanza-a-bandera-verde-que-indica-riesgo-intermedio-de-covid-19\/#webpage\",\"url\":\"https:\/\/reflejodemichoacan.com\/index.php\/2020\/10\/04\/patzcuaro-avanza-a-bandera-verde-que-indica-riesgo-intermedio-de-covid-19\/\",\"name\":\"P\\u00e1tzcuaro avanza a bandera verde que indica Riesgo Intermedio de Covid-19 - Reflejo de Michoac\\u00e1n\",\"isPartOf\":{\"@id\":\"https:\/\/reflejodemichoacan.com\/#website\"},\"primaryImageOfPage\":{\"@id\":\"https:\/\/reflejodemichoacan.com\/index.php\/2020\/10\/04\/patzcuaro-avanza-a-bandera-verde-que-indica-riesgo-intermedio-de-covid-19\/#primaryimage\"},\"datePublished\":\"2020-10-04T23:02:27+00:00\",\"dateModified\":\"2020-10-04T23:02:27+00:00\",\"author\":{\"@id\":\"https:\/\/reflejodemichoacan.com\/#\/schema\/person\/72d921e8fe99bd6e2e39bcde8995046f\"},\"breadcrumb\":{\"@id\":\"https:\/\/reflejodemichoacan.com\/index.php\/2020\/10\/04\/patzcuaro-avanza-a-bandera-verde-que-indica-riesgo-intermedio-de-covid-19\/#breadcrumb\"},\"inLanguage\":\"es-MX\",\"potentialAction\":[{\"@type\":\"ReadAction\",\"target\":[\"https:\/\/reflejodemichoacan.com\/index.php\/2020\/10\/04\/patzcuaro-avanza-a-bandera-verde-que-indica-riesgo-intermedio-de-covid-19\/\"]}]},{\"@type\":\"BreadcrumbList\",\"@id\":\"https:\/\/reflejodemichoacan.com\/index.php\/2020\/10\/04\/patzcuaro-avanza-a-bandera-verde-que-indica-riesgo-intermedio-de-covid-19\/#breadcrumb\",\"itemListElement\":[{\"@type\":\"ListItem\",\"position\":1,\"name\":\"Inicio\",\"item\":\"https:\/\/reflejodemichoacan.com\/\"},{\"@type\":\"ListItem\",\"position\":2,\"name\":\"P\\u00e1tzcuaro avanza a bandera verde que indica Riesgo Intermedio de Covid-19\"}]},{\"@type\":\"Person\",\"@id\":\"https:\/\/reflejodemichoacan.com\/#\/schema\/person\/72d921e8fe99bd6e2e39bcde8995046f\",\"name\":\"Aurora\",\"image\":{\"@type\":\"ImageObject\",\"@id\":\"https:\/\/reflejodemichoacan.com\/#personlogo\",\"inLanguage\":\"es-MX\",\"url\":\"https:\/\/secure.gravatar.com\/avatar\/df5ceb9b998be27b25dd258a6b4b0a95?s=96&d=mm&r=g\",\"contentUrl\":\"https:\/\/secure.gravatar.com\/avatar\/df5ceb9b998be27b25dd258a6b4b0a95?s=96&d=mm&r=g\",\"caption\":\"Aurora\"},\"sameAs\":[\"http:\/\/reflejodemichoacan.com\"],\"url\":\"https:\/\/reflejodemichoacan.com\/index.php\/author\/rixwm7qvsq\/\"}]}<\/script>\n<!-- \/ Yoast SEO plugin. -->","yoast_head_json":{"title":"P\u00e1tzcuaro avanza a bandera verde que indica Riesgo Intermedio de Covid-19 - Reflejo de Michoac\u00e1n","robots":{"index":"index","follow":"follow","max-snippet":"max-snippet:-1","max-image-preview":"max-image-preview:large","max-video-preview":"max-video-preview:-1"},"canonical":"https:\/\/reflejodemichoacan.com\/index.php\/2020\/10\/04\/patzcuaro-avanza-a-bandera-verde-que-indica-riesgo-intermedio-de-covid-19\/","og_locale":"es_MX","og_type":"article","og_title":"P\u00e1tzcuaro avanza a bandera verde que indica Riesgo Intermedio de Covid-19 - Reflejo de Michoac\u00e1n","og_description":"Aurora L\u00f3pez Nambo P\u00e1tzcuaro, Mich., 04 de octubre del 2020.- El municipio avanza este domingo a bandera verde, de acuerdo al comportamiento de la pandemia por Covid-19; el color de esta bandera en Michoac\u00e1n significa \u201cRiesgo Intermedio\u201d. Despu\u00e9s de que por varios meses se mantuvo P\u00e1tzcuaro con bandera amarillo que indica \u201cRiesgo Alto\u201d, finalmente este [&hellip;]","og_url":"https:\/\/reflejodemichoacan.com\/index.php\/2020\/10\/04\/patzcuaro-avanza-a-bandera-verde-que-indica-riesgo-intermedio-de-covid-19\/","og_site_name":"Reflejo de Michoac\u00e1n","article_published_time":"2020-10-04T23:02:27+00:00","og_image":[{"width":1000,"height":750,"url":"https:\/\/reflejodemichoacan.com\/wp-content\/uploads\/2020\/10\/VIERNES06NOVIEMBRE09-002-e1601852536380.jpg","type":"image\/jpeg"}],"twitter_card":"summary_large_image","twitter_misc":{"Escrito por":"Aurora","Tiempo de lectura":"1 minuto"},"schema":{"@context":"https:\/\/schema.org","@graph":[{"@type":"WebSite","@id":"https:\/\/reflejodemichoacan.com\/#website","url":"https:\/\/reflejodemichoacan.com\/","name":"Reflejo de Michoac\u00e1n","description":"Medio de comunicaci\u00f3n impreso y digital al servicio de la regi\u00f3n lacustre y Michoac\u00e1n.","potentialAction":[{"@type":"SearchAction","target":{"@type":"EntryPoint","urlTemplate":"https:\/\/reflejodemichoacan.com\/?s={search_term_string}"},"query-input":"required name=search_term_string"}],"inLanguage":"es-MX"},{"@type":"ImageObject","@id":"https:\/\/reflejodemichoacan.com\/index.php\/2020\/10\/04\/patzcuaro-avanza-a-bandera-verde-que-indica-riesgo-intermedio-de-covid-19\/#primaryimage","inLanguage":"es-MX","url":"https:\/\/reflejodemichoacan.com\/wp-content\/uploads\/2020\/10\/VIERNES06NOVIEMBRE09-002-e1601852536380.jpg","contentUrl":"https:\/\/reflejodemichoacan.com\/wp-content\/uploads\/2020\/10\/VIERNES06NOVIEMBRE09-002-e1601852536380.jpg","width":1000,"height":750},{"@type":"WebPage","@id":"https:\/\/reflejodemichoacan.com\/index.php\/2020\/10\/04\/patzcuaro-avanza-a-bandera-verde-que-indica-riesgo-intermedio-de-covid-19\/#webpage","url":"https:\/\/reflejodemichoacan.com\/index.php\/2020\/10\/04\/patzcuaro-avanza-a-bandera-verde-que-indica-riesgo-intermedio-de-covid-19\/","name":"P\u00e1tzcuaro avanza a bandera verde que indica Riesgo Intermedio de Covid-19 - Reflejo de Michoac\u00e1n","isPartOf":{"@id":"https:\/\/reflejodemichoacan.com\/#website"},"primaryImageOfPage":{"@id":"https:\/\/reflejodemichoacan.com\/index.php\/2020\/10\/04\/patzcuaro-avanza-a-bandera-verde-que-indica-riesgo-intermedio-de-covid-19\/#primaryimage"},"datePublished":"2020-10-04T23:02:27+00:00","dateModified":"2020-10-04T23:02:27+00:00","author":{"@id":"https:\/\/reflejodemichoacan.com\/#\/schema\/person\/72d921e8fe99bd6e2e39bcde8995046f"},"breadcrumb":{"@id":"https:\/\/reflejodemichoacan.com\/index.php\/2020\/10\/04\/patzcuaro-avanza-a-bandera-verde-que-indica-riesgo-intermedio-de-covid-19\/#breadcrumb"},"inLanguage":"es-MX","potentialAction":[{"@type":"ReadAction","target":["https:\/\/reflejodemichoacan.com\/index.php\/2020\/10\/04\/patzcuaro-avanza-a-bandera-verde-que-indica-riesgo-intermedio-de-covid-19\/"]}]},{"@type":"BreadcrumbList","@id":"https:\/\/reflejodemichoacan.com\/index.php\/2020\/10\/04\/patzcuaro-avanza-a-bandera-verde-que-indica-riesgo-intermedio-de-covid-19\/#breadcrumb","itemListElement":[{"@type":"ListItem","position":1,"name":"Inicio","item":"https:\/\/reflejodemichoacan.com\/"},{"@type":"ListItem","position":2,"name":"P\u00e1tzcuaro avanza a bandera verde que indica Riesgo Intermedio de Covid-19"}]},{"@type":"Person","@id":"https:\/\/reflejodemichoacan.com\/#\/schema\/person\/72d921e8fe99bd6e2e39bcde8995046f","name":"Aurora","image":{"@type":"ImageObject","@id":"https:\/\/reflejodemichoacan.com\/#personlogo","inLanguage":"es-MX","url":"https:\/\/secure.gravatar.com\/avatar\/df5ceb9b998be27b25dd258a6b4b0a95?s=96&d=mm&r=g","contentUrl":"https:\/\/secure.gravatar.com\/avatar\/df5ceb9b998be27b25dd258a6b4b0a95?s=96&d=mm&r=g","caption":"Aurora"},"sameAs":["http:\/\/reflejodemichoacan.com"],"url":"https:\/\/reflejodemichoacan.com\/index.php\/author\/rixwm7qvsq\/"}]}},"_links":{"self":[{"href":"https:\/\/reflejodemichoacan.com\/index.php\/wp-json\/wp\/v2\/posts\/1488"}],"collection":[{"href":"https:\/\/reflejodemichoacan.com\/index.php\/wp-json\/wp\/v2\/posts"}],"about":[{"href":"https:\/\/reflejodemichoacan.com\/index.php\/wp-json\/wp\/v2\/types\/post"}],"author":[{"embeddable":true,"href":"https:\/\/reflejodemichoacan.com\/index.php\/wp-json\/wp\/v2\/users\/1"}],"replies":[{"embeddable":true,"href":"https:\/\/reflejodemichoacan.com\/index.php\/wp-json\/wp\/v2\/comments?post=1488"}],"version-history":[{"count":1,"href":"https:\/\/reflejodemichoacan.com\/index.php\/wp-json\/wp\/v2\/posts\/1488\/revisions"}],"predecessor-version":[{"id":1490,"href":"https:\/\/reflejodemichoacan.com\/index.php\/wp-json\/wp\/v2\/posts\/1488\/revisions\/1490"}],"wp:featuredmedia":[{"embeddable":true,"href":"https:\/\/reflejodemichoacan.com\/index.php\/wp-json\/wp\/v2\/media\/1489"}],"wp:attachment":[{"href":"https:\/\/reflejodemichoacan.com\/index.php\/wp-json\/wp\/v2\/media?parent=1488"}],"wp:term":[{"taxonomy":"category","embeddable":true,"href":"https:\/\/reflejodemichoacan.com\/index.php\/wp-json\/wp\/v2\/categories?post=1488"},{"taxonomy":"post_tag","embeddable":true,"href":"https:\/\/reflejodemichoacan.com\/index.php\/wp-json\/wp\/v2\/tags?post=1488"}],"curies":[{"name":"wp","href":"https:\/\/api.w.org\/{rel}","templated":true}]}}