{"id":1492,"date":"2020-10-05T17:20:40","date_gmt":"2020-10-05T17:20:40","guid":{"rendered":"https:\/\/reflejodemichoacan.com\/?p=1492"},"modified":"2020-10-05T17:20:40","modified_gmt":"2020-10-05T17:20:40","slug":"llama-araceli-saucedo-a-sumarse-a-mes-rosa","status":"publish","type":"post","link":"https:\/\/reflejodemichoacan.com\/index.php\/2020\/10\/05\/llama-araceli-saucedo-a-sumarse-a-mes-rosa\/","title":{"rendered":"LLAMA ARACELI SAUCEDO A SUMARSE A MES ROSA"},"content":{"rendered":"\n<p>P\u00e1tzcuaro, Michoac\u00e1n, 5 de octubre de 2020.- La Diputada Local por el Distrito XV, Araceli Saucedo Reyes, realiz\u00f3 un llamado a las mujeres michoacanas a sumarse a la lucha contra el c\u00e1ncer de mama atendiendo las recomendaciones de prevenci\u00f3n y acudiendo a sus chequeos, mismos que se estar\u00e1n realizando a trav\u00e9s de la Unidad M\u00f3vil que instalar\u00e1 la Secretar\u00eda de Salud de Michoac\u00e1n en distintos puntos del estado.\u00a0<\/p>\n\n\n\n<p>Mencion\u00f3 que la lucha contra esta enfermedad es una responsabilidad de todos, por lo que se\u00f1al\u00f3 que las acciones de concientizaci\u00f3n durante este mes son fundamentales para reducir los \u00edndices de muertes, los cuales de acuerdo con la Organizaci\u00f3n Mundial de la Salud se encuentran en los 458 mil al a\u00f1o.<\/p>\n\n\n\n<p>\u201cSabemos que los conocimientos actuales sobre las causas del c\u00e1ncer de mama son insuficientes, por lo cual la detecci\u00f3n temprana sigue siendo la mejor forma de atacar esta enfermedad, ya que al establecer un diagn\u00f3stico adecuado las posibilidades de curaci\u00f3n son elevadas\u201d.<\/p>\n\n\n\n<p>Saucedo Reyes reiter\u00f3 su invitaci\u00f3n a las mujeres michoacanas a \u201cpasar la voz\u201d, para que quienes pertenecen a comunidades alejadas, donde no se cuenta con internet puedan conocer los puntos a donde llegar\u00e1 la Unidad M\u00f3vil de Mastrograf\u00edas.<\/p>\n\n\n\n<p>La Diputada reiter\u00f3 su compromiso de trabajar por las mujeres para su bienestar y desarrollo.<\/p>\n","protected":false},"excerpt":{"rendered":"<p>P\u00e1tzcuaro, Michoac\u00e1n, 5 de octubre de 2020.- La Diputada Local por el Distrito XV, Araceli Saucedo Reyes, realiz\u00f3 un llamado a las mujeres michoacanas a sumarse a la lucha contra el c\u00e1ncer de mama atendiendo las recomendaciones de prevenci\u00f3n y acudiendo a sus chequeos, mismos que se estar\u00e1n realizando a trav\u00e9s de la Unidad M\u00f3vil [&hellip;]<\/p>\n","protected":false},"author":1,"featured_media":1493,"comment_status":"open","ping_status":"closed","sticky":false,"template":"","format":"standard","meta":[],"categories":[25],"tags":[],"yoast_head":"<!-- This site is optimized with the Yoast SEO plugin v17.9 - https:\/\/yoast.com\/wordpress\/plugins\/seo\/ -->\n<title>LLAMA ARACELI SAUCEDO A SUMARSE A MES ROSA - Reflejo de Michoac\u00e1n<\/title>\n<meta name=\"robots\" content=\"index, follow, max-snippet:-1, max-image-preview:large, max-video-preview:-1\" \/>\n<link rel=\"canonical\" href=\"https:\/\/reflejodemichoacan.com\/index.php\/2020\/10\/05\/llama-araceli-saucedo-a-sumarse-a-mes-rosa\/\" \/>\n<meta property=\"og:locale\" content=\"es_MX\" \/>\n<meta property=\"og:type\" content=\"article\" \/>\n<meta property=\"og:title\" content=\"LLAMA ARACELI SAUCEDO A SUMARSE A MES ROSA - Reflejo de Michoac\u00e1n\" \/>\n<meta property=\"og:description\" content=\"P\u00e1tzcuaro, Michoac\u00e1n, 5 de octubre de 2020.- La Diputada Local por el Distrito XV, Araceli Saucedo Reyes, realiz\u00f3 un llamado a las mujeres michoacanas a sumarse a la lucha contra el c\u00e1ncer de mama atendiendo las recomendaciones de prevenci\u00f3n y acudiendo a sus chequeos, mismos que se estar\u00e1n realizando a trav\u00e9s de la Unidad M\u00f3vil [&hellip;]\" \/>\n<meta property=\"og:url\" content=\"https:\/\/reflejodemichoacan.com\/index.php\/2020\/10\/05\/llama-araceli-saucedo-a-sumarse-a-mes-rosa\/\" \/>\n<meta property=\"og:site_name\" content=\"Reflejo de Michoac\u00e1n\" \/>\n<meta property=\"article:published_time\" content=\"2020-10-05T17:20:40+00:00\" \/>\n<meta property=\"og:image\" content=\"https:\/\/reflejodemichoacan.com\/wp-content\/uploads\/2020\/10\/nota-araceli-llama.jpg.jpeg\" \/>\n\t<meta property=\"og:image:width\" content=\"1280\" \/>\n\t<meta property=\"og:image:height\" content=\"1256\" \/>\n\t<meta property=\"og:image:type\" content=\"image\/jpeg\" \/>\n<meta name=\"twitter:card\" content=\"summary_large_image\" \/>\n<meta name=\"twitter:label1\" content=\"Escrito por\" \/>\n\t<meta name=\"twitter:data1\" content=\"Aurora\" \/>\n\t<meta name=\"twitter:label2\" content=\"Tiempo de lectura\" \/>\n\t<meta name=\"twitter:data2\" content=\"1 minuto\" \/>\n<script type=\"application\/ld+json\" class=\"yoast-schema-graph\">{\"@context\":\"https:\/\/schema.org\",\"@graph\":[{\"@type\":\"WebSite\",\"@id\":\"https:\/\/reflejodemichoacan.com\/#website\",\"url\":\"https:\/\/reflejodemichoacan.com\/\",\"name\":\"Reflejo de Michoac\\u00e1n\",\"description\":\"Medio de comunicaci\\u00f3n impreso y digital al servicio de la regi\\u00f3n lacustre y Michoac\\u00e1n.\",\"potentialAction\":[{\"@type\":\"SearchAction\",\"target\":{\"@type\":\"EntryPoint\",\"urlTemplate\":\"https:\/\/reflejodemichoacan.com\/?s={search_term_string}\"},\"query-input\":\"required name=search_term_string\"}],\"inLanguage\":\"es-MX\"},{\"@type\":\"ImageObject\",\"@id\":\"https:\/\/reflejodemichoacan.com\/index.php\/2020\/10\/05\/llama-araceli-saucedo-a-sumarse-a-mes-rosa\/#primaryimage\",\"inLanguage\":\"es-MX\",\"url\":\"https:\/\/reflejodemichoacan.com\/wp-content\/uploads\/2020\/10\/nota-araceli-llama.jpg.jpeg\",\"contentUrl\":\"https:\/\/reflejodemichoacan.com\/wp-content\/uploads\/2020\/10\/nota-araceli-llama.jpg.jpeg\",\"width\":1280,\"height\":1256},{\"@type\":\"WebPage\",\"@id\":\"https:\/\/reflejodemichoacan.com\/index.php\/2020\/10\/05\/llama-araceli-saucedo-a-sumarse-a-mes-rosa\/#webpage\",\"url\":\"https:\/\/reflejodemichoacan.com\/index.php\/2020\/10\/05\/llama-araceli-saucedo-a-sumarse-a-mes-rosa\/\",\"name\":\"LLAMA ARACELI SAUCEDO A SUMARSE A MES ROSA - Reflejo de Michoac\\u00e1n\",\"isPartOf\":{\"@id\":\"https:\/\/reflejodemichoacan.com\/#website\"},\"primaryImageOfPage\":{\"@id\":\"https:\/\/reflejodemichoacan.com\/index.php\/2020\/10\/05\/llama-araceli-saucedo-a-sumarse-a-mes-rosa\/#primaryimage\"},\"datePublished\":\"2020-10-05T17:20:40+00:00\",\"dateModified\":\"2020-10-05T17:20:40+00:00\",\"author\":{\"@id\":\"https:\/\/reflejodemichoacan.com\/#\/schema\/person\/72d921e8fe99bd6e2e39bcde8995046f\"},\"breadcrumb\":{\"@id\":\"https:\/\/reflejodemichoacan.com\/index.php\/2020\/10\/05\/llama-araceli-saucedo-a-sumarse-a-mes-rosa\/#breadcrumb\"},\"inLanguage\":\"es-MX\",\"potentialAction\":[{\"@type\":\"ReadAction\",\"target\":[\"https:\/\/reflejodemichoacan.com\/index.php\/2020\/10\/05\/llama-araceli-saucedo-a-sumarse-a-mes-rosa\/\"]}]},{\"@type\":\"BreadcrumbList\",\"@id\":\"https:\/\/reflejodemichoacan.com\/index.php\/2020\/10\/05\/llama-araceli-saucedo-a-sumarse-a-mes-rosa\/#breadcrumb\",\"itemListElement\":[{\"@type\":\"ListItem\",\"position\":1,\"name\":\"Inicio\",\"item\":\"https:\/\/reflejodemichoacan.com\/\"},{\"@type\":\"ListItem\",\"position\":2,\"name\":\"LLAMA ARACELI SAUCEDO A SUMARSE A MES ROSA\"}]},{\"@type\":\"Person\",\"@id\":\"https:\/\/reflejodemichoacan.com\/#\/schema\/person\/72d921e8fe99bd6e2e39bcde8995046f\",\"name\":\"Aurora\",\"image\":{\"@type\":\"ImageObject\",\"@id\":\"https:\/\/reflejodemichoacan.com\/#personlogo\",\"inLanguage\":\"es-MX\",\"url\":\"https:\/\/secure.gravatar.com\/avatar\/df5ceb9b998be27b25dd258a6b4b0a95?s=96&d=mm&r=g\",\"contentUrl\":\"https:\/\/secure.gravatar.com\/avatar\/df5ceb9b998be27b25dd258a6b4b0a95?s=96&d=mm&r=g\",\"caption\":\"Aurora\"},\"sameAs\":[\"http:\/\/reflejodemichoacan.com\"],\"url\":\"https:\/\/reflejodemichoacan.com\/index.php\/author\/rixwm7qvsq\/\"}]}<\/script>\n<!-- \/ Yoast SEO plugin. -->","yoast_head_json":{"title":"LLAMA ARACELI SAUCEDO A SUMARSE A MES ROSA - Reflejo de Michoac\u00e1n","robots":{"index":"index","follow":"follow","max-snippet":"max-snippet:-1","max-image-preview":"max-image-preview:large","max-video-preview":"max-video-preview:-1"},"canonical":"https:\/\/reflejodemichoacan.com\/index.php\/2020\/10\/05\/llama-araceli-saucedo-a-sumarse-a-mes-rosa\/","og_locale":"es_MX","og_type":"article","og_title":"LLAMA ARACELI SAUCEDO A SUMARSE A MES ROSA - Reflejo de Michoac\u00e1n","og_description":"P\u00e1tzcuaro, Michoac\u00e1n, 5 de octubre de 2020.- La Diputada Local por el Distrito XV, Araceli Saucedo Reyes, realiz\u00f3 un llamado a las mujeres michoacanas a sumarse a la lucha contra el c\u00e1ncer de mama atendiendo las recomendaciones de prevenci\u00f3n y acudiendo a sus chequeos, mismos que se estar\u00e1n realizando a trav\u00e9s de la Unidad M\u00f3vil [&hellip;]","og_url":"https:\/\/reflejodemichoacan.com\/index.php\/2020\/10\/05\/llama-araceli-saucedo-a-sumarse-a-mes-rosa\/","og_site_name":"Reflejo de Michoac\u00e1n","article_published_time":"2020-10-05T17:20:40+00:00","og_image":[{"width":1280,"height":1256,"url":"https:\/\/reflejodemichoacan.com\/wp-content\/uploads\/2020\/10\/nota-araceli-llama.jpg.jpeg","type":"image\/jpeg"}],"twitter_card":"summary_large_image","twitter_misc":{"Escrito por":"Aurora","Tiempo de lectura":"1 minuto"},"schema":{"@context":"https:\/\/schema.org","@graph":[{"@type":"WebSite","@id":"https:\/\/reflejodemichoacan.com\/#website","url":"https:\/\/reflejodemichoacan.com\/","name":"Reflejo de Michoac\u00e1n","description":"Medio de comunicaci\u00f3n impreso y digital al servicio de la regi\u00f3n lacustre y Michoac\u00e1n.","potentialAction":[{"@type":"SearchAction","target":{"@type":"EntryPoint","urlTemplate":"https:\/\/reflejodemichoacan.com\/?s={search_term_string}"},"query-input":"required name=search_term_string"}],"inLanguage":"es-MX"},{"@type":"ImageObject","@id":"https:\/\/reflejodemichoacan.com\/index.php\/2020\/10\/05\/llama-araceli-saucedo-a-sumarse-a-mes-rosa\/#primaryimage","inLanguage":"es-MX","url":"https:\/\/reflejodemichoacan.com\/wp-content\/uploads\/2020\/10\/nota-araceli-llama.jpg.jpeg","contentUrl":"https:\/\/reflejodemichoacan.com\/wp-content\/uploads\/2020\/10\/nota-araceli-llama.jpg.jpeg","width":1280,"height":1256},{"@type":"WebPage","@id":"https:\/\/reflejodemichoacan.com\/index.php\/2020\/10\/05\/llama-araceli-saucedo-a-sumarse-a-mes-rosa\/#webpage","url":"https:\/\/reflejodemichoacan.com\/index.php\/2020\/10\/05\/llama-araceli-saucedo-a-sumarse-a-mes-rosa\/","name":"LLAMA ARACELI SAUCEDO A SUMARSE A MES ROSA - Reflejo de Michoac\u00e1n","isPartOf":{"@id":"https:\/\/reflejodemichoacan.com\/#website"},"primaryImageOfPage":{"@id":"https:\/\/reflejodemichoacan.com\/index.php\/2020\/10\/05\/llama-araceli-saucedo-a-sumarse-a-mes-rosa\/#primaryimage"},"datePublished":"2020-10-05T17:20:40+00:00","dateModified":"2020-10-05T17:20:40+00:00","author":{"@id":"https:\/\/reflejodemichoacan.com\/#\/schema\/person\/72d921e8fe99bd6e2e39bcde8995046f"},"breadcrumb":{"@id":"https:\/\/reflejodemichoacan.com\/index.php\/2020\/10\/05\/llama-araceli-saucedo-a-sumarse-a-mes-rosa\/#breadcrumb"},"inLanguage":"es-MX","potentialAction":[{"@type":"ReadAction","target":["https:\/\/reflejodemichoacan.com\/index.php\/2020\/10\/05\/llama-araceli-saucedo-a-sumarse-a-mes-rosa\/"]}]},{"@type":"BreadcrumbList","@id":"https:\/\/reflejodemichoacan.com\/index.php\/2020\/10\/05\/llama-araceli-saucedo-a-sumarse-a-mes-rosa\/#breadcrumb","itemListElement":[{"@type":"ListItem","position":1,"name":"Inicio","item":"https:\/\/reflejodemichoacan.com\/"},{"@type":"ListItem","position":2,"name":"LLAMA ARACELI SAUCEDO A SUMARSE A MES ROSA"}]},{"@type":"Person","@id":"https:\/\/reflejodemichoacan.com\/#\/schema\/person\/72d921e8fe99bd6e2e39bcde8995046f","name":"Aurora","image":{"@type":"ImageObject","@id":"https:\/\/reflejodemichoacan.com\/#personlogo","inLanguage":"es-MX","url":"https:\/\/secure.gravatar.com\/avatar\/df5ceb9b998be27b25dd258a6b4b0a95?s=96&d=mm&r=g","contentUrl":"https:\/\/secure.gravatar.com\/avatar\/df5ceb9b998be27b25dd258a6b4b0a95?s=96&d=mm&r=g","caption":"Aurora"},"sameAs":["http:\/\/reflejodemichoacan.com"],"url":"https:\/\/reflejodemichoacan.com\/index.php\/author\/rixwm7qvsq\/"}]}},"_links":{"self":[{"href":"https:\/\/reflejodemichoacan.com\/index.php\/wp-json\/wp\/v2\/posts\/1492"}],"collection":[{"href":"https:\/\/reflejodemichoacan.com\/index.php\/wp-json\/wp\/v2\/posts"}],"about":[{"href":"https:\/\/reflejodemichoacan.com\/index.php\/wp-json\/wp\/v2\/types\/post"}],"author":[{"embeddable":true,"href":"https:\/\/reflejodemichoacan.com\/index.php\/wp-json\/wp\/v2\/users\/1"}],"replies":[{"embeddable":true,"href":"https:\/\/reflejodemichoacan.com\/index.php\/wp-json\/wp\/v2\/comments?post=1492"}],"version-history":[{"count":1,"href":"https:\/\/reflejodemichoacan.com\/index.php\/wp-json\/wp\/v2\/posts\/1492\/revisions"}],"predecessor-version":[{"id":1494,"href":"https:\/\/reflejodemichoacan.com\/index.php\/wp-json\/wp\/v2\/posts\/1492\/revisions\/1494"}],"wp:featuredmedia":[{"embeddable":true,"href":"https:\/\/reflejodemichoacan.com\/index.php\/wp-json\/wp\/v2\/media\/1493"}],"wp:attachment":[{"href":"https:\/\/reflejodemichoacan.com\/index.php\/wp-json\/wp\/v2\/media?parent=1492"}],"wp:term":[{"taxonomy":"category","embeddable":true,"href":"https:\/\/reflejodemichoacan.com\/index.php\/wp-json\/wp\/v2\/categories?post=1492"},{"taxonomy":"post_tag","embeddable":true,"href":"https:\/\/reflejodemichoacan.com\/index.php\/wp-json\/wp\/v2\/tags?post=1492"}],"curies":[{"name":"wp","href":"https:\/\/api.w.org\/{rel}","templated":true}]}}