{"id":15562,"date":"2024-07-02T23:17:42","date_gmt":"2024-07-02T23:17:42","guid":{"rendered":"https:\/\/reflejodemichoacan.com\/?p=15562"},"modified":"2024-07-02T23:17:44","modified_gmt":"2024-07-02T23:17:44","slug":"en-6-meses-se-concluye-el-mercado-de-patzcuaro-gladyz-butanda","status":"publish","type":"post","link":"https:\/\/reflejodemichoacan.com\/index.php\/2024\/07\/02\/en-6-meses-se-concluye-el-mercado-de-patzcuaro-gladyz-butanda\/","title":{"rendered":"En 6 meses se concluye el mercado de P\u00e1tzcuaro: Gladyz Butanda"},"content":{"rendered":"\n<p>\u2022Presenta un avance f\u00edsico del 46 %_<br>Morelia, Michoac\u00e1n, 2 de julio de 2024.- La secretaria de Desarrollo Urbano y Movilidad, Gladyz Butanda Mac\u00edas, inform\u00f3 que la construcci\u00f3n del mercado de P\u00e1tzcuaro registra un avance f\u00edsico del 46 por ciento, es decir, que se encuentra pr\u00e1cticamente a la mitad de su t\u00e9rmino para ser concluido en diciembre de este a\u00f1o.\u00a0<br>Esta obra ofrecer\u00e1 a las y los locatarios un espacio digno y con todas las adecuaciones de infraestructura necesarias para que puedan ofertar sus productos de forma segura, tambi\u00e9n impactar\u00e1 positivamente al municipio y a la regi\u00f3n porque reactivar\u00e1 la actividad econ\u00f3mica y atraer\u00e1 el turismo convirtiendo a P\u00e1tzcuaro en un punto de grandes atractivos para quienes lo visiten.\u00a0\u00a0<br>Detall\u00f3 que en el edificio A la excavaci\u00f3n va en un 95 por ciento y presenta un avance significativo en el colocado de vigas principales, columnas de concreto y montadas, y se trabaja en los colados de losacero, de cubo elevador y de cubo de acero.<br>En cuanto al edificio B el proceso de excavaci\u00f3n va en un 95 por ciento y se han colocado vigas principales, columnas de concreto, columnas montadas y se est\u00e1n realizando los colados de losacero, cubo elevador y de cubo de escalare. Asimismo, los trabajos realizados en el s\u00f3tano se desglosan de la siguiente manera: edificio A: colocaci\u00f3n de columnas, trabes y losa maciza; y en el edificio B: columnas, trabes, losa maciza y firme.\u00a0<br>En este momento se est\u00e1n efectuando los trabajos de alba\u00f1iler\u00eda y acabados, y se comenzar\u00e1 con la construcci\u00f3n de los m\u00f3dulos de comerciantes y las instalaciones hidrosanitarias, el\u00e9ctricas y especiales, tanto para los edificios A como y B.<\/p>\n","protected":false},"excerpt":{"rendered":"<p>\u2022Presenta un avance f\u00edsico del 46 %_Morelia, Michoac\u00e1n, 2 de julio de 2024.- La secretaria de Desarrollo Urbano y Movilidad, Gladyz Butanda Mac\u00edas, inform\u00f3 que la construcci\u00f3n del mercado de P\u00e1tzcuaro registra un avance f\u00edsico del 46 por ciento, es decir, que se encuentra pr\u00e1cticamente a la mitad de su t\u00e9rmino para ser concluido en [&hellip;]<\/p>\n","protected":false},"author":1,"featured_media":15563,"comment_status":"open","ping_status":"closed","sticky":false,"template":"","format":"standard","meta":[],"categories":[1],"tags":[],"yoast_head":"<!-- This site is optimized with the Yoast SEO plugin v17.9 - https:\/\/yoast.com\/wordpress\/plugins\/seo\/ -->\n<title>En 6 meses se concluye el mercado de P\u00e1tzcuaro: Gladyz Butanda - Reflejo de Michoac\u00e1n<\/title>\n<meta name=\"robots\" content=\"index, follow, max-snippet:-1, max-image-preview:large, max-video-preview:-1\" \/>\n<link rel=\"canonical\" href=\"https:\/\/reflejodemichoacan.com\/index.php\/2024\/07\/02\/en-6-meses-se-concluye-el-mercado-de-patzcuaro-gladyz-butanda\/\" \/>\n<meta property=\"og:locale\" content=\"es_MX\" \/>\n<meta property=\"og:type\" content=\"article\" \/>\n<meta property=\"og:title\" content=\"En 6 meses se concluye el mercado de P\u00e1tzcuaro: Gladyz Butanda - Reflejo de Michoac\u00e1n\" \/>\n<meta property=\"og:description\" content=\"\u2022Presenta un avance f\u00edsico del 46 %_Morelia, Michoac\u00e1n, 2 de julio de 2024.- La secretaria de Desarrollo Urbano y Movilidad, Gladyz Butanda Mac\u00edas, inform\u00f3 que la construcci\u00f3n del mercado de P\u00e1tzcuaro registra un avance f\u00edsico del 46 por ciento, es decir, que se encuentra pr\u00e1cticamente a la mitad de su t\u00e9rmino para ser concluido en [&hellip;]\" \/>\n<meta property=\"og:url\" content=\"https:\/\/reflejodemichoacan.com\/index.php\/2024\/07\/02\/en-6-meses-se-concluye-el-mercado-de-patzcuaro-gladyz-butanda\/\" \/>\n<meta property=\"og:site_name\" content=\"Reflejo de Michoac\u00e1n\" \/>\n<meta property=\"article:published_time\" content=\"2024-07-02T23:17:42+00:00\" \/>\n<meta property=\"article:modified_time\" content=\"2024-07-02T23:17:44+00:00\" \/>\n<meta property=\"og:image\" content=\"https:\/\/reflejodemichoacan.com\/wp-content\/uploads\/2024\/07\/IMG-20240702-WA0095.jpg\" \/>\n\t<meta property=\"og:image:width\" content=\"1280\" \/>\n\t<meta property=\"og:image:height\" content=\"718\" \/>\n\t<meta property=\"og:image:type\" content=\"image\/jpeg\" \/>\n<meta name=\"twitter:card\" content=\"summary_large_image\" \/>\n<meta name=\"twitter:label1\" content=\"Escrito por\" \/>\n\t<meta name=\"twitter:data1\" content=\"Aurora\" \/>\n\t<meta name=\"twitter:label2\" content=\"Tiempo de lectura\" \/>\n\t<meta name=\"twitter:data2\" content=\"2 minutos\" \/>\n<script type=\"application\/ld+json\" class=\"yoast-schema-graph\">{\"@context\":\"https:\/\/schema.org\",\"@graph\":[{\"@type\":\"WebSite\",\"@id\":\"https:\/\/reflejodemichoacan.com\/#website\",\"url\":\"https:\/\/reflejodemichoacan.com\/\",\"name\":\"Reflejo de Michoac\\u00e1n\",\"description\":\"Medio de comunicaci\\u00f3n impreso y digital al servicio de la regi\\u00f3n lacustre y Michoac\\u00e1n.\",\"potentialAction\":[{\"@type\":\"SearchAction\",\"target\":{\"@type\":\"EntryPoint\",\"urlTemplate\":\"https:\/\/reflejodemichoacan.com\/?s={search_term_string}\"},\"query-input\":\"required name=search_term_string\"}],\"inLanguage\":\"es-MX\"},{\"@type\":\"ImageObject\",\"@id\":\"https:\/\/reflejodemichoacan.com\/index.php\/2024\/07\/02\/en-6-meses-se-concluye-el-mercado-de-patzcuaro-gladyz-butanda\/#primaryimage\",\"inLanguage\":\"es-MX\",\"url\":\"https:\/\/reflejodemichoacan.com\/wp-content\/uploads\/2024\/07\/IMG-20240702-WA0095.jpg\",\"contentUrl\":\"https:\/\/reflejodemichoacan.com\/wp-content\/uploads\/2024\/07\/IMG-20240702-WA0095.jpg\",\"width\":1280,\"height\":718},{\"@type\":\"WebPage\",\"@id\":\"https:\/\/reflejodemichoacan.com\/index.php\/2024\/07\/02\/en-6-meses-se-concluye-el-mercado-de-patzcuaro-gladyz-butanda\/#webpage\",\"url\":\"https:\/\/reflejodemichoacan.com\/index.php\/2024\/07\/02\/en-6-meses-se-concluye-el-mercado-de-patzcuaro-gladyz-butanda\/\",\"name\":\"En 6 meses se concluye el mercado de P\\u00e1tzcuaro: Gladyz Butanda - Reflejo de Michoac\\u00e1n\",\"isPartOf\":{\"@id\":\"https:\/\/reflejodemichoacan.com\/#website\"},\"primaryImageOfPage\":{\"@id\":\"https:\/\/reflejodemichoacan.com\/index.php\/2024\/07\/02\/en-6-meses-se-concluye-el-mercado-de-patzcuaro-gladyz-butanda\/#primaryimage\"},\"datePublished\":\"2024-07-02T23:17:42+00:00\",\"dateModified\":\"2024-07-02T23:17:44+00:00\",\"author\":{\"@id\":\"https:\/\/reflejodemichoacan.com\/#\/schema\/person\/72d921e8fe99bd6e2e39bcde8995046f\"},\"breadcrumb\":{\"@id\":\"https:\/\/reflejodemichoacan.com\/index.php\/2024\/07\/02\/en-6-meses-se-concluye-el-mercado-de-patzcuaro-gladyz-butanda\/#breadcrumb\"},\"inLanguage\":\"es-MX\",\"potentialAction\":[{\"@type\":\"ReadAction\",\"target\":[\"https:\/\/reflejodemichoacan.com\/index.php\/2024\/07\/02\/en-6-meses-se-concluye-el-mercado-de-patzcuaro-gladyz-butanda\/\"]}]},{\"@type\":\"BreadcrumbList\",\"@id\":\"https:\/\/reflejodemichoacan.com\/index.php\/2024\/07\/02\/en-6-meses-se-concluye-el-mercado-de-patzcuaro-gladyz-butanda\/#breadcrumb\",\"itemListElement\":[{\"@type\":\"ListItem\",\"position\":1,\"name\":\"Inicio\",\"item\":\"https:\/\/reflejodemichoacan.com\/\"},{\"@type\":\"ListItem\",\"position\":2,\"name\":\"En 6 meses se concluye el mercado de P\\u00e1tzcuaro: Gladyz Butanda\"}]},{\"@type\":\"Person\",\"@id\":\"https:\/\/reflejodemichoacan.com\/#\/schema\/person\/72d921e8fe99bd6e2e39bcde8995046f\",\"name\":\"Aurora\",\"image\":{\"@type\":\"ImageObject\",\"@id\":\"https:\/\/reflejodemichoacan.com\/#personlogo\",\"inLanguage\":\"es-MX\",\"url\":\"https:\/\/secure.gravatar.com\/avatar\/df5ceb9b998be27b25dd258a6b4b0a95?s=96&d=mm&r=g\",\"contentUrl\":\"https:\/\/secure.gravatar.com\/avatar\/df5ceb9b998be27b25dd258a6b4b0a95?s=96&d=mm&r=g\",\"caption\":\"Aurora\"},\"sameAs\":[\"http:\/\/reflejodemichoacan.com\"],\"url\":\"https:\/\/reflejodemichoacan.com\/index.php\/author\/rixwm7qvsq\/\"}]}<\/script>\n<!-- \/ Yoast SEO plugin. -->","yoast_head_json":{"title":"En 6 meses se concluye el mercado de P\u00e1tzcuaro: Gladyz Butanda - Reflejo de Michoac\u00e1n","robots":{"index":"index","follow":"follow","max-snippet":"max-snippet:-1","max-image-preview":"max-image-preview:large","max-video-preview":"max-video-preview:-1"},"canonical":"https:\/\/reflejodemichoacan.com\/index.php\/2024\/07\/02\/en-6-meses-se-concluye-el-mercado-de-patzcuaro-gladyz-butanda\/","og_locale":"es_MX","og_type":"article","og_title":"En 6 meses se concluye el mercado de P\u00e1tzcuaro: Gladyz Butanda - Reflejo de Michoac\u00e1n","og_description":"\u2022Presenta un avance f\u00edsico del 46 %_Morelia, Michoac\u00e1n, 2 de julio de 2024.- La secretaria de Desarrollo Urbano y Movilidad, Gladyz Butanda Mac\u00edas, inform\u00f3 que la construcci\u00f3n del mercado de P\u00e1tzcuaro registra un avance f\u00edsico del 46 por ciento, es decir, que se encuentra pr\u00e1cticamente a la mitad de su t\u00e9rmino para ser concluido en [&hellip;]","og_url":"https:\/\/reflejodemichoacan.com\/index.php\/2024\/07\/02\/en-6-meses-se-concluye-el-mercado-de-patzcuaro-gladyz-butanda\/","og_site_name":"Reflejo de Michoac\u00e1n","article_published_time":"2024-07-02T23:17:42+00:00","article_modified_time":"2024-07-02T23:17:44+00:00","og_image":[{"width":1280,"height":718,"url":"https:\/\/reflejodemichoacan.com\/wp-content\/uploads\/2024\/07\/IMG-20240702-WA0095.jpg","type":"image\/jpeg"}],"twitter_card":"summary_large_image","twitter_misc":{"Escrito por":"Aurora","Tiempo de lectura":"2 minutos"},"schema":{"@context":"https:\/\/schema.org","@graph":[{"@type":"WebSite","@id":"https:\/\/reflejodemichoacan.com\/#website","url":"https:\/\/reflejodemichoacan.com\/","name":"Reflejo de Michoac\u00e1n","description":"Medio de comunicaci\u00f3n impreso y digital al servicio de la regi\u00f3n lacustre y Michoac\u00e1n.","potentialAction":[{"@type":"SearchAction","target":{"@type":"EntryPoint","urlTemplate":"https:\/\/reflejodemichoacan.com\/?s={search_term_string}"},"query-input":"required name=search_term_string"}],"inLanguage":"es-MX"},{"@type":"ImageObject","@id":"https:\/\/reflejodemichoacan.com\/index.php\/2024\/07\/02\/en-6-meses-se-concluye-el-mercado-de-patzcuaro-gladyz-butanda\/#primaryimage","inLanguage":"es-MX","url":"https:\/\/reflejodemichoacan.com\/wp-content\/uploads\/2024\/07\/IMG-20240702-WA0095.jpg","contentUrl":"https:\/\/reflejodemichoacan.com\/wp-content\/uploads\/2024\/07\/IMG-20240702-WA0095.jpg","width":1280,"height":718},{"@type":"WebPage","@id":"https:\/\/reflejodemichoacan.com\/index.php\/2024\/07\/02\/en-6-meses-se-concluye-el-mercado-de-patzcuaro-gladyz-butanda\/#webpage","url":"https:\/\/reflejodemichoacan.com\/index.php\/2024\/07\/02\/en-6-meses-se-concluye-el-mercado-de-patzcuaro-gladyz-butanda\/","name":"En 6 meses se concluye el mercado de P\u00e1tzcuaro: Gladyz Butanda - Reflejo de Michoac\u00e1n","isPartOf":{"@id":"https:\/\/reflejodemichoacan.com\/#website"},"primaryImageOfPage":{"@id":"https:\/\/reflejodemichoacan.com\/index.php\/2024\/07\/02\/en-6-meses-se-concluye-el-mercado-de-patzcuaro-gladyz-butanda\/#primaryimage"},"datePublished":"2024-07-02T23:17:42+00:00","dateModified":"2024-07-02T23:17:44+00:00","author":{"@id":"https:\/\/reflejodemichoacan.com\/#\/schema\/person\/72d921e8fe99bd6e2e39bcde8995046f"},"breadcrumb":{"@id":"https:\/\/reflejodemichoacan.com\/index.php\/2024\/07\/02\/en-6-meses-se-concluye-el-mercado-de-patzcuaro-gladyz-butanda\/#breadcrumb"},"inLanguage":"es-MX","potentialAction":[{"@type":"ReadAction","target":["https:\/\/reflejodemichoacan.com\/index.php\/2024\/07\/02\/en-6-meses-se-concluye-el-mercado-de-patzcuaro-gladyz-butanda\/"]}]},{"@type":"BreadcrumbList","@id":"https:\/\/reflejodemichoacan.com\/index.php\/2024\/07\/02\/en-6-meses-se-concluye-el-mercado-de-patzcuaro-gladyz-butanda\/#breadcrumb","itemListElement":[{"@type":"ListItem","position":1,"name":"Inicio","item":"https:\/\/reflejodemichoacan.com\/"},{"@type":"ListItem","position":2,"name":"En 6 meses se concluye el mercado de P\u00e1tzcuaro: Gladyz Butanda"}]},{"@type":"Person","@id":"https:\/\/reflejodemichoacan.com\/#\/schema\/person\/72d921e8fe99bd6e2e39bcde8995046f","name":"Aurora","image":{"@type":"ImageObject","@id":"https:\/\/reflejodemichoacan.com\/#personlogo","inLanguage":"es-MX","url":"https:\/\/secure.gravatar.com\/avatar\/df5ceb9b998be27b25dd258a6b4b0a95?s=96&d=mm&r=g","contentUrl":"https:\/\/secure.gravatar.com\/avatar\/df5ceb9b998be27b25dd258a6b4b0a95?s=96&d=mm&r=g","caption":"Aurora"},"sameAs":["http:\/\/reflejodemichoacan.com"],"url":"https:\/\/reflejodemichoacan.com\/index.php\/author\/rixwm7qvsq\/"}]}},"_links":{"self":[{"href":"https:\/\/reflejodemichoacan.com\/index.php\/wp-json\/wp\/v2\/posts\/15562"}],"collection":[{"href":"https:\/\/reflejodemichoacan.com\/index.php\/wp-json\/wp\/v2\/posts"}],"about":[{"href":"https:\/\/reflejodemichoacan.com\/index.php\/wp-json\/wp\/v2\/types\/post"}],"author":[{"embeddable":true,"href":"https:\/\/reflejodemichoacan.com\/index.php\/wp-json\/wp\/v2\/users\/1"}],"replies":[{"embeddable":true,"href":"https:\/\/reflejodemichoacan.com\/index.php\/wp-json\/wp\/v2\/comments?post=15562"}],"version-history":[{"count":1,"href":"https:\/\/reflejodemichoacan.com\/index.php\/wp-json\/wp\/v2\/posts\/15562\/revisions"}],"predecessor-version":[{"id":15564,"href":"https:\/\/reflejodemichoacan.com\/index.php\/wp-json\/wp\/v2\/posts\/15562\/revisions\/15564"}],"wp:featuredmedia":[{"embeddable":true,"href":"https:\/\/reflejodemichoacan.com\/index.php\/wp-json\/wp\/v2\/media\/15563"}],"wp:attachment":[{"href":"https:\/\/reflejodemichoacan.com\/index.php\/wp-json\/wp\/v2\/media?parent=15562"}],"wp:term":[{"taxonomy":"category","embeddable":true,"href":"https:\/\/reflejodemichoacan.com\/index.php\/wp-json\/wp\/v2\/categories?post=15562"},{"taxonomy":"post_tag","embeddable":true,"href":"https:\/\/reflejodemichoacan.com\/index.php\/wp-json\/wp\/v2\/tags?post=15562"}],"curies":[{"name":"wp","href":"https:\/\/api.w.org\/{rel}","templated":true}]}}