{"id":15610,"date":"2024-07-13T00:03:26","date_gmt":"2024-07-13T00:03:26","guid":{"rendered":"https:\/\/reflejodemichoacan.com\/?p=15610"},"modified":"2024-07-13T00:03:28","modified_gmt":"2024-07-13T00:03:28","slug":"consigue-andrea-villanueva-asignacion-de-recursos-para-los-sectores-mas-vulnerables-de-michoacan","status":"publish","type":"post","link":"https:\/\/reflejodemichoacan.com\/index.php\/2024\/07\/13\/consigue-andrea-villanueva-asignacion-de-recursos-para-los-sectores-mas-vulnerables-de-michoacan\/","title":{"rendered":"Consigue Andrea Villanueva asignaci\u00f3n de recursos para los sectores m\u00e1s vulnerables de Michoac\u00e1n"},"content":{"rendered":"\n<p>Morelia, Mich., jueves 11 de julio 2024.- Ante la urgente necesidad de construir una sociedad m\u00e1s justa, la diputada del Distrito 11 de Morelia Andrea Villanueva Cano, celebr\u00f3 el trabajo de la Comisi\u00f3n de Hacienda y Deuda P\u00fablica para la elaboraci\u00f3n del dictamen final que contiene sus propuestas de reformas a la Ley de Hacienda, con las cuales\u00a0 Gobierno del Estado, deber\u00e1 destinar un porcentaje del Impuesto a la N\u00f3mina para proyectos sociales que promuevan la cultura de la paz y la prevenci\u00f3n del delito.<br>Asimismo, con las reformas al art\u00edculo 51 de la citada Ley, se avala que aquellos empresarios que prioricen la contrataci\u00f3n de personas de m\u00e1s de 60 a\u00f1os; j\u00f3venes reci\u00e9n egresados y mujeres jefas de familia, gocen de est\u00edmulos fiscales de conformidad a lo dispuesto por el Ejecutivo del Estado.<br>De lo anterior, Villanueva Cano celebr\u00f3 la disposici\u00f3n de legislar a favor de los sectores m\u00e1s vulnerables, pues con estas reformas se consolida la reconstrucci\u00f3n del tejido social y la implementaci\u00f3n de mejores herramientas para llevar a todos los lugares de Michoac\u00e1n, pol\u00edticas p\u00fablicas con una visi\u00f3n m\u00e1s humana, que ponga las necesidades de la persona como prioridad y se enfoque en atender las necesidades y realidades de cada sector.\u00a0<br>&#8220;Estas propuestas se trabajaron de la mano con representantes de la sociedad civil y por eso celebro la sensibilidad de los integrantes de esta Comisi\u00f3n, quienes\u00a0 reconocieron la urgencia de promover mejores pr\u00e1cticas en materia de prevenci\u00f3n del delito, logrando que las nuevas generaciones tengan acceso a programas culturales y deportivos, que los saquen de entornos violentos y\u00a0 fomenten a trav\u00e9s de la expresi\u00f3n art\u00edstica, una nueva y mejor forma de vivir&#8221;, afirm\u00f3.\u00a0<br>Cabe se\u00f1alar que con estas reformas, se plantea que el recurso que pudiera destinarse a dichos proyectos sociales, deber\u00e1 ser vigilado para su buen uso por un Comit\u00e9 Ciudadano a trav\u00e9s de un Fideicomiso\u00a0 coordinado con Gobierno del Estado, recursos que adem\u00e1s podr\u00e1n potencializarse si se realizan gestiones con Gobierno federal e incluso organismos internacionales.\u00a0<br>Finalmente, Andrea Villanueva augur\u00f3 el \u00e9xito de esta nueva pol\u00edtica p\u00fablica, pues nuestro estado cuenta con grandes talentos michoacanos y la participaci\u00f3n de la sociedad civil organizada, permitir\u00e1 un mayor alcance de estas propuestas y por ende, un mayor y mejor desarrollo social en Michoac\u00e1n.<\/p>\n","protected":false},"excerpt":{"rendered":"<p>Morelia, Mich., jueves 11 de julio 2024.- Ante la urgente necesidad de construir una sociedad m\u00e1s justa, la diputada del Distrito 11 de Morelia Andrea Villanueva Cano, celebr\u00f3 el trabajo de la Comisi\u00f3n de Hacienda y Deuda P\u00fablica para la elaboraci\u00f3n del dictamen final que contiene sus propuestas de reformas a la Ley de Hacienda, [&hellip;]<\/p>\n","protected":false},"author":1,"featured_media":15611,"comment_status":"open","ping_status":"closed","sticky":false,"template":"","format":"standard","meta":[],"categories":[1],"tags":[],"yoast_head":"<!-- This site is optimized with the Yoast SEO plugin v17.9 - https:\/\/yoast.com\/wordpress\/plugins\/seo\/ -->\n<title>Consigue Andrea Villanueva asignaci\u00f3n de recursos para los sectores m\u00e1s vulnerables de Michoac\u00e1n - Reflejo de Michoac\u00e1n<\/title>\n<meta name=\"robots\" content=\"index, follow, max-snippet:-1, max-image-preview:large, max-video-preview:-1\" \/>\n<link rel=\"canonical\" href=\"https:\/\/reflejodemichoacan.com\/index.php\/2024\/07\/13\/consigue-andrea-villanueva-asignacion-de-recursos-para-los-sectores-mas-vulnerables-de-michoacan\/\" \/>\n<meta property=\"og:locale\" content=\"es_MX\" \/>\n<meta property=\"og:type\" content=\"article\" \/>\n<meta property=\"og:title\" content=\"Consigue Andrea Villanueva asignaci\u00f3n de recursos para los sectores m\u00e1s vulnerables de Michoac\u00e1n - Reflejo de Michoac\u00e1n\" \/>\n<meta property=\"og:description\" content=\"Morelia, Mich., jueves 11 de julio 2024.- Ante la urgente necesidad de construir una sociedad m\u00e1s justa, la diputada del Distrito 11 de Morelia Andrea Villanueva Cano, celebr\u00f3 el trabajo de la Comisi\u00f3n de Hacienda y Deuda P\u00fablica para la elaboraci\u00f3n del dictamen final que contiene sus propuestas de reformas a la Ley de Hacienda, [&hellip;]\" \/>\n<meta property=\"og:url\" content=\"https:\/\/reflejodemichoacan.com\/index.php\/2024\/07\/13\/consigue-andrea-villanueva-asignacion-de-recursos-para-los-sectores-mas-vulnerables-de-michoacan\/\" \/>\n<meta property=\"og:site_name\" content=\"Reflejo de Michoac\u00e1n\" \/>\n<meta property=\"article:published_time\" content=\"2024-07-13T00:03:26+00:00\" \/>\n<meta property=\"article:modified_time\" content=\"2024-07-13T00:03:28+00:00\" \/>\n<meta property=\"og:image\" content=\"https:\/\/reflejodemichoacan.com\/wp-content\/uploads\/2024\/07\/IMG-20240711-WA0084.jpg\" \/>\n\t<meta property=\"og:image:width\" content=\"1280\" \/>\n\t<meta property=\"og:image:height\" content=\"854\" \/>\n\t<meta property=\"og:image:type\" content=\"image\/jpeg\" \/>\n<meta name=\"twitter:card\" content=\"summary_large_image\" \/>\n<meta name=\"twitter:label1\" content=\"Escrito por\" \/>\n\t<meta name=\"twitter:data1\" content=\"Aurora\" \/>\n\t<meta name=\"twitter:label2\" content=\"Tiempo de lectura\" \/>\n\t<meta name=\"twitter:data2\" content=\"2 minutos\" \/>\n<script type=\"application\/ld+json\" class=\"yoast-schema-graph\">{\"@context\":\"https:\/\/schema.org\",\"@graph\":[{\"@type\":\"WebSite\",\"@id\":\"https:\/\/reflejodemichoacan.com\/#website\",\"url\":\"https:\/\/reflejodemichoacan.com\/\",\"name\":\"Reflejo de Michoac\\u00e1n\",\"description\":\"Medio de comunicaci\\u00f3n impreso y digital al servicio de la regi\\u00f3n lacustre y Michoac\\u00e1n.\",\"potentialAction\":[{\"@type\":\"SearchAction\",\"target\":{\"@type\":\"EntryPoint\",\"urlTemplate\":\"https:\/\/reflejodemichoacan.com\/?s={search_term_string}\"},\"query-input\":\"required name=search_term_string\"}],\"inLanguage\":\"es-MX\"},{\"@type\":\"ImageObject\",\"@id\":\"https:\/\/reflejodemichoacan.com\/index.php\/2024\/07\/13\/consigue-andrea-villanueva-asignacion-de-recursos-para-los-sectores-mas-vulnerables-de-michoacan\/#primaryimage\",\"inLanguage\":\"es-MX\",\"url\":\"https:\/\/reflejodemichoacan.com\/wp-content\/uploads\/2024\/07\/IMG-20240711-WA0084.jpg\",\"contentUrl\":\"https:\/\/reflejodemichoacan.com\/wp-content\/uploads\/2024\/07\/IMG-20240711-WA0084.jpg\",\"width\":1280,\"height\":854},{\"@type\":\"WebPage\",\"@id\":\"https:\/\/reflejodemichoacan.com\/index.php\/2024\/07\/13\/consigue-andrea-villanueva-asignacion-de-recursos-para-los-sectores-mas-vulnerables-de-michoacan\/#webpage\",\"url\":\"https:\/\/reflejodemichoacan.com\/index.php\/2024\/07\/13\/consigue-andrea-villanueva-asignacion-de-recursos-para-los-sectores-mas-vulnerables-de-michoacan\/\",\"name\":\"Consigue Andrea Villanueva asignaci\\u00f3n de recursos para los sectores m\\u00e1s vulnerables de Michoac\\u00e1n - Reflejo de Michoac\\u00e1n\",\"isPartOf\":{\"@id\":\"https:\/\/reflejodemichoacan.com\/#website\"},\"primaryImageOfPage\":{\"@id\":\"https:\/\/reflejodemichoacan.com\/index.php\/2024\/07\/13\/consigue-andrea-villanueva-asignacion-de-recursos-para-los-sectores-mas-vulnerables-de-michoacan\/#primaryimage\"},\"datePublished\":\"2024-07-13T00:03:26+00:00\",\"dateModified\":\"2024-07-13T00:03:28+00:00\",\"author\":{\"@id\":\"https:\/\/reflejodemichoacan.com\/#\/schema\/person\/72d921e8fe99bd6e2e39bcde8995046f\"},\"breadcrumb\":{\"@id\":\"https:\/\/reflejodemichoacan.com\/index.php\/2024\/07\/13\/consigue-andrea-villanueva-asignacion-de-recursos-para-los-sectores-mas-vulnerables-de-michoacan\/#breadcrumb\"},\"inLanguage\":\"es-MX\",\"potentialAction\":[{\"@type\":\"ReadAction\",\"target\":[\"https:\/\/reflejodemichoacan.com\/index.php\/2024\/07\/13\/consigue-andrea-villanueva-asignacion-de-recursos-para-los-sectores-mas-vulnerables-de-michoacan\/\"]}]},{\"@type\":\"BreadcrumbList\",\"@id\":\"https:\/\/reflejodemichoacan.com\/index.php\/2024\/07\/13\/consigue-andrea-villanueva-asignacion-de-recursos-para-los-sectores-mas-vulnerables-de-michoacan\/#breadcrumb\",\"itemListElement\":[{\"@type\":\"ListItem\",\"position\":1,\"name\":\"Inicio\",\"item\":\"https:\/\/reflejodemichoacan.com\/\"},{\"@type\":\"ListItem\",\"position\":2,\"name\":\"Consigue Andrea Villanueva asignaci\\u00f3n de recursos para los sectores m\\u00e1s vulnerables de Michoac\\u00e1n\"}]},{\"@type\":\"Person\",\"@id\":\"https:\/\/reflejodemichoacan.com\/#\/schema\/person\/72d921e8fe99bd6e2e39bcde8995046f\",\"name\":\"Aurora\",\"image\":{\"@type\":\"ImageObject\",\"@id\":\"https:\/\/reflejodemichoacan.com\/#personlogo\",\"inLanguage\":\"es-MX\",\"url\":\"https:\/\/secure.gravatar.com\/avatar\/df5ceb9b998be27b25dd258a6b4b0a95?s=96&d=mm&r=g\",\"contentUrl\":\"https:\/\/secure.gravatar.com\/avatar\/df5ceb9b998be27b25dd258a6b4b0a95?s=96&d=mm&r=g\",\"caption\":\"Aurora\"},\"sameAs\":[\"http:\/\/reflejodemichoacan.com\"],\"url\":\"https:\/\/reflejodemichoacan.com\/index.php\/author\/rixwm7qvsq\/\"}]}<\/script>\n<!-- \/ Yoast SEO plugin. -->","yoast_head_json":{"title":"Consigue Andrea Villanueva asignaci\u00f3n de recursos para los sectores m\u00e1s vulnerables de Michoac\u00e1n - Reflejo de Michoac\u00e1n","robots":{"index":"index","follow":"follow","max-snippet":"max-snippet:-1","max-image-preview":"max-image-preview:large","max-video-preview":"max-video-preview:-1"},"canonical":"https:\/\/reflejodemichoacan.com\/index.php\/2024\/07\/13\/consigue-andrea-villanueva-asignacion-de-recursos-para-los-sectores-mas-vulnerables-de-michoacan\/","og_locale":"es_MX","og_type":"article","og_title":"Consigue Andrea Villanueva asignaci\u00f3n de recursos para los sectores m\u00e1s vulnerables de Michoac\u00e1n - Reflejo de Michoac\u00e1n","og_description":"Morelia, Mich., jueves 11 de julio 2024.- Ante la urgente necesidad de construir una sociedad m\u00e1s justa, la diputada del Distrito 11 de Morelia Andrea Villanueva Cano, celebr\u00f3 el trabajo de la Comisi\u00f3n de Hacienda y Deuda P\u00fablica para la elaboraci\u00f3n del dictamen final que contiene sus propuestas de reformas a la Ley de Hacienda, [&hellip;]","og_url":"https:\/\/reflejodemichoacan.com\/index.php\/2024\/07\/13\/consigue-andrea-villanueva-asignacion-de-recursos-para-los-sectores-mas-vulnerables-de-michoacan\/","og_site_name":"Reflejo de Michoac\u00e1n","article_published_time":"2024-07-13T00:03:26+00:00","article_modified_time":"2024-07-13T00:03:28+00:00","og_image":[{"width":1280,"height":854,"url":"https:\/\/reflejodemichoacan.com\/wp-content\/uploads\/2024\/07\/IMG-20240711-WA0084.jpg","type":"image\/jpeg"}],"twitter_card":"summary_large_image","twitter_misc":{"Escrito por":"Aurora","Tiempo de lectura":"2 minutos"},"schema":{"@context":"https:\/\/schema.org","@graph":[{"@type":"WebSite","@id":"https:\/\/reflejodemichoacan.com\/#website","url":"https:\/\/reflejodemichoacan.com\/","name":"Reflejo de Michoac\u00e1n","description":"Medio de comunicaci\u00f3n impreso y digital al servicio de la regi\u00f3n lacustre y Michoac\u00e1n.","potentialAction":[{"@type":"SearchAction","target":{"@type":"EntryPoint","urlTemplate":"https:\/\/reflejodemichoacan.com\/?s={search_term_string}"},"query-input":"required name=search_term_string"}],"inLanguage":"es-MX"},{"@type":"ImageObject","@id":"https:\/\/reflejodemichoacan.com\/index.php\/2024\/07\/13\/consigue-andrea-villanueva-asignacion-de-recursos-para-los-sectores-mas-vulnerables-de-michoacan\/#primaryimage","inLanguage":"es-MX","url":"https:\/\/reflejodemichoacan.com\/wp-content\/uploads\/2024\/07\/IMG-20240711-WA0084.jpg","contentUrl":"https:\/\/reflejodemichoacan.com\/wp-content\/uploads\/2024\/07\/IMG-20240711-WA0084.jpg","width":1280,"height":854},{"@type":"WebPage","@id":"https:\/\/reflejodemichoacan.com\/index.php\/2024\/07\/13\/consigue-andrea-villanueva-asignacion-de-recursos-para-los-sectores-mas-vulnerables-de-michoacan\/#webpage","url":"https:\/\/reflejodemichoacan.com\/index.php\/2024\/07\/13\/consigue-andrea-villanueva-asignacion-de-recursos-para-los-sectores-mas-vulnerables-de-michoacan\/","name":"Consigue Andrea Villanueva asignaci\u00f3n de recursos para los sectores m\u00e1s vulnerables de Michoac\u00e1n - Reflejo de Michoac\u00e1n","isPartOf":{"@id":"https:\/\/reflejodemichoacan.com\/#website"},"primaryImageOfPage":{"@id":"https:\/\/reflejodemichoacan.com\/index.php\/2024\/07\/13\/consigue-andrea-villanueva-asignacion-de-recursos-para-los-sectores-mas-vulnerables-de-michoacan\/#primaryimage"},"datePublished":"2024-07-13T00:03:26+00:00","dateModified":"2024-07-13T00:03:28+00:00","author":{"@id":"https:\/\/reflejodemichoacan.com\/#\/schema\/person\/72d921e8fe99bd6e2e39bcde8995046f"},"breadcrumb":{"@id":"https:\/\/reflejodemichoacan.com\/index.php\/2024\/07\/13\/consigue-andrea-villanueva-asignacion-de-recursos-para-los-sectores-mas-vulnerables-de-michoacan\/#breadcrumb"},"inLanguage":"es-MX","potentialAction":[{"@type":"ReadAction","target":["https:\/\/reflejodemichoacan.com\/index.php\/2024\/07\/13\/consigue-andrea-villanueva-asignacion-de-recursos-para-los-sectores-mas-vulnerables-de-michoacan\/"]}]},{"@type":"BreadcrumbList","@id":"https:\/\/reflejodemichoacan.com\/index.php\/2024\/07\/13\/consigue-andrea-villanueva-asignacion-de-recursos-para-los-sectores-mas-vulnerables-de-michoacan\/#breadcrumb","itemListElement":[{"@type":"ListItem","position":1,"name":"Inicio","item":"https:\/\/reflejodemichoacan.com\/"},{"@type":"ListItem","position":2,"name":"Consigue Andrea Villanueva asignaci\u00f3n de recursos para los sectores m\u00e1s vulnerables de Michoac\u00e1n"}]},{"@type":"Person","@id":"https:\/\/reflejodemichoacan.com\/#\/schema\/person\/72d921e8fe99bd6e2e39bcde8995046f","name":"Aurora","image":{"@type":"ImageObject","@id":"https:\/\/reflejodemichoacan.com\/#personlogo","inLanguage":"es-MX","url":"https:\/\/secure.gravatar.com\/avatar\/df5ceb9b998be27b25dd258a6b4b0a95?s=96&d=mm&r=g","contentUrl":"https:\/\/secure.gravatar.com\/avatar\/df5ceb9b998be27b25dd258a6b4b0a95?s=96&d=mm&r=g","caption":"Aurora"},"sameAs":["http:\/\/reflejodemichoacan.com"],"url":"https:\/\/reflejodemichoacan.com\/index.php\/author\/rixwm7qvsq\/"}]}},"_links":{"self":[{"href":"https:\/\/reflejodemichoacan.com\/index.php\/wp-json\/wp\/v2\/posts\/15610"}],"collection":[{"href":"https:\/\/reflejodemichoacan.com\/index.php\/wp-json\/wp\/v2\/posts"}],"about":[{"href":"https:\/\/reflejodemichoacan.com\/index.php\/wp-json\/wp\/v2\/types\/post"}],"author":[{"embeddable":true,"href":"https:\/\/reflejodemichoacan.com\/index.php\/wp-json\/wp\/v2\/users\/1"}],"replies":[{"embeddable":true,"href":"https:\/\/reflejodemichoacan.com\/index.php\/wp-json\/wp\/v2\/comments?post=15610"}],"version-history":[{"count":1,"href":"https:\/\/reflejodemichoacan.com\/index.php\/wp-json\/wp\/v2\/posts\/15610\/revisions"}],"predecessor-version":[{"id":15612,"href":"https:\/\/reflejodemichoacan.com\/index.php\/wp-json\/wp\/v2\/posts\/15610\/revisions\/15612"}],"wp:featuredmedia":[{"embeddable":true,"href":"https:\/\/reflejodemichoacan.com\/index.php\/wp-json\/wp\/v2\/media\/15611"}],"wp:attachment":[{"href":"https:\/\/reflejodemichoacan.com\/index.php\/wp-json\/wp\/v2\/media?parent=15610"}],"wp:term":[{"taxonomy":"category","embeddable":true,"href":"https:\/\/reflejodemichoacan.com\/index.php\/wp-json\/wp\/v2\/categories?post=15610"},{"taxonomy":"post_tag","embeddable":true,"href":"https:\/\/reflejodemichoacan.com\/index.php\/wp-json\/wp\/v2\/tags?post=15610"}],"curies":[{"name":"wp","href":"https:\/\/api.w.org\/{rel}","templated":true}]}}