{"id":15625,"date":"2024-07-15T23:58:13","date_gmt":"2024-07-15T23:58:13","guid":{"rendered":"https:\/\/reflejodemichoacan.com\/?p=15625"},"modified":"2024-07-15T23:58:15","modified_gmt":"2024-07-15T23:58:15","slug":"inscribiran-en-letras-de-oro-el-nombre-de-benedicto-lopez-en-el-congreso-del-estado","status":"publish","type":"post","link":"https:\/\/reflejodemichoacan.com\/index.php\/2024\/07\/15\/inscribiran-en-letras-de-oro-el-nombre-de-benedicto-lopez-en-el-congreso-del-estado\/","title":{"rendered":"Inscribir\u00e1n en letras de oro el nombre de Benedicto L\u00f3pez en el Congreso del Estado"},"content":{"rendered":"\n<p>Morelia, Michoac\u00e1n, a 15 de julio 2024.- El nombre del insurgente Benedicto L\u00f3pez Tejeda quedar\u00e1 inscrito con letras de oro en el Muro de Honor del Poder Legislativo de Michoac\u00e1n.<br>As\u00ed lo determin\u00f3 el Pleno de la 75 Legislatura al votar por unanimidad a favor del dictamen con proyecto de Decreto presentado en la Sesi\u00f3n de este d\u00eda.<br>En su razonamiento de voto a favor, la diputada Mar\u00eda de la Luz N\u00fa\u00f1ez Ramos, quien present\u00f3 la citada Iniciativa correspondiente, del pasado 7 de diciembre de 2023, expuso que L\u00f3pez Tejeda fue valiente y eficaz jefe militar insurgente y coadyuv\u00f3, junto con el general\u00edsimo Morelos y los hermanos Ray\u00f3n, a la fragua de la Suprema Junta Nacional Americana.\u00a0<br>Refiri\u00f3 adem\u00e1s que el Soberano Congreso Mexicano lo declar\u00f3 \u201cBenem\u00e9rito de la Patria\u201d el 08 de octubre de 1823 y decret\u00f3 inscribir su nombre con letras de oro en el interior del recinto parlamentario de ese entonces en la ciudad capital. Por ello merece ser honrado por el Congreso de Michoac\u00e1n.<br>La diputada morenista destac\u00f3 que Benedicto L\u00f3pez Tejeda, merece un lugar de honor en el recinto legislativo, \u201cjusto cuando estamos conmemorando y celebrando el Bicentenario de los tres Poderes de nuestro estadoW.\u00a0<br>Finalmente, la legisladora reconoci\u00f3 la memoria, conciencia, responsabilidad, honor y orgullo hist\u00f3rico de las y los diputados que votaron a favor de esta Iniciativa que rinde homenaje al heroico independentista michoacano.<\/p>\n","protected":false},"excerpt":{"rendered":"<p>Morelia, Michoac\u00e1n, a 15 de julio 2024.- El nombre del insurgente Benedicto L\u00f3pez Tejeda quedar\u00e1 inscrito con letras de oro en el Muro de Honor del Poder Legislativo de Michoac\u00e1n.As\u00ed lo determin\u00f3 el Pleno de la 75 Legislatura al votar por unanimidad a favor del dictamen con proyecto de Decreto presentado en la Sesi\u00f3n de [&hellip;]<\/p>\n","protected":false},"author":1,"featured_media":15626,"comment_status":"open","ping_status":"closed","sticky":false,"template":"","format":"standard","meta":[],"categories":[1],"tags":[],"yoast_head":"<!-- This site is optimized with the Yoast SEO plugin v17.9 - https:\/\/yoast.com\/wordpress\/plugins\/seo\/ -->\n<title>Inscribir\u00e1n en letras de oro el nombre de Benedicto L\u00f3pez en el Congreso del Estado - Reflejo de Michoac\u00e1n<\/title>\n<meta name=\"robots\" content=\"index, follow, max-snippet:-1, max-image-preview:large, max-video-preview:-1\" \/>\n<link rel=\"canonical\" href=\"https:\/\/reflejodemichoacan.com\/index.php\/2024\/07\/15\/inscribiran-en-letras-de-oro-el-nombre-de-benedicto-lopez-en-el-congreso-del-estado\/\" \/>\n<meta property=\"og:locale\" content=\"es_MX\" \/>\n<meta property=\"og:type\" content=\"article\" \/>\n<meta property=\"og:title\" content=\"Inscribir\u00e1n en letras de oro el nombre de Benedicto L\u00f3pez en el Congreso del Estado - Reflejo de Michoac\u00e1n\" \/>\n<meta property=\"og:description\" content=\"Morelia, Michoac\u00e1n, a 15 de julio 2024.- El nombre del insurgente Benedicto L\u00f3pez Tejeda quedar\u00e1 inscrito con letras de oro en el Muro de Honor del Poder Legislativo de Michoac\u00e1n.As\u00ed lo determin\u00f3 el Pleno de la 75 Legislatura al votar por unanimidad a favor del dictamen con proyecto de Decreto presentado en la Sesi\u00f3n de [&hellip;]\" \/>\n<meta property=\"og:url\" content=\"https:\/\/reflejodemichoacan.com\/index.php\/2024\/07\/15\/inscribiran-en-letras-de-oro-el-nombre-de-benedicto-lopez-en-el-congreso-del-estado\/\" \/>\n<meta property=\"og:site_name\" content=\"Reflejo de Michoac\u00e1n\" \/>\n<meta property=\"article:published_time\" content=\"2024-07-15T23:58:13+00:00\" \/>\n<meta property=\"article:modified_time\" content=\"2024-07-15T23:58:15+00:00\" \/>\n<meta property=\"og:image\" content=\"https:\/\/reflejodemichoacan.com\/wp-content\/uploads\/2024\/07\/IMG-20240715-WA0071.jpg\" \/>\n\t<meta property=\"og:image:width\" content=\"999\" \/>\n\t<meta property=\"og:image:height\" content=\"1497\" \/>\n\t<meta property=\"og:image:type\" content=\"image\/jpeg\" \/>\n<meta name=\"twitter:card\" content=\"summary_large_image\" \/>\n<meta name=\"twitter:label1\" content=\"Escrito por\" \/>\n\t<meta name=\"twitter:data1\" content=\"Aurora\" \/>\n\t<meta name=\"twitter:label2\" content=\"Tiempo de lectura\" \/>\n\t<meta name=\"twitter:data2\" content=\"2 minutos\" \/>\n<script type=\"application\/ld+json\" class=\"yoast-schema-graph\">{\"@context\":\"https:\/\/schema.org\",\"@graph\":[{\"@type\":\"WebSite\",\"@id\":\"https:\/\/reflejodemichoacan.com\/#website\",\"url\":\"https:\/\/reflejodemichoacan.com\/\",\"name\":\"Reflejo de Michoac\\u00e1n\",\"description\":\"Medio de comunicaci\\u00f3n impreso y digital al servicio de la regi\\u00f3n lacustre y Michoac\\u00e1n.\",\"potentialAction\":[{\"@type\":\"SearchAction\",\"target\":{\"@type\":\"EntryPoint\",\"urlTemplate\":\"https:\/\/reflejodemichoacan.com\/?s={search_term_string}\"},\"query-input\":\"required name=search_term_string\"}],\"inLanguage\":\"es-MX\"},{\"@type\":\"ImageObject\",\"@id\":\"https:\/\/reflejodemichoacan.com\/index.php\/2024\/07\/15\/inscribiran-en-letras-de-oro-el-nombre-de-benedicto-lopez-en-el-congreso-del-estado\/#primaryimage\",\"inLanguage\":\"es-MX\",\"url\":\"https:\/\/reflejodemichoacan.com\/wp-content\/uploads\/2024\/07\/IMG-20240715-WA0071.jpg\",\"contentUrl\":\"https:\/\/reflejodemichoacan.com\/wp-content\/uploads\/2024\/07\/IMG-20240715-WA0071.jpg\",\"width\":999,\"height\":1497},{\"@type\":\"WebPage\",\"@id\":\"https:\/\/reflejodemichoacan.com\/index.php\/2024\/07\/15\/inscribiran-en-letras-de-oro-el-nombre-de-benedicto-lopez-en-el-congreso-del-estado\/#webpage\",\"url\":\"https:\/\/reflejodemichoacan.com\/index.php\/2024\/07\/15\/inscribiran-en-letras-de-oro-el-nombre-de-benedicto-lopez-en-el-congreso-del-estado\/\",\"name\":\"Inscribir\\u00e1n en letras de oro el nombre de Benedicto L\\u00f3pez en el Congreso del Estado - Reflejo de Michoac\\u00e1n\",\"isPartOf\":{\"@id\":\"https:\/\/reflejodemichoacan.com\/#website\"},\"primaryImageOfPage\":{\"@id\":\"https:\/\/reflejodemichoacan.com\/index.php\/2024\/07\/15\/inscribiran-en-letras-de-oro-el-nombre-de-benedicto-lopez-en-el-congreso-del-estado\/#primaryimage\"},\"datePublished\":\"2024-07-15T23:58:13+00:00\",\"dateModified\":\"2024-07-15T23:58:15+00:00\",\"author\":{\"@id\":\"https:\/\/reflejodemichoacan.com\/#\/schema\/person\/72d921e8fe99bd6e2e39bcde8995046f\"},\"breadcrumb\":{\"@id\":\"https:\/\/reflejodemichoacan.com\/index.php\/2024\/07\/15\/inscribiran-en-letras-de-oro-el-nombre-de-benedicto-lopez-en-el-congreso-del-estado\/#breadcrumb\"},\"inLanguage\":\"es-MX\",\"potentialAction\":[{\"@type\":\"ReadAction\",\"target\":[\"https:\/\/reflejodemichoacan.com\/index.php\/2024\/07\/15\/inscribiran-en-letras-de-oro-el-nombre-de-benedicto-lopez-en-el-congreso-del-estado\/\"]}]},{\"@type\":\"BreadcrumbList\",\"@id\":\"https:\/\/reflejodemichoacan.com\/index.php\/2024\/07\/15\/inscribiran-en-letras-de-oro-el-nombre-de-benedicto-lopez-en-el-congreso-del-estado\/#breadcrumb\",\"itemListElement\":[{\"@type\":\"ListItem\",\"position\":1,\"name\":\"Inicio\",\"item\":\"https:\/\/reflejodemichoacan.com\/\"},{\"@type\":\"ListItem\",\"position\":2,\"name\":\"Inscribir\\u00e1n en letras de oro el nombre de Benedicto L\\u00f3pez en el Congreso del Estado\"}]},{\"@type\":\"Person\",\"@id\":\"https:\/\/reflejodemichoacan.com\/#\/schema\/person\/72d921e8fe99bd6e2e39bcde8995046f\",\"name\":\"Aurora\",\"image\":{\"@type\":\"ImageObject\",\"@id\":\"https:\/\/reflejodemichoacan.com\/#personlogo\",\"inLanguage\":\"es-MX\",\"url\":\"https:\/\/secure.gravatar.com\/avatar\/df5ceb9b998be27b25dd258a6b4b0a95?s=96&d=mm&r=g\",\"contentUrl\":\"https:\/\/secure.gravatar.com\/avatar\/df5ceb9b998be27b25dd258a6b4b0a95?s=96&d=mm&r=g\",\"caption\":\"Aurora\"},\"sameAs\":[\"http:\/\/reflejodemichoacan.com\"],\"url\":\"https:\/\/reflejodemichoacan.com\/index.php\/author\/rixwm7qvsq\/\"}]}<\/script>\n<!-- \/ Yoast SEO plugin. -->","yoast_head_json":{"title":"Inscribir\u00e1n en letras de oro el nombre de Benedicto L\u00f3pez en el Congreso del Estado - Reflejo de Michoac\u00e1n","robots":{"index":"index","follow":"follow","max-snippet":"max-snippet:-1","max-image-preview":"max-image-preview:large","max-video-preview":"max-video-preview:-1"},"canonical":"https:\/\/reflejodemichoacan.com\/index.php\/2024\/07\/15\/inscribiran-en-letras-de-oro-el-nombre-de-benedicto-lopez-en-el-congreso-del-estado\/","og_locale":"es_MX","og_type":"article","og_title":"Inscribir\u00e1n en letras de oro el nombre de Benedicto L\u00f3pez en el Congreso del Estado - Reflejo de Michoac\u00e1n","og_description":"Morelia, Michoac\u00e1n, a 15 de julio 2024.- El nombre del insurgente Benedicto L\u00f3pez Tejeda quedar\u00e1 inscrito con letras de oro en el Muro de Honor del Poder Legislativo de Michoac\u00e1n.As\u00ed lo determin\u00f3 el Pleno de la 75 Legislatura al votar por unanimidad a favor del dictamen con proyecto de Decreto presentado en la Sesi\u00f3n de [&hellip;]","og_url":"https:\/\/reflejodemichoacan.com\/index.php\/2024\/07\/15\/inscribiran-en-letras-de-oro-el-nombre-de-benedicto-lopez-en-el-congreso-del-estado\/","og_site_name":"Reflejo de Michoac\u00e1n","article_published_time":"2024-07-15T23:58:13+00:00","article_modified_time":"2024-07-15T23:58:15+00:00","og_image":[{"width":999,"height":1497,"url":"https:\/\/reflejodemichoacan.com\/wp-content\/uploads\/2024\/07\/IMG-20240715-WA0071.jpg","type":"image\/jpeg"}],"twitter_card":"summary_large_image","twitter_misc":{"Escrito por":"Aurora","Tiempo de lectura":"2 minutos"},"schema":{"@context":"https:\/\/schema.org","@graph":[{"@type":"WebSite","@id":"https:\/\/reflejodemichoacan.com\/#website","url":"https:\/\/reflejodemichoacan.com\/","name":"Reflejo de Michoac\u00e1n","description":"Medio de comunicaci\u00f3n impreso y digital al servicio de la regi\u00f3n lacustre y Michoac\u00e1n.","potentialAction":[{"@type":"SearchAction","target":{"@type":"EntryPoint","urlTemplate":"https:\/\/reflejodemichoacan.com\/?s={search_term_string}"},"query-input":"required name=search_term_string"}],"inLanguage":"es-MX"},{"@type":"ImageObject","@id":"https:\/\/reflejodemichoacan.com\/index.php\/2024\/07\/15\/inscribiran-en-letras-de-oro-el-nombre-de-benedicto-lopez-en-el-congreso-del-estado\/#primaryimage","inLanguage":"es-MX","url":"https:\/\/reflejodemichoacan.com\/wp-content\/uploads\/2024\/07\/IMG-20240715-WA0071.jpg","contentUrl":"https:\/\/reflejodemichoacan.com\/wp-content\/uploads\/2024\/07\/IMG-20240715-WA0071.jpg","width":999,"height":1497},{"@type":"WebPage","@id":"https:\/\/reflejodemichoacan.com\/index.php\/2024\/07\/15\/inscribiran-en-letras-de-oro-el-nombre-de-benedicto-lopez-en-el-congreso-del-estado\/#webpage","url":"https:\/\/reflejodemichoacan.com\/index.php\/2024\/07\/15\/inscribiran-en-letras-de-oro-el-nombre-de-benedicto-lopez-en-el-congreso-del-estado\/","name":"Inscribir\u00e1n en letras de oro el nombre de Benedicto L\u00f3pez en el Congreso del Estado - Reflejo de Michoac\u00e1n","isPartOf":{"@id":"https:\/\/reflejodemichoacan.com\/#website"},"primaryImageOfPage":{"@id":"https:\/\/reflejodemichoacan.com\/index.php\/2024\/07\/15\/inscribiran-en-letras-de-oro-el-nombre-de-benedicto-lopez-en-el-congreso-del-estado\/#primaryimage"},"datePublished":"2024-07-15T23:58:13+00:00","dateModified":"2024-07-15T23:58:15+00:00","author":{"@id":"https:\/\/reflejodemichoacan.com\/#\/schema\/person\/72d921e8fe99bd6e2e39bcde8995046f"},"breadcrumb":{"@id":"https:\/\/reflejodemichoacan.com\/index.php\/2024\/07\/15\/inscribiran-en-letras-de-oro-el-nombre-de-benedicto-lopez-en-el-congreso-del-estado\/#breadcrumb"},"inLanguage":"es-MX","potentialAction":[{"@type":"ReadAction","target":["https:\/\/reflejodemichoacan.com\/index.php\/2024\/07\/15\/inscribiran-en-letras-de-oro-el-nombre-de-benedicto-lopez-en-el-congreso-del-estado\/"]}]},{"@type":"BreadcrumbList","@id":"https:\/\/reflejodemichoacan.com\/index.php\/2024\/07\/15\/inscribiran-en-letras-de-oro-el-nombre-de-benedicto-lopez-en-el-congreso-del-estado\/#breadcrumb","itemListElement":[{"@type":"ListItem","position":1,"name":"Inicio","item":"https:\/\/reflejodemichoacan.com\/"},{"@type":"ListItem","position":2,"name":"Inscribir\u00e1n en letras de oro el nombre de Benedicto L\u00f3pez en el Congreso del Estado"}]},{"@type":"Person","@id":"https:\/\/reflejodemichoacan.com\/#\/schema\/person\/72d921e8fe99bd6e2e39bcde8995046f","name":"Aurora","image":{"@type":"ImageObject","@id":"https:\/\/reflejodemichoacan.com\/#personlogo","inLanguage":"es-MX","url":"https:\/\/secure.gravatar.com\/avatar\/df5ceb9b998be27b25dd258a6b4b0a95?s=96&d=mm&r=g","contentUrl":"https:\/\/secure.gravatar.com\/avatar\/df5ceb9b998be27b25dd258a6b4b0a95?s=96&d=mm&r=g","caption":"Aurora"},"sameAs":["http:\/\/reflejodemichoacan.com"],"url":"https:\/\/reflejodemichoacan.com\/index.php\/author\/rixwm7qvsq\/"}]}},"_links":{"self":[{"href":"https:\/\/reflejodemichoacan.com\/index.php\/wp-json\/wp\/v2\/posts\/15625"}],"collection":[{"href":"https:\/\/reflejodemichoacan.com\/index.php\/wp-json\/wp\/v2\/posts"}],"about":[{"href":"https:\/\/reflejodemichoacan.com\/index.php\/wp-json\/wp\/v2\/types\/post"}],"author":[{"embeddable":true,"href":"https:\/\/reflejodemichoacan.com\/index.php\/wp-json\/wp\/v2\/users\/1"}],"replies":[{"embeddable":true,"href":"https:\/\/reflejodemichoacan.com\/index.php\/wp-json\/wp\/v2\/comments?post=15625"}],"version-history":[{"count":1,"href":"https:\/\/reflejodemichoacan.com\/index.php\/wp-json\/wp\/v2\/posts\/15625\/revisions"}],"predecessor-version":[{"id":15627,"href":"https:\/\/reflejodemichoacan.com\/index.php\/wp-json\/wp\/v2\/posts\/15625\/revisions\/15627"}],"wp:featuredmedia":[{"embeddable":true,"href":"https:\/\/reflejodemichoacan.com\/index.php\/wp-json\/wp\/v2\/media\/15626"}],"wp:attachment":[{"href":"https:\/\/reflejodemichoacan.com\/index.php\/wp-json\/wp\/v2\/media?parent=15625"}],"wp:term":[{"taxonomy":"category","embeddable":true,"href":"https:\/\/reflejodemichoacan.com\/index.php\/wp-json\/wp\/v2\/categories?post=15625"},{"taxonomy":"post_tag","embeddable":true,"href":"https:\/\/reflejodemichoacan.com\/index.php\/wp-json\/wp\/v2\/tags?post=15625"}],"curies":[{"name":"wp","href":"https:\/\/api.w.org\/{rel}","templated":true}]}}