{"id":15628,"date":"2024-07-16T00:03:20","date_gmt":"2024-07-16T00:03:20","guid":{"rendered":"https:\/\/reflejodemichoacan.com\/?p=15628"},"modified":"2024-07-16T00:03:23","modified_gmt":"2024-07-16T00:03:23","slug":"ratifica-75-legislatura-su-compromiso-con-los-derechos-humanos","status":"publish","type":"post","link":"https:\/\/reflejodemichoacan.com\/index.php\/2024\/07\/16\/ratifica-75-legislatura-su-compromiso-con-los-derechos-humanos\/","title":{"rendered":"Ratifica 75 Legislatura su compromiso con los Derechos Humanos"},"content":{"rendered":"\n<p>Morelia, Michoac\u00e1n, a 15 de julio del 2024.- Para garantizar y fortalecer el acceso a las garant\u00edas individuales de las y los michoacanos, la 75 Legislatura aprob\u00f3 diversas reformas a la Ley de la Comisi\u00f3n Estatal de los Derechos Humanos (CEDH).\u00a0<br>As\u00ed, se elimin\u00f3 la denominaci\u00f3n de que solo las organizaciones no gubernamentales, legalmente constituidas, puedan acudir ante la CEDH para denunciar las violaciones de Derechos Humanos respecto de personas que, por sus condiciones f\u00edsicas, mentales, econ\u00f3micas y\/o culturales, no tengan la capacidad efectiva de presentar quejas de manera directa.<br>Tambi\u00e9n, se modific\u00f3 que se puedan presentar quejas en \u201cLengua de Se\u00f1as Mexicana\u201d y no en \u201clenguaje\u201d de se\u00f1as, como se hab\u00eda establecido originalmente; podr\u00e1n presentarse por igual en lengua materna ind\u00edgena.<br>Aunado a ello, se defini\u00f3 que, el t\u00e9rmino para ratificar la queja, se cambiar\u00eda de tres a cinco d\u00edas, con la finalidad de dar un mayor periodo para ello.<br>Con estas reformas se pretende que las quejas puedan presentarse de forma oral, cuando los comparecientes no puedan escribir o sean menores de edad y que la Comisi\u00f3n deber\u00e1 proporcionar, gratuitamente, un traductor o int\u00e9rprete de Lengua de Se\u00f1as Mexicana.\u00a0<br>En los casos en los que la persona se encuentre en un centro de detenci\u00f3n, internamiento o reinserci\u00f3n social, su queja deber\u00e1 ser turnada a la Comisi\u00f3n, y que esto no solo sea \u201cinmediatamente\u201d, sino que se establezca que sea \u201csin demora alguna\u201d, utilizando cualquier medio electr\u00f3nico de comunicaci\u00f3n.\u00a0<br>Mediante las reformas se\u00f1aladas, la 75 Legislatura de Michoac\u00e1n pretende garantizar una mayor accesibilidad para que las personas puedan presentar sus quejas ante la CEDH y con ello disminuir o erradicar las violaciones a los Derechos Humanos de las personas.<\/p>\n","protected":false},"excerpt":{"rendered":"<p>Morelia, Michoac\u00e1n, a 15 de julio del 2024.- Para garantizar y fortalecer el acceso a las garant\u00edas individuales de las y los michoacanos, la 75 Legislatura aprob\u00f3 diversas reformas a la Ley de la Comisi\u00f3n Estatal de los Derechos Humanos (CEDH).\u00a0As\u00ed, se elimin\u00f3 la denominaci\u00f3n de que solo las organizaciones no gubernamentales, legalmente constituidas, puedan [&hellip;]<\/p>\n","protected":false},"author":1,"featured_media":15629,"comment_status":"open","ping_status":"closed","sticky":false,"template":"","format":"standard","meta":[],"categories":[1],"tags":[],"yoast_head":"<!-- This site is optimized with the Yoast SEO plugin v17.9 - https:\/\/yoast.com\/wordpress\/plugins\/seo\/ -->\n<title>Ratifica 75 Legislatura su compromiso con los Derechos Humanos - Reflejo de Michoac\u00e1n<\/title>\n<meta name=\"robots\" content=\"index, follow, max-snippet:-1, max-image-preview:large, max-video-preview:-1\" \/>\n<link rel=\"canonical\" href=\"https:\/\/reflejodemichoacan.com\/index.php\/2024\/07\/16\/ratifica-75-legislatura-su-compromiso-con-los-derechos-humanos\/\" \/>\n<meta property=\"og:locale\" content=\"es_MX\" \/>\n<meta property=\"og:type\" content=\"article\" \/>\n<meta property=\"og:title\" content=\"Ratifica 75 Legislatura su compromiso con los Derechos Humanos - Reflejo de Michoac\u00e1n\" \/>\n<meta property=\"og:description\" content=\"Morelia, Michoac\u00e1n, a 15 de julio del 2024.- Para garantizar y fortalecer el acceso a las garant\u00edas individuales de las y los michoacanos, la 75 Legislatura aprob\u00f3 diversas reformas a la Ley de la Comisi\u00f3n Estatal de los Derechos Humanos (CEDH).\u00a0As\u00ed, se elimin\u00f3 la denominaci\u00f3n de que solo las organizaciones no gubernamentales, legalmente constituidas, puedan [&hellip;]\" \/>\n<meta property=\"og:url\" content=\"https:\/\/reflejodemichoacan.com\/index.php\/2024\/07\/16\/ratifica-75-legislatura-su-compromiso-con-los-derechos-humanos\/\" \/>\n<meta property=\"og:site_name\" content=\"Reflejo de Michoac\u00e1n\" \/>\n<meta property=\"article:published_time\" content=\"2024-07-16T00:03:20+00:00\" \/>\n<meta property=\"article:modified_time\" content=\"2024-07-16T00:03:23+00:00\" \/>\n<meta property=\"og:image\" content=\"https:\/\/reflejodemichoacan.com\/wp-content\/uploads\/2024\/07\/IMG-20240715-WA0072.jpg\" \/>\n\t<meta property=\"og:image:width\" content=\"1600\" \/>\n\t<meta property=\"og:image:height\" content=\"1066\" \/>\n\t<meta property=\"og:image:type\" content=\"image\/jpeg\" \/>\n<meta name=\"twitter:card\" content=\"summary_large_image\" \/>\n<meta name=\"twitter:label1\" content=\"Escrito por\" \/>\n\t<meta name=\"twitter:data1\" content=\"Aurora\" \/>\n\t<meta name=\"twitter:label2\" content=\"Tiempo de lectura\" \/>\n\t<meta name=\"twitter:data2\" content=\"2 minutos\" \/>\n<script type=\"application\/ld+json\" class=\"yoast-schema-graph\">{\"@context\":\"https:\/\/schema.org\",\"@graph\":[{\"@type\":\"WebSite\",\"@id\":\"https:\/\/reflejodemichoacan.com\/#website\",\"url\":\"https:\/\/reflejodemichoacan.com\/\",\"name\":\"Reflejo de Michoac\\u00e1n\",\"description\":\"Medio de comunicaci\\u00f3n impreso y digital al servicio de la regi\\u00f3n lacustre y Michoac\\u00e1n.\",\"potentialAction\":[{\"@type\":\"SearchAction\",\"target\":{\"@type\":\"EntryPoint\",\"urlTemplate\":\"https:\/\/reflejodemichoacan.com\/?s={search_term_string}\"},\"query-input\":\"required name=search_term_string\"}],\"inLanguage\":\"es-MX\"},{\"@type\":\"ImageObject\",\"@id\":\"https:\/\/reflejodemichoacan.com\/index.php\/2024\/07\/16\/ratifica-75-legislatura-su-compromiso-con-los-derechos-humanos\/#primaryimage\",\"inLanguage\":\"es-MX\",\"url\":\"https:\/\/reflejodemichoacan.com\/wp-content\/uploads\/2024\/07\/IMG-20240715-WA0072.jpg\",\"contentUrl\":\"https:\/\/reflejodemichoacan.com\/wp-content\/uploads\/2024\/07\/IMG-20240715-WA0072.jpg\",\"width\":1600,\"height\":1066},{\"@type\":\"WebPage\",\"@id\":\"https:\/\/reflejodemichoacan.com\/index.php\/2024\/07\/16\/ratifica-75-legislatura-su-compromiso-con-los-derechos-humanos\/#webpage\",\"url\":\"https:\/\/reflejodemichoacan.com\/index.php\/2024\/07\/16\/ratifica-75-legislatura-su-compromiso-con-los-derechos-humanos\/\",\"name\":\"Ratifica 75 Legislatura su compromiso con los Derechos Humanos - Reflejo de Michoac\\u00e1n\",\"isPartOf\":{\"@id\":\"https:\/\/reflejodemichoacan.com\/#website\"},\"primaryImageOfPage\":{\"@id\":\"https:\/\/reflejodemichoacan.com\/index.php\/2024\/07\/16\/ratifica-75-legislatura-su-compromiso-con-los-derechos-humanos\/#primaryimage\"},\"datePublished\":\"2024-07-16T00:03:20+00:00\",\"dateModified\":\"2024-07-16T00:03:23+00:00\",\"author\":{\"@id\":\"https:\/\/reflejodemichoacan.com\/#\/schema\/person\/72d921e8fe99bd6e2e39bcde8995046f\"},\"breadcrumb\":{\"@id\":\"https:\/\/reflejodemichoacan.com\/index.php\/2024\/07\/16\/ratifica-75-legislatura-su-compromiso-con-los-derechos-humanos\/#breadcrumb\"},\"inLanguage\":\"es-MX\",\"potentialAction\":[{\"@type\":\"ReadAction\",\"target\":[\"https:\/\/reflejodemichoacan.com\/index.php\/2024\/07\/16\/ratifica-75-legislatura-su-compromiso-con-los-derechos-humanos\/\"]}]},{\"@type\":\"BreadcrumbList\",\"@id\":\"https:\/\/reflejodemichoacan.com\/index.php\/2024\/07\/16\/ratifica-75-legislatura-su-compromiso-con-los-derechos-humanos\/#breadcrumb\",\"itemListElement\":[{\"@type\":\"ListItem\",\"position\":1,\"name\":\"Inicio\",\"item\":\"https:\/\/reflejodemichoacan.com\/\"},{\"@type\":\"ListItem\",\"position\":2,\"name\":\"Ratifica 75 Legislatura su compromiso con los Derechos Humanos\"}]},{\"@type\":\"Person\",\"@id\":\"https:\/\/reflejodemichoacan.com\/#\/schema\/person\/72d921e8fe99bd6e2e39bcde8995046f\",\"name\":\"Aurora\",\"image\":{\"@type\":\"ImageObject\",\"@id\":\"https:\/\/reflejodemichoacan.com\/#personlogo\",\"inLanguage\":\"es-MX\",\"url\":\"https:\/\/secure.gravatar.com\/avatar\/df5ceb9b998be27b25dd258a6b4b0a95?s=96&d=mm&r=g\",\"contentUrl\":\"https:\/\/secure.gravatar.com\/avatar\/df5ceb9b998be27b25dd258a6b4b0a95?s=96&d=mm&r=g\",\"caption\":\"Aurora\"},\"sameAs\":[\"http:\/\/reflejodemichoacan.com\"],\"url\":\"https:\/\/reflejodemichoacan.com\/index.php\/author\/rixwm7qvsq\/\"}]}<\/script>\n<!-- \/ Yoast SEO plugin. -->","yoast_head_json":{"title":"Ratifica 75 Legislatura su compromiso con los Derechos Humanos - Reflejo de Michoac\u00e1n","robots":{"index":"index","follow":"follow","max-snippet":"max-snippet:-1","max-image-preview":"max-image-preview:large","max-video-preview":"max-video-preview:-1"},"canonical":"https:\/\/reflejodemichoacan.com\/index.php\/2024\/07\/16\/ratifica-75-legislatura-su-compromiso-con-los-derechos-humanos\/","og_locale":"es_MX","og_type":"article","og_title":"Ratifica 75 Legislatura su compromiso con los Derechos Humanos - Reflejo de Michoac\u00e1n","og_description":"Morelia, Michoac\u00e1n, a 15 de julio del 2024.- Para garantizar y fortalecer el acceso a las garant\u00edas individuales de las y los michoacanos, la 75 Legislatura aprob\u00f3 diversas reformas a la Ley de la Comisi\u00f3n Estatal de los Derechos Humanos (CEDH).\u00a0As\u00ed, se elimin\u00f3 la denominaci\u00f3n de que solo las organizaciones no gubernamentales, legalmente constituidas, puedan [&hellip;]","og_url":"https:\/\/reflejodemichoacan.com\/index.php\/2024\/07\/16\/ratifica-75-legislatura-su-compromiso-con-los-derechos-humanos\/","og_site_name":"Reflejo de Michoac\u00e1n","article_published_time":"2024-07-16T00:03:20+00:00","article_modified_time":"2024-07-16T00:03:23+00:00","og_image":[{"width":1600,"height":1066,"url":"https:\/\/reflejodemichoacan.com\/wp-content\/uploads\/2024\/07\/IMG-20240715-WA0072.jpg","type":"image\/jpeg"}],"twitter_card":"summary_large_image","twitter_misc":{"Escrito por":"Aurora","Tiempo de lectura":"2 minutos"},"schema":{"@context":"https:\/\/schema.org","@graph":[{"@type":"WebSite","@id":"https:\/\/reflejodemichoacan.com\/#website","url":"https:\/\/reflejodemichoacan.com\/","name":"Reflejo de Michoac\u00e1n","description":"Medio de comunicaci\u00f3n impreso y digital al servicio de la regi\u00f3n lacustre y Michoac\u00e1n.","potentialAction":[{"@type":"SearchAction","target":{"@type":"EntryPoint","urlTemplate":"https:\/\/reflejodemichoacan.com\/?s={search_term_string}"},"query-input":"required name=search_term_string"}],"inLanguage":"es-MX"},{"@type":"ImageObject","@id":"https:\/\/reflejodemichoacan.com\/index.php\/2024\/07\/16\/ratifica-75-legislatura-su-compromiso-con-los-derechos-humanos\/#primaryimage","inLanguage":"es-MX","url":"https:\/\/reflejodemichoacan.com\/wp-content\/uploads\/2024\/07\/IMG-20240715-WA0072.jpg","contentUrl":"https:\/\/reflejodemichoacan.com\/wp-content\/uploads\/2024\/07\/IMG-20240715-WA0072.jpg","width":1600,"height":1066},{"@type":"WebPage","@id":"https:\/\/reflejodemichoacan.com\/index.php\/2024\/07\/16\/ratifica-75-legislatura-su-compromiso-con-los-derechos-humanos\/#webpage","url":"https:\/\/reflejodemichoacan.com\/index.php\/2024\/07\/16\/ratifica-75-legislatura-su-compromiso-con-los-derechos-humanos\/","name":"Ratifica 75 Legislatura su compromiso con los Derechos Humanos - Reflejo de Michoac\u00e1n","isPartOf":{"@id":"https:\/\/reflejodemichoacan.com\/#website"},"primaryImageOfPage":{"@id":"https:\/\/reflejodemichoacan.com\/index.php\/2024\/07\/16\/ratifica-75-legislatura-su-compromiso-con-los-derechos-humanos\/#primaryimage"},"datePublished":"2024-07-16T00:03:20+00:00","dateModified":"2024-07-16T00:03:23+00:00","author":{"@id":"https:\/\/reflejodemichoacan.com\/#\/schema\/person\/72d921e8fe99bd6e2e39bcde8995046f"},"breadcrumb":{"@id":"https:\/\/reflejodemichoacan.com\/index.php\/2024\/07\/16\/ratifica-75-legislatura-su-compromiso-con-los-derechos-humanos\/#breadcrumb"},"inLanguage":"es-MX","potentialAction":[{"@type":"ReadAction","target":["https:\/\/reflejodemichoacan.com\/index.php\/2024\/07\/16\/ratifica-75-legislatura-su-compromiso-con-los-derechos-humanos\/"]}]},{"@type":"BreadcrumbList","@id":"https:\/\/reflejodemichoacan.com\/index.php\/2024\/07\/16\/ratifica-75-legislatura-su-compromiso-con-los-derechos-humanos\/#breadcrumb","itemListElement":[{"@type":"ListItem","position":1,"name":"Inicio","item":"https:\/\/reflejodemichoacan.com\/"},{"@type":"ListItem","position":2,"name":"Ratifica 75 Legislatura su compromiso con los Derechos Humanos"}]},{"@type":"Person","@id":"https:\/\/reflejodemichoacan.com\/#\/schema\/person\/72d921e8fe99bd6e2e39bcde8995046f","name":"Aurora","image":{"@type":"ImageObject","@id":"https:\/\/reflejodemichoacan.com\/#personlogo","inLanguage":"es-MX","url":"https:\/\/secure.gravatar.com\/avatar\/df5ceb9b998be27b25dd258a6b4b0a95?s=96&d=mm&r=g","contentUrl":"https:\/\/secure.gravatar.com\/avatar\/df5ceb9b998be27b25dd258a6b4b0a95?s=96&d=mm&r=g","caption":"Aurora"},"sameAs":["http:\/\/reflejodemichoacan.com"],"url":"https:\/\/reflejodemichoacan.com\/index.php\/author\/rixwm7qvsq\/"}]}},"_links":{"self":[{"href":"https:\/\/reflejodemichoacan.com\/index.php\/wp-json\/wp\/v2\/posts\/15628"}],"collection":[{"href":"https:\/\/reflejodemichoacan.com\/index.php\/wp-json\/wp\/v2\/posts"}],"about":[{"href":"https:\/\/reflejodemichoacan.com\/index.php\/wp-json\/wp\/v2\/types\/post"}],"author":[{"embeddable":true,"href":"https:\/\/reflejodemichoacan.com\/index.php\/wp-json\/wp\/v2\/users\/1"}],"replies":[{"embeddable":true,"href":"https:\/\/reflejodemichoacan.com\/index.php\/wp-json\/wp\/v2\/comments?post=15628"}],"version-history":[{"count":1,"href":"https:\/\/reflejodemichoacan.com\/index.php\/wp-json\/wp\/v2\/posts\/15628\/revisions"}],"predecessor-version":[{"id":15630,"href":"https:\/\/reflejodemichoacan.com\/index.php\/wp-json\/wp\/v2\/posts\/15628\/revisions\/15630"}],"wp:featuredmedia":[{"embeddable":true,"href":"https:\/\/reflejodemichoacan.com\/index.php\/wp-json\/wp\/v2\/media\/15629"}],"wp:attachment":[{"href":"https:\/\/reflejodemichoacan.com\/index.php\/wp-json\/wp\/v2\/media?parent=15628"}],"wp:term":[{"taxonomy":"category","embeddable":true,"href":"https:\/\/reflejodemichoacan.com\/index.php\/wp-json\/wp\/v2\/categories?post=15628"},{"taxonomy":"post_tag","embeddable":true,"href":"https:\/\/reflejodemichoacan.com\/index.php\/wp-json\/wp\/v2\/tags?post=15628"}],"curies":[{"name":"wp","href":"https:\/\/api.w.org\/{rel}","templated":true}]}}