{"id":18794,"date":"2025-12-16T00:21:32","date_gmt":"2025-12-16T00:21:32","guid":{"rendered":"https:\/\/reflejodemichoacan.com\/?p=18794"},"modified":"2025-12-16T00:21:33","modified_gmt":"2025-12-16T00:21:33","slug":"reconoce-76-legislatura-trabajo-de-los-medios-de-comunicacion-de-todo-el-estado","status":"publish","type":"post","link":"https:\/\/reflejodemichoacan.com\/index.php\/2025\/12\/16\/reconoce-76-legislatura-trabajo-de-los-medios-de-comunicacion-de-todo-el-estado\/","title":{"rendered":"Reconoce 76 Legislatura trabajo de los medios de comunicaci\u00f3n de todo el estado"},"content":{"rendered":"\n<p>Morelia, Michoac\u00e1n, a 15 de diciembre del 2025.- La labor que hacen los medios de comunicaci\u00f3n es fundamental para el fortalecimiento de la democracia, asegur\u00f3 la diputada Giuliana Bugarini Torres, presidenta de la Mesa Directiva del Congreso del Estado, en el marco del encuentro que sostuvo la 76 Legislatura con los diversos representantes de los medios de comunicaci\u00f3n de todo el estado.<\/p>\n\n\n\n<p>La diputada Giuliana Bugarini, manifest\u00f3 que la informaci\u00f3n y la transparencia deben de ser principios fundamentales y ejes rectores de la vida p\u00fablica en Michoac\u00e1n, \u201custedes son la puerta para que las y los michoacanos se enteren del trabajo que nosotros, sus representantes en el Poder Legislativo, hacemos, de c\u00f3mo legislamos y del trabajo que hacemos en el Congreso del Estado\u201d.<\/p>\n\n\n\n<p>Por su parte, la diputada Fabiola Alan\u00eds S\u00e1mano, presidenta de la Junta de Coordinaci\u00f3n Pol\u00edtica (JUCOPO) del Congreso del Estado, se\u00f1al\u00f3 que desde esta 76 Legislatura, siempre se ha promovido la fluidez de la informaci\u00f3n, el respeto al trabajo de los diferentes medios de comunicaci\u00f3n y se ha garantizado la libertad de expresi\u00f3n.<\/p>\n\n\n\n<p>\u201cNosotros hemos trabajado y legislado en pro del gremio period\u00edstico, siempre hemos buscado mejorar las condiciones para su labor informativa, porque reconocemos en las y los compa\u00f1eros representantes de los medios de comunicaci\u00f3n su ardua labor por mantener bien informados a las y los michoacanos\u201d, agreg\u00f3.<\/p>\n\n\n\n<p>En su intervenci\u00f3n, la diputada Belinda Iturbide D\u00edaz, presidenta del Comit\u00e9 de Comunicaci\u00f3n Social de la 76 Legislatura, destac\u00f3 la importancia de generar las mejores condiciones para que las y los periodistas hagan siempre mejor su trabajo, adem\u00e1s reiter\u00f3 la importancia que tienen los medios de comunicaci\u00f3n en la vida p\u00fablica y democr\u00e1tica de Michoac\u00e1n.<\/p>\n\n\n\n<p>\u201cEste encuentro representa no s\u00f3lo un acercamiento distinto y amigable con los medios, sino el reconocimiento a su trabajo, a la informaci\u00f3n que vierten y que dan a conocer a la sociedad, porque una sociedad bien informada, es una sociedad capaz de generar cambios para el beneficio de Michoac\u00e1n y su gente\u201d, asever\u00f3.<\/p>\n\n\n\n<p>En este encuentro, estuvieron presentes diputadas y diputados integrantes de la 76 Legislatura, quienes convivieron con representantes de los diferentes medios de comunicaci\u00f3n de todo el estado.<\/p>\n","protected":false},"excerpt":{"rendered":"<p>Morelia, Michoac\u00e1n, a 15 de diciembre del 2025.- La labor que hacen los medios de comunicaci\u00f3n es fundamental para el fortalecimiento de la democracia, asegur\u00f3 la diputada Giuliana Bugarini Torres, presidenta de la Mesa Directiva del Congreso del Estado, en el marco del encuentro que sostuvo la 76 Legislatura con los diversos representantes de los [&hellip;]<\/p>\n","protected":false},"author":1,"featured_media":18795,"comment_status":"open","ping_status":"closed","sticky":false,"template":"","format":"standard","meta":[],"categories":[1],"tags":[],"yoast_head":"<!-- This site is optimized with the Yoast SEO plugin v17.9 - https:\/\/yoast.com\/wordpress\/plugins\/seo\/ -->\n<title>Reconoce 76 Legislatura trabajo de los medios de comunicaci\u00f3n de todo el estado - Reflejo de Michoac\u00e1n<\/title>\n<meta name=\"robots\" content=\"index, follow, max-snippet:-1, max-image-preview:large, max-video-preview:-1\" \/>\n<link rel=\"canonical\" href=\"https:\/\/reflejodemichoacan.com\/index.php\/2025\/12\/16\/reconoce-76-legislatura-trabajo-de-los-medios-de-comunicacion-de-todo-el-estado\/\" \/>\n<meta property=\"og:locale\" content=\"es_MX\" \/>\n<meta property=\"og:type\" content=\"article\" \/>\n<meta property=\"og:title\" content=\"Reconoce 76 Legislatura trabajo de los medios de comunicaci\u00f3n de todo el estado - Reflejo de Michoac\u00e1n\" \/>\n<meta property=\"og:description\" content=\"Morelia, Michoac\u00e1n, a 15 de diciembre del 2025.- La labor que hacen los medios de comunicaci\u00f3n es fundamental para el fortalecimiento de la democracia, asegur\u00f3 la diputada Giuliana Bugarini Torres, presidenta de la Mesa Directiva del Congreso del Estado, en el marco del encuentro que sostuvo la 76 Legislatura con los diversos representantes de los [&hellip;]\" \/>\n<meta property=\"og:url\" content=\"https:\/\/reflejodemichoacan.com\/index.php\/2025\/12\/16\/reconoce-76-legislatura-trabajo-de-los-medios-de-comunicacion-de-todo-el-estado\/\" \/>\n<meta property=\"og:site_name\" content=\"Reflejo de Michoac\u00e1n\" \/>\n<meta property=\"article:published_time\" content=\"2025-12-16T00:21:32+00:00\" \/>\n<meta property=\"article:modified_time\" content=\"2025-12-16T00:21:33+00:00\" \/>\n<meta property=\"og:image\" content=\"https:\/\/reflejodemichoacan.com\/wp-content\/uploads\/2025\/12\/diputados3.jpg\" \/>\n\t<meta property=\"og:image:width\" content=\"1600\" \/>\n\t<meta property=\"og:image:height\" content=\"1066\" \/>\n\t<meta property=\"og:image:type\" content=\"image\/jpeg\" \/>\n<meta name=\"twitter:card\" content=\"summary_large_image\" \/>\n<meta name=\"twitter:label1\" content=\"Escrito por\" \/>\n\t<meta name=\"twitter:data1\" content=\"Aurora\" \/>\n\t<meta name=\"twitter:label2\" content=\"Tiempo de lectura\" \/>\n\t<meta name=\"twitter:data2\" content=\"2 minutos\" \/>\n<script type=\"application\/ld+json\" class=\"yoast-schema-graph\">{\"@context\":\"https:\/\/schema.org\",\"@graph\":[{\"@type\":\"WebSite\",\"@id\":\"https:\/\/reflejodemichoacan.com\/#website\",\"url\":\"https:\/\/reflejodemichoacan.com\/\",\"name\":\"Reflejo de Michoac\\u00e1n\",\"description\":\"Medio de comunicaci\\u00f3n impreso y digital al servicio de la regi\\u00f3n lacustre y Michoac\\u00e1n.\",\"potentialAction\":[{\"@type\":\"SearchAction\",\"target\":{\"@type\":\"EntryPoint\",\"urlTemplate\":\"https:\/\/reflejodemichoacan.com\/?s={search_term_string}\"},\"query-input\":\"required name=search_term_string\"}],\"inLanguage\":\"es-MX\"},{\"@type\":\"ImageObject\",\"@id\":\"https:\/\/reflejodemichoacan.com\/index.php\/2025\/12\/16\/reconoce-76-legislatura-trabajo-de-los-medios-de-comunicacion-de-todo-el-estado\/#primaryimage\",\"inLanguage\":\"es-MX\",\"url\":\"https:\/\/reflejodemichoacan.com\/wp-content\/uploads\/2025\/12\/diputados3.jpg\",\"contentUrl\":\"https:\/\/reflejodemichoacan.com\/wp-content\/uploads\/2025\/12\/diputados3.jpg\",\"width\":1600,\"height\":1066},{\"@type\":\"WebPage\",\"@id\":\"https:\/\/reflejodemichoacan.com\/index.php\/2025\/12\/16\/reconoce-76-legislatura-trabajo-de-los-medios-de-comunicacion-de-todo-el-estado\/#webpage\",\"url\":\"https:\/\/reflejodemichoacan.com\/index.php\/2025\/12\/16\/reconoce-76-legislatura-trabajo-de-los-medios-de-comunicacion-de-todo-el-estado\/\",\"name\":\"Reconoce 76 Legislatura trabajo de los medios de comunicaci\\u00f3n de todo el estado - Reflejo de Michoac\\u00e1n\",\"isPartOf\":{\"@id\":\"https:\/\/reflejodemichoacan.com\/#website\"},\"primaryImageOfPage\":{\"@id\":\"https:\/\/reflejodemichoacan.com\/index.php\/2025\/12\/16\/reconoce-76-legislatura-trabajo-de-los-medios-de-comunicacion-de-todo-el-estado\/#primaryimage\"},\"datePublished\":\"2025-12-16T00:21:32+00:00\",\"dateModified\":\"2025-12-16T00:21:33+00:00\",\"author\":{\"@id\":\"https:\/\/reflejodemichoacan.com\/#\/schema\/person\/72d921e8fe99bd6e2e39bcde8995046f\"},\"breadcrumb\":{\"@id\":\"https:\/\/reflejodemichoacan.com\/index.php\/2025\/12\/16\/reconoce-76-legislatura-trabajo-de-los-medios-de-comunicacion-de-todo-el-estado\/#breadcrumb\"},\"inLanguage\":\"es-MX\",\"potentialAction\":[{\"@type\":\"ReadAction\",\"target\":[\"https:\/\/reflejodemichoacan.com\/index.php\/2025\/12\/16\/reconoce-76-legislatura-trabajo-de-los-medios-de-comunicacion-de-todo-el-estado\/\"]}]},{\"@type\":\"BreadcrumbList\",\"@id\":\"https:\/\/reflejodemichoacan.com\/index.php\/2025\/12\/16\/reconoce-76-legislatura-trabajo-de-los-medios-de-comunicacion-de-todo-el-estado\/#breadcrumb\",\"itemListElement\":[{\"@type\":\"ListItem\",\"position\":1,\"name\":\"Inicio\",\"item\":\"https:\/\/reflejodemichoacan.com\/\"},{\"@type\":\"ListItem\",\"position\":2,\"name\":\"Reconoce 76 Legislatura trabajo de los medios de comunicaci\\u00f3n de todo el estado\"}]},{\"@type\":\"Person\",\"@id\":\"https:\/\/reflejodemichoacan.com\/#\/schema\/person\/72d921e8fe99bd6e2e39bcde8995046f\",\"name\":\"Aurora\",\"image\":{\"@type\":\"ImageObject\",\"@id\":\"https:\/\/reflejodemichoacan.com\/#personlogo\",\"inLanguage\":\"es-MX\",\"url\":\"https:\/\/secure.gravatar.com\/avatar\/df5ceb9b998be27b25dd258a6b4b0a95?s=96&d=mm&r=g\",\"contentUrl\":\"https:\/\/secure.gravatar.com\/avatar\/df5ceb9b998be27b25dd258a6b4b0a95?s=96&d=mm&r=g\",\"caption\":\"Aurora\"},\"sameAs\":[\"http:\/\/reflejodemichoacan.com\"],\"url\":\"https:\/\/reflejodemichoacan.com\/index.php\/author\/rixwm7qvsq\/\"}]}<\/script>\n<!-- \/ Yoast SEO plugin. -->","yoast_head_json":{"title":"Reconoce 76 Legislatura trabajo de los medios de comunicaci\u00f3n de todo el estado - Reflejo de Michoac\u00e1n","robots":{"index":"index","follow":"follow","max-snippet":"max-snippet:-1","max-image-preview":"max-image-preview:large","max-video-preview":"max-video-preview:-1"},"canonical":"https:\/\/reflejodemichoacan.com\/index.php\/2025\/12\/16\/reconoce-76-legislatura-trabajo-de-los-medios-de-comunicacion-de-todo-el-estado\/","og_locale":"es_MX","og_type":"article","og_title":"Reconoce 76 Legislatura trabajo de los medios de comunicaci\u00f3n de todo el estado - Reflejo de Michoac\u00e1n","og_description":"Morelia, Michoac\u00e1n, a 15 de diciembre del 2025.- La labor que hacen los medios de comunicaci\u00f3n es fundamental para el fortalecimiento de la democracia, asegur\u00f3 la diputada Giuliana Bugarini Torres, presidenta de la Mesa Directiva del Congreso del Estado, en el marco del encuentro que sostuvo la 76 Legislatura con los diversos representantes de los [&hellip;]","og_url":"https:\/\/reflejodemichoacan.com\/index.php\/2025\/12\/16\/reconoce-76-legislatura-trabajo-de-los-medios-de-comunicacion-de-todo-el-estado\/","og_site_name":"Reflejo de Michoac\u00e1n","article_published_time":"2025-12-16T00:21:32+00:00","article_modified_time":"2025-12-16T00:21:33+00:00","og_image":[{"width":1600,"height":1066,"url":"https:\/\/reflejodemichoacan.com\/wp-content\/uploads\/2025\/12\/diputados3.jpg","type":"image\/jpeg"}],"twitter_card":"summary_large_image","twitter_misc":{"Escrito por":"Aurora","Tiempo de lectura":"2 minutos"},"schema":{"@context":"https:\/\/schema.org","@graph":[{"@type":"WebSite","@id":"https:\/\/reflejodemichoacan.com\/#website","url":"https:\/\/reflejodemichoacan.com\/","name":"Reflejo de Michoac\u00e1n","description":"Medio de comunicaci\u00f3n impreso y digital al servicio de la regi\u00f3n lacustre y Michoac\u00e1n.","potentialAction":[{"@type":"SearchAction","target":{"@type":"EntryPoint","urlTemplate":"https:\/\/reflejodemichoacan.com\/?s={search_term_string}"},"query-input":"required name=search_term_string"}],"inLanguage":"es-MX"},{"@type":"ImageObject","@id":"https:\/\/reflejodemichoacan.com\/index.php\/2025\/12\/16\/reconoce-76-legislatura-trabajo-de-los-medios-de-comunicacion-de-todo-el-estado\/#primaryimage","inLanguage":"es-MX","url":"https:\/\/reflejodemichoacan.com\/wp-content\/uploads\/2025\/12\/diputados3.jpg","contentUrl":"https:\/\/reflejodemichoacan.com\/wp-content\/uploads\/2025\/12\/diputados3.jpg","width":1600,"height":1066},{"@type":"WebPage","@id":"https:\/\/reflejodemichoacan.com\/index.php\/2025\/12\/16\/reconoce-76-legislatura-trabajo-de-los-medios-de-comunicacion-de-todo-el-estado\/#webpage","url":"https:\/\/reflejodemichoacan.com\/index.php\/2025\/12\/16\/reconoce-76-legislatura-trabajo-de-los-medios-de-comunicacion-de-todo-el-estado\/","name":"Reconoce 76 Legislatura trabajo de los medios de comunicaci\u00f3n de todo el estado - Reflejo de Michoac\u00e1n","isPartOf":{"@id":"https:\/\/reflejodemichoacan.com\/#website"},"primaryImageOfPage":{"@id":"https:\/\/reflejodemichoacan.com\/index.php\/2025\/12\/16\/reconoce-76-legislatura-trabajo-de-los-medios-de-comunicacion-de-todo-el-estado\/#primaryimage"},"datePublished":"2025-12-16T00:21:32+00:00","dateModified":"2025-12-16T00:21:33+00:00","author":{"@id":"https:\/\/reflejodemichoacan.com\/#\/schema\/person\/72d921e8fe99bd6e2e39bcde8995046f"},"breadcrumb":{"@id":"https:\/\/reflejodemichoacan.com\/index.php\/2025\/12\/16\/reconoce-76-legislatura-trabajo-de-los-medios-de-comunicacion-de-todo-el-estado\/#breadcrumb"},"inLanguage":"es-MX","potentialAction":[{"@type":"ReadAction","target":["https:\/\/reflejodemichoacan.com\/index.php\/2025\/12\/16\/reconoce-76-legislatura-trabajo-de-los-medios-de-comunicacion-de-todo-el-estado\/"]}]},{"@type":"BreadcrumbList","@id":"https:\/\/reflejodemichoacan.com\/index.php\/2025\/12\/16\/reconoce-76-legislatura-trabajo-de-los-medios-de-comunicacion-de-todo-el-estado\/#breadcrumb","itemListElement":[{"@type":"ListItem","position":1,"name":"Inicio","item":"https:\/\/reflejodemichoacan.com\/"},{"@type":"ListItem","position":2,"name":"Reconoce 76 Legislatura trabajo de los medios de comunicaci\u00f3n de todo el estado"}]},{"@type":"Person","@id":"https:\/\/reflejodemichoacan.com\/#\/schema\/person\/72d921e8fe99bd6e2e39bcde8995046f","name":"Aurora","image":{"@type":"ImageObject","@id":"https:\/\/reflejodemichoacan.com\/#personlogo","inLanguage":"es-MX","url":"https:\/\/secure.gravatar.com\/avatar\/df5ceb9b998be27b25dd258a6b4b0a95?s=96&d=mm&r=g","contentUrl":"https:\/\/secure.gravatar.com\/avatar\/df5ceb9b998be27b25dd258a6b4b0a95?s=96&d=mm&r=g","caption":"Aurora"},"sameAs":["http:\/\/reflejodemichoacan.com"],"url":"https:\/\/reflejodemichoacan.com\/index.php\/author\/rixwm7qvsq\/"}]}},"_links":{"self":[{"href":"https:\/\/reflejodemichoacan.com\/index.php\/wp-json\/wp\/v2\/posts\/18794"}],"collection":[{"href":"https:\/\/reflejodemichoacan.com\/index.php\/wp-json\/wp\/v2\/posts"}],"about":[{"href":"https:\/\/reflejodemichoacan.com\/index.php\/wp-json\/wp\/v2\/types\/post"}],"author":[{"embeddable":true,"href":"https:\/\/reflejodemichoacan.com\/index.php\/wp-json\/wp\/v2\/users\/1"}],"replies":[{"embeddable":true,"href":"https:\/\/reflejodemichoacan.com\/index.php\/wp-json\/wp\/v2\/comments?post=18794"}],"version-history":[{"count":1,"href":"https:\/\/reflejodemichoacan.com\/index.php\/wp-json\/wp\/v2\/posts\/18794\/revisions"}],"predecessor-version":[{"id":18796,"href":"https:\/\/reflejodemichoacan.com\/index.php\/wp-json\/wp\/v2\/posts\/18794\/revisions\/18796"}],"wp:featuredmedia":[{"embeddable":true,"href":"https:\/\/reflejodemichoacan.com\/index.php\/wp-json\/wp\/v2\/media\/18795"}],"wp:attachment":[{"href":"https:\/\/reflejodemichoacan.com\/index.php\/wp-json\/wp\/v2\/media?parent=18794"}],"wp:term":[{"taxonomy":"category","embeddable":true,"href":"https:\/\/reflejodemichoacan.com\/index.php\/wp-json\/wp\/v2\/categories?post=18794"},{"taxonomy":"post_tag","embeddable":true,"href":"https:\/\/reflejodemichoacan.com\/index.php\/wp-json\/wp\/v2\/tags?post=18794"}],"curies":[{"name":"wp","href":"https:\/\/api.w.org\/{rel}","templated":true}]}}