{"id":18800,"date":"2025-12-16T01:19:51","date_gmt":"2025-12-16T01:19:51","guid":{"rendered":"https:\/\/reflejodemichoacan.com\/?p=18800"},"modified":"2025-12-16T01:19:54","modified_gmt":"2025-12-16T01:19:54","slug":"a-tres-meses-de-la-renovacion-judicial-michoacan-consolida-avances-y-fija-nuevos-retos-hugo-gama","status":"publish","type":"post","link":"https:\/\/reflejodemichoacan.com\/index.php\/2025\/12\/16\/a-tres-meses-de-la-renovacion-judicial-michoacan-consolida-avances-y-fija-nuevos-retos-hugo-gama\/","title":{"rendered":"A tres meses de la renovaci\u00f3n judicial, Michoac\u00e1n consolida avances y fija nuevos retos: Hugo Gama"},"content":{"rendered":"\n<p>Por Alejandro Mart\u00ednez Casta\u00f1eda<\/p>\n\n\n\n<p>Morelia, Michoac\u00e1n, 15 de diciembre de 2025.\u2014 Al cumplirse tres meses de que las nuevas juezas y jueces\u2014electos mediante voto popular como consecuencia de la Reforma Judicial de 2024\u2014entraran en funciones el pasado 15 de septiembre, el magistrado presidente del Poder Judicial de Michoac\u00e1n, Hugo Gama Coria, destac\u00f3 los progresos alcanzados y deline\u00f3 los desaf\u00edos que marcar\u00e1n la siguiente etapa de transformaci\u00f3n institucional.<\/p>\n\n\n\n<p>En entrevista, Gama Coria afirm\u00f3 que este periodo ha significado un \u201ccambio hist\u00f3rico\u201d en la relaci\u00f3n entre ciudadan\u00eda y justicia. Subray\u00f3 que la incorporaci\u00f3n de juzgadoras y juzgadores elegidos democr\u00e1ticamente ha impulsado una nueva din\u00e1mica centrada en la cercan\u00eda social, la responsabilidad p\u00fablica y la eficiencia en el servicio.<\/p>\n\n\n\n<p>El magistrado presidente se\u00f1al\u00f3 que, durante estos primeros meses, el Poder Judicial ha logrado avances que coinciden con los objetivos de la reforma nacional orientada a garantizar una justicia m\u00e1s pronta y expedita. Entre los logros destac\u00f3:<\/p>\n\n\n\n<ul><li>Mayor rapidez en la emisi\u00f3n de acuerdos y sentencias, especialmente en materias civil y familiar.<\/li><li>Reducci\u00f3n visible del rezago judicial en varios \u00f3rganos jurisdiccionales.<\/li><li>Mayor presencia de juzgadoras y juzgadores en territorio, reforzando la proximidad con comunidades y usuarios.<\/li><li>Una din\u00e1mica m\u00e1s \u00e1gil en la atenci\u00f3n ciudadana, con mejoras en ventanillas, seguimiento de expedientes y uso de herramientas digitales.<\/li><\/ul>\n\n\n\n<p>\u201cLas personas juzgadoras est\u00e1n respondiendo con profesionalismo y compromiso. Hoy la ciudadan\u00eda comienza a notar una justicia m\u00e1s cercana y m\u00e1s eficiente\u201d, asegur\u00f3 Gama Coria.<\/p>\n\n\n\n<p>El magistrado presidente tambi\u00e9n reconoci\u00f3 que el Tribunal enfrenta desaf\u00edos importantes para consolidar este proceso transformador. Entre ellos se encuentra el fortalecer la capacitaci\u00f3n continua de las nuevas y nuevos juzgadores para asegurar criterios uniformes, resoluciones s\u00f3lidas y respeto pleno a los derechos humanos.<\/p>\n\n\n\n<p>Asimismo, es imprescindible consolidar la confianza p\u00fablica, uno de los ejes prioritarios que el propio Gama ha reiterado en distintos foros: \u201cla legitimidad se construye todos los d\u00edas, con cada resoluci\u00f3n y cada interacci\u00f3n con la ciudadan\u00eda\u201d.<\/p>\n\n\n\n<p>De igual manera, es necesario modernizar herramientas tecnol\u00f3gicas y ampliar el acceso digital a expedientes y servicios, as\u00ed como asegurar la transparencia y rendici\u00f3n de cuentas, elementos esenciales para un Poder Judicial abierto y confiable.<\/p>\n\n\n\n<p>Gama Coria concluy\u00f3 que el Tribunal se encuentra en un proceso de evoluci\u00f3n profunda. \u201cEstamos en el camino correcto. Estos primeros meses muestran avances s\u00f3lidos, pero el reto es sostenerlos y convertirlos en una nueva cultura judicial que verdaderamente transforme la vida cotidiana de la gente\u201d.<\/p>\n","protected":false},"excerpt":{"rendered":"<p>Por Alejandro Mart\u00ednez Casta\u00f1eda Morelia, Michoac\u00e1n, 15 de diciembre de 2025.\u2014 Al cumplirse tres meses de que las nuevas juezas y jueces\u2014electos mediante voto popular como consecuencia de la Reforma Judicial de 2024\u2014entraran en funciones el pasado 15 de septiembre, el magistrado presidente del Poder Judicial de Michoac\u00e1n, Hugo Gama Coria, destac\u00f3 los progresos alcanzados [&hellip;]<\/p>\n","protected":false},"author":1,"featured_media":18801,"comment_status":"open","ping_status":"closed","sticky":false,"template":"","format":"standard","meta":[],"categories":[1],"tags":[],"yoast_head":"<!-- This site is optimized with the Yoast SEO plugin v17.9 - https:\/\/yoast.com\/wordpress\/plugins\/seo\/ -->\n<title>A tres meses de la renovaci\u00f3n judicial, Michoac\u00e1n consolida avances y fija nuevos retos: Hugo Gama - Reflejo de Michoac\u00e1n<\/title>\n<meta name=\"robots\" content=\"index, follow, max-snippet:-1, max-image-preview:large, max-video-preview:-1\" \/>\n<link rel=\"canonical\" href=\"https:\/\/reflejodemichoacan.com\/index.php\/2025\/12\/16\/a-tres-meses-de-la-renovacion-judicial-michoacan-consolida-avances-y-fija-nuevos-retos-hugo-gama\/\" \/>\n<meta property=\"og:locale\" content=\"es_MX\" \/>\n<meta property=\"og:type\" content=\"article\" \/>\n<meta property=\"og:title\" content=\"A tres meses de la renovaci\u00f3n judicial, Michoac\u00e1n consolida avances y fija nuevos retos: Hugo Gama - Reflejo de Michoac\u00e1n\" \/>\n<meta property=\"og:description\" content=\"Por Alejandro Mart\u00ednez Casta\u00f1eda Morelia, Michoac\u00e1n, 15 de diciembre de 2025.\u2014 Al cumplirse tres meses de que las nuevas juezas y jueces\u2014electos mediante voto popular como consecuencia de la Reforma Judicial de 2024\u2014entraran en funciones el pasado 15 de septiembre, el magistrado presidente del Poder Judicial de Michoac\u00e1n, Hugo Gama Coria, destac\u00f3 los progresos alcanzados [&hellip;]\" \/>\n<meta property=\"og:url\" content=\"https:\/\/reflejodemichoacan.com\/index.php\/2025\/12\/16\/a-tres-meses-de-la-renovacion-judicial-michoacan-consolida-avances-y-fija-nuevos-retos-hugo-gama\/\" \/>\n<meta property=\"og:site_name\" content=\"Reflejo de Michoac\u00e1n\" \/>\n<meta property=\"article:published_time\" content=\"2025-12-16T01:19:51+00:00\" \/>\n<meta property=\"article:modified_time\" content=\"2025-12-16T01:19:54+00:00\" \/>\n<meta property=\"og:image\" content=\"https:\/\/reflejodemichoacan.com\/wp-content\/uploads\/2025\/12\/gama.jpg\" \/>\n\t<meta property=\"og:image:width\" content=\"960\" \/>\n\t<meta property=\"og:image:height\" content=\"648\" \/>\n\t<meta property=\"og:image:type\" content=\"image\/jpeg\" \/>\n<meta name=\"twitter:card\" content=\"summary_large_image\" \/>\n<meta name=\"twitter:label1\" content=\"Escrito por\" \/>\n\t<meta name=\"twitter:data1\" content=\"Aurora\" \/>\n\t<meta name=\"twitter:label2\" content=\"Tiempo de lectura\" \/>\n\t<meta name=\"twitter:data2\" content=\"2 minutos\" \/>\n<script type=\"application\/ld+json\" class=\"yoast-schema-graph\">{\"@context\":\"https:\/\/schema.org\",\"@graph\":[{\"@type\":\"WebSite\",\"@id\":\"https:\/\/reflejodemichoacan.com\/#website\",\"url\":\"https:\/\/reflejodemichoacan.com\/\",\"name\":\"Reflejo de Michoac\\u00e1n\",\"description\":\"Medio de comunicaci\\u00f3n impreso y digital al servicio de la regi\\u00f3n lacustre y Michoac\\u00e1n.\",\"potentialAction\":[{\"@type\":\"SearchAction\",\"target\":{\"@type\":\"EntryPoint\",\"urlTemplate\":\"https:\/\/reflejodemichoacan.com\/?s={search_term_string}\"},\"query-input\":\"required name=search_term_string\"}],\"inLanguage\":\"es-MX\"},{\"@type\":\"ImageObject\",\"@id\":\"https:\/\/reflejodemichoacan.com\/index.php\/2025\/12\/16\/a-tres-meses-de-la-renovacion-judicial-michoacan-consolida-avances-y-fija-nuevos-retos-hugo-gama\/#primaryimage\",\"inLanguage\":\"es-MX\",\"url\":\"https:\/\/reflejodemichoacan.com\/wp-content\/uploads\/2025\/12\/gama.jpg\",\"contentUrl\":\"https:\/\/reflejodemichoacan.com\/wp-content\/uploads\/2025\/12\/gama.jpg\",\"width\":960,\"height\":648},{\"@type\":\"WebPage\",\"@id\":\"https:\/\/reflejodemichoacan.com\/index.php\/2025\/12\/16\/a-tres-meses-de-la-renovacion-judicial-michoacan-consolida-avances-y-fija-nuevos-retos-hugo-gama\/#webpage\",\"url\":\"https:\/\/reflejodemichoacan.com\/index.php\/2025\/12\/16\/a-tres-meses-de-la-renovacion-judicial-michoacan-consolida-avances-y-fija-nuevos-retos-hugo-gama\/\",\"name\":\"A tres meses de la renovaci\\u00f3n judicial, Michoac\\u00e1n consolida avances y fija nuevos retos: Hugo Gama - Reflejo de Michoac\\u00e1n\",\"isPartOf\":{\"@id\":\"https:\/\/reflejodemichoacan.com\/#website\"},\"primaryImageOfPage\":{\"@id\":\"https:\/\/reflejodemichoacan.com\/index.php\/2025\/12\/16\/a-tres-meses-de-la-renovacion-judicial-michoacan-consolida-avances-y-fija-nuevos-retos-hugo-gama\/#primaryimage\"},\"datePublished\":\"2025-12-16T01:19:51+00:00\",\"dateModified\":\"2025-12-16T01:19:54+00:00\",\"author\":{\"@id\":\"https:\/\/reflejodemichoacan.com\/#\/schema\/person\/72d921e8fe99bd6e2e39bcde8995046f\"},\"breadcrumb\":{\"@id\":\"https:\/\/reflejodemichoacan.com\/index.php\/2025\/12\/16\/a-tres-meses-de-la-renovacion-judicial-michoacan-consolida-avances-y-fija-nuevos-retos-hugo-gama\/#breadcrumb\"},\"inLanguage\":\"es-MX\",\"potentialAction\":[{\"@type\":\"ReadAction\",\"target\":[\"https:\/\/reflejodemichoacan.com\/index.php\/2025\/12\/16\/a-tres-meses-de-la-renovacion-judicial-michoacan-consolida-avances-y-fija-nuevos-retos-hugo-gama\/\"]}]},{\"@type\":\"BreadcrumbList\",\"@id\":\"https:\/\/reflejodemichoacan.com\/index.php\/2025\/12\/16\/a-tres-meses-de-la-renovacion-judicial-michoacan-consolida-avances-y-fija-nuevos-retos-hugo-gama\/#breadcrumb\",\"itemListElement\":[{\"@type\":\"ListItem\",\"position\":1,\"name\":\"Inicio\",\"item\":\"https:\/\/reflejodemichoacan.com\/\"},{\"@type\":\"ListItem\",\"position\":2,\"name\":\"A tres meses de la renovaci\\u00f3n judicial, Michoac\\u00e1n consolida avances y fija nuevos retos: Hugo Gama\"}]},{\"@type\":\"Person\",\"@id\":\"https:\/\/reflejodemichoacan.com\/#\/schema\/person\/72d921e8fe99bd6e2e39bcde8995046f\",\"name\":\"Aurora\",\"image\":{\"@type\":\"ImageObject\",\"@id\":\"https:\/\/reflejodemichoacan.com\/#personlogo\",\"inLanguage\":\"es-MX\",\"url\":\"https:\/\/secure.gravatar.com\/avatar\/df5ceb9b998be27b25dd258a6b4b0a95?s=96&d=mm&r=g\",\"contentUrl\":\"https:\/\/secure.gravatar.com\/avatar\/df5ceb9b998be27b25dd258a6b4b0a95?s=96&d=mm&r=g\",\"caption\":\"Aurora\"},\"sameAs\":[\"http:\/\/reflejodemichoacan.com\"],\"url\":\"https:\/\/reflejodemichoacan.com\/index.php\/author\/rixwm7qvsq\/\"}]}<\/script>\n<!-- \/ Yoast SEO plugin. -->","yoast_head_json":{"title":"A tres meses de la renovaci\u00f3n judicial, Michoac\u00e1n consolida avances y fija nuevos retos: Hugo Gama - Reflejo de Michoac\u00e1n","robots":{"index":"index","follow":"follow","max-snippet":"max-snippet:-1","max-image-preview":"max-image-preview:large","max-video-preview":"max-video-preview:-1"},"canonical":"https:\/\/reflejodemichoacan.com\/index.php\/2025\/12\/16\/a-tres-meses-de-la-renovacion-judicial-michoacan-consolida-avances-y-fija-nuevos-retos-hugo-gama\/","og_locale":"es_MX","og_type":"article","og_title":"A tres meses de la renovaci\u00f3n judicial, Michoac\u00e1n consolida avances y fija nuevos retos: Hugo Gama - Reflejo de Michoac\u00e1n","og_description":"Por Alejandro Mart\u00ednez Casta\u00f1eda Morelia, Michoac\u00e1n, 15 de diciembre de 2025.\u2014 Al cumplirse tres meses de que las nuevas juezas y jueces\u2014electos mediante voto popular como consecuencia de la Reforma Judicial de 2024\u2014entraran en funciones el pasado 15 de septiembre, el magistrado presidente del Poder Judicial de Michoac\u00e1n, Hugo Gama Coria, destac\u00f3 los progresos alcanzados [&hellip;]","og_url":"https:\/\/reflejodemichoacan.com\/index.php\/2025\/12\/16\/a-tres-meses-de-la-renovacion-judicial-michoacan-consolida-avances-y-fija-nuevos-retos-hugo-gama\/","og_site_name":"Reflejo de Michoac\u00e1n","article_published_time":"2025-12-16T01:19:51+00:00","article_modified_time":"2025-12-16T01:19:54+00:00","og_image":[{"width":960,"height":648,"url":"https:\/\/reflejodemichoacan.com\/wp-content\/uploads\/2025\/12\/gama.jpg","type":"image\/jpeg"}],"twitter_card":"summary_large_image","twitter_misc":{"Escrito por":"Aurora","Tiempo de lectura":"2 minutos"},"schema":{"@context":"https:\/\/schema.org","@graph":[{"@type":"WebSite","@id":"https:\/\/reflejodemichoacan.com\/#website","url":"https:\/\/reflejodemichoacan.com\/","name":"Reflejo de Michoac\u00e1n","description":"Medio de comunicaci\u00f3n impreso y digital al servicio de la regi\u00f3n lacustre y Michoac\u00e1n.","potentialAction":[{"@type":"SearchAction","target":{"@type":"EntryPoint","urlTemplate":"https:\/\/reflejodemichoacan.com\/?s={search_term_string}"},"query-input":"required name=search_term_string"}],"inLanguage":"es-MX"},{"@type":"ImageObject","@id":"https:\/\/reflejodemichoacan.com\/index.php\/2025\/12\/16\/a-tres-meses-de-la-renovacion-judicial-michoacan-consolida-avances-y-fija-nuevos-retos-hugo-gama\/#primaryimage","inLanguage":"es-MX","url":"https:\/\/reflejodemichoacan.com\/wp-content\/uploads\/2025\/12\/gama.jpg","contentUrl":"https:\/\/reflejodemichoacan.com\/wp-content\/uploads\/2025\/12\/gama.jpg","width":960,"height":648},{"@type":"WebPage","@id":"https:\/\/reflejodemichoacan.com\/index.php\/2025\/12\/16\/a-tres-meses-de-la-renovacion-judicial-michoacan-consolida-avances-y-fija-nuevos-retos-hugo-gama\/#webpage","url":"https:\/\/reflejodemichoacan.com\/index.php\/2025\/12\/16\/a-tres-meses-de-la-renovacion-judicial-michoacan-consolida-avances-y-fija-nuevos-retos-hugo-gama\/","name":"A tres meses de la renovaci\u00f3n judicial, Michoac\u00e1n consolida avances y fija nuevos retos: Hugo Gama - Reflejo de Michoac\u00e1n","isPartOf":{"@id":"https:\/\/reflejodemichoacan.com\/#website"},"primaryImageOfPage":{"@id":"https:\/\/reflejodemichoacan.com\/index.php\/2025\/12\/16\/a-tres-meses-de-la-renovacion-judicial-michoacan-consolida-avances-y-fija-nuevos-retos-hugo-gama\/#primaryimage"},"datePublished":"2025-12-16T01:19:51+00:00","dateModified":"2025-12-16T01:19:54+00:00","author":{"@id":"https:\/\/reflejodemichoacan.com\/#\/schema\/person\/72d921e8fe99bd6e2e39bcde8995046f"},"breadcrumb":{"@id":"https:\/\/reflejodemichoacan.com\/index.php\/2025\/12\/16\/a-tres-meses-de-la-renovacion-judicial-michoacan-consolida-avances-y-fija-nuevos-retos-hugo-gama\/#breadcrumb"},"inLanguage":"es-MX","potentialAction":[{"@type":"ReadAction","target":["https:\/\/reflejodemichoacan.com\/index.php\/2025\/12\/16\/a-tres-meses-de-la-renovacion-judicial-michoacan-consolida-avances-y-fija-nuevos-retos-hugo-gama\/"]}]},{"@type":"BreadcrumbList","@id":"https:\/\/reflejodemichoacan.com\/index.php\/2025\/12\/16\/a-tres-meses-de-la-renovacion-judicial-michoacan-consolida-avances-y-fija-nuevos-retos-hugo-gama\/#breadcrumb","itemListElement":[{"@type":"ListItem","position":1,"name":"Inicio","item":"https:\/\/reflejodemichoacan.com\/"},{"@type":"ListItem","position":2,"name":"A tres meses de la renovaci\u00f3n judicial, Michoac\u00e1n consolida avances y fija nuevos retos: Hugo Gama"}]},{"@type":"Person","@id":"https:\/\/reflejodemichoacan.com\/#\/schema\/person\/72d921e8fe99bd6e2e39bcde8995046f","name":"Aurora","image":{"@type":"ImageObject","@id":"https:\/\/reflejodemichoacan.com\/#personlogo","inLanguage":"es-MX","url":"https:\/\/secure.gravatar.com\/avatar\/df5ceb9b998be27b25dd258a6b4b0a95?s=96&d=mm&r=g","contentUrl":"https:\/\/secure.gravatar.com\/avatar\/df5ceb9b998be27b25dd258a6b4b0a95?s=96&d=mm&r=g","caption":"Aurora"},"sameAs":["http:\/\/reflejodemichoacan.com"],"url":"https:\/\/reflejodemichoacan.com\/index.php\/author\/rixwm7qvsq\/"}]}},"_links":{"self":[{"href":"https:\/\/reflejodemichoacan.com\/index.php\/wp-json\/wp\/v2\/posts\/18800"}],"collection":[{"href":"https:\/\/reflejodemichoacan.com\/index.php\/wp-json\/wp\/v2\/posts"}],"about":[{"href":"https:\/\/reflejodemichoacan.com\/index.php\/wp-json\/wp\/v2\/types\/post"}],"author":[{"embeddable":true,"href":"https:\/\/reflejodemichoacan.com\/index.php\/wp-json\/wp\/v2\/users\/1"}],"replies":[{"embeddable":true,"href":"https:\/\/reflejodemichoacan.com\/index.php\/wp-json\/wp\/v2\/comments?post=18800"}],"version-history":[{"count":1,"href":"https:\/\/reflejodemichoacan.com\/index.php\/wp-json\/wp\/v2\/posts\/18800\/revisions"}],"predecessor-version":[{"id":18802,"href":"https:\/\/reflejodemichoacan.com\/index.php\/wp-json\/wp\/v2\/posts\/18800\/revisions\/18802"}],"wp:featuredmedia":[{"embeddable":true,"href":"https:\/\/reflejodemichoacan.com\/index.php\/wp-json\/wp\/v2\/media\/18801"}],"wp:attachment":[{"href":"https:\/\/reflejodemichoacan.com\/index.php\/wp-json\/wp\/v2\/media?parent=18800"}],"wp:term":[{"taxonomy":"category","embeddable":true,"href":"https:\/\/reflejodemichoacan.com\/index.php\/wp-json\/wp\/v2\/categories?post=18800"},{"taxonomy":"post_tag","embeddable":true,"href":"https:\/\/reflejodemichoacan.com\/index.php\/wp-json\/wp\/v2\/tags?post=18800"}],"curies":[{"name":"wp","href":"https:\/\/api.w.org\/{rel}","templated":true}]}}