{"id":18818,"date":"2026-01-06T22:29:36","date_gmt":"2026-01-06T22:29:36","guid":{"rendered":"https:\/\/reflejodemichoacan.com\/?p=18818"},"modified":"2026-01-06T22:29:38","modified_gmt":"2026-01-06T22:29:38","slug":"detectan-primer-caso-de-gusano-barrenador-en-villa-madero-sader","status":"publish","type":"post","link":"https:\/\/reflejodemichoacan.com\/index.php\/2026\/01\/06\/detectan-primer-caso-de-gusano-barrenador-en-villa-madero-sader\/","title":{"rendered":"Detectan primer caso de gusano barrenador en Villa Madero: Sader"},"content":{"rendered":"\n<p>\u2022 El ejemplar se encuentra bajo tratamiento veterinario y no genera riesgo para la zona<\/p>\n\n\n\n<p>Morelia, Michoac\u00e1n, 6 de enero de 2026.- La Secretar\u00eda de Agricultura y Desarrollo Rural (Sader), encabezada por Cuauht\u00e9moc Ram\u00edrez Romero, inform\u00f3 la detecci\u00f3n del primer caso aislado de gusano barrenador del ganado, en el municipio de Madero, siendo hasta ahora el \u00fanico registrado en el estado desde el inicio del brote de esta larva en M\u00e9xico.<\/p>\n\n\n\n<p>La incidencia fue confirmada por el Servicio Nacional de Sanidad, Inocuidad y Calidad Agroalimentaria (Senasica), luego de que un m\u00e9dico veterinario zootecnista notificara la presencia de miasis en un toro que fue descornado. El animal se encuentra en tratamiento y bajo vigilancia m\u00e9dica en el predio de la comunidad de El Gatal, donde se localiz\u00f3 el ejemplar afectado. Senasica verific\u00f3 que los dem\u00e1s animales de las diferentes especies que se encontraban en la zona estuvieran sanos y libres de infestaci\u00f3n.<\/p>\n\n\n\n<p>Personal t\u00e9cnico especializado fue desplegado por el Grupo Estatal de Emergencia de Sanidad Animal (GEESA) para fortalecer la vigilancia sanitaria en la zona. Estos grupos est\u00e1n conformados por personal t\u00e9cnico oficial y privado previamente capacitado para dar respuesta a una emergencia sanitaria, se realizan rastreos epidemiol\u00f3gicos y b\u00fasqueda activa de casos sospechosos en coordinaci\u00f3n con autoridades estatales y federales.<\/p>\n\n\n\n<p>Adem\u00e1s se llevan a cabo reuniones informativas con ganaderos y autoridades locales para prevenir la propagaci\u00f3n de la plaga. Asimismo, se est\u00e1 reforzando el sistema de monitoreo a trav\u00e9s de puntos de verificaci\u00f3n, delegados regionales y directores de Desarrollo Rural de los ayuntamientos.<\/p>\n\n\n\n<p>De acuerdo con Senasica, a trav\u00e9s de la Comisi\u00f3n M\u00e9xico-Estados Unidos para la prevenci\u00f3n de la fiebre aftosa y otras enfermedades ex\u00f3ticas de los animales (CPA) se inspeccionaron y atendieron 509 bovinos, 36 equinos, 35 cerdos, 19 animales dom\u00e9sticos (perros y gatos), y hasta el momento no se han detectado moscas del gusano barrenador en otros municipios de Michoac\u00e1n, lo que disminuye el riesgo de propagaci\u00f3n.<\/p>\n\n\n\n<p>La Sader exhort\u00f3 a los ganaderos a mantener una constante revisi\u00f3n de las heridas en sus animales, y a reportar los casos o sospechas de gusaneras en heridas de animales vivos ya que ah\u00ed, la mosca deposita los huevos que originan la infestaci\u00f3n. Es importante aclarar que estos reportes no representan un riesgo de cuarentena para el productor, pero se recomienda aplicar todas las medidas preventivas necesarias.<\/p>\n","protected":false},"excerpt":{"rendered":"<p>\u2022 El ejemplar se encuentra bajo tratamiento veterinario y no genera riesgo para la zona Morelia, Michoac\u00e1n, 6 de enero de 2026.- La Secretar\u00eda de Agricultura y Desarrollo Rural (Sader), encabezada por Cuauht\u00e9moc Ram\u00edrez Romero, inform\u00f3 la detecci\u00f3n del primer caso aislado de gusano barrenador del ganado, en el municipio de Madero, siendo hasta ahora [&hellip;]<\/p>\n","protected":false},"author":1,"featured_media":18819,"comment_status":"open","ping_status":"closed","sticky":false,"template":"","format":"standard","meta":[],"categories":[1],"tags":[],"yoast_head":"<!-- This site is optimized with the Yoast SEO plugin v17.9 - https:\/\/yoast.com\/wordpress\/plugins\/seo\/ -->\n<title>Detectan primer caso de gusano barrenador en Villa Madero: Sader - Reflejo de Michoac\u00e1n<\/title>\n<meta name=\"robots\" content=\"index, follow, max-snippet:-1, max-image-preview:large, max-video-preview:-1\" \/>\n<link rel=\"canonical\" href=\"https:\/\/reflejodemichoacan.com\/index.php\/2026\/01\/06\/detectan-primer-caso-de-gusano-barrenador-en-villa-madero-sader\/\" \/>\n<meta property=\"og:locale\" content=\"es_MX\" \/>\n<meta property=\"og:type\" content=\"article\" \/>\n<meta property=\"og:title\" content=\"Detectan primer caso de gusano barrenador en Villa Madero: Sader - Reflejo de Michoac\u00e1n\" \/>\n<meta property=\"og:description\" content=\"\u2022 El ejemplar se encuentra bajo tratamiento veterinario y no genera riesgo para la zona Morelia, Michoac\u00e1n, 6 de enero de 2026.- La Secretar\u00eda de Agricultura y Desarrollo Rural (Sader), encabezada por Cuauht\u00e9moc Ram\u00edrez Romero, inform\u00f3 la detecci\u00f3n del primer caso aislado de gusano barrenador del ganado, en el municipio de Madero, siendo hasta ahora [&hellip;]\" \/>\n<meta property=\"og:url\" content=\"https:\/\/reflejodemichoacan.com\/index.php\/2026\/01\/06\/detectan-primer-caso-de-gusano-barrenador-en-villa-madero-sader\/\" \/>\n<meta property=\"og:site_name\" content=\"Reflejo de Michoac\u00e1n\" \/>\n<meta property=\"article:published_time\" content=\"2026-01-06T22:29:36+00:00\" \/>\n<meta property=\"article:modified_time\" content=\"2026-01-06T22:29:38+00:00\" \/>\n<meta property=\"og:image\" content=\"https:\/\/reflejodemichoacan.com\/wp-content\/uploads\/2026\/01\/animales.jpg\" \/>\n\t<meta property=\"og:image:width\" content=\"1600\" \/>\n\t<meta property=\"og:image:height\" content=\"1066\" \/>\n\t<meta property=\"og:image:type\" content=\"image\/jpeg\" \/>\n<meta name=\"twitter:card\" content=\"summary_large_image\" \/>\n<meta name=\"twitter:label1\" content=\"Escrito por\" \/>\n\t<meta name=\"twitter:data1\" content=\"Aurora\" \/>\n\t<meta name=\"twitter:label2\" content=\"Tiempo de lectura\" \/>\n\t<meta name=\"twitter:data2\" content=\"2 minutos\" \/>\n<script type=\"application\/ld+json\" class=\"yoast-schema-graph\">{\"@context\":\"https:\/\/schema.org\",\"@graph\":[{\"@type\":\"WebSite\",\"@id\":\"https:\/\/reflejodemichoacan.com\/#website\",\"url\":\"https:\/\/reflejodemichoacan.com\/\",\"name\":\"Reflejo de Michoac\\u00e1n\",\"description\":\"Medio de comunicaci\\u00f3n impreso y digital al servicio de la regi\\u00f3n lacustre y Michoac\\u00e1n.\",\"potentialAction\":[{\"@type\":\"SearchAction\",\"target\":{\"@type\":\"EntryPoint\",\"urlTemplate\":\"https:\/\/reflejodemichoacan.com\/?s={search_term_string}\"},\"query-input\":\"required name=search_term_string\"}],\"inLanguage\":\"es-MX\"},{\"@type\":\"ImageObject\",\"@id\":\"https:\/\/reflejodemichoacan.com\/index.php\/2026\/01\/06\/detectan-primer-caso-de-gusano-barrenador-en-villa-madero-sader\/#primaryimage\",\"inLanguage\":\"es-MX\",\"url\":\"https:\/\/reflejodemichoacan.com\/wp-content\/uploads\/2026\/01\/animales.jpg\",\"contentUrl\":\"https:\/\/reflejodemichoacan.com\/wp-content\/uploads\/2026\/01\/animales.jpg\",\"width\":1600,\"height\":1066},{\"@type\":\"WebPage\",\"@id\":\"https:\/\/reflejodemichoacan.com\/index.php\/2026\/01\/06\/detectan-primer-caso-de-gusano-barrenador-en-villa-madero-sader\/#webpage\",\"url\":\"https:\/\/reflejodemichoacan.com\/index.php\/2026\/01\/06\/detectan-primer-caso-de-gusano-barrenador-en-villa-madero-sader\/\",\"name\":\"Detectan primer caso de gusano barrenador en Villa Madero: Sader - Reflejo de Michoac\\u00e1n\",\"isPartOf\":{\"@id\":\"https:\/\/reflejodemichoacan.com\/#website\"},\"primaryImageOfPage\":{\"@id\":\"https:\/\/reflejodemichoacan.com\/index.php\/2026\/01\/06\/detectan-primer-caso-de-gusano-barrenador-en-villa-madero-sader\/#primaryimage\"},\"datePublished\":\"2026-01-06T22:29:36+00:00\",\"dateModified\":\"2026-01-06T22:29:38+00:00\",\"author\":{\"@id\":\"https:\/\/reflejodemichoacan.com\/#\/schema\/person\/72d921e8fe99bd6e2e39bcde8995046f\"},\"breadcrumb\":{\"@id\":\"https:\/\/reflejodemichoacan.com\/index.php\/2026\/01\/06\/detectan-primer-caso-de-gusano-barrenador-en-villa-madero-sader\/#breadcrumb\"},\"inLanguage\":\"es-MX\",\"potentialAction\":[{\"@type\":\"ReadAction\",\"target\":[\"https:\/\/reflejodemichoacan.com\/index.php\/2026\/01\/06\/detectan-primer-caso-de-gusano-barrenador-en-villa-madero-sader\/\"]}]},{\"@type\":\"BreadcrumbList\",\"@id\":\"https:\/\/reflejodemichoacan.com\/index.php\/2026\/01\/06\/detectan-primer-caso-de-gusano-barrenador-en-villa-madero-sader\/#breadcrumb\",\"itemListElement\":[{\"@type\":\"ListItem\",\"position\":1,\"name\":\"Inicio\",\"item\":\"https:\/\/reflejodemichoacan.com\/\"},{\"@type\":\"ListItem\",\"position\":2,\"name\":\"Detectan primer caso de gusano barrenador en Villa Madero: Sader\"}]},{\"@type\":\"Person\",\"@id\":\"https:\/\/reflejodemichoacan.com\/#\/schema\/person\/72d921e8fe99bd6e2e39bcde8995046f\",\"name\":\"Aurora\",\"image\":{\"@type\":\"ImageObject\",\"@id\":\"https:\/\/reflejodemichoacan.com\/#personlogo\",\"inLanguage\":\"es-MX\",\"url\":\"https:\/\/secure.gravatar.com\/avatar\/df5ceb9b998be27b25dd258a6b4b0a95?s=96&d=mm&r=g\",\"contentUrl\":\"https:\/\/secure.gravatar.com\/avatar\/df5ceb9b998be27b25dd258a6b4b0a95?s=96&d=mm&r=g\",\"caption\":\"Aurora\"},\"sameAs\":[\"http:\/\/reflejodemichoacan.com\"],\"url\":\"https:\/\/reflejodemichoacan.com\/index.php\/author\/rixwm7qvsq\/\"}]}<\/script>\n<!-- \/ Yoast SEO plugin. -->","yoast_head_json":{"title":"Detectan primer caso de gusano barrenador en Villa Madero: Sader - Reflejo de Michoac\u00e1n","robots":{"index":"index","follow":"follow","max-snippet":"max-snippet:-1","max-image-preview":"max-image-preview:large","max-video-preview":"max-video-preview:-1"},"canonical":"https:\/\/reflejodemichoacan.com\/index.php\/2026\/01\/06\/detectan-primer-caso-de-gusano-barrenador-en-villa-madero-sader\/","og_locale":"es_MX","og_type":"article","og_title":"Detectan primer caso de gusano barrenador en Villa Madero: Sader - Reflejo de Michoac\u00e1n","og_description":"\u2022 El ejemplar se encuentra bajo tratamiento veterinario y no genera riesgo para la zona Morelia, Michoac\u00e1n, 6 de enero de 2026.- La Secretar\u00eda de Agricultura y Desarrollo Rural (Sader), encabezada por Cuauht\u00e9moc Ram\u00edrez Romero, inform\u00f3 la detecci\u00f3n del primer caso aislado de gusano barrenador del ganado, en el municipio de Madero, siendo hasta ahora [&hellip;]","og_url":"https:\/\/reflejodemichoacan.com\/index.php\/2026\/01\/06\/detectan-primer-caso-de-gusano-barrenador-en-villa-madero-sader\/","og_site_name":"Reflejo de Michoac\u00e1n","article_published_time":"2026-01-06T22:29:36+00:00","article_modified_time":"2026-01-06T22:29:38+00:00","og_image":[{"width":1600,"height":1066,"url":"https:\/\/reflejodemichoacan.com\/wp-content\/uploads\/2026\/01\/animales.jpg","type":"image\/jpeg"}],"twitter_card":"summary_large_image","twitter_misc":{"Escrito por":"Aurora","Tiempo de lectura":"2 minutos"},"schema":{"@context":"https:\/\/schema.org","@graph":[{"@type":"WebSite","@id":"https:\/\/reflejodemichoacan.com\/#website","url":"https:\/\/reflejodemichoacan.com\/","name":"Reflejo de Michoac\u00e1n","description":"Medio de comunicaci\u00f3n impreso y digital al servicio de la regi\u00f3n lacustre y Michoac\u00e1n.","potentialAction":[{"@type":"SearchAction","target":{"@type":"EntryPoint","urlTemplate":"https:\/\/reflejodemichoacan.com\/?s={search_term_string}"},"query-input":"required name=search_term_string"}],"inLanguage":"es-MX"},{"@type":"ImageObject","@id":"https:\/\/reflejodemichoacan.com\/index.php\/2026\/01\/06\/detectan-primer-caso-de-gusano-barrenador-en-villa-madero-sader\/#primaryimage","inLanguage":"es-MX","url":"https:\/\/reflejodemichoacan.com\/wp-content\/uploads\/2026\/01\/animales.jpg","contentUrl":"https:\/\/reflejodemichoacan.com\/wp-content\/uploads\/2026\/01\/animales.jpg","width":1600,"height":1066},{"@type":"WebPage","@id":"https:\/\/reflejodemichoacan.com\/index.php\/2026\/01\/06\/detectan-primer-caso-de-gusano-barrenador-en-villa-madero-sader\/#webpage","url":"https:\/\/reflejodemichoacan.com\/index.php\/2026\/01\/06\/detectan-primer-caso-de-gusano-barrenador-en-villa-madero-sader\/","name":"Detectan primer caso de gusano barrenador en Villa Madero: Sader - Reflejo de Michoac\u00e1n","isPartOf":{"@id":"https:\/\/reflejodemichoacan.com\/#website"},"primaryImageOfPage":{"@id":"https:\/\/reflejodemichoacan.com\/index.php\/2026\/01\/06\/detectan-primer-caso-de-gusano-barrenador-en-villa-madero-sader\/#primaryimage"},"datePublished":"2026-01-06T22:29:36+00:00","dateModified":"2026-01-06T22:29:38+00:00","author":{"@id":"https:\/\/reflejodemichoacan.com\/#\/schema\/person\/72d921e8fe99bd6e2e39bcde8995046f"},"breadcrumb":{"@id":"https:\/\/reflejodemichoacan.com\/index.php\/2026\/01\/06\/detectan-primer-caso-de-gusano-barrenador-en-villa-madero-sader\/#breadcrumb"},"inLanguage":"es-MX","potentialAction":[{"@type":"ReadAction","target":["https:\/\/reflejodemichoacan.com\/index.php\/2026\/01\/06\/detectan-primer-caso-de-gusano-barrenador-en-villa-madero-sader\/"]}]},{"@type":"BreadcrumbList","@id":"https:\/\/reflejodemichoacan.com\/index.php\/2026\/01\/06\/detectan-primer-caso-de-gusano-barrenador-en-villa-madero-sader\/#breadcrumb","itemListElement":[{"@type":"ListItem","position":1,"name":"Inicio","item":"https:\/\/reflejodemichoacan.com\/"},{"@type":"ListItem","position":2,"name":"Detectan primer caso de gusano barrenador en Villa Madero: Sader"}]},{"@type":"Person","@id":"https:\/\/reflejodemichoacan.com\/#\/schema\/person\/72d921e8fe99bd6e2e39bcde8995046f","name":"Aurora","image":{"@type":"ImageObject","@id":"https:\/\/reflejodemichoacan.com\/#personlogo","inLanguage":"es-MX","url":"https:\/\/secure.gravatar.com\/avatar\/df5ceb9b998be27b25dd258a6b4b0a95?s=96&d=mm&r=g","contentUrl":"https:\/\/secure.gravatar.com\/avatar\/df5ceb9b998be27b25dd258a6b4b0a95?s=96&d=mm&r=g","caption":"Aurora"},"sameAs":["http:\/\/reflejodemichoacan.com"],"url":"https:\/\/reflejodemichoacan.com\/index.php\/author\/rixwm7qvsq\/"}]}},"_links":{"self":[{"href":"https:\/\/reflejodemichoacan.com\/index.php\/wp-json\/wp\/v2\/posts\/18818"}],"collection":[{"href":"https:\/\/reflejodemichoacan.com\/index.php\/wp-json\/wp\/v2\/posts"}],"about":[{"href":"https:\/\/reflejodemichoacan.com\/index.php\/wp-json\/wp\/v2\/types\/post"}],"author":[{"embeddable":true,"href":"https:\/\/reflejodemichoacan.com\/index.php\/wp-json\/wp\/v2\/users\/1"}],"replies":[{"embeddable":true,"href":"https:\/\/reflejodemichoacan.com\/index.php\/wp-json\/wp\/v2\/comments?post=18818"}],"version-history":[{"count":1,"href":"https:\/\/reflejodemichoacan.com\/index.php\/wp-json\/wp\/v2\/posts\/18818\/revisions"}],"predecessor-version":[{"id":18820,"href":"https:\/\/reflejodemichoacan.com\/index.php\/wp-json\/wp\/v2\/posts\/18818\/revisions\/18820"}],"wp:featuredmedia":[{"embeddable":true,"href":"https:\/\/reflejodemichoacan.com\/index.php\/wp-json\/wp\/v2\/media\/18819"}],"wp:attachment":[{"href":"https:\/\/reflejodemichoacan.com\/index.php\/wp-json\/wp\/v2\/media?parent=18818"}],"wp:term":[{"taxonomy":"category","embeddable":true,"href":"https:\/\/reflejodemichoacan.com\/index.php\/wp-json\/wp\/v2\/categories?post=18818"},{"taxonomy":"post_tag","embeddable":true,"href":"https:\/\/reflejodemichoacan.com\/index.php\/wp-json\/wp\/v2\/tags?post=18818"}],"curies":[{"name":"wp","href":"https:\/\/api.w.org\/{rel}","templated":true}]}}