{"id":18821,"date":"2026-01-06T22:36:08","date_gmt":"2026-01-06T22:36:08","guid":{"rendered":"https:\/\/reflejodemichoacan.com\/?p=18821"},"modified":"2026-01-06T22:36:10","modified_gmt":"2026-01-06T22:36:10","slug":"los-magos-orientales","status":"publish","type":"post","link":"https:\/\/reflejodemichoacan.com\/index.php\/2026\/01\/06\/los-magos-orientales\/","title":{"rendered":"LOS MAGOS ORIENTALES."},"content":{"rendered":"\n<p>Alma Gloria Ch\u00e1vez.<br>Seguramente muchas personas que, como una servidora, nacieron en la d\u00e9cada de los 50\u2019s y<br>entendiendo hoy de que nuestros padres en esa \u00e9poca, todav\u00eda resent\u00edan la crisis econ\u00f3mica por<br>la que el mundo atraves\u00f3, durante y luego de la Segunda Guerra Mundial, recordamos c\u00f3mo la<br>llegada de los tres ilustres personajes en esta temporada invernal (Melchor, Gaspar y Baltazar),<br>aparte de llenarnos de ilusi\u00f3n, lograba crear, por lo menos en el entorno inmediato, fuertes<br>emociones de empat\u00eda y solidaridad hacia quienes econ\u00f3micamente viv\u00edan en desventaja;<br>logrando en muchos de los casos, que nuestro comportamiento por los obsequios recibidos ,\u201cno<br>hiciera sentir menos a ning\u00fan infante\u201d.<br>Pero bien: hoy quiero compartir con ustedes, apreciados lectores, lo que he logrado<br>\u201cdescubrir\u201d al cabo de los a\u00f1os, de personajes tan enigm\u00e1ticos, de tierras poco conocidas y que<br>han logrado marcar la riqueza cultural de poblaciones enteras en todo el mundo.<br>Fue durante mi adolescencia y luego de leer diversas versiones de lo que, hasta la fecha<br>reconozco como un bello acto de f\u00e9 y tradici\u00f3n, que pude irme adentrando en la historia de esos<br>misteriosos personajes que llegaron a ofrendar al ni\u00f1o llamado Jes\u00fas, nacido en la aldea de Bel\u00e9n,<br>en territorio Palestino. En los Evangelios, por ejemplo, se dice que llegaron buscando al ni\u00f1o que<br>llegar\u00eda a ser rey de los jud\u00edos y que ven\u00edan del m\u00e1s lejano Oriente; pero no se menciona su<br>n\u00famero ni c\u00f3mo eran, as\u00ed como tampoco se sabe si s\u00f3lo eran varones.<br>Quienes han estudiado las versiones b\u00edblicas, adem\u00e1s de literatura hist\u00f3rica del Oriente, han<br>escrito sobre la posibilidad de que estos \u2018Reyes Magos\u2019 fueran unos astr\u00f3logos babil\u00f3nicos (que los<br>hab\u00eda en considerable cantidad en aquellas regiones), que guiados por la Estrella de Bel\u00e9n (una<br>conjunci\u00f3n de astros, se ha sabido), llegaron a adorar al Ni\u00f1o Dios, cumpli\u00e9ndose as\u00ed las profec\u00edas<br>sobre el advenimiento del \u201csalvador del mundo\u201d, del que habla el Salmo 31 Mesi\u00e1nico: \u201cRey<br>pac\u00edfico y universal\u201d, que predijo que \u201clos reyes de Tarsis y de las islas ofrecer\u00e1n presentes; los<br>reyes de Arabia y Saba le traer\u00e1n regalos y le adorar\u00e1n todos los reyes; todas las naciones le<br>servir\u00e1n\u201d.<br>Tambi\u00e9n se sabe que los antiguos cristianos coptos, sirios, griegos y armenios, el 6 de enero<br>bendec\u00edan las aguas de cualquier r\u00edo cercano a sus lugares de asentamiento, para utilizarlas todo el<br>a\u00f1o en la ceremonia del bautismo de los llamados ne\u00f3fitos, es decir, aquellos conversos que<br>aceptaban la nueva religi\u00f3n. Y hacia la primera mitad del siglo IV, la Iglesia de Oriente tom\u00f3 la<br>decisi\u00f3n de festejar el nacimiento y el bautizo de Jes\u00fas, el d\u00eda 6 de enero (fecha que en Egipto se<br>conmemoraba el nacimiento del dios Horus, el ni\u00f1o hijo de Isis y Osiris, adorado como el Sol<br>Naciente), al que denomin\u00f3 por tal causa, D\u00eda de la Epifan\u00eda, palabra que deriva del griego y<br>significa \u2018aparici\u00f3n\u2019 o \u2018manifestaci\u00f3n\u2019. De ah\u00ed que la iglesia cat\u00f3lica tom\u00f3 la adoraci\u00f3n de los Reyes<br>Magos a Jes\u00fas, como una \u201cmanifestaci\u00f3n de Fe\u201d: Epifan\u00eda.<br>En cuanto a la Estrella de Bel\u00e9n, existen registros hist\u00f3ricos de astros luminosos con las<br>caracter\u00edsticas que se le atribuyen a \u00e9sta: pudo tratarse de una \u201csupernova\u201d o \u201cestrella nova\u201d,<br>aunque no existen referentes confiables de aquella \u00e9poca. Tambi\u00e9n se ha especulado que el brillo<br>inusual del famoso astro podr\u00eda deberse a una \u201cszigia\u201d o conjunci\u00f3n de planetas que ocurre<br>cuando dos o m\u00e1s cuerpos celestes, vistos desde la Tierra, parecen acoplarse entre s\u00ed, por lo que<\/p>\n\n\n\n<p>su brillo se vuelve at\u00edpico. E igualmente, existen hip\u00f3tesis que afirman que la Estrella de Bel\u00e9n<br>pudo haber sido un cometa (como el Halley, que tiene una \u00f3rbita calculable, o como el Catalina,<br>que se ha podido observar gracias a que desvi\u00f3 su curso original). Pero recordemos que los Reyes<br>eran observadores del cielo: astr\u00f3logos consumados que ya sab\u00edan de este fen\u00f3meno celeste que<br>les dar\u00eda una se\u00f1al igualmente prevista.<br>Los magos que adoraron al ni\u00f1o Jes\u00fas, fueron primicias de los gentiles que llegaron m\u00e1s tarde<br>a adorar y rendir pleites\u00eda en nombre de los pueblos paganos, al peque\u00f1o ni\u00f1o que vendr\u00eda a<br>iluminar al mundo conocido hasta entonces, sacando de las tinieblas a ese mundo corrompido por<br>la ambici\u00f3n y el poder\u00edo. Un ni\u00f1o salvador que ven\u00eda a incorporar a gentiles y plebeyos (jud\u00edos y<br>no jud\u00edos) en un solo reino, un solo pueblo, una sola iglesia: como es el sentido filos\u00f3fico cristiano.<br>Con el nacimiento de Jes\u00fas y la adoraci\u00f3n de los Reyes (de distintas razas), as\u00ed como de pastores y<br>gente del pueblo sencillo, se expresa el deseo de que desaparezca la discriminaci\u00f3n; y la presencia<br>de todos, atestigua que las puertas de la salvaci\u00f3n est\u00e1n abiertas, como lo estuvo aquel pesebre<br>en la aldea de Bel\u00e9n.<br>Tal vez, como afirman algunos historiadores, los Reyes Magos fueron m\u00e1s y sus regalos,<br>cargados en caballos, camellos o elefantes (\u00fanico transporte en el Oriente antiguo), fueron varios<br>kilos de piedras preciosas, plumas de avestruz, b\u00e1lsamos, especies, cofres llenos de \u00e1loe, \u00e9bano y<br>s\u00e1ndalo, as\u00ed como las preciadas telas de algod\u00f3n y seda que val\u00edan como el oro y que todo esto era<br>en realidad, lo que se comerciaba (o intercambiaba) en aquellas tierras semides\u00e9rticas.<br>Quiz\u00e1s la Estrella de Bel\u00e9n fue la conjunci\u00f3n, demostrada posteriormente por m\u00e9todos<br>modernos y cient\u00edficos, de J\u00fapiter y Saturno bajo el signo de Piscis. Seguramente los nombres de<br>estos Sabios Orientales fueron diferentes y variables, de acuerdo con cada regi\u00f3n o cultura: Kgpha,<br>Badalilma y Badadakharida para los armenios; Apellicon, Amerim y Serakin para los griegos;<br>Melchor, Gaspar y Baltazar, para los pueblos de ascendencia latina\u2026 pero la m\u00e1gica tradici\u00f3n,<br>pervive.<br>Magos, sabios, hechiceros, astr\u00f3logos, los personajes orientales encarnados en los Tres Reyes<br>Magos, que en tierras mexicanas son esperados con fervor por miles de infantes, encierran tras de<br>s\u00ed el misterio de filosof\u00edas tan antiguas como el mazde\u00edsmo, antigua religi\u00f3n persa (hoy Ir\u00e1n)<br>basada en Ahura Mazda, el m\u00edtico personaje que recogi\u00f3 en el Zend-Avesta todas sus ense\u00f1anzas,<br>basadas, como el cristianismo, en la Modestia, la Austeridad, la Hermandad, la Compasi\u00f3n y la<br>Bondad: lo que constituyen la aut\u00e9ntica riqueza que lleva a LA PAZ, BIEN INCUANTIFICABLE QUE<br>PUEDE, SIN TENER QU\u00c9 COMPRARSE, DISFRUTAR CUALQUIER MORTAL.<br>Hoy d\u00eda y luego de ver la invasi\u00f3n de todo tipo de \u201cjuguetes\u201d y artefactos que distan mucho de<br>\u201cestimular la creatividad y el aprendizaje\u201d Y MUCHO MENOS crear en el \u00e1nimo de nuestros<br>menores sentimientos de modestia, de bondad, de amor y de paz, me pregunto cu\u00e1l ser\u00e1 el<br>destino final de toda esta sobreproducci\u00f3n de objetos: la mayor\u00eda de pl\u00e1stico y copias miniatura<br>de m\u00e1quinas de guerra, que \u201ccobran vida\u201d mediante pilas alcalinas desechables, con igual destino<br>incierto. En tanto nosotrxs, como adultos, \u00bfde verdad creemos que estas euforias y competencias<br>comerciales, resultan buen legado para nuestras infancias? Yo pensar\u00eda seriamente en pedir<br>consejos sabios a esos Magos Orientales.<\/p>\n","protected":false},"excerpt":{"rendered":"<p>Alma Gloria Ch\u00e1vez.Seguramente muchas personas que, como una servidora, nacieron en la d\u00e9cada de los 50\u2019s yentendiendo hoy de que nuestros padres en esa \u00e9poca, todav\u00eda resent\u00edan la crisis econ\u00f3mica porla que el mundo atraves\u00f3, durante y luego de la Segunda Guerra Mundial, recordamos c\u00f3mo lallegada de los tres ilustres personajes en esta temporada invernal [&hellip;]<\/p>\n","protected":false},"author":1,"featured_media":18822,"comment_status":"open","ping_status":"closed","sticky":false,"template":"","format":"standard","meta":[],"categories":[1],"tags":[],"yoast_head":"<!-- This site is optimized with the Yoast SEO plugin v17.9 - https:\/\/yoast.com\/wordpress\/plugins\/seo\/ -->\n<title>LOS MAGOS ORIENTALES. - Reflejo de Michoac\u00e1n<\/title>\n<meta name=\"robots\" content=\"index, follow, max-snippet:-1, max-image-preview:large, max-video-preview:-1\" \/>\n<link rel=\"canonical\" href=\"https:\/\/reflejodemichoacan.com\/index.php\/2026\/01\/06\/los-magos-orientales\/\" \/>\n<meta property=\"og:locale\" content=\"es_MX\" \/>\n<meta property=\"og:type\" content=\"article\" \/>\n<meta property=\"og:title\" content=\"LOS MAGOS ORIENTALES. - Reflejo de Michoac\u00e1n\" \/>\n<meta property=\"og:description\" content=\"Alma Gloria Ch\u00e1vez.Seguramente muchas personas que, como una servidora, nacieron en la d\u00e9cada de los 50\u2019s yentendiendo hoy de que nuestros padres en esa \u00e9poca, todav\u00eda resent\u00edan la crisis econ\u00f3mica porla que el mundo atraves\u00f3, durante y luego de la Segunda Guerra Mundial, recordamos c\u00f3mo lallegada de los tres ilustres personajes en esta temporada invernal [&hellip;]\" \/>\n<meta property=\"og:url\" content=\"https:\/\/reflejodemichoacan.com\/index.php\/2026\/01\/06\/los-magos-orientales\/\" \/>\n<meta property=\"og:site_name\" content=\"Reflejo de Michoac\u00e1n\" \/>\n<meta property=\"article:published_time\" content=\"2026-01-06T22:36:08+00:00\" \/>\n<meta property=\"article:modified_time\" content=\"2026-01-06T22:36:10+00:00\" \/>\n<meta property=\"og:image\" content=\"https:\/\/reflejodemichoacan.com\/wp-content\/uploads\/2026\/01\/amagos.jpg\" \/>\n\t<meta property=\"og:image:width\" content=\"639\" \/>\n\t<meta property=\"og:image:height\" content=\"480\" \/>\n\t<meta property=\"og:image:type\" content=\"image\/jpeg\" \/>\n<meta name=\"twitter:card\" content=\"summary_large_image\" \/>\n<meta name=\"twitter:label1\" content=\"Escrito por\" \/>\n\t<meta name=\"twitter:data1\" content=\"Aurora\" \/>\n\t<meta name=\"twitter:label2\" content=\"Tiempo de lectura\" \/>\n\t<meta name=\"twitter:data2\" content=\"6 minutos\" \/>\n<script type=\"application\/ld+json\" class=\"yoast-schema-graph\">{\"@context\":\"https:\/\/schema.org\",\"@graph\":[{\"@type\":\"WebSite\",\"@id\":\"https:\/\/reflejodemichoacan.com\/#website\",\"url\":\"https:\/\/reflejodemichoacan.com\/\",\"name\":\"Reflejo de Michoac\\u00e1n\",\"description\":\"Medio de comunicaci\\u00f3n impreso y digital al servicio de la regi\\u00f3n lacustre y Michoac\\u00e1n.\",\"potentialAction\":[{\"@type\":\"SearchAction\",\"target\":{\"@type\":\"EntryPoint\",\"urlTemplate\":\"https:\/\/reflejodemichoacan.com\/?s={search_term_string}\"},\"query-input\":\"required name=search_term_string\"}],\"inLanguage\":\"es-MX\"},{\"@type\":\"ImageObject\",\"@id\":\"https:\/\/reflejodemichoacan.com\/index.php\/2026\/01\/06\/los-magos-orientales\/#primaryimage\",\"inLanguage\":\"es-MX\",\"url\":\"https:\/\/reflejodemichoacan.com\/wp-content\/uploads\/2026\/01\/amagos.jpg\",\"contentUrl\":\"https:\/\/reflejodemichoacan.com\/wp-content\/uploads\/2026\/01\/amagos.jpg\",\"width\":639,\"height\":480},{\"@type\":\"WebPage\",\"@id\":\"https:\/\/reflejodemichoacan.com\/index.php\/2026\/01\/06\/los-magos-orientales\/#webpage\",\"url\":\"https:\/\/reflejodemichoacan.com\/index.php\/2026\/01\/06\/los-magos-orientales\/\",\"name\":\"LOS MAGOS ORIENTALES. - Reflejo de Michoac\\u00e1n\",\"isPartOf\":{\"@id\":\"https:\/\/reflejodemichoacan.com\/#website\"},\"primaryImageOfPage\":{\"@id\":\"https:\/\/reflejodemichoacan.com\/index.php\/2026\/01\/06\/los-magos-orientales\/#primaryimage\"},\"datePublished\":\"2026-01-06T22:36:08+00:00\",\"dateModified\":\"2026-01-06T22:36:10+00:00\",\"author\":{\"@id\":\"https:\/\/reflejodemichoacan.com\/#\/schema\/person\/72d921e8fe99bd6e2e39bcde8995046f\"},\"breadcrumb\":{\"@id\":\"https:\/\/reflejodemichoacan.com\/index.php\/2026\/01\/06\/los-magos-orientales\/#breadcrumb\"},\"inLanguage\":\"es-MX\",\"potentialAction\":[{\"@type\":\"ReadAction\",\"target\":[\"https:\/\/reflejodemichoacan.com\/index.php\/2026\/01\/06\/los-magos-orientales\/\"]}]},{\"@type\":\"BreadcrumbList\",\"@id\":\"https:\/\/reflejodemichoacan.com\/index.php\/2026\/01\/06\/los-magos-orientales\/#breadcrumb\",\"itemListElement\":[{\"@type\":\"ListItem\",\"position\":1,\"name\":\"Inicio\",\"item\":\"https:\/\/reflejodemichoacan.com\/\"},{\"@type\":\"ListItem\",\"position\":2,\"name\":\"LOS MAGOS ORIENTALES.\"}]},{\"@type\":\"Person\",\"@id\":\"https:\/\/reflejodemichoacan.com\/#\/schema\/person\/72d921e8fe99bd6e2e39bcde8995046f\",\"name\":\"Aurora\",\"image\":{\"@type\":\"ImageObject\",\"@id\":\"https:\/\/reflejodemichoacan.com\/#personlogo\",\"inLanguage\":\"es-MX\",\"url\":\"https:\/\/secure.gravatar.com\/avatar\/df5ceb9b998be27b25dd258a6b4b0a95?s=96&d=mm&r=g\",\"contentUrl\":\"https:\/\/secure.gravatar.com\/avatar\/df5ceb9b998be27b25dd258a6b4b0a95?s=96&d=mm&r=g\",\"caption\":\"Aurora\"},\"sameAs\":[\"http:\/\/reflejodemichoacan.com\"],\"url\":\"https:\/\/reflejodemichoacan.com\/index.php\/author\/rixwm7qvsq\/\"}]}<\/script>\n<!-- \/ Yoast SEO plugin. -->","yoast_head_json":{"title":"LOS MAGOS ORIENTALES. - Reflejo de Michoac\u00e1n","robots":{"index":"index","follow":"follow","max-snippet":"max-snippet:-1","max-image-preview":"max-image-preview:large","max-video-preview":"max-video-preview:-1"},"canonical":"https:\/\/reflejodemichoacan.com\/index.php\/2026\/01\/06\/los-magos-orientales\/","og_locale":"es_MX","og_type":"article","og_title":"LOS MAGOS ORIENTALES. - Reflejo de Michoac\u00e1n","og_description":"Alma Gloria Ch\u00e1vez.Seguramente muchas personas que, como una servidora, nacieron en la d\u00e9cada de los 50\u2019s yentendiendo hoy de que nuestros padres en esa \u00e9poca, todav\u00eda resent\u00edan la crisis econ\u00f3mica porla que el mundo atraves\u00f3, durante y luego de la Segunda Guerra Mundial, recordamos c\u00f3mo lallegada de los tres ilustres personajes en esta temporada invernal [&hellip;]","og_url":"https:\/\/reflejodemichoacan.com\/index.php\/2026\/01\/06\/los-magos-orientales\/","og_site_name":"Reflejo de Michoac\u00e1n","article_published_time":"2026-01-06T22:36:08+00:00","article_modified_time":"2026-01-06T22:36:10+00:00","og_image":[{"width":639,"height":480,"url":"https:\/\/reflejodemichoacan.com\/wp-content\/uploads\/2026\/01\/amagos.jpg","type":"image\/jpeg"}],"twitter_card":"summary_large_image","twitter_misc":{"Escrito por":"Aurora","Tiempo de lectura":"6 minutos"},"schema":{"@context":"https:\/\/schema.org","@graph":[{"@type":"WebSite","@id":"https:\/\/reflejodemichoacan.com\/#website","url":"https:\/\/reflejodemichoacan.com\/","name":"Reflejo de Michoac\u00e1n","description":"Medio de comunicaci\u00f3n impreso y digital al servicio de la regi\u00f3n lacustre y Michoac\u00e1n.","potentialAction":[{"@type":"SearchAction","target":{"@type":"EntryPoint","urlTemplate":"https:\/\/reflejodemichoacan.com\/?s={search_term_string}"},"query-input":"required name=search_term_string"}],"inLanguage":"es-MX"},{"@type":"ImageObject","@id":"https:\/\/reflejodemichoacan.com\/index.php\/2026\/01\/06\/los-magos-orientales\/#primaryimage","inLanguage":"es-MX","url":"https:\/\/reflejodemichoacan.com\/wp-content\/uploads\/2026\/01\/amagos.jpg","contentUrl":"https:\/\/reflejodemichoacan.com\/wp-content\/uploads\/2026\/01\/amagos.jpg","width":639,"height":480},{"@type":"WebPage","@id":"https:\/\/reflejodemichoacan.com\/index.php\/2026\/01\/06\/los-magos-orientales\/#webpage","url":"https:\/\/reflejodemichoacan.com\/index.php\/2026\/01\/06\/los-magos-orientales\/","name":"LOS MAGOS ORIENTALES. - Reflejo de Michoac\u00e1n","isPartOf":{"@id":"https:\/\/reflejodemichoacan.com\/#website"},"primaryImageOfPage":{"@id":"https:\/\/reflejodemichoacan.com\/index.php\/2026\/01\/06\/los-magos-orientales\/#primaryimage"},"datePublished":"2026-01-06T22:36:08+00:00","dateModified":"2026-01-06T22:36:10+00:00","author":{"@id":"https:\/\/reflejodemichoacan.com\/#\/schema\/person\/72d921e8fe99bd6e2e39bcde8995046f"},"breadcrumb":{"@id":"https:\/\/reflejodemichoacan.com\/index.php\/2026\/01\/06\/los-magos-orientales\/#breadcrumb"},"inLanguage":"es-MX","potentialAction":[{"@type":"ReadAction","target":["https:\/\/reflejodemichoacan.com\/index.php\/2026\/01\/06\/los-magos-orientales\/"]}]},{"@type":"BreadcrumbList","@id":"https:\/\/reflejodemichoacan.com\/index.php\/2026\/01\/06\/los-magos-orientales\/#breadcrumb","itemListElement":[{"@type":"ListItem","position":1,"name":"Inicio","item":"https:\/\/reflejodemichoacan.com\/"},{"@type":"ListItem","position":2,"name":"LOS MAGOS ORIENTALES."}]},{"@type":"Person","@id":"https:\/\/reflejodemichoacan.com\/#\/schema\/person\/72d921e8fe99bd6e2e39bcde8995046f","name":"Aurora","image":{"@type":"ImageObject","@id":"https:\/\/reflejodemichoacan.com\/#personlogo","inLanguage":"es-MX","url":"https:\/\/secure.gravatar.com\/avatar\/df5ceb9b998be27b25dd258a6b4b0a95?s=96&d=mm&r=g","contentUrl":"https:\/\/secure.gravatar.com\/avatar\/df5ceb9b998be27b25dd258a6b4b0a95?s=96&d=mm&r=g","caption":"Aurora"},"sameAs":["http:\/\/reflejodemichoacan.com"],"url":"https:\/\/reflejodemichoacan.com\/index.php\/author\/rixwm7qvsq\/"}]}},"_links":{"self":[{"href":"https:\/\/reflejodemichoacan.com\/index.php\/wp-json\/wp\/v2\/posts\/18821"}],"collection":[{"href":"https:\/\/reflejodemichoacan.com\/index.php\/wp-json\/wp\/v2\/posts"}],"about":[{"href":"https:\/\/reflejodemichoacan.com\/index.php\/wp-json\/wp\/v2\/types\/post"}],"author":[{"embeddable":true,"href":"https:\/\/reflejodemichoacan.com\/index.php\/wp-json\/wp\/v2\/users\/1"}],"replies":[{"embeddable":true,"href":"https:\/\/reflejodemichoacan.com\/index.php\/wp-json\/wp\/v2\/comments?post=18821"}],"version-history":[{"count":1,"href":"https:\/\/reflejodemichoacan.com\/index.php\/wp-json\/wp\/v2\/posts\/18821\/revisions"}],"predecessor-version":[{"id":18823,"href":"https:\/\/reflejodemichoacan.com\/index.php\/wp-json\/wp\/v2\/posts\/18821\/revisions\/18823"}],"wp:featuredmedia":[{"embeddable":true,"href":"https:\/\/reflejodemichoacan.com\/index.php\/wp-json\/wp\/v2\/media\/18822"}],"wp:attachment":[{"href":"https:\/\/reflejodemichoacan.com\/index.php\/wp-json\/wp\/v2\/media?parent=18821"}],"wp:term":[{"taxonomy":"category","embeddable":true,"href":"https:\/\/reflejodemichoacan.com\/index.php\/wp-json\/wp\/v2\/categories?post=18821"},{"taxonomy":"post_tag","embeddable":true,"href":"https:\/\/reflejodemichoacan.com\/index.php\/wp-json\/wp\/v2\/tags?post=18821"}],"curies":[{"name":"wp","href":"https:\/\/api.w.org\/{rel}","templated":true}]}}