{"id":18828,"date":"2026-01-14T00:56:30","date_gmt":"2026-01-14T00:56:30","guid":{"rendered":"https:\/\/reflejodemichoacan.com\/?p=18828"},"modified":"2026-01-14T00:56:32","modified_gmt":"2026-01-14T00:56:32","slug":"la-patriota-de-erongaricuaro","status":"publish","type":"post","link":"https:\/\/reflejodemichoacan.com\/index.php\/2026\/01\/14\/la-patriota-de-erongaricuaro\/","title":{"rendered":"LA PATRIOTA DE ERONGAR\u00cdCUARO."},"content":{"rendered":"\n<p>Alma Gloria Ch\u00e1vez.<br>En el a\u00f1o 1998, un grupo de mujeres del Municipio de P\u00e1tzcuaro, luego de haber logrado un<br>lustro atr\u00e1s, recuperar una fecha que la \u2018Oficialidad\u2019 de entonces \u2018celebraba\u2019 como D\u00eda<br>Internacional de la Mujer, pero que en realidad una gran mayor\u00eda de mujeres estaba ajena a los<br>festejos, e incluso desconoc\u00eda la historia o el origen de ellos, decidimos conformarnos como<br>asociaci\u00f3n civil, porque para entonces ya ten\u00edamos claro un prop\u00f3sito ineludible: trabajar a favor<br>de eliminar todo tipo de violencias contra la mujer y \u2018recuperar\u2019 la historia de esa fecha que se<br>hab\u00eda venido diluyendo en medio de discursos huecos y reiterativos, as\u00ed como dignificar la<br>presencia de nuestro g\u00e9nero, apenas visible en unas cuantas personalidades y en pocas p\u00e1ginas de<br>la \u2018historia oficial\u2019.<br>Para el a\u00f1o en menci\u00f3n, dejamos de ser \u2018un grupo de mujeres independientes\u2019, primero<br>denominadas Gertrudis Bocanegra (1992-94), para identificarnos despu\u00e9s con la denominaci\u00f3n:<br>Centro de Promoci\u00f3n para la Equidad de G\u00e9nero \u2018Mar\u00eda Luisa Mart\u00ednez\u2019, que posteriormente, en<br>1998, qued\u00f3 legalmente registrado como CEPREG \u2018Mar\u00eda Luisa Mart\u00ednez\u2019, A.C. Un modest\u00edsimo<br>\u2018logro\u2019 que nos llev\u00f3 a darnos de alta en Hacienda (aunque nuestro trabajo siempre fue voluntario,<br>colaborativo y de coadyuvancia con Instituciones) luego de una tramitolog\u00eda que tuvimos qu\u00e9<br>costear de nuestra bolsa y en cuanto pudimos acceder a recursos gracias a un proyecto<br>presentado a una organizaci\u00f3n internacional (\u201cSemillas) y otro nacional (Sedesol) que dio<br>seguimiento al primero, fue que dejamos constancia impresa del trabajo educativo, de monitoreo,<br>de atenci\u00f3n integral y del acompa\u00f1amiento que es posible lograr, creando a la par \u201credes\u201d de<br>colaboraci\u00f3n con instituciones educativas, de salud y con mujeres que realizan promotor\u00edas y<br>gestor\u00edas diversas, en barrios, colonias y poblaciones aleda\u00f1as.<br>Pero bien: en P\u00e1tzcuaro nos dimos cuenta del desconocimiento que hab\u00eda entre la poblaci\u00f3n y<br>en particular entre escolares de cualquier nivel, de la independentista local, cuando fuimos ese<br>grupo (no m\u00e1s de 20) de mujeres independientes \u201cGertrudis Bocanegra\u201d quienes decidimos<br>conmemorar en espacio p\u00fablico el D\u00eda Internacional de la Mujer y elegimos hacerlo precisamente<br>en la Plaza y junto al monumento erigido a Gertrudis Bocanegra y estuvimos a punto de ser<br>\u201cretiradas del lugar\u201d, ya que autoridades municipales argu\u00edan (as\u00ed nos lo dijo un \u2018emisario\u2019) que<br>est\u00e1bamos \u201ccometiendo un desacato y creando un desorden contra el sitio y el monumento\u201d, sitio<br>que hab\u00edamos barrido y lavado y monumento que hab\u00edamos liberado de cuerdas utilizadas para<br>comercio ambulante. Pero lo m\u00e1s grave: ni siquiera mencionaban el nombre de la mujer<br>representada en el sitio. \u201cSi esto sucede con do\u00f1a Gertrudis en un centro urbano de tanta<br>importancia cultural nacional e internacional -reflexionamos-, \u00bfqu\u00e9 tanto inter\u00e9s habr\u00e1, por parte<br>de quienes gobiernan, hacia do\u00f1a Mar\u00eda Luisa Mart\u00ednez, la Patriota de Erongar\u00edcuaro?\u201d Eso fue lo<br>que nos llev\u00f3 a enarbolar su nombre y a honrar su memoria.<br>Hoy escribo para ella, como un referente en nuestra historia colectiva (de mujeres de la<br>Cuenca), estando pr\u00f3xima la fecha conmemorativa de su sacrificio: tambi\u00e9n fusilada como do\u00f1a<br>Gertrudis, en el mismo a\u00f1o (1817), ocho meses antes que ella y siendo Mar\u00eda Luisa mucho m\u00e1s<br>joven: \u00a135 a\u00f1os de edad! En su pueblo natal, Erongar\u00edcuaro, hace cerca de cinco d\u00e9cadas, tuve la<br>fortuna de encontrarme casualmente en medio de un modesto, pero sentido acto c\u00edvico dedicado<\/p>\n\n\n\n<p>a quien, el maestro de ceremonias, mencion\u00f3 como \u201cnuestra Patriota\u201d. Y efectivamente, su<br>emocionada expresi\u00f3n, me llev\u00f3 a sentir a esa mujer como parte de mi historia local y personal.<br>Hoy muchas personas sabemos que las mujeres siempre hemos estado presentes en el<br>acontecer hist\u00f3rico, y su ausencia de \u2018las fuentes\u2019 no corresponde a nuestra ausencia del proceso.<br>Por ello hay quienes, como nosotras, en ese intento de reivindicar las acciones patriotas y<br>valerosas de hero\u00ednas locales, tomamos su nombre para rendir permanente y modesto homenaje<br>a su memoria. O como afirm\u00f3 la compa\u00f1era Lupita (historiadora), cuando los emisarios<br>municipales llegaron a intimidarnos por realizar el acto por el D\u00eda de la Mujer junto al monumento<br>a do\u00f1a Gertrudis: \u201cUstedes s\u00f3lo vienen a traerle coronas, para asegurarse de que est\u00e9 bien<br>muerta; nosotras seguimos su lucha de amor por la vida y por la libertad\u201d.<br>Una breve misiva dirigida a la se\u00f1ora Mar\u00eda Luisa Mart\u00ednez, le\u00edda en una conmemoraci\u00f3n de su<br>natalicio, fue nuestro homenaje para ella, hace varios lustros:<br>\u201cInolvidable se\u00f1ora: conociendo una breve biograf\u00eda suya, en la que s\u00f3lo encontramos<br>bosquejos de los \u00faltimos a\u00f1os de su vida, como esposa, como madre y como ardiente<br>simpatizante de las causas libertarias de la naci\u00f3n Mexicana, nada nos dicen de c\u00f3mo transcurri\u00f3<br>su ni\u00f1ez y adolescencia, ni tampoco insin\u00faan cu\u00e1l fue el hecho o acontecimiento que encendi\u00f3 en<br>su alma el anhelo libertario. \/ Sabemos que naci\u00f3 y creci\u00f3 en el pueblo de Erongar\u00edcuaro en la<br>\u00e9poca Virreinal (21 junio de 1780), cuando a las mujeres s\u00f3lo se les educaba para ser buenas<br>esposas, madres o monjas, o para estar al servicio de quienes ten\u00edan para pagar. As\u00ed que<br>seguramente no fueron estas pr\u00e1cticas educativas las que influyeron en usted, sembrando en su<br>conciencia ideales contrarios a la injusticia y discriminaci\u00f3n tan comunes hacia la mayor\u00eda de la<br>poblaci\u00f3n nativa de estas tierras -sobre todo- y con m\u00e1s rigor, hacia las mujeres.\/<br>La historia documenta que su matrimonio en 1799, a los 17 a\u00f1os de edad, fue con Esteban<br>Garc\u00eda Rojas, a quien apodaban \u2018El Jaranero\u2019 porque vend\u00eda guitarras de manufactura artesanal en<br>su tienda de abarrotes y quien tambi\u00e9n pose\u00eda tierras de labor. Que fueron cuatro los hijos que<br>tuvieron y llevaron por nombres: Esteba, Cris\u00f3stomo, Genoveva y Luisa. Y \u00a1a saber c\u00f3mo<br>transcurri\u00f3 su vida entonces! Porque Erongar\u00edcuaro, a\u00fan siendo una poblaci\u00f3n rural, m\u00e1s<br>simpatizaba con el gobierno realista que con el movimiento independentista.\/ Sobradas razones<br>tendr\u00eda usted, se\u00f1ora Mar\u00eda Luisa, si hubiese decidido ser solamente una mujer de familia en<br>\u00e9poca y situaciones tan adversas. Pero, precisamente, cuando el mayor de sus hijos contaba<br>apenas doce a\u00f1os y la menor cinco, Esteban y usted miraron con simpat\u00eda la proclama hecha por<br>don Miguel Hidalgo y Costilla para llevar adelante la lucha por la Independencia de M\u00e9xico en<br>1810, y en 1814, con la llegada e incorporaci\u00f3n de Xavier Mina a los afanes libertarios, usted y su<br>esposo ya tomaban parte en ella, haciendo llegar v\u00edveres, dinero y noticias a los guerrilleros de la<br>regi\u00f3n.\/<br>Cuatro veces fue usted encarcelada y multada para hacerla desistir de sus convicciones, pero<br>ni Esteban ni usted lo hicieron.\/ Y as\u00ed fue que la mujer joven y bonita -como se le describe-, esposa<br>y madre amante, dio tambi\u00e9n ejemplo de valor y patriotismo, siendo condenada a la ejecuci\u00f3n, el<br>17 de enero de 1817.\/ Cuentan que sus \u00faltimas palabras, dirigidas al pelot\u00f3n y al jefe realista,<br>fueron: \u2018\u00bfPor qu\u00e9 tan obstinada persecuci\u00f3n en mi contra?\u2026 tengo derecho a hacer cuanto pueda<br>a favor de mi patria, porque soy mexicana. No creo cometer ninguna falta en mi conducta; s\u00f3lo<\/p>\n\n\n\n<p>cumplo con mi deber.\u2019\/ Este d\u00eda le saludamos hermanadas en ideales, el Grupo de Mujeres \u2018Mar\u00eda<br>Luisa Mart\u00ednez de P\u00e1tzcuaro\u201d. Una de ellas, recordando a todas.<\/p>\n","protected":false},"excerpt":{"rendered":"<p>Alma Gloria Ch\u00e1vez.En el a\u00f1o 1998, un grupo de mujeres del Municipio de P\u00e1tzcuaro, luego de haber logrado unlustro atr\u00e1s, recuperar una fecha que la \u2018Oficialidad\u2019 de entonces \u2018celebraba\u2019 como D\u00edaInternacional de la Mujer, pero que en realidad una gran mayor\u00eda de mujeres estaba ajena a losfestejos, e incluso desconoc\u00eda la historia o el origen [&hellip;]<\/p>\n","protected":false},"author":1,"featured_media":18829,"comment_status":"open","ping_status":"closed","sticky":false,"template":"","format":"standard","meta":[],"categories":[1],"tags":[],"yoast_head":"<!-- This site is optimized with the Yoast SEO plugin v17.9 - https:\/\/yoast.com\/wordpress\/plugins\/seo\/ -->\n<title>LA PATRIOTA DE ERONGAR\u00cdCUARO. - Reflejo de Michoac\u00e1n<\/title>\n<meta name=\"robots\" content=\"index, follow, max-snippet:-1, max-image-preview:large, max-video-preview:-1\" \/>\n<link rel=\"canonical\" href=\"https:\/\/reflejodemichoacan.com\/index.php\/2026\/01\/14\/la-patriota-de-erongaricuaro\/\" \/>\n<meta property=\"og:locale\" content=\"es_MX\" \/>\n<meta property=\"og:type\" content=\"article\" \/>\n<meta property=\"og:title\" content=\"LA PATRIOTA DE ERONGAR\u00cdCUARO. - Reflejo de Michoac\u00e1n\" \/>\n<meta property=\"og:description\" content=\"Alma Gloria Ch\u00e1vez.En el a\u00f1o 1998, un grupo de mujeres del Municipio de P\u00e1tzcuaro, luego de haber logrado unlustro atr\u00e1s, recuperar una fecha que la \u2018Oficialidad\u2019 de entonces \u2018celebraba\u2019 como D\u00edaInternacional de la Mujer, pero que en realidad una gran mayor\u00eda de mujeres estaba ajena a losfestejos, e incluso desconoc\u00eda la historia o el origen [&hellip;]\" \/>\n<meta property=\"og:url\" content=\"https:\/\/reflejodemichoacan.com\/index.php\/2026\/01\/14\/la-patriota-de-erongaricuaro\/\" \/>\n<meta property=\"og:site_name\" content=\"Reflejo de Michoac\u00e1n\" \/>\n<meta property=\"article:published_time\" content=\"2026-01-14T00:56:30+00:00\" \/>\n<meta property=\"article:modified_time\" content=\"2026-01-14T00:56:32+00:00\" \/>\n<meta property=\"og:image\" content=\"https:\/\/reflejodemichoacan.com\/wp-content\/uploads\/2026\/01\/Aluisa.jpg\" \/>\n\t<meta property=\"og:image:width\" content=\"629\" \/>\n\t<meta property=\"og:image:height\" content=\"487\" \/>\n\t<meta property=\"og:image:type\" content=\"image\/jpeg\" \/>\n<meta name=\"twitter:card\" content=\"summary_large_image\" \/>\n<meta name=\"twitter:label1\" content=\"Escrito por\" \/>\n\t<meta name=\"twitter:data1\" content=\"Aurora\" \/>\n\t<meta name=\"twitter:label2\" content=\"Tiempo de lectura\" \/>\n\t<meta name=\"twitter:data2\" content=\"6 minutos\" \/>\n<script type=\"application\/ld+json\" class=\"yoast-schema-graph\">{\"@context\":\"https:\/\/schema.org\",\"@graph\":[{\"@type\":\"WebSite\",\"@id\":\"https:\/\/reflejodemichoacan.com\/#website\",\"url\":\"https:\/\/reflejodemichoacan.com\/\",\"name\":\"Reflejo de Michoac\\u00e1n\",\"description\":\"Medio de comunicaci\\u00f3n impreso y digital al servicio de la regi\\u00f3n lacustre y Michoac\\u00e1n.\",\"potentialAction\":[{\"@type\":\"SearchAction\",\"target\":{\"@type\":\"EntryPoint\",\"urlTemplate\":\"https:\/\/reflejodemichoacan.com\/?s={search_term_string}\"},\"query-input\":\"required name=search_term_string\"}],\"inLanguage\":\"es-MX\"},{\"@type\":\"ImageObject\",\"@id\":\"https:\/\/reflejodemichoacan.com\/index.php\/2026\/01\/14\/la-patriota-de-erongaricuaro\/#primaryimage\",\"inLanguage\":\"es-MX\",\"url\":\"https:\/\/reflejodemichoacan.com\/wp-content\/uploads\/2026\/01\/Aluisa.jpg\",\"contentUrl\":\"https:\/\/reflejodemichoacan.com\/wp-content\/uploads\/2026\/01\/Aluisa.jpg\",\"width\":629,\"height\":487},{\"@type\":\"WebPage\",\"@id\":\"https:\/\/reflejodemichoacan.com\/index.php\/2026\/01\/14\/la-patriota-de-erongaricuaro\/#webpage\",\"url\":\"https:\/\/reflejodemichoacan.com\/index.php\/2026\/01\/14\/la-patriota-de-erongaricuaro\/\",\"name\":\"LA PATRIOTA DE ERONGAR\\u00cdCUARO. - Reflejo de Michoac\\u00e1n\",\"isPartOf\":{\"@id\":\"https:\/\/reflejodemichoacan.com\/#website\"},\"primaryImageOfPage\":{\"@id\":\"https:\/\/reflejodemichoacan.com\/index.php\/2026\/01\/14\/la-patriota-de-erongaricuaro\/#primaryimage\"},\"datePublished\":\"2026-01-14T00:56:30+00:00\",\"dateModified\":\"2026-01-14T00:56:32+00:00\",\"author\":{\"@id\":\"https:\/\/reflejodemichoacan.com\/#\/schema\/person\/72d921e8fe99bd6e2e39bcde8995046f\"},\"breadcrumb\":{\"@id\":\"https:\/\/reflejodemichoacan.com\/index.php\/2026\/01\/14\/la-patriota-de-erongaricuaro\/#breadcrumb\"},\"inLanguage\":\"es-MX\",\"potentialAction\":[{\"@type\":\"ReadAction\",\"target\":[\"https:\/\/reflejodemichoacan.com\/index.php\/2026\/01\/14\/la-patriota-de-erongaricuaro\/\"]}]},{\"@type\":\"BreadcrumbList\",\"@id\":\"https:\/\/reflejodemichoacan.com\/index.php\/2026\/01\/14\/la-patriota-de-erongaricuaro\/#breadcrumb\",\"itemListElement\":[{\"@type\":\"ListItem\",\"position\":1,\"name\":\"Inicio\",\"item\":\"https:\/\/reflejodemichoacan.com\/\"},{\"@type\":\"ListItem\",\"position\":2,\"name\":\"LA PATRIOTA DE ERONGAR\\u00cdCUARO.\"}]},{\"@type\":\"Person\",\"@id\":\"https:\/\/reflejodemichoacan.com\/#\/schema\/person\/72d921e8fe99bd6e2e39bcde8995046f\",\"name\":\"Aurora\",\"image\":{\"@type\":\"ImageObject\",\"@id\":\"https:\/\/reflejodemichoacan.com\/#personlogo\",\"inLanguage\":\"es-MX\",\"url\":\"https:\/\/secure.gravatar.com\/avatar\/df5ceb9b998be27b25dd258a6b4b0a95?s=96&d=mm&r=g\",\"contentUrl\":\"https:\/\/secure.gravatar.com\/avatar\/df5ceb9b998be27b25dd258a6b4b0a95?s=96&d=mm&r=g\",\"caption\":\"Aurora\"},\"sameAs\":[\"http:\/\/reflejodemichoacan.com\"],\"url\":\"https:\/\/reflejodemichoacan.com\/index.php\/author\/rixwm7qvsq\/\"}]}<\/script>\n<!-- \/ Yoast SEO plugin. -->","yoast_head_json":{"title":"LA PATRIOTA DE ERONGAR\u00cdCUARO. - Reflejo de Michoac\u00e1n","robots":{"index":"index","follow":"follow","max-snippet":"max-snippet:-1","max-image-preview":"max-image-preview:large","max-video-preview":"max-video-preview:-1"},"canonical":"https:\/\/reflejodemichoacan.com\/index.php\/2026\/01\/14\/la-patriota-de-erongaricuaro\/","og_locale":"es_MX","og_type":"article","og_title":"LA PATRIOTA DE ERONGAR\u00cdCUARO. - Reflejo de Michoac\u00e1n","og_description":"Alma Gloria Ch\u00e1vez.En el a\u00f1o 1998, un grupo de mujeres del Municipio de P\u00e1tzcuaro, luego de haber logrado unlustro atr\u00e1s, recuperar una fecha que la \u2018Oficialidad\u2019 de entonces \u2018celebraba\u2019 como D\u00edaInternacional de la Mujer, pero que en realidad una gran mayor\u00eda de mujeres estaba ajena a losfestejos, e incluso desconoc\u00eda la historia o el origen [&hellip;]","og_url":"https:\/\/reflejodemichoacan.com\/index.php\/2026\/01\/14\/la-patriota-de-erongaricuaro\/","og_site_name":"Reflejo de Michoac\u00e1n","article_published_time":"2026-01-14T00:56:30+00:00","article_modified_time":"2026-01-14T00:56:32+00:00","og_image":[{"width":629,"height":487,"url":"https:\/\/reflejodemichoacan.com\/wp-content\/uploads\/2026\/01\/Aluisa.jpg","type":"image\/jpeg"}],"twitter_card":"summary_large_image","twitter_misc":{"Escrito por":"Aurora","Tiempo de lectura":"6 minutos"},"schema":{"@context":"https:\/\/schema.org","@graph":[{"@type":"WebSite","@id":"https:\/\/reflejodemichoacan.com\/#website","url":"https:\/\/reflejodemichoacan.com\/","name":"Reflejo de Michoac\u00e1n","description":"Medio de comunicaci\u00f3n impreso y digital al servicio de la regi\u00f3n lacustre y Michoac\u00e1n.","potentialAction":[{"@type":"SearchAction","target":{"@type":"EntryPoint","urlTemplate":"https:\/\/reflejodemichoacan.com\/?s={search_term_string}"},"query-input":"required name=search_term_string"}],"inLanguage":"es-MX"},{"@type":"ImageObject","@id":"https:\/\/reflejodemichoacan.com\/index.php\/2026\/01\/14\/la-patriota-de-erongaricuaro\/#primaryimage","inLanguage":"es-MX","url":"https:\/\/reflejodemichoacan.com\/wp-content\/uploads\/2026\/01\/Aluisa.jpg","contentUrl":"https:\/\/reflejodemichoacan.com\/wp-content\/uploads\/2026\/01\/Aluisa.jpg","width":629,"height":487},{"@type":"WebPage","@id":"https:\/\/reflejodemichoacan.com\/index.php\/2026\/01\/14\/la-patriota-de-erongaricuaro\/#webpage","url":"https:\/\/reflejodemichoacan.com\/index.php\/2026\/01\/14\/la-patriota-de-erongaricuaro\/","name":"LA PATRIOTA DE ERONGAR\u00cdCUARO. - Reflejo de Michoac\u00e1n","isPartOf":{"@id":"https:\/\/reflejodemichoacan.com\/#website"},"primaryImageOfPage":{"@id":"https:\/\/reflejodemichoacan.com\/index.php\/2026\/01\/14\/la-patriota-de-erongaricuaro\/#primaryimage"},"datePublished":"2026-01-14T00:56:30+00:00","dateModified":"2026-01-14T00:56:32+00:00","author":{"@id":"https:\/\/reflejodemichoacan.com\/#\/schema\/person\/72d921e8fe99bd6e2e39bcde8995046f"},"breadcrumb":{"@id":"https:\/\/reflejodemichoacan.com\/index.php\/2026\/01\/14\/la-patriota-de-erongaricuaro\/#breadcrumb"},"inLanguage":"es-MX","potentialAction":[{"@type":"ReadAction","target":["https:\/\/reflejodemichoacan.com\/index.php\/2026\/01\/14\/la-patriota-de-erongaricuaro\/"]}]},{"@type":"BreadcrumbList","@id":"https:\/\/reflejodemichoacan.com\/index.php\/2026\/01\/14\/la-patriota-de-erongaricuaro\/#breadcrumb","itemListElement":[{"@type":"ListItem","position":1,"name":"Inicio","item":"https:\/\/reflejodemichoacan.com\/"},{"@type":"ListItem","position":2,"name":"LA PATRIOTA DE ERONGAR\u00cdCUARO."}]},{"@type":"Person","@id":"https:\/\/reflejodemichoacan.com\/#\/schema\/person\/72d921e8fe99bd6e2e39bcde8995046f","name":"Aurora","image":{"@type":"ImageObject","@id":"https:\/\/reflejodemichoacan.com\/#personlogo","inLanguage":"es-MX","url":"https:\/\/secure.gravatar.com\/avatar\/df5ceb9b998be27b25dd258a6b4b0a95?s=96&d=mm&r=g","contentUrl":"https:\/\/secure.gravatar.com\/avatar\/df5ceb9b998be27b25dd258a6b4b0a95?s=96&d=mm&r=g","caption":"Aurora"},"sameAs":["http:\/\/reflejodemichoacan.com"],"url":"https:\/\/reflejodemichoacan.com\/index.php\/author\/rixwm7qvsq\/"}]}},"_links":{"self":[{"href":"https:\/\/reflejodemichoacan.com\/index.php\/wp-json\/wp\/v2\/posts\/18828"}],"collection":[{"href":"https:\/\/reflejodemichoacan.com\/index.php\/wp-json\/wp\/v2\/posts"}],"about":[{"href":"https:\/\/reflejodemichoacan.com\/index.php\/wp-json\/wp\/v2\/types\/post"}],"author":[{"embeddable":true,"href":"https:\/\/reflejodemichoacan.com\/index.php\/wp-json\/wp\/v2\/users\/1"}],"replies":[{"embeddable":true,"href":"https:\/\/reflejodemichoacan.com\/index.php\/wp-json\/wp\/v2\/comments?post=18828"}],"version-history":[{"count":1,"href":"https:\/\/reflejodemichoacan.com\/index.php\/wp-json\/wp\/v2\/posts\/18828\/revisions"}],"predecessor-version":[{"id":18830,"href":"https:\/\/reflejodemichoacan.com\/index.php\/wp-json\/wp\/v2\/posts\/18828\/revisions\/18830"}],"wp:featuredmedia":[{"embeddable":true,"href":"https:\/\/reflejodemichoacan.com\/index.php\/wp-json\/wp\/v2\/media\/18829"}],"wp:attachment":[{"href":"https:\/\/reflejodemichoacan.com\/index.php\/wp-json\/wp\/v2\/media?parent=18828"}],"wp:term":[{"taxonomy":"category","embeddable":true,"href":"https:\/\/reflejodemichoacan.com\/index.php\/wp-json\/wp\/v2\/categories?post=18828"},{"taxonomy":"post_tag","embeddable":true,"href":"https:\/\/reflejodemichoacan.com\/index.php\/wp-json\/wp\/v2\/tags?post=18828"}],"curies":[{"name":"wp","href":"https:\/\/api.w.org\/{rel}","templated":true}]}}