{"id":19293,"date":"2026-04-28T00:33:17","date_gmt":"2026-04-28T00:33:17","guid":{"rendered":"https:\/\/reflejodemichoacan.com\/?p=19293"},"modified":"2026-04-28T00:33:19","modified_gmt":"2026-04-28T00:33:19","slug":"sandra-arreola-presenta-iniciativa-para-garantizar-interpretes-de-lengua-de-senas-en-los-servicios-de-salud-de-michoacan","status":"publish","type":"post","link":"https:\/\/reflejodemichoacan.com\/index.php\/2026\/04\/28\/sandra-arreola-presenta-iniciativa-para-garantizar-interpretes-de-lengua-de-senas-en-los-servicios-de-salud-de-michoacan\/","title":{"rendered":"Sandra Arreola presenta iniciativa para garantizar int\u00e9rpretes de Lengua de Se\u00f1as en los Servicios de Salud de Michoac\u00e1n"},"content":{"rendered":"\n<p><em>Morelia, Michoac\u00e1n a 26 de abril de 2025<\/em>.- En el marco de sus funciones legislativas, la diputada del Partido Verde Ecologista de M\u00e9xico (PVEM), Sandra Arreola Ruiz, present\u00f3 una iniciativa con proyecto de decreto para reformar la Ley de Salud del Estado de Michoac\u00e1n de Ocampo y la Ley para la Inclusi\u00f3n de las Personas con Discapacidad en el Estado, con el objetivo de garantizar la disponibilidad permanente de int\u00e9rpretes de Lengua de Se\u00f1as Mexicana o mecanismos alternativos eficaces en todos los servicios de salud p\u00fablicos y privados.<\/p>\n\n\n\n<p>La legisladora subray\u00f3 que, si bien el derecho a la protecci\u00f3n de la salud est\u00e1 reconocido en el art\u00edculo 4\u00b0 constitucional bajo los principios de universalidad, accesibilidad, calidad y no discriminaci\u00f3n, en la pr\u00e1ctica las personas con discapacidad auditiva enfrentan graves barreras de comunicaci\u00f3n al acudir a consultas, hospitalizaci\u00f3n o urgencias m\u00e9dicas, lo que deriva en diagn\u00f3sticos incorrectos, tratamientos inadecuados e incluso la negaci\u00f3n del servicio.<\/p>\n\n\n\n<p>\u201cEn Michoac\u00e1n se estima que hay m\u00e1s de 56 mil personas con discapacidad auditiva. La falta de mecanismos adecuados de comunicaci\u00f3n no solo vulnera su derecho a la salud, sino que constituye una forma de discriminaci\u00f3n indirecta\u201d, afirm\u00f3 Arreola Ruiz.<\/p>\n\n\n\n<p>La diputada record\u00f3 que la Lengua de Se\u00f1as Mexicana es reconocida como lengua nacional y forma parte del patrimonio ling\u00fc\u00edstico de M\u00e9xico. Adem\u00e1s, el pa\u00eds es parte de la Convenci\u00f3n sobre los Derechos de las Personas con Discapacidad, cuyo art\u00edculo 25 obliga a los Estados a asegurar el acceso a servicios de salud sin discriminaci\u00f3n, incluyendo medios de comunicaci\u00f3n adecuados.<\/p>\n\n\n\n<p>Pese a ello, la legislaci\u00f3n vigente carece de obligaciones claras y operativas que garanticen la disponibilidad de int\u00e9rpretes en los momentos cr\u00edticos de la atenci\u00f3n m\u00e9dica. Por ello, la iniciativa propone:<\/p>\n\n\n\n<p>PRIMERO: Adicionar el art\u00edculo 15 quater a la Ley de Salud del Estado de Michoac\u00e1n, que obliga a las instituciones de salud p\u00fablicas y privadas a garantizar la accesibilidad en la comunicaci\u00f3n mediante int\u00e9rpretes certificados de Lengua de Se\u00f1as Mexicana o mecanismos alternativos eficaces (presenciales o tecnol\u00f3gicos), con prioridad en urgencias, consultas y hospitalizaci\u00f3n.<\/p>\n\n\n\n<p>SEGUNDO: Reformar la fracci\u00f3n IX y adicionar la fracci\u00f3n X al art\u00edculo 25 de la Ley para la Inclusi\u00f3n de las Personas con Discapacidad, para armonizar ambas leyes y establecer la obligaci\u00f3n expl\u00edcita de garantizar dicha accesibilidad en todos los servicios de salud.<\/p>\n\n\n\n<p>La iniciativa tambi\u00e9n contempla que las autoridades sanitarias estatales emitan los lineamientos necesarios para el cumplimiento de estas disposiciones, promoviendo el uso de herramientas tecnol\u00f3gicas que permitan una comunicaci\u00f3n efectiva, inmediata y en tiempo real.<\/p>\n\n\n\n<p>\u201cGarantizar la comunicaci\u00f3n en los servicios de salud no es un privilegio, es una condici\u00f3n indispensable para salvar vidas. Con esta reforma buscamos avanzar hacia un sistema de salud m\u00e1s incluyente, accesible y humano, que reconozca la diversidad de nuestra poblaci\u00f3n\u201d, concluy\u00f3 la diputada Sandra Arreola Ruiz.<\/p>\n","protected":false},"excerpt":{"rendered":"<p>Morelia, Michoac\u00e1n a 26 de abril de 2025.- En el marco de sus funciones legislativas, la diputada del Partido Verde Ecologista de M\u00e9xico (PVEM), Sandra Arreola Ruiz, present\u00f3 una iniciativa con proyecto de decreto para reformar la Ley de Salud del Estado de Michoac\u00e1n de Ocampo y la Ley para la Inclusi\u00f3n de las Personas [&hellip;]<\/p>\n","protected":false},"author":1,"featured_media":19294,"comment_status":"open","ping_status":"closed","sticky":false,"template":"","format":"standard","meta":[],"categories":[1],"tags":[],"yoast_head":"<!-- This site is optimized with the Yoast SEO plugin v17.9 - https:\/\/yoast.com\/wordpress\/plugins\/seo\/ -->\n<title>Sandra Arreola presenta iniciativa para garantizar int\u00e9rpretes de Lengua de Se\u00f1as en los Servicios de Salud de Michoac\u00e1n - Reflejo de Michoac\u00e1n<\/title>\n<meta name=\"robots\" content=\"index, follow, max-snippet:-1, max-image-preview:large, max-video-preview:-1\" \/>\n<link rel=\"canonical\" href=\"https:\/\/reflejodemichoacan.com\/index.php\/2026\/04\/28\/sandra-arreola-presenta-iniciativa-para-garantizar-interpretes-de-lengua-de-senas-en-los-servicios-de-salud-de-michoacan\/\" \/>\n<meta property=\"og:locale\" content=\"es_MX\" \/>\n<meta property=\"og:type\" content=\"article\" \/>\n<meta property=\"og:title\" content=\"Sandra Arreola presenta iniciativa para garantizar int\u00e9rpretes de Lengua de Se\u00f1as en los Servicios de Salud de Michoac\u00e1n - Reflejo de Michoac\u00e1n\" \/>\n<meta property=\"og:description\" content=\"Morelia, Michoac\u00e1n a 26 de abril de 2025.- En el marco de sus funciones legislativas, la diputada del Partido Verde Ecologista de M\u00e9xico (PVEM), Sandra Arreola Ruiz, present\u00f3 una iniciativa con proyecto de decreto para reformar la Ley de Salud del Estado de Michoac\u00e1n de Ocampo y la Ley para la Inclusi\u00f3n de las Personas [&hellip;]\" \/>\n<meta property=\"og:url\" content=\"https:\/\/reflejodemichoacan.com\/index.php\/2026\/04\/28\/sandra-arreola-presenta-iniciativa-para-garantizar-interpretes-de-lengua-de-senas-en-los-servicios-de-salud-de-michoacan\/\" \/>\n<meta property=\"og:site_name\" content=\"Reflejo de Michoac\u00e1n\" \/>\n<meta property=\"article:published_time\" content=\"2026-04-28T00:33:17+00:00\" \/>\n<meta property=\"article:modified_time\" content=\"2026-04-28T00:33:19+00:00\" \/>\n<meta property=\"og:image\" content=\"https:\/\/reflejodemichoacan.com\/wp-content\/uploads\/2026\/04\/IMG-20260427-WA0004.jpg\" \/>\n\t<meta property=\"og:image:width\" content=\"1280\" \/>\n\t<meta property=\"og:image:height\" content=\"854\" \/>\n\t<meta property=\"og:image:type\" content=\"image\/jpeg\" \/>\n<meta name=\"twitter:card\" content=\"summary_large_image\" \/>\n<meta name=\"twitter:label1\" content=\"Escrito por\" \/>\n\t<meta name=\"twitter:data1\" content=\"Aurora\" \/>\n\t<meta name=\"twitter:label2\" content=\"Tiempo de lectura\" \/>\n\t<meta name=\"twitter:data2\" content=\"3 minutos\" \/>\n<script type=\"application\/ld+json\" class=\"yoast-schema-graph\">{\"@context\":\"https:\/\/schema.org\",\"@graph\":[{\"@type\":\"WebSite\",\"@id\":\"https:\/\/reflejodemichoacan.com\/#website\",\"url\":\"https:\/\/reflejodemichoacan.com\/\",\"name\":\"Reflejo de Michoac\\u00e1n\",\"description\":\"Medio de comunicaci\\u00f3n impreso y digital al servicio de la regi\\u00f3n lacustre y Michoac\\u00e1n.\",\"potentialAction\":[{\"@type\":\"SearchAction\",\"target\":{\"@type\":\"EntryPoint\",\"urlTemplate\":\"https:\/\/reflejodemichoacan.com\/?s={search_term_string}\"},\"query-input\":\"required name=search_term_string\"}],\"inLanguage\":\"es-MX\"},{\"@type\":\"ImageObject\",\"@id\":\"https:\/\/reflejodemichoacan.com\/index.php\/2026\/04\/28\/sandra-arreola-presenta-iniciativa-para-garantizar-interpretes-de-lengua-de-senas-en-los-servicios-de-salud-de-michoacan\/#primaryimage\",\"inLanguage\":\"es-MX\",\"url\":\"https:\/\/reflejodemichoacan.com\/wp-content\/uploads\/2026\/04\/IMG-20260427-WA0004.jpg\",\"contentUrl\":\"https:\/\/reflejodemichoacan.com\/wp-content\/uploads\/2026\/04\/IMG-20260427-WA0004.jpg\",\"width\":1280,\"height\":854},{\"@type\":\"WebPage\",\"@id\":\"https:\/\/reflejodemichoacan.com\/index.php\/2026\/04\/28\/sandra-arreola-presenta-iniciativa-para-garantizar-interpretes-de-lengua-de-senas-en-los-servicios-de-salud-de-michoacan\/#webpage\",\"url\":\"https:\/\/reflejodemichoacan.com\/index.php\/2026\/04\/28\/sandra-arreola-presenta-iniciativa-para-garantizar-interpretes-de-lengua-de-senas-en-los-servicios-de-salud-de-michoacan\/\",\"name\":\"Sandra Arreola presenta iniciativa para garantizar int\\u00e9rpretes de Lengua de Se\\u00f1as en los Servicios de Salud de Michoac\\u00e1n - Reflejo de Michoac\\u00e1n\",\"isPartOf\":{\"@id\":\"https:\/\/reflejodemichoacan.com\/#website\"},\"primaryImageOfPage\":{\"@id\":\"https:\/\/reflejodemichoacan.com\/index.php\/2026\/04\/28\/sandra-arreola-presenta-iniciativa-para-garantizar-interpretes-de-lengua-de-senas-en-los-servicios-de-salud-de-michoacan\/#primaryimage\"},\"datePublished\":\"2026-04-28T00:33:17+00:00\",\"dateModified\":\"2026-04-28T00:33:19+00:00\",\"author\":{\"@id\":\"https:\/\/reflejodemichoacan.com\/#\/schema\/person\/72d921e8fe99bd6e2e39bcde8995046f\"},\"breadcrumb\":{\"@id\":\"https:\/\/reflejodemichoacan.com\/index.php\/2026\/04\/28\/sandra-arreola-presenta-iniciativa-para-garantizar-interpretes-de-lengua-de-senas-en-los-servicios-de-salud-de-michoacan\/#breadcrumb\"},\"inLanguage\":\"es-MX\",\"potentialAction\":[{\"@type\":\"ReadAction\",\"target\":[\"https:\/\/reflejodemichoacan.com\/index.php\/2026\/04\/28\/sandra-arreola-presenta-iniciativa-para-garantizar-interpretes-de-lengua-de-senas-en-los-servicios-de-salud-de-michoacan\/\"]}]},{\"@type\":\"BreadcrumbList\",\"@id\":\"https:\/\/reflejodemichoacan.com\/index.php\/2026\/04\/28\/sandra-arreola-presenta-iniciativa-para-garantizar-interpretes-de-lengua-de-senas-en-los-servicios-de-salud-de-michoacan\/#breadcrumb\",\"itemListElement\":[{\"@type\":\"ListItem\",\"position\":1,\"name\":\"Inicio\",\"item\":\"https:\/\/reflejodemichoacan.com\/\"},{\"@type\":\"ListItem\",\"position\":2,\"name\":\"Sandra Arreola presenta iniciativa para garantizar int\\u00e9rpretes de Lengua de Se\\u00f1as en los Servicios de Salud de Michoac\\u00e1n\"}]},{\"@type\":\"Person\",\"@id\":\"https:\/\/reflejodemichoacan.com\/#\/schema\/person\/72d921e8fe99bd6e2e39bcde8995046f\",\"name\":\"Aurora\",\"image\":{\"@type\":\"ImageObject\",\"@id\":\"https:\/\/reflejodemichoacan.com\/#personlogo\",\"inLanguage\":\"es-MX\",\"url\":\"https:\/\/secure.gravatar.com\/avatar\/df5ceb9b998be27b25dd258a6b4b0a95?s=96&d=mm&r=g\",\"contentUrl\":\"https:\/\/secure.gravatar.com\/avatar\/df5ceb9b998be27b25dd258a6b4b0a95?s=96&d=mm&r=g\",\"caption\":\"Aurora\"},\"sameAs\":[\"http:\/\/reflejodemichoacan.com\"],\"url\":\"https:\/\/reflejodemichoacan.com\/index.php\/author\/rixwm7qvsq\/\"}]}<\/script>\n<!-- \/ Yoast SEO plugin. -->","yoast_head_json":{"title":"Sandra Arreola presenta iniciativa para garantizar int\u00e9rpretes de Lengua de Se\u00f1as en los Servicios de Salud de Michoac\u00e1n - Reflejo de Michoac\u00e1n","robots":{"index":"index","follow":"follow","max-snippet":"max-snippet:-1","max-image-preview":"max-image-preview:large","max-video-preview":"max-video-preview:-1"},"canonical":"https:\/\/reflejodemichoacan.com\/index.php\/2026\/04\/28\/sandra-arreola-presenta-iniciativa-para-garantizar-interpretes-de-lengua-de-senas-en-los-servicios-de-salud-de-michoacan\/","og_locale":"es_MX","og_type":"article","og_title":"Sandra Arreola presenta iniciativa para garantizar int\u00e9rpretes de Lengua de Se\u00f1as en los Servicios de Salud de Michoac\u00e1n - Reflejo de Michoac\u00e1n","og_description":"Morelia, Michoac\u00e1n a 26 de abril de 2025.- En el marco de sus funciones legislativas, la diputada del Partido Verde Ecologista de M\u00e9xico (PVEM), Sandra Arreola Ruiz, present\u00f3 una iniciativa con proyecto de decreto para reformar la Ley de Salud del Estado de Michoac\u00e1n de Ocampo y la Ley para la Inclusi\u00f3n de las Personas [&hellip;]","og_url":"https:\/\/reflejodemichoacan.com\/index.php\/2026\/04\/28\/sandra-arreola-presenta-iniciativa-para-garantizar-interpretes-de-lengua-de-senas-en-los-servicios-de-salud-de-michoacan\/","og_site_name":"Reflejo de Michoac\u00e1n","article_published_time":"2026-04-28T00:33:17+00:00","article_modified_time":"2026-04-28T00:33:19+00:00","og_image":[{"width":1280,"height":854,"url":"https:\/\/reflejodemichoacan.com\/wp-content\/uploads\/2026\/04\/IMG-20260427-WA0004.jpg","type":"image\/jpeg"}],"twitter_card":"summary_large_image","twitter_misc":{"Escrito por":"Aurora","Tiempo de lectura":"3 minutos"},"schema":{"@context":"https:\/\/schema.org","@graph":[{"@type":"WebSite","@id":"https:\/\/reflejodemichoacan.com\/#website","url":"https:\/\/reflejodemichoacan.com\/","name":"Reflejo de Michoac\u00e1n","description":"Medio de comunicaci\u00f3n impreso y digital al servicio de la regi\u00f3n lacustre y Michoac\u00e1n.","potentialAction":[{"@type":"SearchAction","target":{"@type":"EntryPoint","urlTemplate":"https:\/\/reflejodemichoacan.com\/?s={search_term_string}"},"query-input":"required name=search_term_string"}],"inLanguage":"es-MX"},{"@type":"ImageObject","@id":"https:\/\/reflejodemichoacan.com\/index.php\/2026\/04\/28\/sandra-arreola-presenta-iniciativa-para-garantizar-interpretes-de-lengua-de-senas-en-los-servicios-de-salud-de-michoacan\/#primaryimage","inLanguage":"es-MX","url":"https:\/\/reflejodemichoacan.com\/wp-content\/uploads\/2026\/04\/IMG-20260427-WA0004.jpg","contentUrl":"https:\/\/reflejodemichoacan.com\/wp-content\/uploads\/2026\/04\/IMG-20260427-WA0004.jpg","width":1280,"height":854},{"@type":"WebPage","@id":"https:\/\/reflejodemichoacan.com\/index.php\/2026\/04\/28\/sandra-arreola-presenta-iniciativa-para-garantizar-interpretes-de-lengua-de-senas-en-los-servicios-de-salud-de-michoacan\/#webpage","url":"https:\/\/reflejodemichoacan.com\/index.php\/2026\/04\/28\/sandra-arreola-presenta-iniciativa-para-garantizar-interpretes-de-lengua-de-senas-en-los-servicios-de-salud-de-michoacan\/","name":"Sandra Arreola presenta iniciativa para garantizar int\u00e9rpretes de Lengua de Se\u00f1as en los Servicios de Salud de Michoac\u00e1n - Reflejo de Michoac\u00e1n","isPartOf":{"@id":"https:\/\/reflejodemichoacan.com\/#website"},"primaryImageOfPage":{"@id":"https:\/\/reflejodemichoacan.com\/index.php\/2026\/04\/28\/sandra-arreola-presenta-iniciativa-para-garantizar-interpretes-de-lengua-de-senas-en-los-servicios-de-salud-de-michoacan\/#primaryimage"},"datePublished":"2026-04-28T00:33:17+00:00","dateModified":"2026-04-28T00:33:19+00:00","author":{"@id":"https:\/\/reflejodemichoacan.com\/#\/schema\/person\/72d921e8fe99bd6e2e39bcde8995046f"},"breadcrumb":{"@id":"https:\/\/reflejodemichoacan.com\/index.php\/2026\/04\/28\/sandra-arreola-presenta-iniciativa-para-garantizar-interpretes-de-lengua-de-senas-en-los-servicios-de-salud-de-michoacan\/#breadcrumb"},"inLanguage":"es-MX","potentialAction":[{"@type":"ReadAction","target":["https:\/\/reflejodemichoacan.com\/index.php\/2026\/04\/28\/sandra-arreola-presenta-iniciativa-para-garantizar-interpretes-de-lengua-de-senas-en-los-servicios-de-salud-de-michoacan\/"]}]},{"@type":"BreadcrumbList","@id":"https:\/\/reflejodemichoacan.com\/index.php\/2026\/04\/28\/sandra-arreola-presenta-iniciativa-para-garantizar-interpretes-de-lengua-de-senas-en-los-servicios-de-salud-de-michoacan\/#breadcrumb","itemListElement":[{"@type":"ListItem","position":1,"name":"Inicio","item":"https:\/\/reflejodemichoacan.com\/"},{"@type":"ListItem","position":2,"name":"Sandra Arreola presenta iniciativa para garantizar int\u00e9rpretes de Lengua de Se\u00f1as en los Servicios de Salud de Michoac\u00e1n"}]},{"@type":"Person","@id":"https:\/\/reflejodemichoacan.com\/#\/schema\/person\/72d921e8fe99bd6e2e39bcde8995046f","name":"Aurora","image":{"@type":"ImageObject","@id":"https:\/\/reflejodemichoacan.com\/#personlogo","inLanguage":"es-MX","url":"https:\/\/secure.gravatar.com\/avatar\/df5ceb9b998be27b25dd258a6b4b0a95?s=96&d=mm&r=g","contentUrl":"https:\/\/secure.gravatar.com\/avatar\/df5ceb9b998be27b25dd258a6b4b0a95?s=96&d=mm&r=g","caption":"Aurora"},"sameAs":["http:\/\/reflejodemichoacan.com"],"url":"https:\/\/reflejodemichoacan.com\/index.php\/author\/rixwm7qvsq\/"}]}},"_links":{"self":[{"href":"https:\/\/reflejodemichoacan.com\/index.php\/wp-json\/wp\/v2\/posts\/19293"}],"collection":[{"href":"https:\/\/reflejodemichoacan.com\/index.php\/wp-json\/wp\/v2\/posts"}],"about":[{"href":"https:\/\/reflejodemichoacan.com\/index.php\/wp-json\/wp\/v2\/types\/post"}],"author":[{"embeddable":true,"href":"https:\/\/reflejodemichoacan.com\/index.php\/wp-json\/wp\/v2\/users\/1"}],"replies":[{"embeddable":true,"href":"https:\/\/reflejodemichoacan.com\/index.php\/wp-json\/wp\/v2\/comments?post=19293"}],"version-history":[{"count":1,"href":"https:\/\/reflejodemichoacan.com\/index.php\/wp-json\/wp\/v2\/posts\/19293\/revisions"}],"predecessor-version":[{"id":19295,"href":"https:\/\/reflejodemichoacan.com\/index.php\/wp-json\/wp\/v2\/posts\/19293\/revisions\/19295"}],"wp:featuredmedia":[{"embeddable":true,"href":"https:\/\/reflejodemichoacan.com\/index.php\/wp-json\/wp\/v2\/media\/19294"}],"wp:attachment":[{"href":"https:\/\/reflejodemichoacan.com\/index.php\/wp-json\/wp\/v2\/media?parent=19293"}],"wp:term":[{"taxonomy":"category","embeddable":true,"href":"https:\/\/reflejodemichoacan.com\/index.php\/wp-json\/wp\/v2\/categories?post=19293"},{"taxonomy":"post_tag","embeddable":true,"href":"https:\/\/reflejodemichoacan.com\/index.php\/wp-json\/wp\/v2\/tags?post=19293"}],"curies":[{"name":"wp","href":"https:\/\/api.w.org\/{rel}","templated":true}]}}