{"id":19296,"date":"2026-04-28T14:44:50","date_gmt":"2026-04-28T14:44:50","guid":{"rendered":"https:\/\/reflejodemichoacan.com\/?p=19296"},"modified":"2026-04-28T14:44:52","modified_gmt":"2026-04-28T14:44:52","slug":"julio-arreola-es-nombrado-coordinador-estatal-de-la-aalmac-en-michoacan","status":"publish","type":"post","link":"https:\/\/reflejodemichoacan.com\/index.php\/2026\/04\/28\/julio-arreola-es-nombrado-coordinador-estatal-de-la-aalmac-en-michoacan\/","title":{"rendered":"Julio Arreola es nombrado Coordinador Estatal de la AALMAC en Michoac\u00e1n"},"content":{"rendered":"\n<p>\u25aa\ufe0f Se reconoci\u00f3 el liderazgo y compromiso del alcalde con los gobiernos locales.<\/p>\n\n\n\n<p><em>Ciudad de M\u00e9xico, 28 de abril de 2026.-<\/em> El presidente municipal de P\u00e1tzcuaro, Julio Arreola, fue nombrado Coordinador Estatal de la Asociaci\u00f3n de Autoridades Locales de M\u00e9xico A.C. (AALMAC) en Michoac\u00e1n, durante la XXVIII Asamblea Nacional del organismo, celebrada en la Ciudad de M\u00e9xico.<\/p>\n\n\n\n<p>En el marco de la ceremonia de toma de protesta de la nueva Mesa Directiva, encabezada por Javier L\u00f3pez Casar\u00edn, alcalde de \u00c1lvaro Obreg\u00f3n, se reconoci\u00f3 el liderazgo, la capacidad de gesti\u00f3n y el compromiso de Arreola V\u00e1zquez con el fortalecimiento de los gobiernos locales.<\/p>\n\n\n\n<p>Este nombramiento representa una oportunidad para seguir impulsando el trabajo coordinado entre municipios, promoviendo pol\u00edticas p\u00fablicas que atiendan las necesidades m\u00e1s urgentes de la poblaci\u00f3n, desde lo local: seguridad, servicios p\u00fablicos, desarrollo social y espacios dignos.<\/p>\n\n\n\n<p>Julio Arreola refrend\u00f3 su compromiso de trabajar en unidad con las y los alcaldes de Michoac\u00e1n, fortaleciendo el municipalismo y generando soluciones cercanas a la gente, con una visi\u00f3n de desarrollo que ponga al centro el bienestar de las familias.<\/p>\n\n\n\n<p>\u201cDesde lo local se construyen las soluciones que nuestra gente necesita. Este encargo lo asumo con responsabilidad y con la convicci\u00f3n de seguir dando resultados\u201d, expres\u00f3.<\/p>\n\n\n\n<p>Con esta designaci\u00f3n, P\u00e1tzcuaro se posiciona como un referente en la construcci\u00f3n de gobiernos cercanos, eficientes y comprometidos con su gente.<\/p>\n","protected":false},"excerpt":{"rendered":"<p>\u25aa\ufe0f Se reconoci\u00f3 el liderazgo y compromiso del alcalde con los gobiernos locales. Ciudad de M\u00e9xico, 28 de abril de 2026.- El presidente municipal de P\u00e1tzcuaro, Julio Arreola, fue nombrado Coordinador Estatal de la Asociaci\u00f3n de Autoridades Locales de M\u00e9xico A.C. (AALMAC) en Michoac\u00e1n, durante la XXVIII Asamblea Nacional del organismo, celebrada en la Ciudad [&hellip;]<\/p>\n","protected":false},"author":1,"featured_media":19297,"comment_status":"open","ping_status":"closed","sticky":false,"template":"","format":"standard","meta":[],"categories":[1],"tags":[],"yoast_head":"<!-- This site is optimized with the Yoast SEO plugin v17.9 - https:\/\/yoast.com\/wordpress\/plugins\/seo\/ -->\n<title>Julio Arreola es nombrado Coordinador Estatal de la AALMAC en Michoac\u00e1n - Reflejo de Michoac\u00e1n<\/title>\n<meta name=\"robots\" content=\"index, follow, max-snippet:-1, max-image-preview:large, max-video-preview:-1\" \/>\n<link rel=\"canonical\" href=\"https:\/\/reflejodemichoacan.com\/index.php\/2026\/04\/28\/julio-arreola-es-nombrado-coordinador-estatal-de-la-aalmac-en-michoacan\/\" \/>\n<meta property=\"og:locale\" content=\"es_MX\" \/>\n<meta property=\"og:type\" content=\"article\" \/>\n<meta property=\"og:title\" content=\"Julio Arreola es nombrado Coordinador Estatal de la AALMAC en Michoac\u00e1n - Reflejo de Michoac\u00e1n\" \/>\n<meta property=\"og:description\" content=\"\u25aa\ufe0f Se reconoci\u00f3 el liderazgo y compromiso del alcalde con los gobiernos locales. Ciudad de M\u00e9xico, 28 de abril de 2026.- El presidente municipal de P\u00e1tzcuaro, Julio Arreola, fue nombrado Coordinador Estatal de la Asociaci\u00f3n de Autoridades Locales de M\u00e9xico A.C. (AALMAC) en Michoac\u00e1n, durante la XXVIII Asamblea Nacional del organismo, celebrada en la Ciudad [&hellip;]\" \/>\n<meta property=\"og:url\" content=\"https:\/\/reflejodemichoacan.com\/index.php\/2026\/04\/28\/julio-arreola-es-nombrado-coordinador-estatal-de-la-aalmac-en-michoacan\/\" \/>\n<meta property=\"og:site_name\" content=\"Reflejo de Michoac\u00e1n\" \/>\n<meta property=\"article:published_time\" content=\"2026-04-28T14:44:50+00:00\" \/>\n<meta property=\"article:modified_time\" content=\"2026-04-28T14:44:52+00:00\" \/>\n<meta property=\"og:image\" content=\"https:\/\/reflejodemichoacan.com\/wp-content\/uploads\/2026\/04\/IMG-20260428-WA0010.jpg\" \/>\n\t<meta property=\"og:image:width\" content=\"1210\" \/>\n\t<meta property=\"og:image:height\" content=\"908\" \/>\n\t<meta property=\"og:image:type\" content=\"image\/jpeg\" \/>\n<meta name=\"twitter:card\" content=\"summary_large_image\" \/>\n<meta name=\"twitter:label1\" content=\"Escrito por\" \/>\n\t<meta name=\"twitter:data1\" content=\"Aurora\" \/>\n\t<meta name=\"twitter:label2\" content=\"Tiempo de lectura\" \/>\n\t<meta name=\"twitter:data2\" content=\"2 minutos\" \/>\n<script type=\"application\/ld+json\" class=\"yoast-schema-graph\">{\"@context\":\"https:\/\/schema.org\",\"@graph\":[{\"@type\":\"WebSite\",\"@id\":\"https:\/\/reflejodemichoacan.com\/#website\",\"url\":\"https:\/\/reflejodemichoacan.com\/\",\"name\":\"Reflejo de Michoac\\u00e1n\",\"description\":\"Medio de comunicaci\\u00f3n impreso y digital al servicio de la regi\\u00f3n lacustre y Michoac\\u00e1n.\",\"potentialAction\":[{\"@type\":\"SearchAction\",\"target\":{\"@type\":\"EntryPoint\",\"urlTemplate\":\"https:\/\/reflejodemichoacan.com\/?s={search_term_string}\"},\"query-input\":\"required name=search_term_string\"}],\"inLanguage\":\"es-MX\"},{\"@type\":\"ImageObject\",\"@id\":\"https:\/\/reflejodemichoacan.com\/index.php\/2026\/04\/28\/julio-arreola-es-nombrado-coordinador-estatal-de-la-aalmac-en-michoacan\/#primaryimage\",\"inLanguage\":\"es-MX\",\"url\":\"https:\/\/reflejodemichoacan.com\/wp-content\/uploads\/2026\/04\/IMG-20260428-WA0010.jpg\",\"contentUrl\":\"https:\/\/reflejodemichoacan.com\/wp-content\/uploads\/2026\/04\/IMG-20260428-WA0010.jpg\",\"width\":1210,\"height\":908},{\"@type\":\"WebPage\",\"@id\":\"https:\/\/reflejodemichoacan.com\/index.php\/2026\/04\/28\/julio-arreola-es-nombrado-coordinador-estatal-de-la-aalmac-en-michoacan\/#webpage\",\"url\":\"https:\/\/reflejodemichoacan.com\/index.php\/2026\/04\/28\/julio-arreola-es-nombrado-coordinador-estatal-de-la-aalmac-en-michoacan\/\",\"name\":\"Julio Arreola es nombrado Coordinador Estatal de la AALMAC en Michoac\\u00e1n - Reflejo de Michoac\\u00e1n\",\"isPartOf\":{\"@id\":\"https:\/\/reflejodemichoacan.com\/#website\"},\"primaryImageOfPage\":{\"@id\":\"https:\/\/reflejodemichoacan.com\/index.php\/2026\/04\/28\/julio-arreola-es-nombrado-coordinador-estatal-de-la-aalmac-en-michoacan\/#primaryimage\"},\"datePublished\":\"2026-04-28T14:44:50+00:00\",\"dateModified\":\"2026-04-28T14:44:52+00:00\",\"author\":{\"@id\":\"https:\/\/reflejodemichoacan.com\/#\/schema\/person\/72d921e8fe99bd6e2e39bcde8995046f\"},\"breadcrumb\":{\"@id\":\"https:\/\/reflejodemichoacan.com\/index.php\/2026\/04\/28\/julio-arreola-es-nombrado-coordinador-estatal-de-la-aalmac-en-michoacan\/#breadcrumb\"},\"inLanguage\":\"es-MX\",\"potentialAction\":[{\"@type\":\"ReadAction\",\"target\":[\"https:\/\/reflejodemichoacan.com\/index.php\/2026\/04\/28\/julio-arreola-es-nombrado-coordinador-estatal-de-la-aalmac-en-michoacan\/\"]}]},{\"@type\":\"BreadcrumbList\",\"@id\":\"https:\/\/reflejodemichoacan.com\/index.php\/2026\/04\/28\/julio-arreola-es-nombrado-coordinador-estatal-de-la-aalmac-en-michoacan\/#breadcrumb\",\"itemListElement\":[{\"@type\":\"ListItem\",\"position\":1,\"name\":\"Inicio\",\"item\":\"https:\/\/reflejodemichoacan.com\/\"},{\"@type\":\"ListItem\",\"position\":2,\"name\":\"Julio Arreola es nombrado Coordinador Estatal de la AALMAC en Michoac\\u00e1n\"}]},{\"@type\":\"Person\",\"@id\":\"https:\/\/reflejodemichoacan.com\/#\/schema\/person\/72d921e8fe99bd6e2e39bcde8995046f\",\"name\":\"Aurora\",\"image\":{\"@type\":\"ImageObject\",\"@id\":\"https:\/\/reflejodemichoacan.com\/#personlogo\",\"inLanguage\":\"es-MX\",\"url\":\"https:\/\/secure.gravatar.com\/avatar\/df5ceb9b998be27b25dd258a6b4b0a95?s=96&d=mm&r=g\",\"contentUrl\":\"https:\/\/secure.gravatar.com\/avatar\/df5ceb9b998be27b25dd258a6b4b0a95?s=96&d=mm&r=g\",\"caption\":\"Aurora\"},\"sameAs\":[\"http:\/\/reflejodemichoacan.com\"],\"url\":\"https:\/\/reflejodemichoacan.com\/index.php\/author\/rixwm7qvsq\/\"}]}<\/script>\n<!-- \/ Yoast SEO plugin. -->","yoast_head_json":{"title":"Julio Arreola es nombrado Coordinador Estatal de la AALMAC en Michoac\u00e1n - Reflejo de Michoac\u00e1n","robots":{"index":"index","follow":"follow","max-snippet":"max-snippet:-1","max-image-preview":"max-image-preview:large","max-video-preview":"max-video-preview:-1"},"canonical":"https:\/\/reflejodemichoacan.com\/index.php\/2026\/04\/28\/julio-arreola-es-nombrado-coordinador-estatal-de-la-aalmac-en-michoacan\/","og_locale":"es_MX","og_type":"article","og_title":"Julio Arreola es nombrado Coordinador Estatal de la AALMAC en Michoac\u00e1n - Reflejo de Michoac\u00e1n","og_description":"\u25aa\ufe0f Se reconoci\u00f3 el liderazgo y compromiso del alcalde con los gobiernos locales. Ciudad de M\u00e9xico, 28 de abril de 2026.- El presidente municipal de P\u00e1tzcuaro, Julio Arreola, fue nombrado Coordinador Estatal de la Asociaci\u00f3n de Autoridades Locales de M\u00e9xico A.C. (AALMAC) en Michoac\u00e1n, durante la XXVIII Asamblea Nacional del organismo, celebrada en la Ciudad [&hellip;]","og_url":"https:\/\/reflejodemichoacan.com\/index.php\/2026\/04\/28\/julio-arreola-es-nombrado-coordinador-estatal-de-la-aalmac-en-michoacan\/","og_site_name":"Reflejo de Michoac\u00e1n","article_published_time":"2026-04-28T14:44:50+00:00","article_modified_time":"2026-04-28T14:44:52+00:00","og_image":[{"width":1210,"height":908,"url":"https:\/\/reflejodemichoacan.com\/wp-content\/uploads\/2026\/04\/IMG-20260428-WA0010.jpg","type":"image\/jpeg"}],"twitter_card":"summary_large_image","twitter_misc":{"Escrito por":"Aurora","Tiempo de lectura":"2 minutos"},"schema":{"@context":"https:\/\/schema.org","@graph":[{"@type":"WebSite","@id":"https:\/\/reflejodemichoacan.com\/#website","url":"https:\/\/reflejodemichoacan.com\/","name":"Reflejo de Michoac\u00e1n","description":"Medio de comunicaci\u00f3n impreso y digital al servicio de la regi\u00f3n lacustre y Michoac\u00e1n.","potentialAction":[{"@type":"SearchAction","target":{"@type":"EntryPoint","urlTemplate":"https:\/\/reflejodemichoacan.com\/?s={search_term_string}"},"query-input":"required name=search_term_string"}],"inLanguage":"es-MX"},{"@type":"ImageObject","@id":"https:\/\/reflejodemichoacan.com\/index.php\/2026\/04\/28\/julio-arreola-es-nombrado-coordinador-estatal-de-la-aalmac-en-michoacan\/#primaryimage","inLanguage":"es-MX","url":"https:\/\/reflejodemichoacan.com\/wp-content\/uploads\/2026\/04\/IMG-20260428-WA0010.jpg","contentUrl":"https:\/\/reflejodemichoacan.com\/wp-content\/uploads\/2026\/04\/IMG-20260428-WA0010.jpg","width":1210,"height":908},{"@type":"WebPage","@id":"https:\/\/reflejodemichoacan.com\/index.php\/2026\/04\/28\/julio-arreola-es-nombrado-coordinador-estatal-de-la-aalmac-en-michoacan\/#webpage","url":"https:\/\/reflejodemichoacan.com\/index.php\/2026\/04\/28\/julio-arreola-es-nombrado-coordinador-estatal-de-la-aalmac-en-michoacan\/","name":"Julio Arreola es nombrado Coordinador Estatal de la AALMAC en Michoac\u00e1n - Reflejo de Michoac\u00e1n","isPartOf":{"@id":"https:\/\/reflejodemichoacan.com\/#website"},"primaryImageOfPage":{"@id":"https:\/\/reflejodemichoacan.com\/index.php\/2026\/04\/28\/julio-arreola-es-nombrado-coordinador-estatal-de-la-aalmac-en-michoacan\/#primaryimage"},"datePublished":"2026-04-28T14:44:50+00:00","dateModified":"2026-04-28T14:44:52+00:00","author":{"@id":"https:\/\/reflejodemichoacan.com\/#\/schema\/person\/72d921e8fe99bd6e2e39bcde8995046f"},"breadcrumb":{"@id":"https:\/\/reflejodemichoacan.com\/index.php\/2026\/04\/28\/julio-arreola-es-nombrado-coordinador-estatal-de-la-aalmac-en-michoacan\/#breadcrumb"},"inLanguage":"es-MX","potentialAction":[{"@type":"ReadAction","target":["https:\/\/reflejodemichoacan.com\/index.php\/2026\/04\/28\/julio-arreola-es-nombrado-coordinador-estatal-de-la-aalmac-en-michoacan\/"]}]},{"@type":"BreadcrumbList","@id":"https:\/\/reflejodemichoacan.com\/index.php\/2026\/04\/28\/julio-arreola-es-nombrado-coordinador-estatal-de-la-aalmac-en-michoacan\/#breadcrumb","itemListElement":[{"@type":"ListItem","position":1,"name":"Inicio","item":"https:\/\/reflejodemichoacan.com\/"},{"@type":"ListItem","position":2,"name":"Julio Arreola es nombrado Coordinador Estatal de la AALMAC en Michoac\u00e1n"}]},{"@type":"Person","@id":"https:\/\/reflejodemichoacan.com\/#\/schema\/person\/72d921e8fe99bd6e2e39bcde8995046f","name":"Aurora","image":{"@type":"ImageObject","@id":"https:\/\/reflejodemichoacan.com\/#personlogo","inLanguage":"es-MX","url":"https:\/\/secure.gravatar.com\/avatar\/df5ceb9b998be27b25dd258a6b4b0a95?s=96&d=mm&r=g","contentUrl":"https:\/\/secure.gravatar.com\/avatar\/df5ceb9b998be27b25dd258a6b4b0a95?s=96&d=mm&r=g","caption":"Aurora"},"sameAs":["http:\/\/reflejodemichoacan.com"],"url":"https:\/\/reflejodemichoacan.com\/index.php\/author\/rixwm7qvsq\/"}]}},"_links":{"self":[{"href":"https:\/\/reflejodemichoacan.com\/index.php\/wp-json\/wp\/v2\/posts\/19296"}],"collection":[{"href":"https:\/\/reflejodemichoacan.com\/index.php\/wp-json\/wp\/v2\/posts"}],"about":[{"href":"https:\/\/reflejodemichoacan.com\/index.php\/wp-json\/wp\/v2\/types\/post"}],"author":[{"embeddable":true,"href":"https:\/\/reflejodemichoacan.com\/index.php\/wp-json\/wp\/v2\/users\/1"}],"replies":[{"embeddable":true,"href":"https:\/\/reflejodemichoacan.com\/index.php\/wp-json\/wp\/v2\/comments?post=19296"}],"version-history":[{"count":1,"href":"https:\/\/reflejodemichoacan.com\/index.php\/wp-json\/wp\/v2\/posts\/19296\/revisions"}],"predecessor-version":[{"id":19298,"href":"https:\/\/reflejodemichoacan.com\/index.php\/wp-json\/wp\/v2\/posts\/19296\/revisions\/19298"}],"wp:featuredmedia":[{"embeddable":true,"href":"https:\/\/reflejodemichoacan.com\/index.php\/wp-json\/wp\/v2\/media\/19297"}],"wp:attachment":[{"href":"https:\/\/reflejodemichoacan.com\/index.php\/wp-json\/wp\/v2\/media?parent=19296"}],"wp:term":[{"taxonomy":"category","embeddable":true,"href":"https:\/\/reflejodemichoacan.com\/index.php\/wp-json\/wp\/v2\/categories?post=19296"},{"taxonomy":"post_tag","embeddable":true,"href":"https:\/\/reflejodemichoacan.com\/index.php\/wp-json\/wp\/v2\/tags?post=19296"}],"curies":[{"name":"wp","href":"https:\/\/api.w.org\/{rel}","templated":true}]}}