{"id":19303,"date":"2026-04-29T22:35:45","date_gmt":"2026-04-29T22:35:45","guid":{"rendered":"https:\/\/reflejodemichoacan.com\/?p=19303"},"modified":"2026-04-29T22:35:47","modified_gmt":"2026-04-29T22:35:47","slug":"cuidar-nuestro-patrimonio-y-nuestra-historia-es-cuidar-lo-que-somos-julio-arreola","status":"publish","type":"post","link":"https:\/\/reflejodemichoacan.com\/index.php\/2026\/04\/29\/cuidar-nuestro-patrimonio-y-nuestra-historia-es-cuidar-lo-que-somos-julio-arreola\/","title":{"rendered":"Cuidar nuestro patrimonio y nuestra historia es cuidar lo que somos: Julio Arreola"},"content":{"rendered":"\n<p>\u25aa\ufe0f P\u00e1tzcuaro fue sede de la Asamblea Nacional \u201cAdopte una Obra de Arte\u201d.<\/p>\n\n\n\n<p>\u2022 Se fortalece la conservaci\u00f3n del patrimonio hist\u00f3rico.<\/p>\n\n\n\n<p><em>P\u00e1tzcuaro, Michoac\u00e1n, 29 de abril de 2026.-<\/em> El presidente municipal, Julio Arreola, encabez\u00f3 la bienvenida a la Asamblea Anual de la Asociaci\u00f3n del Consejo Nacional Adopte una Obra de Arte, un encuentro que re\u00fane a especialistas, acad\u00e9micos y representantes de distintos estados del pa\u00eds comprometidos con la conservaci\u00f3n del patrimonio hist\u00f3rico de M\u00e9xico.<\/p>\n\n\n\n<p>El evento se llev\u00f3 a cabo en la Biblioteca Gertrudis Bocanegra, donde se destac\u00f3 la importancia de sumar esfuerzos entre sociedad civil, organismos especializados y gobiernos para rescatar y preservar los espacios hist\u00f3ricos que forman parte de la identidad cultural de P\u00e1tzcuaro.<\/p>\n\n\n\n<p>Durante su mensaje, el edil reconoci\u00f3 la labor que esta asociaci\u00f3n ha realizado a lo largo de los a\u00f1os y reiter\u00f3 que en el municipio se han impulsado acciones concretas para la restauraci\u00f3n de templos y sitios emblem\u00e1ticos, como parte de un trabajo coordinado que busca dignificar estos espacios.<\/p>\n\n\n\n<p>Asimismo, se compartieron los avances en distintos proyectos de restauraci\u00f3n en la regi\u00f3n, los cuales forman parte de una estrategia integral para fortalecer el patrimonio cultural y promover su valor tur\u00edstico, involucrando a m\u00e1s sectores en su cuidado y conservaci\u00f3n.<\/p>\n\n\n\n<p>Este encuentro se realiza en un momento importante para P\u00e1tzcuaro, luego de su reciente reconocimiento como uno de los mejores productos tur\u00edsticos en 2026, lo que reafirma su posicionamiento como un destino cultural de relevancia nacional e internacional.<\/p>\n","protected":false},"excerpt":{"rendered":"<p>\u25aa\ufe0f P\u00e1tzcuaro fue sede de la Asamblea Nacional \u201cAdopte una Obra de Arte\u201d. \u2022 Se fortalece la conservaci\u00f3n del patrimonio hist\u00f3rico. P\u00e1tzcuaro, Michoac\u00e1n, 29 de abril de 2026.- El presidente municipal, Julio Arreola, encabez\u00f3 la bienvenida a la Asamblea Anual de la Asociaci\u00f3n del Consejo Nacional Adopte una Obra de Arte, un encuentro que re\u00fane [&hellip;]<\/p>\n","protected":false},"author":1,"featured_media":19304,"comment_status":"open","ping_status":"closed","sticky":false,"template":"","format":"standard","meta":[],"categories":[1],"tags":[],"yoast_head":"<!-- This site is optimized with the Yoast SEO plugin v17.9 - https:\/\/yoast.com\/wordpress\/plugins\/seo\/ -->\n<title>Cuidar nuestro patrimonio y nuestra historia es cuidar lo que somos: Julio Arreola - Reflejo de Michoac\u00e1n<\/title>\n<meta name=\"robots\" content=\"index, follow, max-snippet:-1, max-image-preview:large, max-video-preview:-1\" \/>\n<link rel=\"canonical\" href=\"https:\/\/reflejodemichoacan.com\/index.php\/2026\/04\/29\/cuidar-nuestro-patrimonio-y-nuestra-historia-es-cuidar-lo-que-somos-julio-arreola\/\" \/>\n<meta property=\"og:locale\" content=\"es_MX\" \/>\n<meta property=\"og:type\" content=\"article\" \/>\n<meta property=\"og:title\" content=\"Cuidar nuestro patrimonio y nuestra historia es cuidar lo que somos: Julio Arreola - Reflejo de Michoac\u00e1n\" \/>\n<meta property=\"og:description\" content=\"\u25aa\ufe0f P\u00e1tzcuaro fue sede de la Asamblea Nacional \u201cAdopte una Obra de Arte\u201d. \u2022 Se fortalece la conservaci\u00f3n del patrimonio hist\u00f3rico. P\u00e1tzcuaro, Michoac\u00e1n, 29 de abril de 2026.- El presidente municipal, Julio Arreola, encabez\u00f3 la bienvenida a la Asamblea Anual de la Asociaci\u00f3n del Consejo Nacional Adopte una Obra de Arte, un encuentro que re\u00fane [&hellip;]\" \/>\n<meta property=\"og:url\" content=\"https:\/\/reflejodemichoacan.com\/index.php\/2026\/04\/29\/cuidar-nuestro-patrimonio-y-nuestra-historia-es-cuidar-lo-que-somos-julio-arreola\/\" \/>\n<meta property=\"og:site_name\" content=\"Reflejo de Michoac\u00e1n\" \/>\n<meta property=\"article:published_time\" content=\"2026-04-29T22:35:45+00:00\" \/>\n<meta property=\"article:modified_time\" content=\"2026-04-29T22:35:47+00:00\" \/>\n<meta property=\"og:image\" content=\"https:\/\/reflejodemichoacan.com\/wp-content\/uploads\/2026\/04\/IMG-20260429-WA0177.jpg\" \/>\n\t<meta property=\"og:image:width\" content=\"1392\" \/>\n\t<meta property=\"og:image:height\" content=\"928\" \/>\n\t<meta property=\"og:image:type\" content=\"image\/jpeg\" \/>\n<meta name=\"twitter:card\" content=\"summary_large_image\" \/>\n<meta name=\"twitter:label1\" content=\"Escrito por\" \/>\n\t<meta name=\"twitter:data1\" content=\"Aurora\" \/>\n\t<meta name=\"twitter:label2\" content=\"Tiempo de lectura\" \/>\n\t<meta name=\"twitter:data2\" content=\"2 minutos\" \/>\n<script type=\"application\/ld+json\" class=\"yoast-schema-graph\">{\"@context\":\"https:\/\/schema.org\",\"@graph\":[{\"@type\":\"WebSite\",\"@id\":\"https:\/\/reflejodemichoacan.com\/#website\",\"url\":\"https:\/\/reflejodemichoacan.com\/\",\"name\":\"Reflejo de Michoac\\u00e1n\",\"description\":\"Medio de comunicaci\\u00f3n impreso y digital al servicio de la regi\\u00f3n lacustre y Michoac\\u00e1n.\",\"potentialAction\":[{\"@type\":\"SearchAction\",\"target\":{\"@type\":\"EntryPoint\",\"urlTemplate\":\"https:\/\/reflejodemichoacan.com\/?s={search_term_string}\"},\"query-input\":\"required name=search_term_string\"}],\"inLanguage\":\"es-MX\"},{\"@type\":\"ImageObject\",\"@id\":\"https:\/\/reflejodemichoacan.com\/index.php\/2026\/04\/29\/cuidar-nuestro-patrimonio-y-nuestra-historia-es-cuidar-lo-que-somos-julio-arreola\/#primaryimage\",\"inLanguage\":\"es-MX\",\"url\":\"https:\/\/reflejodemichoacan.com\/wp-content\/uploads\/2026\/04\/IMG-20260429-WA0177.jpg\",\"contentUrl\":\"https:\/\/reflejodemichoacan.com\/wp-content\/uploads\/2026\/04\/IMG-20260429-WA0177.jpg\",\"width\":1392,\"height\":928},{\"@type\":\"WebPage\",\"@id\":\"https:\/\/reflejodemichoacan.com\/index.php\/2026\/04\/29\/cuidar-nuestro-patrimonio-y-nuestra-historia-es-cuidar-lo-que-somos-julio-arreola\/#webpage\",\"url\":\"https:\/\/reflejodemichoacan.com\/index.php\/2026\/04\/29\/cuidar-nuestro-patrimonio-y-nuestra-historia-es-cuidar-lo-que-somos-julio-arreola\/\",\"name\":\"Cuidar nuestro patrimonio y nuestra historia es cuidar lo que somos: Julio Arreola - Reflejo de Michoac\\u00e1n\",\"isPartOf\":{\"@id\":\"https:\/\/reflejodemichoacan.com\/#website\"},\"primaryImageOfPage\":{\"@id\":\"https:\/\/reflejodemichoacan.com\/index.php\/2026\/04\/29\/cuidar-nuestro-patrimonio-y-nuestra-historia-es-cuidar-lo-que-somos-julio-arreola\/#primaryimage\"},\"datePublished\":\"2026-04-29T22:35:45+00:00\",\"dateModified\":\"2026-04-29T22:35:47+00:00\",\"author\":{\"@id\":\"https:\/\/reflejodemichoacan.com\/#\/schema\/person\/72d921e8fe99bd6e2e39bcde8995046f\"},\"breadcrumb\":{\"@id\":\"https:\/\/reflejodemichoacan.com\/index.php\/2026\/04\/29\/cuidar-nuestro-patrimonio-y-nuestra-historia-es-cuidar-lo-que-somos-julio-arreola\/#breadcrumb\"},\"inLanguage\":\"es-MX\",\"potentialAction\":[{\"@type\":\"ReadAction\",\"target\":[\"https:\/\/reflejodemichoacan.com\/index.php\/2026\/04\/29\/cuidar-nuestro-patrimonio-y-nuestra-historia-es-cuidar-lo-que-somos-julio-arreola\/\"]}]},{\"@type\":\"BreadcrumbList\",\"@id\":\"https:\/\/reflejodemichoacan.com\/index.php\/2026\/04\/29\/cuidar-nuestro-patrimonio-y-nuestra-historia-es-cuidar-lo-que-somos-julio-arreola\/#breadcrumb\",\"itemListElement\":[{\"@type\":\"ListItem\",\"position\":1,\"name\":\"Inicio\",\"item\":\"https:\/\/reflejodemichoacan.com\/\"},{\"@type\":\"ListItem\",\"position\":2,\"name\":\"Cuidar nuestro patrimonio y nuestra historia es cuidar lo que somos: Julio Arreola\"}]},{\"@type\":\"Person\",\"@id\":\"https:\/\/reflejodemichoacan.com\/#\/schema\/person\/72d921e8fe99bd6e2e39bcde8995046f\",\"name\":\"Aurora\",\"image\":{\"@type\":\"ImageObject\",\"@id\":\"https:\/\/reflejodemichoacan.com\/#personlogo\",\"inLanguage\":\"es-MX\",\"url\":\"https:\/\/secure.gravatar.com\/avatar\/df5ceb9b998be27b25dd258a6b4b0a95?s=96&d=mm&r=g\",\"contentUrl\":\"https:\/\/secure.gravatar.com\/avatar\/df5ceb9b998be27b25dd258a6b4b0a95?s=96&d=mm&r=g\",\"caption\":\"Aurora\"},\"sameAs\":[\"http:\/\/reflejodemichoacan.com\"],\"url\":\"https:\/\/reflejodemichoacan.com\/index.php\/author\/rixwm7qvsq\/\"}]}<\/script>\n<!-- \/ Yoast SEO plugin. -->","yoast_head_json":{"title":"Cuidar nuestro patrimonio y nuestra historia es cuidar lo que somos: Julio Arreola - Reflejo de Michoac\u00e1n","robots":{"index":"index","follow":"follow","max-snippet":"max-snippet:-1","max-image-preview":"max-image-preview:large","max-video-preview":"max-video-preview:-1"},"canonical":"https:\/\/reflejodemichoacan.com\/index.php\/2026\/04\/29\/cuidar-nuestro-patrimonio-y-nuestra-historia-es-cuidar-lo-que-somos-julio-arreola\/","og_locale":"es_MX","og_type":"article","og_title":"Cuidar nuestro patrimonio y nuestra historia es cuidar lo que somos: Julio Arreola - Reflejo de Michoac\u00e1n","og_description":"\u25aa\ufe0f P\u00e1tzcuaro fue sede de la Asamblea Nacional \u201cAdopte una Obra de Arte\u201d. \u2022 Se fortalece la conservaci\u00f3n del patrimonio hist\u00f3rico. P\u00e1tzcuaro, Michoac\u00e1n, 29 de abril de 2026.- El presidente municipal, Julio Arreola, encabez\u00f3 la bienvenida a la Asamblea Anual de la Asociaci\u00f3n del Consejo Nacional Adopte una Obra de Arte, un encuentro que re\u00fane [&hellip;]","og_url":"https:\/\/reflejodemichoacan.com\/index.php\/2026\/04\/29\/cuidar-nuestro-patrimonio-y-nuestra-historia-es-cuidar-lo-que-somos-julio-arreola\/","og_site_name":"Reflejo de Michoac\u00e1n","article_published_time":"2026-04-29T22:35:45+00:00","article_modified_time":"2026-04-29T22:35:47+00:00","og_image":[{"width":1392,"height":928,"url":"https:\/\/reflejodemichoacan.com\/wp-content\/uploads\/2026\/04\/IMG-20260429-WA0177.jpg","type":"image\/jpeg"}],"twitter_card":"summary_large_image","twitter_misc":{"Escrito por":"Aurora","Tiempo de lectura":"2 minutos"},"schema":{"@context":"https:\/\/schema.org","@graph":[{"@type":"WebSite","@id":"https:\/\/reflejodemichoacan.com\/#website","url":"https:\/\/reflejodemichoacan.com\/","name":"Reflejo de Michoac\u00e1n","description":"Medio de comunicaci\u00f3n impreso y digital al servicio de la regi\u00f3n lacustre y Michoac\u00e1n.","potentialAction":[{"@type":"SearchAction","target":{"@type":"EntryPoint","urlTemplate":"https:\/\/reflejodemichoacan.com\/?s={search_term_string}"},"query-input":"required name=search_term_string"}],"inLanguage":"es-MX"},{"@type":"ImageObject","@id":"https:\/\/reflejodemichoacan.com\/index.php\/2026\/04\/29\/cuidar-nuestro-patrimonio-y-nuestra-historia-es-cuidar-lo-que-somos-julio-arreola\/#primaryimage","inLanguage":"es-MX","url":"https:\/\/reflejodemichoacan.com\/wp-content\/uploads\/2026\/04\/IMG-20260429-WA0177.jpg","contentUrl":"https:\/\/reflejodemichoacan.com\/wp-content\/uploads\/2026\/04\/IMG-20260429-WA0177.jpg","width":1392,"height":928},{"@type":"WebPage","@id":"https:\/\/reflejodemichoacan.com\/index.php\/2026\/04\/29\/cuidar-nuestro-patrimonio-y-nuestra-historia-es-cuidar-lo-que-somos-julio-arreola\/#webpage","url":"https:\/\/reflejodemichoacan.com\/index.php\/2026\/04\/29\/cuidar-nuestro-patrimonio-y-nuestra-historia-es-cuidar-lo-que-somos-julio-arreola\/","name":"Cuidar nuestro patrimonio y nuestra historia es cuidar lo que somos: Julio Arreola - Reflejo de Michoac\u00e1n","isPartOf":{"@id":"https:\/\/reflejodemichoacan.com\/#website"},"primaryImageOfPage":{"@id":"https:\/\/reflejodemichoacan.com\/index.php\/2026\/04\/29\/cuidar-nuestro-patrimonio-y-nuestra-historia-es-cuidar-lo-que-somos-julio-arreola\/#primaryimage"},"datePublished":"2026-04-29T22:35:45+00:00","dateModified":"2026-04-29T22:35:47+00:00","author":{"@id":"https:\/\/reflejodemichoacan.com\/#\/schema\/person\/72d921e8fe99bd6e2e39bcde8995046f"},"breadcrumb":{"@id":"https:\/\/reflejodemichoacan.com\/index.php\/2026\/04\/29\/cuidar-nuestro-patrimonio-y-nuestra-historia-es-cuidar-lo-que-somos-julio-arreola\/#breadcrumb"},"inLanguage":"es-MX","potentialAction":[{"@type":"ReadAction","target":["https:\/\/reflejodemichoacan.com\/index.php\/2026\/04\/29\/cuidar-nuestro-patrimonio-y-nuestra-historia-es-cuidar-lo-que-somos-julio-arreola\/"]}]},{"@type":"BreadcrumbList","@id":"https:\/\/reflejodemichoacan.com\/index.php\/2026\/04\/29\/cuidar-nuestro-patrimonio-y-nuestra-historia-es-cuidar-lo-que-somos-julio-arreola\/#breadcrumb","itemListElement":[{"@type":"ListItem","position":1,"name":"Inicio","item":"https:\/\/reflejodemichoacan.com\/"},{"@type":"ListItem","position":2,"name":"Cuidar nuestro patrimonio y nuestra historia es cuidar lo que somos: Julio Arreola"}]},{"@type":"Person","@id":"https:\/\/reflejodemichoacan.com\/#\/schema\/person\/72d921e8fe99bd6e2e39bcde8995046f","name":"Aurora","image":{"@type":"ImageObject","@id":"https:\/\/reflejodemichoacan.com\/#personlogo","inLanguage":"es-MX","url":"https:\/\/secure.gravatar.com\/avatar\/df5ceb9b998be27b25dd258a6b4b0a95?s=96&d=mm&r=g","contentUrl":"https:\/\/secure.gravatar.com\/avatar\/df5ceb9b998be27b25dd258a6b4b0a95?s=96&d=mm&r=g","caption":"Aurora"},"sameAs":["http:\/\/reflejodemichoacan.com"],"url":"https:\/\/reflejodemichoacan.com\/index.php\/author\/rixwm7qvsq\/"}]}},"_links":{"self":[{"href":"https:\/\/reflejodemichoacan.com\/index.php\/wp-json\/wp\/v2\/posts\/19303"}],"collection":[{"href":"https:\/\/reflejodemichoacan.com\/index.php\/wp-json\/wp\/v2\/posts"}],"about":[{"href":"https:\/\/reflejodemichoacan.com\/index.php\/wp-json\/wp\/v2\/types\/post"}],"author":[{"embeddable":true,"href":"https:\/\/reflejodemichoacan.com\/index.php\/wp-json\/wp\/v2\/users\/1"}],"replies":[{"embeddable":true,"href":"https:\/\/reflejodemichoacan.com\/index.php\/wp-json\/wp\/v2\/comments?post=19303"}],"version-history":[{"count":1,"href":"https:\/\/reflejodemichoacan.com\/index.php\/wp-json\/wp\/v2\/posts\/19303\/revisions"}],"predecessor-version":[{"id":19305,"href":"https:\/\/reflejodemichoacan.com\/index.php\/wp-json\/wp\/v2\/posts\/19303\/revisions\/19305"}],"wp:featuredmedia":[{"embeddable":true,"href":"https:\/\/reflejodemichoacan.com\/index.php\/wp-json\/wp\/v2\/media\/19304"}],"wp:attachment":[{"href":"https:\/\/reflejodemichoacan.com\/index.php\/wp-json\/wp\/v2\/media?parent=19303"}],"wp:term":[{"taxonomy":"category","embeddable":true,"href":"https:\/\/reflejodemichoacan.com\/index.php\/wp-json\/wp\/v2\/categories?post=19303"},{"taxonomy":"post_tag","embeddable":true,"href":"https:\/\/reflejodemichoacan.com\/index.php\/wp-json\/wp\/v2\/tags?post=19303"}],"curies":[{"name":"wp","href":"https:\/\/api.w.org\/{rel}","templated":true}]}}