{"id":19308,"date":"2026-04-30T21:14:22","date_gmt":"2026-04-30T21:14:22","guid":{"rendered":"https:\/\/reflejodemichoacan.com\/?p=19308"},"modified":"2026-04-30T21:14:24","modified_gmt":"2026-04-30T21:14:24","slug":"presenta-comite-de-transparencia-y-acceso-a-la-informacion-publica-el-portal-infantil-del-congreso-del-estado","status":"publish","type":"post","link":"https:\/\/reflejodemichoacan.com\/index.php\/2026\/04\/30\/presenta-comite-de-transparencia-y-acceso-a-la-informacion-publica-el-portal-infantil-del-congreso-del-estado\/","title":{"rendered":"Presenta Comit\u00e9 de Transparencia y Acceso a la Informaci\u00f3n P\u00fablica el Portal Infantil del Congreso del Estado"},"content":{"rendered":"\n<p><em>Morelia, Michoac\u00e1n, a 30 de abril del 2026<\/em>.- Con la finalidad de que las ni\u00f1as, ni\u00f1os y adolescentes, puedan tener mayores herramientas que les faciliten el acceso a la informaci\u00f3n p\u00fablica del Congreso del Estado, el Comit\u00e9 de Transparencia y Acceso a la Informaci\u00f3n P\u00fablica, de esta 76 Legislatura, present\u00f3 el Portal Infantil, el sitio web del Poder Legislativo para la ni\u00f1ez.<\/p>\n\n\n\n<p>El diputado Conrado Paz Torres, presidente del Comit\u00e9 de Transparencia y Acceso a la Informaci\u00f3n P\u00fablica, y promotor de este Portal Infantil, reiter\u00f3 el compromiso de esta 76 Legislatura con las ni\u00f1as, ni\u00f1os y adolescentes de Michoac\u00e1n y con la transparencia.<\/p>\n\n\n\n<p>\u201cCon este sitio web especializado para la ni\u00f1ez, se garantiza que desde uy peque\u00f1os todos y todas tengan salvaguardado el derecho a la informaci\u00f3n. Con este Portal Infantil, se prepara y se les la las herramientas a las ni\u00f1as y ni\u00f1os para que sigan construyendo una sociedad m\u00e1s informada y que ellos crezcan siendo buenas personas, con esto les queremos inculcar a todas y todos los peque\u00f1os el amor por aprender, cuestionar y conocer\u201d, asever\u00f3.<\/p>\n\n\n\n<p>Por su parte, la coordinadora de Transparencia y Acceso a la Informaci\u00f3n P\u00fablica del Congreso del Estado, Carina de Jes\u00fas Garc\u00eda Campos, inform\u00f3 que desde esta coordinaci\u00f3n, han trabajado en dotar a este Poder de herramientas que fortalezcan el acceso a la informaci\u00f3n p\u00fablica y la protecci\u00f3n de datos personales.<\/p>\n\n\n\n<p>\u201cCon esto se fomenta la participaci\u00f3n y retroalimentaci\u00f3n ciudadana, este sitio web se traduce en m\u00e1s informaci\u00f3n y aprendizaje para las y los ni\u00f1os, que sus dudas sean resueltas y que cada vez haya m\u00e1s inter\u00e9s de por aprender y conocer a sus representantes populares\u201d, a\u00f1adi\u00f3.<\/p>\n\n\n\n<p>En su intervenci\u00f3n, el creador de este Portal Infantil, Fernando Mart\u00ednez Luna, detall\u00f3 que este sitio web es un espacio m\u00e1s interactivo, con contenidos y materiales did\u00e1cticos en donde las y los ni\u00f1os puedan conocer el Congreso del Estado, puedan aprender c\u00f3mo se hacen las leyes y sepan las funciones que realizan sus representantes, \u201cesta es una herramienta que abre las puertas del Congreso del Estado a la ni\u00f1ez\u201d.<\/p>\n","protected":false},"excerpt":{"rendered":"<p>Morelia, Michoac\u00e1n, a 30 de abril del 2026.- Con la finalidad de que las ni\u00f1as, ni\u00f1os y adolescentes, puedan tener mayores herramientas que les faciliten el acceso a la informaci\u00f3n p\u00fablica del Congreso del Estado, el Comit\u00e9 de Transparencia y Acceso a la Informaci\u00f3n P\u00fablica, de esta 76 Legislatura, present\u00f3 el Portal Infantil, el sitio [&hellip;]<\/p>\n","protected":false},"author":1,"featured_media":19309,"comment_status":"open","ping_status":"closed","sticky":false,"template":"","format":"standard","meta":[],"categories":[1],"tags":[],"yoast_head":"<!-- This site is optimized with the Yoast SEO plugin v17.9 - https:\/\/yoast.com\/wordpress\/plugins\/seo\/ -->\n<title>Presenta Comit\u00e9 de Transparencia y Acceso a la Informaci\u00f3n P\u00fablica el Portal Infantil del Congreso del Estado - Reflejo de Michoac\u00e1n<\/title>\n<meta name=\"robots\" content=\"index, follow, max-snippet:-1, max-image-preview:large, max-video-preview:-1\" \/>\n<link rel=\"canonical\" href=\"https:\/\/reflejodemichoacan.com\/index.php\/2026\/04\/30\/presenta-comite-de-transparencia-y-acceso-a-la-informacion-publica-el-portal-infantil-del-congreso-del-estado\/\" \/>\n<meta property=\"og:locale\" content=\"es_MX\" \/>\n<meta property=\"og:type\" content=\"article\" \/>\n<meta property=\"og:title\" content=\"Presenta Comit\u00e9 de Transparencia y Acceso a la Informaci\u00f3n P\u00fablica el Portal Infantil del Congreso del Estado - Reflejo de Michoac\u00e1n\" \/>\n<meta property=\"og:description\" content=\"Morelia, Michoac\u00e1n, a 30 de abril del 2026.- Con la finalidad de que las ni\u00f1as, ni\u00f1os y adolescentes, puedan tener mayores herramientas que les faciliten el acceso a la informaci\u00f3n p\u00fablica del Congreso del Estado, el Comit\u00e9 de Transparencia y Acceso a la Informaci\u00f3n P\u00fablica, de esta 76 Legislatura, present\u00f3 el Portal Infantil, el sitio [&hellip;]\" \/>\n<meta property=\"og:url\" content=\"https:\/\/reflejodemichoacan.com\/index.php\/2026\/04\/30\/presenta-comite-de-transparencia-y-acceso-a-la-informacion-publica-el-portal-infantil-del-congreso-del-estado\/\" \/>\n<meta property=\"og:site_name\" content=\"Reflejo de Michoac\u00e1n\" \/>\n<meta property=\"article:published_time\" content=\"2026-04-30T21:14:22+00:00\" \/>\n<meta property=\"article:modified_time\" content=\"2026-04-30T21:14:24+00:00\" \/>\n<meta property=\"og:image\" content=\"https:\/\/reflejodemichoacan.com\/wp-content\/uploads\/2026\/04\/IMG-20260430-WA0148.jpg\" \/>\n\t<meta property=\"og:image:width\" content=\"1228\" \/>\n\t<meta property=\"og:image:height\" content=\"1164\" \/>\n\t<meta property=\"og:image:type\" content=\"image\/jpeg\" \/>\n<meta name=\"twitter:card\" content=\"summary_large_image\" \/>\n<meta name=\"twitter:label1\" content=\"Escrito por\" \/>\n\t<meta name=\"twitter:data1\" content=\"Aurora\" \/>\n\t<meta name=\"twitter:label2\" content=\"Tiempo de lectura\" \/>\n\t<meta name=\"twitter:data2\" content=\"2 minutos\" \/>\n<script type=\"application\/ld+json\" class=\"yoast-schema-graph\">{\"@context\":\"https:\/\/schema.org\",\"@graph\":[{\"@type\":\"WebSite\",\"@id\":\"https:\/\/reflejodemichoacan.com\/#website\",\"url\":\"https:\/\/reflejodemichoacan.com\/\",\"name\":\"Reflejo de Michoac\\u00e1n\",\"description\":\"Medio de comunicaci\\u00f3n impreso y digital al servicio de la regi\\u00f3n lacustre y Michoac\\u00e1n.\",\"potentialAction\":[{\"@type\":\"SearchAction\",\"target\":{\"@type\":\"EntryPoint\",\"urlTemplate\":\"https:\/\/reflejodemichoacan.com\/?s={search_term_string}\"},\"query-input\":\"required name=search_term_string\"}],\"inLanguage\":\"es-MX\"},{\"@type\":\"ImageObject\",\"@id\":\"https:\/\/reflejodemichoacan.com\/index.php\/2026\/04\/30\/presenta-comite-de-transparencia-y-acceso-a-la-informacion-publica-el-portal-infantil-del-congreso-del-estado\/#primaryimage\",\"inLanguage\":\"es-MX\",\"url\":\"https:\/\/reflejodemichoacan.com\/wp-content\/uploads\/2026\/04\/IMG-20260430-WA0148.jpg\",\"contentUrl\":\"https:\/\/reflejodemichoacan.com\/wp-content\/uploads\/2026\/04\/IMG-20260430-WA0148.jpg\",\"width\":1228,\"height\":1164},{\"@type\":\"WebPage\",\"@id\":\"https:\/\/reflejodemichoacan.com\/index.php\/2026\/04\/30\/presenta-comite-de-transparencia-y-acceso-a-la-informacion-publica-el-portal-infantil-del-congreso-del-estado\/#webpage\",\"url\":\"https:\/\/reflejodemichoacan.com\/index.php\/2026\/04\/30\/presenta-comite-de-transparencia-y-acceso-a-la-informacion-publica-el-portal-infantil-del-congreso-del-estado\/\",\"name\":\"Presenta Comit\\u00e9 de Transparencia y Acceso a la Informaci\\u00f3n P\\u00fablica el Portal Infantil del Congreso del Estado - Reflejo de Michoac\\u00e1n\",\"isPartOf\":{\"@id\":\"https:\/\/reflejodemichoacan.com\/#website\"},\"primaryImageOfPage\":{\"@id\":\"https:\/\/reflejodemichoacan.com\/index.php\/2026\/04\/30\/presenta-comite-de-transparencia-y-acceso-a-la-informacion-publica-el-portal-infantil-del-congreso-del-estado\/#primaryimage\"},\"datePublished\":\"2026-04-30T21:14:22+00:00\",\"dateModified\":\"2026-04-30T21:14:24+00:00\",\"author\":{\"@id\":\"https:\/\/reflejodemichoacan.com\/#\/schema\/person\/72d921e8fe99bd6e2e39bcde8995046f\"},\"breadcrumb\":{\"@id\":\"https:\/\/reflejodemichoacan.com\/index.php\/2026\/04\/30\/presenta-comite-de-transparencia-y-acceso-a-la-informacion-publica-el-portal-infantil-del-congreso-del-estado\/#breadcrumb\"},\"inLanguage\":\"es-MX\",\"potentialAction\":[{\"@type\":\"ReadAction\",\"target\":[\"https:\/\/reflejodemichoacan.com\/index.php\/2026\/04\/30\/presenta-comite-de-transparencia-y-acceso-a-la-informacion-publica-el-portal-infantil-del-congreso-del-estado\/\"]}]},{\"@type\":\"BreadcrumbList\",\"@id\":\"https:\/\/reflejodemichoacan.com\/index.php\/2026\/04\/30\/presenta-comite-de-transparencia-y-acceso-a-la-informacion-publica-el-portal-infantil-del-congreso-del-estado\/#breadcrumb\",\"itemListElement\":[{\"@type\":\"ListItem\",\"position\":1,\"name\":\"Inicio\",\"item\":\"https:\/\/reflejodemichoacan.com\/\"},{\"@type\":\"ListItem\",\"position\":2,\"name\":\"Presenta Comit\\u00e9 de Transparencia y Acceso a la Informaci\\u00f3n P\\u00fablica el Portal Infantil del Congreso del Estado\"}]},{\"@type\":\"Person\",\"@id\":\"https:\/\/reflejodemichoacan.com\/#\/schema\/person\/72d921e8fe99bd6e2e39bcde8995046f\",\"name\":\"Aurora\",\"image\":{\"@type\":\"ImageObject\",\"@id\":\"https:\/\/reflejodemichoacan.com\/#personlogo\",\"inLanguage\":\"es-MX\",\"url\":\"https:\/\/secure.gravatar.com\/avatar\/df5ceb9b998be27b25dd258a6b4b0a95?s=96&d=mm&r=g\",\"contentUrl\":\"https:\/\/secure.gravatar.com\/avatar\/df5ceb9b998be27b25dd258a6b4b0a95?s=96&d=mm&r=g\",\"caption\":\"Aurora\"},\"sameAs\":[\"http:\/\/reflejodemichoacan.com\"],\"url\":\"https:\/\/reflejodemichoacan.com\/index.php\/author\/rixwm7qvsq\/\"}]}<\/script>\n<!-- \/ Yoast SEO plugin. -->","yoast_head_json":{"title":"Presenta Comit\u00e9 de Transparencia y Acceso a la Informaci\u00f3n P\u00fablica el Portal Infantil del Congreso del Estado - Reflejo de Michoac\u00e1n","robots":{"index":"index","follow":"follow","max-snippet":"max-snippet:-1","max-image-preview":"max-image-preview:large","max-video-preview":"max-video-preview:-1"},"canonical":"https:\/\/reflejodemichoacan.com\/index.php\/2026\/04\/30\/presenta-comite-de-transparencia-y-acceso-a-la-informacion-publica-el-portal-infantil-del-congreso-del-estado\/","og_locale":"es_MX","og_type":"article","og_title":"Presenta Comit\u00e9 de Transparencia y Acceso a la Informaci\u00f3n P\u00fablica el Portal Infantil del Congreso del Estado - Reflejo de Michoac\u00e1n","og_description":"Morelia, Michoac\u00e1n, a 30 de abril del 2026.- Con la finalidad de que las ni\u00f1as, ni\u00f1os y adolescentes, puedan tener mayores herramientas que les faciliten el acceso a la informaci\u00f3n p\u00fablica del Congreso del Estado, el Comit\u00e9 de Transparencia y Acceso a la Informaci\u00f3n P\u00fablica, de esta 76 Legislatura, present\u00f3 el Portal Infantil, el sitio [&hellip;]","og_url":"https:\/\/reflejodemichoacan.com\/index.php\/2026\/04\/30\/presenta-comite-de-transparencia-y-acceso-a-la-informacion-publica-el-portal-infantil-del-congreso-del-estado\/","og_site_name":"Reflejo de Michoac\u00e1n","article_published_time":"2026-04-30T21:14:22+00:00","article_modified_time":"2026-04-30T21:14:24+00:00","og_image":[{"width":1228,"height":1164,"url":"https:\/\/reflejodemichoacan.com\/wp-content\/uploads\/2026\/04\/IMG-20260430-WA0148.jpg","type":"image\/jpeg"}],"twitter_card":"summary_large_image","twitter_misc":{"Escrito por":"Aurora","Tiempo de lectura":"2 minutos"},"schema":{"@context":"https:\/\/schema.org","@graph":[{"@type":"WebSite","@id":"https:\/\/reflejodemichoacan.com\/#website","url":"https:\/\/reflejodemichoacan.com\/","name":"Reflejo de Michoac\u00e1n","description":"Medio de comunicaci\u00f3n impreso y digital al servicio de la regi\u00f3n lacustre y Michoac\u00e1n.","potentialAction":[{"@type":"SearchAction","target":{"@type":"EntryPoint","urlTemplate":"https:\/\/reflejodemichoacan.com\/?s={search_term_string}"},"query-input":"required name=search_term_string"}],"inLanguage":"es-MX"},{"@type":"ImageObject","@id":"https:\/\/reflejodemichoacan.com\/index.php\/2026\/04\/30\/presenta-comite-de-transparencia-y-acceso-a-la-informacion-publica-el-portal-infantil-del-congreso-del-estado\/#primaryimage","inLanguage":"es-MX","url":"https:\/\/reflejodemichoacan.com\/wp-content\/uploads\/2026\/04\/IMG-20260430-WA0148.jpg","contentUrl":"https:\/\/reflejodemichoacan.com\/wp-content\/uploads\/2026\/04\/IMG-20260430-WA0148.jpg","width":1228,"height":1164},{"@type":"WebPage","@id":"https:\/\/reflejodemichoacan.com\/index.php\/2026\/04\/30\/presenta-comite-de-transparencia-y-acceso-a-la-informacion-publica-el-portal-infantil-del-congreso-del-estado\/#webpage","url":"https:\/\/reflejodemichoacan.com\/index.php\/2026\/04\/30\/presenta-comite-de-transparencia-y-acceso-a-la-informacion-publica-el-portal-infantil-del-congreso-del-estado\/","name":"Presenta Comit\u00e9 de Transparencia y Acceso a la Informaci\u00f3n P\u00fablica el Portal Infantil del Congreso del Estado - Reflejo de Michoac\u00e1n","isPartOf":{"@id":"https:\/\/reflejodemichoacan.com\/#website"},"primaryImageOfPage":{"@id":"https:\/\/reflejodemichoacan.com\/index.php\/2026\/04\/30\/presenta-comite-de-transparencia-y-acceso-a-la-informacion-publica-el-portal-infantil-del-congreso-del-estado\/#primaryimage"},"datePublished":"2026-04-30T21:14:22+00:00","dateModified":"2026-04-30T21:14:24+00:00","author":{"@id":"https:\/\/reflejodemichoacan.com\/#\/schema\/person\/72d921e8fe99bd6e2e39bcde8995046f"},"breadcrumb":{"@id":"https:\/\/reflejodemichoacan.com\/index.php\/2026\/04\/30\/presenta-comite-de-transparencia-y-acceso-a-la-informacion-publica-el-portal-infantil-del-congreso-del-estado\/#breadcrumb"},"inLanguage":"es-MX","potentialAction":[{"@type":"ReadAction","target":["https:\/\/reflejodemichoacan.com\/index.php\/2026\/04\/30\/presenta-comite-de-transparencia-y-acceso-a-la-informacion-publica-el-portal-infantil-del-congreso-del-estado\/"]}]},{"@type":"BreadcrumbList","@id":"https:\/\/reflejodemichoacan.com\/index.php\/2026\/04\/30\/presenta-comite-de-transparencia-y-acceso-a-la-informacion-publica-el-portal-infantil-del-congreso-del-estado\/#breadcrumb","itemListElement":[{"@type":"ListItem","position":1,"name":"Inicio","item":"https:\/\/reflejodemichoacan.com\/"},{"@type":"ListItem","position":2,"name":"Presenta Comit\u00e9 de Transparencia y Acceso a la Informaci\u00f3n P\u00fablica el Portal Infantil del Congreso del Estado"}]},{"@type":"Person","@id":"https:\/\/reflejodemichoacan.com\/#\/schema\/person\/72d921e8fe99bd6e2e39bcde8995046f","name":"Aurora","image":{"@type":"ImageObject","@id":"https:\/\/reflejodemichoacan.com\/#personlogo","inLanguage":"es-MX","url":"https:\/\/secure.gravatar.com\/avatar\/df5ceb9b998be27b25dd258a6b4b0a95?s=96&d=mm&r=g","contentUrl":"https:\/\/secure.gravatar.com\/avatar\/df5ceb9b998be27b25dd258a6b4b0a95?s=96&d=mm&r=g","caption":"Aurora"},"sameAs":["http:\/\/reflejodemichoacan.com"],"url":"https:\/\/reflejodemichoacan.com\/index.php\/author\/rixwm7qvsq\/"}]}},"_links":{"self":[{"href":"https:\/\/reflejodemichoacan.com\/index.php\/wp-json\/wp\/v2\/posts\/19308"}],"collection":[{"href":"https:\/\/reflejodemichoacan.com\/index.php\/wp-json\/wp\/v2\/posts"}],"about":[{"href":"https:\/\/reflejodemichoacan.com\/index.php\/wp-json\/wp\/v2\/types\/post"}],"author":[{"embeddable":true,"href":"https:\/\/reflejodemichoacan.com\/index.php\/wp-json\/wp\/v2\/users\/1"}],"replies":[{"embeddable":true,"href":"https:\/\/reflejodemichoacan.com\/index.php\/wp-json\/wp\/v2\/comments?post=19308"}],"version-history":[{"count":1,"href":"https:\/\/reflejodemichoacan.com\/index.php\/wp-json\/wp\/v2\/posts\/19308\/revisions"}],"predecessor-version":[{"id":19310,"href":"https:\/\/reflejodemichoacan.com\/index.php\/wp-json\/wp\/v2\/posts\/19308\/revisions\/19310"}],"wp:featuredmedia":[{"embeddable":true,"href":"https:\/\/reflejodemichoacan.com\/index.php\/wp-json\/wp\/v2\/media\/19309"}],"wp:attachment":[{"href":"https:\/\/reflejodemichoacan.com\/index.php\/wp-json\/wp\/v2\/media?parent=19308"}],"wp:term":[{"taxonomy":"category","embeddable":true,"href":"https:\/\/reflejodemichoacan.com\/index.php\/wp-json\/wp\/v2\/categories?post=19308"},{"taxonomy":"post_tag","embeddable":true,"href":"https:\/\/reflejodemichoacan.com\/index.php\/wp-json\/wp\/v2\/tags?post=19308"}],"curies":[{"name":"wp","href":"https:\/\/api.w.org\/{rel}","templated":true}]}}