{"id":19311,"date":"2026-05-01T01:29:41","date_gmt":"2026-05-01T01:29:41","guid":{"rendered":"https:\/\/reflejodemichoacan.com\/?p=19311"},"modified":"2026-05-01T01:29:42","modified_gmt":"2026-05-01T01:29:42","slug":"congreso-del-estado-aproba-reforma-impulsada-por-vanhe-caratachea-para-garantizar-que-la-infancia-tenga-voz-en-los-ayuntamientos","status":"publish","type":"post","link":"https:\/\/reflejodemichoacan.com\/index.php\/2026\/05\/01\/congreso-del-estado-aproba-reforma-impulsada-por-vanhe-caratachea-para-garantizar-que-la-infancia-tenga-voz-en-los-ayuntamientos\/","title":{"rendered":"Congreso del Estado aproba reforma impulsada por Vanhe Caratachea para garantizar que la infancia tenga voz en los ayuntamientos"},"content":{"rendered":"\n<p><em>Morelia, Michoac\u00e1n a 30 de abril de 2026<\/em>.- Un d\u00eda antes del \u201cD\u00eda de la Ni\u00f1ez\u201d, el Congreso del Estado aprob\u00f3 una reforma a la Ley Org\u00e1nica Municipal que por primera vez obliga a los Ayuntamientos a garantizar que ni\u00f1as, ni\u00f1os y adolescentes participen activamente en los asuntos p\u00fablicos de su municipio.<\/p>\n\n\n\n<p>La iniciativa fue presentada por la diputada de La Piedad Ana Vanessa Caratachea S\u00e1nchez, quien preside la Comisi\u00f3n de Protecci\u00f3n a la Ni\u00f1ez y Adolescencia y busca involucrar m\u00e1s a los gobiernos municipales, porque son el primer contacto con la poblaci\u00f3n.<\/p>\n\n\n\n<p>\u201cSi queremos que la infancia crezca con derechos reales, tiene que empezar porque los municipios los escuchen, los incluyan y destinen recursos para ellos,\u201d subray\u00f3 la diputada del PAN.<\/p>\n\n\n\n<p>La reforma suma tres nuevas obligaciones para los gobiernos municipales: destinar recursos suficientes para garantizar los derechos de la infancia, reforzar las responsabilidades de padres y cuidadores en materia de protecci\u00f3n y trato digno y promover y garantizar que ni\u00f1as, ni\u00f1os y adolescentes tengan participaci\u00f3n real en las decisiones que los afectan.<\/p>\n\n\n\n<p>Vane Caratachea considera que la protecci\u00f3n integral de ni\u00f1as, ni\u00f1os y adolescentes -consagrada tanto en la Constituci\u00f3n Mexicana como en tratados internacionales-, debe trascender la visi\u00f3n asistencialista hacia una perspectiva de garant\u00eda y restituci\u00f3n de derechos.<\/p>\n\n\n\n<p>Entre estos derechos, record\u00f3, est\u00e1 la satisfacci\u00f3n de sus necesidades de alimentaci\u00f3n, salud, educaci\u00f3n y sano esparcimiento.<\/p>\n","protected":false},"excerpt":{"rendered":"<p>Morelia, Michoac\u00e1n a 30 de abril de 2026.- Un d\u00eda antes del \u201cD\u00eda de la Ni\u00f1ez\u201d, el Congreso del Estado aprob\u00f3 una reforma a la Ley Org\u00e1nica Municipal que por primera vez obliga a los Ayuntamientos a garantizar que ni\u00f1as, ni\u00f1os y adolescentes participen activamente en los asuntos p\u00fablicos de su municipio. La iniciativa fue [&hellip;]<\/p>\n","protected":false},"author":1,"featured_media":19312,"comment_status":"open","ping_status":"closed","sticky":false,"template":"","format":"standard","meta":[],"categories":[1],"tags":[],"yoast_head":"<!-- This site is optimized with the Yoast SEO plugin v17.9 - https:\/\/yoast.com\/wordpress\/plugins\/seo\/ -->\n<title>Congreso del Estado aproba reforma impulsada por Vanhe Caratachea para garantizar que la infancia tenga voz en los ayuntamientos - Reflejo de Michoac\u00e1n<\/title>\n<meta name=\"robots\" content=\"index, follow, max-snippet:-1, max-image-preview:large, max-video-preview:-1\" \/>\n<link rel=\"canonical\" href=\"https:\/\/reflejodemichoacan.com\/index.php\/2026\/05\/01\/congreso-del-estado-aproba-reforma-impulsada-por-vanhe-caratachea-para-garantizar-que-la-infancia-tenga-voz-en-los-ayuntamientos\/\" \/>\n<meta property=\"og:locale\" content=\"es_MX\" \/>\n<meta property=\"og:type\" content=\"article\" \/>\n<meta property=\"og:title\" content=\"Congreso del Estado aproba reforma impulsada por Vanhe Caratachea para garantizar que la infancia tenga voz en los ayuntamientos - Reflejo de Michoac\u00e1n\" \/>\n<meta property=\"og:description\" content=\"Morelia, Michoac\u00e1n a 30 de abril de 2026.- Un d\u00eda antes del \u201cD\u00eda de la Ni\u00f1ez\u201d, el Congreso del Estado aprob\u00f3 una reforma a la Ley Org\u00e1nica Municipal que por primera vez obliga a los Ayuntamientos a garantizar que ni\u00f1as, ni\u00f1os y adolescentes participen activamente en los asuntos p\u00fablicos de su municipio. La iniciativa fue [&hellip;]\" \/>\n<meta property=\"og:url\" content=\"https:\/\/reflejodemichoacan.com\/index.php\/2026\/05\/01\/congreso-del-estado-aproba-reforma-impulsada-por-vanhe-caratachea-para-garantizar-que-la-infancia-tenga-voz-en-los-ayuntamientos\/\" \/>\n<meta property=\"og:site_name\" content=\"Reflejo de Michoac\u00e1n\" \/>\n<meta property=\"article:published_time\" content=\"2026-05-01T01:29:41+00:00\" \/>\n<meta property=\"article:modified_time\" content=\"2026-05-01T01:29:42+00:00\" \/>\n<meta property=\"og:image\" content=\"https:\/\/reflejodemichoacan.com\/wp-content\/uploads\/2026\/05\/IMG-20260430-WA0233.jpg\" \/>\n\t<meta property=\"og:image:width\" content=\"1280\" \/>\n\t<meta property=\"og:image:height\" content=\"853\" \/>\n\t<meta property=\"og:image:type\" content=\"image\/jpeg\" \/>\n<meta name=\"twitter:card\" content=\"summary_large_image\" \/>\n<meta name=\"twitter:label1\" content=\"Escrito por\" \/>\n\t<meta name=\"twitter:data1\" content=\"Aurora\" \/>\n\t<meta name=\"twitter:label2\" content=\"Tiempo de lectura\" \/>\n\t<meta name=\"twitter:data2\" content=\"2 minutos\" \/>\n<script type=\"application\/ld+json\" class=\"yoast-schema-graph\">{\"@context\":\"https:\/\/schema.org\",\"@graph\":[{\"@type\":\"WebSite\",\"@id\":\"https:\/\/reflejodemichoacan.com\/#website\",\"url\":\"https:\/\/reflejodemichoacan.com\/\",\"name\":\"Reflejo de Michoac\\u00e1n\",\"description\":\"Medio de comunicaci\\u00f3n impreso y digital al servicio de la regi\\u00f3n lacustre y Michoac\\u00e1n.\",\"potentialAction\":[{\"@type\":\"SearchAction\",\"target\":{\"@type\":\"EntryPoint\",\"urlTemplate\":\"https:\/\/reflejodemichoacan.com\/?s={search_term_string}\"},\"query-input\":\"required name=search_term_string\"}],\"inLanguage\":\"es-MX\"},{\"@type\":\"ImageObject\",\"@id\":\"https:\/\/reflejodemichoacan.com\/index.php\/2026\/05\/01\/congreso-del-estado-aproba-reforma-impulsada-por-vanhe-caratachea-para-garantizar-que-la-infancia-tenga-voz-en-los-ayuntamientos\/#primaryimage\",\"inLanguage\":\"es-MX\",\"url\":\"https:\/\/reflejodemichoacan.com\/wp-content\/uploads\/2026\/05\/IMG-20260430-WA0233.jpg\",\"contentUrl\":\"https:\/\/reflejodemichoacan.com\/wp-content\/uploads\/2026\/05\/IMG-20260430-WA0233.jpg\",\"width\":1280,\"height\":853},{\"@type\":\"WebPage\",\"@id\":\"https:\/\/reflejodemichoacan.com\/index.php\/2026\/05\/01\/congreso-del-estado-aproba-reforma-impulsada-por-vanhe-caratachea-para-garantizar-que-la-infancia-tenga-voz-en-los-ayuntamientos\/#webpage\",\"url\":\"https:\/\/reflejodemichoacan.com\/index.php\/2026\/05\/01\/congreso-del-estado-aproba-reforma-impulsada-por-vanhe-caratachea-para-garantizar-que-la-infancia-tenga-voz-en-los-ayuntamientos\/\",\"name\":\"Congreso del Estado aproba reforma impulsada por Vanhe Caratachea para garantizar que la infancia tenga voz en los ayuntamientos - Reflejo de Michoac\\u00e1n\",\"isPartOf\":{\"@id\":\"https:\/\/reflejodemichoacan.com\/#website\"},\"primaryImageOfPage\":{\"@id\":\"https:\/\/reflejodemichoacan.com\/index.php\/2026\/05\/01\/congreso-del-estado-aproba-reforma-impulsada-por-vanhe-caratachea-para-garantizar-que-la-infancia-tenga-voz-en-los-ayuntamientos\/#primaryimage\"},\"datePublished\":\"2026-05-01T01:29:41+00:00\",\"dateModified\":\"2026-05-01T01:29:42+00:00\",\"author\":{\"@id\":\"https:\/\/reflejodemichoacan.com\/#\/schema\/person\/72d921e8fe99bd6e2e39bcde8995046f\"},\"breadcrumb\":{\"@id\":\"https:\/\/reflejodemichoacan.com\/index.php\/2026\/05\/01\/congreso-del-estado-aproba-reforma-impulsada-por-vanhe-caratachea-para-garantizar-que-la-infancia-tenga-voz-en-los-ayuntamientos\/#breadcrumb\"},\"inLanguage\":\"es-MX\",\"potentialAction\":[{\"@type\":\"ReadAction\",\"target\":[\"https:\/\/reflejodemichoacan.com\/index.php\/2026\/05\/01\/congreso-del-estado-aproba-reforma-impulsada-por-vanhe-caratachea-para-garantizar-que-la-infancia-tenga-voz-en-los-ayuntamientos\/\"]}]},{\"@type\":\"BreadcrumbList\",\"@id\":\"https:\/\/reflejodemichoacan.com\/index.php\/2026\/05\/01\/congreso-del-estado-aproba-reforma-impulsada-por-vanhe-caratachea-para-garantizar-que-la-infancia-tenga-voz-en-los-ayuntamientos\/#breadcrumb\",\"itemListElement\":[{\"@type\":\"ListItem\",\"position\":1,\"name\":\"Inicio\",\"item\":\"https:\/\/reflejodemichoacan.com\/\"},{\"@type\":\"ListItem\",\"position\":2,\"name\":\"Congreso del Estado aproba reforma impulsada por Vanhe Caratachea para garantizar que la infancia tenga voz en los ayuntamientos\"}]},{\"@type\":\"Person\",\"@id\":\"https:\/\/reflejodemichoacan.com\/#\/schema\/person\/72d921e8fe99bd6e2e39bcde8995046f\",\"name\":\"Aurora\",\"image\":{\"@type\":\"ImageObject\",\"@id\":\"https:\/\/reflejodemichoacan.com\/#personlogo\",\"inLanguage\":\"es-MX\",\"url\":\"https:\/\/secure.gravatar.com\/avatar\/df5ceb9b998be27b25dd258a6b4b0a95?s=96&d=mm&r=g\",\"contentUrl\":\"https:\/\/secure.gravatar.com\/avatar\/df5ceb9b998be27b25dd258a6b4b0a95?s=96&d=mm&r=g\",\"caption\":\"Aurora\"},\"sameAs\":[\"http:\/\/reflejodemichoacan.com\"],\"url\":\"https:\/\/reflejodemichoacan.com\/index.php\/author\/rixwm7qvsq\/\"}]}<\/script>\n<!-- \/ Yoast SEO plugin. -->","yoast_head_json":{"title":"Congreso del Estado aproba reforma impulsada por Vanhe Caratachea para garantizar que la infancia tenga voz en los ayuntamientos - Reflejo de Michoac\u00e1n","robots":{"index":"index","follow":"follow","max-snippet":"max-snippet:-1","max-image-preview":"max-image-preview:large","max-video-preview":"max-video-preview:-1"},"canonical":"https:\/\/reflejodemichoacan.com\/index.php\/2026\/05\/01\/congreso-del-estado-aproba-reforma-impulsada-por-vanhe-caratachea-para-garantizar-que-la-infancia-tenga-voz-en-los-ayuntamientos\/","og_locale":"es_MX","og_type":"article","og_title":"Congreso del Estado aproba reforma impulsada por Vanhe Caratachea para garantizar que la infancia tenga voz en los ayuntamientos - Reflejo de Michoac\u00e1n","og_description":"Morelia, Michoac\u00e1n a 30 de abril de 2026.- Un d\u00eda antes del \u201cD\u00eda de la Ni\u00f1ez\u201d, el Congreso del Estado aprob\u00f3 una reforma a la Ley Org\u00e1nica Municipal que por primera vez obliga a los Ayuntamientos a garantizar que ni\u00f1as, ni\u00f1os y adolescentes participen activamente en los asuntos p\u00fablicos de su municipio. La iniciativa fue [&hellip;]","og_url":"https:\/\/reflejodemichoacan.com\/index.php\/2026\/05\/01\/congreso-del-estado-aproba-reforma-impulsada-por-vanhe-caratachea-para-garantizar-que-la-infancia-tenga-voz-en-los-ayuntamientos\/","og_site_name":"Reflejo de Michoac\u00e1n","article_published_time":"2026-05-01T01:29:41+00:00","article_modified_time":"2026-05-01T01:29:42+00:00","og_image":[{"width":1280,"height":853,"url":"https:\/\/reflejodemichoacan.com\/wp-content\/uploads\/2026\/05\/IMG-20260430-WA0233.jpg","type":"image\/jpeg"}],"twitter_card":"summary_large_image","twitter_misc":{"Escrito por":"Aurora","Tiempo de lectura":"2 minutos"},"schema":{"@context":"https:\/\/schema.org","@graph":[{"@type":"WebSite","@id":"https:\/\/reflejodemichoacan.com\/#website","url":"https:\/\/reflejodemichoacan.com\/","name":"Reflejo de Michoac\u00e1n","description":"Medio de comunicaci\u00f3n impreso y digital al servicio de la regi\u00f3n lacustre y Michoac\u00e1n.","potentialAction":[{"@type":"SearchAction","target":{"@type":"EntryPoint","urlTemplate":"https:\/\/reflejodemichoacan.com\/?s={search_term_string}"},"query-input":"required name=search_term_string"}],"inLanguage":"es-MX"},{"@type":"ImageObject","@id":"https:\/\/reflejodemichoacan.com\/index.php\/2026\/05\/01\/congreso-del-estado-aproba-reforma-impulsada-por-vanhe-caratachea-para-garantizar-que-la-infancia-tenga-voz-en-los-ayuntamientos\/#primaryimage","inLanguage":"es-MX","url":"https:\/\/reflejodemichoacan.com\/wp-content\/uploads\/2026\/05\/IMG-20260430-WA0233.jpg","contentUrl":"https:\/\/reflejodemichoacan.com\/wp-content\/uploads\/2026\/05\/IMG-20260430-WA0233.jpg","width":1280,"height":853},{"@type":"WebPage","@id":"https:\/\/reflejodemichoacan.com\/index.php\/2026\/05\/01\/congreso-del-estado-aproba-reforma-impulsada-por-vanhe-caratachea-para-garantizar-que-la-infancia-tenga-voz-en-los-ayuntamientos\/#webpage","url":"https:\/\/reflejodemichoacan.com\/index.php\/2026\/05\/01\/congreso-del-estado-aproba-reforma-impulsada-por-vanhe-caratachea-para-garantizar-que-la-infancia-tenga-voz-en-los-ayuntamientos\/","name":"Congreso del Estado aproba reforma impulsada por Vanhe Caratachea para garantizar que la infancia tenga voz en los ayuntamientos - Reflejo de Michoac\u00e1n","isPartOf":{"@id":"https:\/\/reflejodemichoacan.com\/#website"},"primaryImageOfPage":{"@id":"https:\/\/reflejodemichoacan.com\/index.php\/2026\/05\/01\/congreso-del-estado-aproba-reforma-impulsada-por-vanhe-caratachea-para-garantizar-que-la-infancia-tenga-voz-en-los-ayuntamientos\/#primaryimage"},"datePublished":"2026-05-01T01:29:41+00:00","dateModified":"2026-05-01T01:29:42+00:00","author":{"@id":"https:\/\/reflejodemichoacan.com\/#\/schema\/person\/72d921e8fe99bd6e2e39bcde8995046f"},"breadcrumb":{"@id":"https:\/\/reflejodemichoacan.com\/index.php\/2026\/05\/01\/congreso-del-estado-aproba-reforma-impulsada-por-vanhe-caratachea-para-garantizar-que-la-infancia-tenga-voz-en-los-ayuntamientos\/#breadcrumb"},"inLanguage":"es-MX","potentialAction":[{"@type":"ReadAction","target":["https:\/\/reflejodemichoacan.com\/index.php\/2026\/05\/01\/congreso-del-estado-aproba-reforma-impulsada-por-vanhe-caratachea-para-garantizar-que-la-infancia-tenga-voz-en-los-ayuntamientos\/"]}]},{"@type":"BreadcrumbList","@id":"https:\/\/reflejodemichoacan.com\/index.php\/2026\/05\/01\/congreso-del-estado-aproba-reforma-impulsada-por-vanhe-caratachea-para-garantizar-que-la-infancia-tenga-voz-en-los-ayuntamientos\/#breadcrumb","itemListElement":[{"@type":"ListItem","position":1,"name":"Inicio","item":"https:\/\/reflejodemichoacan.com\/"},{"@type":"ListItem","position":2,"name":"Congreso del Estado aproba reforma impulsada por Vanhe Caratachea para garantizar que la infancia tenga voz en los ayuntamientos"}]},{"@type":"Person","@id":"https:\/\/reflejodemichoacan.com\/#\/schema\/person\/72d921e8fe99bd6e2e39bcde8995046f","name":"Aurora","image":{"@type":"ImageObject","@id":"https:\/\/reflejodemichoacan.com\/#personlogo","inLanguage":"es-MX","url":"https:\/\/secure.gravatar.com\/avatar\/df5ceb9b998be27b25dd258a6b4b0a95?s=96&d=mm&r=g","contentUrl":"https:\/\/secure.gravatar.com\/avatar\/df5ceb9b998be27b25dd258a6b4b0a95?s=96&d=mm&r=g","caption":"Aurora"},"sameAs":["http:\/\/reflejodemichoacan.com"],"url":"https:\/\/reflejodemichoacan.com\/index.php\/author\/rixwm7qvsq\/"}]}},"_links":{"self":[{"href":"https:\/\/reflejodemichoacan.com\/index.php\/wp-json\/wp\/v2\/posts\/19311"}],"collection":[{"href":"https:\/\/reflejodemichoacan.com\/index.php\/wp-json\/wp\/v2\/posts"}],"about":[{"href":"https:\/\/reflejodemichoacan.com\/index.php\/wp-json\/wp\/v2\/types\/post"}],"author":[{"embeddable":true,"href":"https:\/\/reflejodemichoacan.com\/index.php\/wp-json\/wp\/v2\/users\/1"}],"replies":[{"embeddable":true,"href":"https:\/\/reflejodemichoacan.com\/index.php\/wp-json\/wp\/v2\/comments?post=19311"}],"version-history":[{"count":1,"href":"https:\/\/reflejodemichoacan.com\/index.php\/wp-json\/wp\/v2\/posts\/19311\/revisions"}],"predecessor-version":[{"id":19313,"href":"https:\/\/reflejodemichoacan.com\/index.php\/wp-json\/wp\/v2\/posts\/19311\/revisions\/19313"}],"wp:featuredmedia":[{"embeddable":true,"href":"https:\/\/reflejodemichoacan.com\/index.php\/wp-json\/wp\/v2\/media\/19312"}],"wp:attachment":[{"href":"https:\/\/reflejodemichoacan.com\/index.php\/wp-json\/wp\/v2\/media?parent=19311"}],"wp:term":[{"taxonomy":"category","embeddable":true,"href":"https:\/\/reflejodemichoacan.com\/index.php\/wp-json\/wp\/v2\/categories?post=19311"},{"taxonomy":"post_tag","embeddable":true,"href":"https:\/\/reflejodemichoacan.com\/index.php\/wp-json\/wp\/v2\/tags?post=19311"}],"curies":[{"name":"wp","href":"https:\/\/api.w.org\/{rel}","templated":true}]}}