{"id":7473,"date":"2022-01-24T17:02:56","date_gmt":"2022-01-24T17:02:56","guid":{"rendered":"https:\/\/reflejodemichoacan.com\/?p=7473"},"modified":"2022-01-24T17:02:58","modified_gmt":"2022-01-24T17:02:58","slug":"dona-maria-luisa-martinez","status":"publish","type":"post","link":"https:\/\/reflejodemichoacan.com\/index.php\/2022\/01\/24\/dona-maria-luisa-martinez\/","title":{"rendered":"DO\u00d1A MAR\u00cdA LUISA MART\u00cdNEZ."},"content":{"rendered":"\n<p><\/p>\n\n\n\n<p>&nbsp;&nbsp;&nbsp;&nbsp;&nbsp;&nbsp;&nbsp;&nbsp;&nbsp;&nbsp;&nbsp;&nbsp;&nbsp;&nbsp;&nbsp;&nbsp;&nbsp;&nbsp;&nbsp;&nbsp;&nbsp;&nbsp;&nbsp;&nbsp;&nbsp;&nbsp;&nbsp;&nbsp;&nbsp;&nbsp;&nbsp;&nbsp;&nbsp;&nbsp;&nbsp;&nbsp;&nbsp;&nbsp;&nbsp;&nbsp;&nbsp;&nbsp;&nbsp;&nbsp;&nbsp;&nbsp;&nbsp;&nbsp;&nbsp;&nbsp;&nbsp;&nbsp;&nbsp;&nbsp;&nbsp;&nbsp;&nbsp;&nbsp;&nbsp;&nbsp;&nbsp;&nbsp;&nbsp;&nbsp;&nbsp;&nbsp;&nbsp;&nbsp;&nbsp;&nbsp;&nbsp;&nbsp;&nbsp;&nbsp;&nbsp;&nbsp;&nbsp;&nbsp;&nbsp;&nbsp;&nbsp;&nbsp;&nbsp;&nbsp;&nbsp;&nbsp;&nbsp;&nbsp;&nbsp;&nbsp;&nbsp;&nbsp;&nbsp;&nbsp;&nbsp;&nbsp;&nbsp;&nbsp;&nbsp;&nbsp;&nbsp;&nbsp;&nbsp;&nbsp;&nbsp;&nbsp;&nbsp;&nbsp;&nbsp;&nbsp;&nbsp;&nbsp;&nbsp;&nbsp;&nbsp;&nbsp;&nbsp;&nbsp;&nbsp;&nbsp;&nbsp;&nbsp;&nbsp;&nbsp; Alma Gloria Ch\u00e1vez.<\/p>\n\n\n\n<p>&nbsp;&nbsp;&nbsp;&nbsp;&nbsp;&nbsp; En la d\u00e9cada de los noventa, durante un homenaje realizado en Erongar\u00edcuaro, conmemorando el aniversario luctuoso de do\u00f1a Mar\u00eda Luisa Mart\u00ednez de Garc\u00eda Rojas, alguien que se present\u00f3 como descendiente de tan ilustre mujer, me entreg\u00f3 una copia de lo que en esa ocasi\u00f3n ley\u00f3 ante la escasa concurrencia.&nbsp; Hoy que reci\u00e9n conmemoramos un aniversario m\u00e1s (17 de enero de 1817) del fusilamiento de la mujer a la que se le reconoce como \u201cLa Patriota de Erongar\u00edcuaro\u201d, tomo la licencia de compartir para ustedes fragmentos de lo que este an\u00f3nimo personaje, con modestia, sin mayor alarde, escribi\u00f3 para homenajear a la valerosa mujer que particip\u00f3 en la gesta independentista.<\/p>\n\n\n\n<p>&nbsp;&nbsp;&nbsp;&nbsp;&nbsp;&nbsp; \u201cElla naci\u00f3 en el hermoso y pintoresco pueblo de Erongar\u00edcuaro, ribere\u00f1o del lago de P\u00e1tzcuaro, en Michoac\u00e1n, el d\u00eda 21 de junio de 1780, \u00e9poca Virreynal, lugar en donde se educ\u00f3 y contrajo matrimonio con Esteban Garc\u00eda Rojas, en 1797.&nbsp; A \u00e9l le llamaban \u201cEl Jaranero\u201d, porque vend\u00eda jaranas de manufactura artesanal local, en su tienda de abarrotes de demanda com\u00fan: como cerillos, velas, ocote, az\u00facar, ma\u00edz, frijol y enseres para la agricultura, que tambi\u00e9n empleaba para el cultivo de sus tierras de labor.&nbsp; Aquel joven matrimonio tuvo cuatro hijos: Esteban , Cris\u00f3stomo, Genoveva y Luisa.<\/p>\n\n\n\n<p>&nbsp;&nbsp;&nbsp;&nbsp;&nbsp;&nbsp;&nbsp; Hasta esta peque\u00f1a poblaci\u00f3n, llegaron noticias de lo ocurrido en 1810, cuando el cura Miguel Hidalgo proclam\u00f3 la lucha por la Independencia de M\u00e9xico y la joven pareja sigui\u00f3 con simpat\u00eda los acontecimientos que ten\u00edan como finalidad, liberar de la opresi\u00f3n colonial a la gente del com\u00fan, v\u00edctima del racismo, del clasismo y de una explotaci\u00f3n desmedida.&nbsp; Supieron de los triunfos de los insurgentes y se enteraban tambi\u00e9n de sus fracasos, que en los a\u00f1os 1811 a 1814, ya eran alarmantes.&nbsp; Ante esta situaci\u00f3n, el matrimonio Garc\u00eda Rojas Mart\u00ednez decidi\u00f3 tomar parte en la lucha y as\u00ed principiaron ayudando a los guerrilleros de la regi\u00f3n, con dinero y v\u00edveres; pero como la mayor\u00eda de lugare\u00f1os simpatizaba con los realistas, ella, la se\u00f1ora Luisa Mart\u00ednez de Garc\u00eda Rojas, aparentando llevar bastimento a don Esteban, cruzando a caballo por sus terrenos, se internaba en la sierra, para hacer llegar v\u00edveres, dinero e informaci\u00f3n a los guerrilleros insurgentes, sin temor a los riesgos de ser sorprendida por los realistas.<\/p>\n\n\n\n<p>&nbsp;&nbsp;&nbsp;&nbsp;&nbsp;&nbsp; El 21 de marzo de 1811, hab\u00eda sido fusilado Indalesio Allende (hermano de Ignacio); el 26 de junio siguiente, hab\u00eda sido tambi\u00e9n fusilado Juan Aldama, junto con Ignacio Allende y Mariano Jim\u00e9nez, en Chihuahua, y all\u00ed mismo, don Miguel Hidalgo, el 30 de julio.&nbsp; 1812 tambi\u00e9n fue adverso para la causa insurgente: el 23 de marzo fue ahorcado y descuartizado Jos\u00e9 Antonio Torres, quien, el 11 de noviembre de 1810 hab\u00eda tomado la ciudad de Guadalajara; Albino Garc\u00eda hab\u00eda sido fusilado el 8 de junio y el 2 de octubre fue muerto en Tepeaca, Valerio Trujano, llevando alimentos a las tropas de Jos\u00e9 Mar\u00eda Morelos.<\/p>\n\n\n\n<p>&nbsp;&nbsp;&nbsp;&nbsp;&nbsp;&nbsp; Ya en 1814, el 3 de febrero en Valladolid (hoy Morelia), Iturbide hab\u00eda fusilado a Mariano Matamoros; pocos d\u00edas despu\u00e9s, Juan Nepomuceno Ros\u00e1ins, que hab\u00eda sido cercano a Morelos, se acog\u00eda al indulto; el 22 de junio decapitaron a don Hermenegildo Galeana, en Coyuca, Gro. Y el 19 de octubre fusilaron a Miguel Bravo, en Apam.<\/p>\n\n\n\n<p>&nbsp;&nbsp;&nbsp;&nbsp;&nbsp;&nbsp; De todo esto, que atemoriz\u00f3 a muchos y que hizo acogerse al indulto a otros, nada hizo cambiar la valent\u00eda de aquella mujer, a quien ya le llamaban \u201cLa Patriota\u201d, porque sus acciones eran ya reconocidas por todos quienes simpatizaban por la causa independentista.<\/p>\n\n\n\n<p>&nbsp;&nbsp;&nbsp;&nbsp;&nbsp;&nbsp; Habiendo sorprendida por los realistas, Luisa Mart\u00ednez de Garc\u00eda Rojas fue capturada y puesta en prisi\u00f3n, cobr\u00e1ndosele una fuerte suma, que pag\u00f3 don Esteban, para obtener la libertad de su esposa.&nbsp; No obstante tanta adversidad, ella no ces\u00f3 en sus actividades y por ello, pronto fue nuevamente capturada y para liberarla, exigieron los realistas otra fuerte cantidad como multa a don Esteban.&nbsp; A\u00fan as\u00ed, ni \u00e9l ni do\u00f1a Luisa suspendieron su ayuda a los insurgentes, ni se atemorizaron jam\u00e1s, sino al contrario, con mayores br\u00edos y con renovado empe\u00f1o, continuaron en su prop\u00f3sito, no obstante que sab\u00edan ya de la muerte del General Morelos, quien fue ejecutado el 22 de diciembre de 1815, en San Crist\u00f3bal Ecatepec.<\/p>\n\n\n\n<p>&nbsp;&nbsp;&nbsp;&nbsp;&nbsp;&nbsp; Durante 1816, no se registraron acontecimientos de importancia, como si ambos contendientes hubieran acordado una tregua para reorganizarse.&nbsp; Pero iniciando el a\u00f1o 1817, se reanudaron las hostilidades, y as\u00ed, el 7 de enero, los realistas tomaron el Fuerte de C\u00f3poro, frente a Jungapeo, al capitular Ram\u00f3n Ray\u00f3n.<\/p>\n\n\n\n<p>&nbsp;&nbsp;&nbsp;&nbsp;&nbsp;&nbsp; En tanto, en esta regi\u00f3n del lago, Luisa Mart\u00ednez de Garc\u00eda Rojas hab\u00eda sido sorprendida, encarcelada y multada por tercera&nbsp; y cuarta vez, pero en esta \u00faltima ocasi\u00f3n ya su esposo, don Esteban, que hab\u00eda vendido la tienda y sus tierras de cultivo en la tercera vez que logr\u00f3 liberar a su valiente esposa, al no poder solventar la exagerada suma que exig\u00edan los realistas por liberarla, ella fue sentenciada a la pena de muerte, como se le hab\u00eda advertido si continuaba ayudando a los insurgentes, lo cual no la hizo cambiar en su noble prop\u00f3sito.<\/p>\n\n\n\n<p>&nbsp;&nbsp;&nbsp;&nbsp;&nbsp;&nbsp; Y as\u00ed, al ser conducida para su ejecuci\u00f3n, do\u00f1a Mar\u00eda Luisa se dirigi\u00f3 con valor y energ\u00eda al jefe realista, para decirle: \u2018Por qu\u00e9 tan obstinada persecuci\u00f3n contra m\u00ed?&#8230; tengo derecho a hacer cuanto pueda en favor de mi patria, porque soy mexicana. No creo cometer ninguna falta con mi conducta, sino cumplir con mi deber\u2019.&nbsp; El jefe realista, Pedro Celestino Negrete, guard\u00f3 silencio moment\u00e1neamente, antes de pronunciar su orden de ejecuci\u00f3n.<\/p>\n\n\n\n<p>&nbsp;&nbsp;&nbsp;&nbsp;&nbsp;&nbsp; All\u00ed, en el atrio del Templo de Erongar\u00edcuaro, Michoac\u00e1n, cay\u00f3 envuelta en la gloria de nuestra historia, la valiente hero\u00edna Luisa Mart\u00ednez de Garc\u00eda Rojas, el 17 de enero de 1817.<\/p>\n\n\n\n<p>&nbsp;&nbsp;&nbsp;&nbsp;&nbsp;&nbsp; Su esposo, don Esteban, ya sin ninguna posesi\u00f3n, parti\u00f3 con sus hijos al vecino pueblo de Tanganc\u00edcuaro, donde reinici\u00f3 actividades de trabajo, que le permitieron dar a sus hijos buena escolaridad y las comodidades a que estaban acostumbrados, adem\u00e1s de conservar, como parte importante de su vida familiar, la honra y el reconocimiento de las ejemplares acciones de sus padres.<\/p>\n\n\n\n<p>&nbsp;&nbsp;&nbsp;&nbsp;&nbsp;&nbsp; La historia registra, como se asienta en el peri\u00f3dico oficial del Estado de Michoac\u00e1n, del 8 de enero de 1893, que ella, Luisa \u201cLa Patriota\u201d, \u2018\u2026era una mujer bonita, esposa de un jaranero, que les dec\u00eda su precio a los gachupines y que muri\u00f3 por la independencia.\u201d<\/p>\n\n\n\n<p>&nbsp;&nbsp;&nbsp;&nbsp;&nbsp;&nbsp;&nbsp; Conservo tambi\u00e9n copia de un art\u00edculo publicado en La Voz de Chicago, en septiembre de 1990, titulado \u201cHeroica Independencia de M\u00e9xico\u201d y cuya autor\u00eda es Guillermo Garc\u00eda Rojas, seguramente aquel an\u00f3nimo descendiente de do\u00f1a Luisa, a quien debo esta remembranza.<\/p>\n","protected":false},"excerpt":{"rendered":"<p>&nbsp;&nbsp;&nbsp;&nbsp;&nbsp;&nbsp;&nbsp;&nbsp;&nbsp;&nbsp;&nbsp;&nbsp;&nbsp;&nbsp;&nbsp;&nbsp;&nbsp;&nbsp;&nbsp;&nbsp;&nbsp;&nbsp;&nbsp;&nbsp;&nbsp;&nbsp;&nbsp;&nbsp;&nbsp;&nbsp;&nbsp;&nbsp;&nbsp;&nbsp;&nbsp;&nbsp;&nbsp;&nbsp;&nbsp;&nbsp;&nbsp;&nbsp;&nbsp;&nbsp;&nbsp;&nbsp;&nbsp;&nbsp;&nbsp;&nbsp;&nbsp;&nbsp;&nbsp;&nbsp;&nbsp;&nbsp;&nbsp;&nbsp;&nbsp;&nbsp;&nbsp;&nbsp;&nbsp;&nbsp;&nbsp;&nbsp;&nbsp;&nbsp;&nbsp;&nbsp;&nbsp;&nbsp;&nbsp;&nbsp;&nbsp;&nbsp;&nbsp;&nbsp;&nbsp;&nbsp;&nbsp;&nbsp;&nbsp;&nbsp;&nbsp;&nbsp;&nbsp;&nbsp;&nbsp;&nbsp;&nbsp;&nbsp;&nbsp;&nbsp;&nbsp;&nbsp;&nbsp;&nbsp;&nbsp;&nbsp;&nbsp;&nbsp;&nbsp;&nbsp;&nbsp;&nbsp;&nbsp;&nbsp;&nbsp;&nbsp;&nbsp;&nbsp;&nbsp;&nbsp;&nbsp;&nbsp;&nbsp;&nbsp;&nbsp;&nbsp;&nbsp;&nbsp;&nbsp;&nbsp; Alma Gloria Ch\u00e1vez. &nbsp;&nbsp;&nbsp;&nbsp;&nbsp;&nbsp; En la d\u00e9cada de los noventa, durante un homenaje realizado en Erongar\u00edcuaro, conmemorando el aniversario luctuoso de do\u00f1a Mar\u00eda Luisa Mart\u00ednez de Garc\u00eda Rojas, alguien que se present\u00f3 como descendiente de tan ilustre mujer, me entreg\u00f3 una copia de lo que en esa ocasi\u00f3n ley\u00f3 ante la escasa concurrencia.&nbsp; Hoy [&hellip;]<\/p>\n","protected":false},"author":1,"featured_media":7474,"comment_status":"open","ping_status":"closed","sticky":false,"template":"","format":"standard","meta":[],"categories":[1],"tags":[],"yoast_head":"<!-- This site is optimized with the Yoast SEO plugin v17.9 - https:\/\/yoast.com\/wordpress\/plugins\/seo\/ -->\n<title>DO\u00d1A MAR\u00cdA LUISA MART\u00cdNEZ. - Reflejo de Michoac\u00e1n<\/title>\n<meta name=\"robots\" content=\"index, follow, max-snippet:-1, max-image-preview:large, max-video-preview:-1\" \/>\n<link rel=\"canonical\" href=\"https:\/\/reflejodemichoacan.com\/index.php\/2022\/01\/24\/dona-maria-luisa-martinez\/\" \/>\n<meta property=\"og:locale\" content=\"es_MX\" \/>\n<meta property=\"og:type\" content=\"article\" \/>\n<meta property=\"og:title\" content=\"DO\u00d1A MAR\u00cdA LUISA MART\u00cdNEZ. - Reflejo de Michoac\u00e1n\" \/>\n<meta property=\"og:description\" content=\"&nbsp;&nbsp;&nbsp;&nbsp;&nbsp;&nbsp;&nbsp;&nbsp;&nbsp;&nbsp;&nbsp;&nbsp;&nbsp;&nbsp;&nbsp;&nbsp;&nbsp;&nbsp;&nbsp;&nbsp;&nbsp;&nbsp;&nbsp;&nbsp;&nbsp;&nbsp;&nbsp;&nbsp;&nbsp;&nbsp;&nbsp;&nbsp;&nbsp;&nbsp;&nbsp;&nbsp;&nbsp;&nbsp;&nbsp;&nbsp;&nbsp;&nbsp;&nbsp;&nbsp;&nbsp;&nbsp;&nbsp;&nbsp;&nbsp;&nbsp;&nbsp;&nbsp;&nbsp;&nbsp;&nbsp;&nbsp;&nbsp;&nbsp;&nbsp;&nbsp;&nbsp;&nbsp;&nbsp;&nbsp;&nbsp;&nbsp;&nbsp;&nbsp;&nbsp;&nbsp;&nbsp;&nbsp;&nbsp;&nbsp;&nbsp;&nbsp;&nbsp;&nbsp;&nbsp;&nbsp;&nbsp;&nbsp;&nbsp;&nbsp;&nbsp;&nbsp;&nbsp;&nbsp;&nbsp;&nbsp;&nbsp;&nbsp;&nbsp;&nbsp;&nbsp;&nbsp;&nbsp;&nbsp;&nbsp;&nbsp;&nbsp;&nbsp;&nbsp;&nbsp;&nbsp;&nbsp;&nbsp;&nbsp;&nbsp;&nbsp;&nbsp;&nbsp;&nbsp;&nbsp;&nbsp;&nbsp;&nbsp;&nbsp;&nbsp;&nbsp;&nbsp;&nbsp;&nbsp;&nbsp; Alma Gloria Ch\u00e1vez. &nbsp;&nbsp;&nbsp;&nbsp;&nbsp;&nbsp; En la d\u00e9cada de los noventa, durante un homenaje realizado en Erongar\u00edcuaro, conmemorando el aniversario luctuoso de do\u00f1a Mar\u00eda Luisa Mart\u00ednez de Garc\u00eda Rojas, alguien que se present\u00f3 como descendiente de tan ilustre mujer, me entreg\u00f3 una copia de lo que en esa ocasi\u00f3n ley\u00f3 ante la escasa concurrencia.&nbsp; Hoy [&hellip;]\" \/>\n<meta property=\"og:url\" content=\"https:\/\/reflejodemichoacan.com\/index.php\/2022\/01\/24\/dona-maria-luisa-martinez\/\" \/>\n<meta property=\"og:site_name\" content=\"Reflejo de Michoac\u00e1n\" \/>\n<meta property=\"article:published_time\" content=\"2022-01-24T17:02:56+00:00\" \/>\n<meta property=\"article:modified_time\" content=\"2022-01-24T17:02:58+00:00\" \/>\n<meta property=\"og:image\" content=\"https:\/\/reflejodemichoacan.com\/wp-content\/uploads\/2022\/01\/luisa.jpg\" \/>\n\t<meta property=\"og:image:width\" content=\"476\" \/>\n\t<meta property=\"og:image:height\" content=\"407\" \/>\n\t<meta property=\"og:image:type\" content=\"image\/jpeg\" \/>\n<meta name=\"twitter:card\" content=\"summary_large_image\" \/>\n<meta name=\"twitter:label1\" content=\"Escrito por\" \/>\n\t<meta name=\"twitter:data1\" content=\"Aurora\" \/>\n\t<meta name=\"twitter:label2\" content=\"Tiempo de lectura\" \/>\n\t<meta name=\"twitter:data2\" content=\"6 minutos\" \/>\n<script type=\"application\/ld+json\" class=\"yoast-schema-graph\">{\"@context\":\"https:\/\/schema.org\",\"@graph\":[{\"@type\":\"WebSite\",\"@id\":\"https:\/\/reflejodemichoacan.com\/#website\",\"url\":\"https:\/\/reflejodemichoacan.com\/\",\"name\":\"Reflejo de Michoac\\u00e1n\",\"description\":\"Medio de comunicaci\\u00f3n impreso y digital al servicio de la regi\\u00f3n lacustre y Michoac\\u00e1n.\",\"potentialAction\":[{\"@type\":\"SearchAction\",\"target\":{\"@type\":\"EntryPoint\",\"urlTemplate\":\"https:\/\/reflejodemichoacan.com\/?s={search_term_string}\"},\"query-input\":\"required name=search_term_string\"}],\"inLanguage\":\"es-MX\"},{\"@type\":\"ImageObject\",\"@id\":\"https:\/\/reflejodemichoacan.com\/index.php\/2022\/01\/24\/dona-maria-luisa-martinez\/#primaryimage\",\"inLanguage\":\"es-MX\",\"url\":\"https:\/\/reflejodemichoacan.com\/wp-content\/uploads\/2022\/01\/luisa.jpg\",\"contentUrl\":\"https:\/\/reflejodemichoacan.com\/wp-content\/uploads\/2022\/01\/luisa.jpg\",\"width\":476,\"height\":407},{\"@type\":\"WebPage\",\"@id\":\"https:\/\/reflejodemichoacan.com\/index.php\/2022\/01\/24\/dona-maria-luisa-martinez\/#webpage\",\"url\":\"https:\/\/reflejodemichoacan.com\/index.php\/2022\/01\/24\/dona-maria-luisa-martinez\/\",\"name\":\"DO\\u00d1A MAR\\u00cdA LUISA MART\\u00cdNEZ. - Reflejo de Michoac\\u00e1n\",\"isPartOf\":{\"@id\":\"https:\/\/reflejodemichoacan.com\/#website\"},\"primaryImageOfPage\":{\"@id\":\"https:\/\/reflejodemichoacan.com\/index.php\/2022\/01\/24\/dona-maria-luisa-martinez\/#primaryimage\"},\"datePublished\":\"2022-01-24T17:02:56+00:00\",\"dateModified\":\"2022-01-24T17:02:58+00:00\",\"author\":{\"@id\":\"https:\/\/reflejodemichoacan.com\/#\/schema\/person\/72d921e8fe99bd6e2e39bcde8995046f\"},\"breadcrumb\":{\"@id\":\"https:\/\/reflejodemichoacan.com\/index.php\/2022\/01\/24\/dona-maria-luisa-martinez\/#breadcrumb\"},\"inLanguage\":\"es-MX\",\"potentialAction\":[{\"@type\":\"ReadAction\",\"target\":[\"https:\/\/reflejodemichoacan.com\/index.php\/2022\/01\/24\/dona-maria-luisa-martinez\/\"]}]},{\"@type\":\"BreadcrumbList\",\"@id\":\"https:\/\/reflejodemichoacan.com\/index.php\/2022\/01\/24\/dona-maria-luisa-martinez\/#breadcrumb\",\"itemListElement\":[{\"@type\":\"ListItem\",\"position\":1,\"name\":\"Inicio\",\"item\":\"https:\/\/reflejodemichoacan.com\/\"},{\"@type\":\"ListItem\",\"position\":2,\"name\":\"DO\\u00d1A MAR\\u00cdA LUISA MART\\u00cdNEZ.\"}]},{\"@type\":\"Person\",\"@id\":\"https:\/\/reflejodemichoacan.com\/#\/schema\/person\/72d921e8fe99bd6e2e39bcde8995046f\",\"name\":\"Aurora\",\"image\":{\"@type\":\"ImageObject\",\"@id\":\"https:\/\/reflejodemichoacan.com\/#personlogo\",\"inLanguage\":\"es-MX\",\"url\":\"https:\/\/secure.gravatar.com\/avatar\/df5ceb9b998be27b25dd258a6b4b0a95?s=96&d=mm&r=g\",\"contentUrl\":\"https:\/\/secure.gravatar.com\/avatar\/df5ceb9b998be27b25dd258a6b4b0a95?s=96&d=mm&r=g\",\"caption\":\"Aurora\"},\"sameAs\":[\"http:\/\/reflejodemichoacan.com\"],\"url\":\"https:\/\/reflejodemichoacan.com\/index.php\/author\/rixwm7qvsq\/\"}]}<\/script>\n<!-- \/ Yoast SEO plugin. -->","yoast_head_json":{"title":"DO\u00d1A MAR\u00cdA LUISA MART\u00cdNEZ. - Reflejo de Michoac\u00e1n","robots":{"index":"index","follow":"follow","max-snippet":"max-snippet:-1","max-image-preview":"max-image-preview:large","max-video-preview":"max-video-preview:-1"},"canonical":"https:\/\/reflejodemichoacan.com\/index.php\/2022\/01\/24\/dona-maria-luisa-martinez\/","og_locale":"es_MX","og_type":"article","og_title":"DO\u00d1A MAR\u00cdA LUISA MART\u00cdNEZ. - Reflejo de Michoac\u00e1n","og_description":"&nbsp;&nbsp;&nbsp;&nbsp;&nbsp;&nbsp;&nbsp;&nbsp;&nbsp;&nbsp;&nbsp;&nbsp;&nbsp;&nbsp;&nbsp;&nbsp;&nbsp;&nbsp;&nbsp;&nbsp;&nbsp;&nbsp;&nbsp;&nbsp;&nbsp;&nbsp;&nbsp;&nbsp;&nbsp;&nbsp;&nbsp;&nbsp;&nbsp;&nbsp;&nbsp;&nbsp;&nbsp;&nbsp;&nbsp;&nbsp;&nbsp;&nbsp;&nbsp;&nbsp;&nbsp;&nbsp;&nbsp;&nbsp;&nbsp;&nbsp;&nbsp;&nbsp;&nbsp;&nbsp;&nbsp;&nbsp;&nbsp;&nbsp;&nbsp;&nbsp;&nbsp;&nbsp;&nbsp;&nbsp;&nbsp;&nbsp;&nbsp;&nbsp;&nbsp;&nbsp;&nbsp;&nbsp;&nbsp;&nbsp;&nbsp;&nbsp;&nbsp;&nbsp;&nbsp;&nbsp;&nbsp;&nbsp;&nbsp;&nbsp;&nbsp;&nbsp;&nbsp;&nbsp;&nbsp;&nbsp;&nbsp;&nbsp;&nbsp;&nbsp;&nbsp;&nbsp;&nbsp;&nbsp;&nbsp;&nbsp;&nbsp;&nbsp;&nbsp;&nbsp;&nbsp;&nbsp;&nbsp;&nbsp;&nbsp;&nbsp;&nbsp;&nbsp;&nbsp;&nbsp;&nbsp;&nbsp;&nbsp;&nbsp;&nbsp;&nbsp;&nbsp;&nbsp;&nbsp;&nbsp; Alma Gloria Ch\u00e1vez. &nbsp;&nbsp;&nbsp;&nbsp;&nbsp;&nbsp; En la d\u00e9cada de los noventa, durante un homenaje realizado en Erongar\u00edcuaro, conmemorando el aniversario luctuoso de do\u00f1a Mar\u00eda Luisa Mart\u00ednez de Garc\u00eda Rojas, alguien que se present\u00f3 como descendiente de tan ilustre mujer, me entreg\u00f3 una copia de lo que en esa ocasi\u00f3n ley\u00f3 ante la escasa concurrencia.&nbsp; Hoy [&hellip;]","og_url":"https:\/\/reflejodemichoacan.com\/index.php\/2022\/01\/24\/dona-maria-luisa-martinez\/","og_site_name":"Reflejo de Michoac\u00e1n","article_published_time":"2022-01-24T17:02:56+00:00","article_modified_time":"2022-01-24T17:02:58+00:00","og_image":[{"width":476,"height":407,"url":"https:\/\/reflejodemichoacan.com\/wp-content\/uploads\/2022\/01\/luisa.jpg","type":"image\/jpeg"}],"twitter_card":"summary_large_image","twitter_misc":{"Escrito por":"Aurora","Tiempo de lectura":"6 minutos"},"schema":{"@context":"https:\/\/schema.org","@graph":[{"@type":"WebSite","@id":"https:\/\/reflejodemichoacan.com\/#website","url":"https:\/\/reflejodemichoacan.com\/","name":"Reflejo de Michoac\u00e1n","description":"Medio de comunicaci\u00f3n impreso y digital al servicio de la regi\u00f3n lacustre y Michoac\u00e1n.","potentialAction":[{"@type":"SearchAction","target":{"@type":"EntryPoint","urlTemplate":"https:\/\/reflejodemichoacan.com\/?s={search_term_string}"},"query-input":"required name=search_term_string"}],"inLanguage":"es-MX"},{"@type":"ImageObject","@id":"https:\/\/reflejodemichoacan.com\/index.php\/2022\/01\/24\/dona-maria-luisa-martinez\/#primaryimage","inLanguage":"es-MX","url":"https:\/\/reflejodemichoacan.com\/wp-content\/uploads\/2022\/01\/luisa.jpg","contentUrl":"https:\/\/reflejodemichoacan.com\/wp-content\/uploads\/2022\/01\/luisa.jpg","width":476,"height":407},{"@type":"WebPage","@id":"https:\/\/reflejodemichoacan.com\/index.php\/2022\/01\/24\/dona-maria-luisa-martinez\/#webpage","url":"https:\/\/reflejodemichoacan.com\/index.php\/2022\/01\/24\/dona-maria-luisa-martinez\/","name":"DO\u00d1A MAR\u00cdA LUISA MART\u00cdNEZ. - Reflejo de Michoac\u00e1n","isPartOf":{"@id":"https:\/\/reflejodemichoacan.com\/#website"},"primaryImageOfPage":{"@id":"https:\/\/reflejodemichoacan.com\/index.php\/2022\/01\/24\/dona-maria-luisa-martinez\/#primaryimage"},"datePublished":"2022-01-24T17:02:56+00:00","dateModified":"2022-01-24T17:02:58+00:00","author":{"@id":"https:\/\/reflejodemichoacan.com\/#\/schema\/person\/72d921e8fe99bd6e2e39bcde8995046f"},"breadcrumb":{"@id":"https:\/\/reflejodemichoacan.com\/index.php\/2022\/01\/24\/dona-maria-luisa-martinez\/#breadcrumb"},"inLanguage":"es-MX","potentialAction":[{"@type":"ReadAction","target":["https:\/\/reflejodemichoacan.com\/index.php\/2022\/01\/24\/dona-maria-luisa-martinez\/"]}]},{"@type":"BreadcrumbList","@id":"https:\/\/reflejodemichoacan.com\/index.php\/2022\/01\/24\/dona-maria-luisa-martinez\/#breadcrumb","itemListElement":[{"@type":"ListItem","position":1,"name":"Inicio","item":"https:\/\/reflejodemichoacan.com\/"},{"@type":"ListItem","position":2,"name":"DO\u00d1A MAR\u00cdA LUISA MART\u00cdNEZ."}]},{"@type":"Person","@id":"https:\/\/reflejodemichoacan.com\/#\/schema\/person\/72d921e8fe99bd6e2e39bcde8995046f","name":"Aurora","image":{"@type":"ImageObject","@id":"https:\/\/reflejodemichoacan.com\/#personlogo","inLanguage":"es-MX","url":"https:\/\/secure.gravatar.com\/avatar\/df5ceb9b998be27b25dd258a6b4b0a95?s=96&d=mm&r=g","contentUrl":"https:\/\/secure.gravatar.com\/avatar\/df5ceb9b998be27b25dd258a6b4b0a95?s=96&d=mm&r=g","caption":"Aurora"},"sameAs":["http:\/\/reflejodemichoacan.com"],"url":"https:\/\/reflejodemichoacan.com\/index.php\/author\/rixwm7qvsq\/"}]}},"_links":{"self":[{"href":"https:\/\/reflejodemichoacan.com\/index.php\/wp-json\/wp\/v2\/posts\/7473"}],"collection":[{"href":"https:\/\/reflejodemichoacan.com\/index.php\/wp-json\/wp\/v2\/posts"}],"about":[{"href":"https:\/\/reflejodemichoacan.com\/index.php\/wp-json\/wp\/v2\/types\/post"}],"author":[{"embeddable":true,"href":"https:\/\/reflejodemichoacan.com\/index.php\/wp-json\/wp\/v2\/users\/1"}],"replies":[{"embeddable":true,"href":"https:\/\/reflejodemichoacan.com\/index.php\/wp-json\/wp\/v2\/comments?post=7473"}],"version-history":[{"count":1,"href":"https:\/\/reflejodemichoacan.com\/index.php\/wp-json\/wp\/v2\/posts\/7473\/revisions"}],"predecessor-version":[{"id":7475,"href":"https:\/\/reflejodemichoacan.com\/index.php\/wp-json\/wp\/v2\/posts\/7473\/revisions\/7475"}],"wp:featuredmedia":[{"embeddable":true,"href":"https:\/\/reflejodemichoacan.com\/index.php\/wp-json\/wp\/v2\/media\/7474"}],"wp:attachment":[{"href":"https:\/\/reflejodemichoacan.com\/index.php\/wp-json\/wp\/v2\/media?parent=7473"}],"wp:term":[{"taxonomy":"category","embeddable":true,"href":"https:\/\/reflejodemichoacan.com\/index.php\/wp-json\/wp\/v2\/categories?post=7473"},{"taxonomy":"post_tag","embeddable":true,"href":"https:\/\/reflejodemichoacan.com\/index.php\/wp-json\/wp\/v2\/tags?post=7473"}],"curies":[{"name":"wp","href":"https:\/\/api.w.org\/{rel}","templated":true}]}}