{"id":7485,"date":"2022-01-26T00:02:32","date_gmt":"2022-01-26T00:02:32","guid":{"rendered":"https:\/\/reflejodemichoacan.com\/?p=7485"},"modified":"2022-01-26T00:02:38","modified_gmt":"2022-01-26T00:02:38","slug":"iam-se-reune-con-reboceros-de-la-piedad","status":"publish","type":"post","link":"https:\/\/reflejodemichoacan.com\/index.php\/2022\/01\/26\/iam-se-reune-con-reboceros-de-la-piedad\/","title":{"rendered":"IAM se re\u00fane con reboceros de La Piedad"},"content":{"rendered":"\n<p><strong>\u00a0\u00a0<\/strong><\/p>\n\n\n\n<ul><li>El objetivo es invitarles a que participen en los concursos y muestras artesanales que organiza esta dependencia: C\u00e1stor Estrada Robles<\/li><\/ul>\n\n\n\n<p><strong>Morelia, Michoac\u00e1n, 25 de enero del 2022.-<\/strong>&nbsp;.El director general del Instituto del Artesano Michoacano (IAM), C\u00e1stor Estrada Robles, visit\u00f3 la \u201cCooperativa Textil Artesanal\u201d, en La Piedad, Michoac\u00e1n, donde se reuni\u00f3 con artesanas y artesanos de este lugar.<br><br>\u201cEl objetivo es que las artesanas y artesanos de esta cooperativa participen en los concursos y muestras artesanales que organizamos en el Instituto y ubiquen los programas que se trabajan es esta dependencia\u201d; se\u00f1al\u00f3 Estrada Robles.<br><br>El artesano, Librado Vicente Madrigal Tafolla, agradeci\u00f3 este acercamiento que tuvo el director general del IAM, para visitar su taller y conocer la forma en que trabaja esta cooperativa, quienes elaboran los rebozos de manera tradicional en telar de pedal, desde hace 58 a\u00f1os.<br><br>Agreg\u00f3 que esta cooperativa tiene ocho socios, quienes trabajan siempre en mejorar la calidad de sus piezas para mantenerse en el gusto de sus clientes, que principalmente comercializan con los estados de Ciudad de M\u00e9xico, Oaxaca, Chiapas, Morole\u00f3n, San Luis Potos\u00ed y Yucat\u00e1n.<br><br>Durante la visita al taller, realizaron una demostraci\u00f3n de la elaboraci\u00f3n de los tradicionales rebozos tejidos en telar de pedal.<\/p>\n","protected":false},"excerpt":{"rendered":"<p>\u00a0\u00a0 El objetivo es invitarles a que participen en los concursos y muestras artesanales que organiza esta dependencia: C\u00e1stor Estrada Robles Morelia, Michoac\u00e1n, 25 de enero del 2022.-&nbsp;.El director general del Instituto del Artesano Michoacano (IAM), C\u00e1stor Estrada Robles, visit\u00f3 la \u201cCooperativa Textil Artesanal\u201d, en La Piedad, Michoac\u00e1n, donde se reuni\u00f3 con artesanas y artesanos [&hellip;]<\/p>\n","protected":false},"author":1,"featured_media":7486,"comment_status":"open","ping_status":"closed","sticky":false,"template":"","format":"standard","meta":[],"categories":[1],"tags":[],"yoast_head":"<!-- This site is optimized with the Yoast SEO plugin v17.9 - https:\/\/yoast.com\/wordpress\/plugins\/seo\/ -->\n<title>IAM se re\u00fane con reboceros de La Piedad - Reflejo de Michoac\u00e1n<\/title>\n<meta name=\"robots\" content=\"index, follow, max-snippet:-1, max-image-preview:large, max-video-preview:-1\" \/>\n<link rel=\"canonical\" href=\"https:\/\/reflejodemichoacan.com\/index.php\/2022\/01\/26\/iam-se-reune-con-reboceros-de-la-piedad\/\" \/>\n<meta property=\"og:locale\" content=\"es_MX\" \/>\n<meta property=\"og:type\" content=\"article\" \/>\n<meta property=\"og:title\" content=\"IAM se re\u00fane con reboceros de La Piedad - Reflejo de Michoac\u00e1n\" \/>\n<meta property=\"og:description\" content=\"\u00a0\u00a0 El objetivo es invitarles a que participen en los concursos y muestras artesanales que organiza esta dependencia: C\u00e1stor Estrada Robles Morelia, Michoac\u00e1n, 25 de enero del 2022.-&nbsp;.El director general del Instituto del Artesano Michoacano (IAM), C\u00e1stor Estrada Robles, visit\u00f3 la \u201cCooperativa Textil Artesanal\u201d, en La Piedad, Michoac\u00e1n, donde se reuni\u00f3 con artesanas y artesanos [&hellip;]\" \/>\n<meta property=\"og:url\" content=\"https:\/\/reflejodemichoacan.com\/index.php\/2022\/01\/26\/iam-se-reune-con-reboceros-de-la-piedad\/\" \/>\n<meta property=\"og:site_name\" content=\"Reflejo de Michoac\u00e1n\" \/>\n<meta property=\"article:published_time\" content=\"2022-01-26T00:02:32+00:00\" \/>\n<meta property=\"article:modified_time\" content=\"2022-01-26T00:02:38+00:00\" \/>\n<meta property=\"og:image\" content=\"https:\/\/reflejodemichoacan.com\/wp-content\/uploads\/2022\/01\/rebozos.jpg\" \/>\n\t<meta property=\"og:image:width\" content=\"1200\" \/>\n\t<meta property=\"og:image:height\" content=\"1600\" \/>\n\t<meta property=\"og:image:type\" content=\"image\/jpeg\" \/>\n<meta name=\"twitter:card\" content=\"summary_large_image\" \/>\n<meta name=\"twitter:label1\" content=\"Escrito por\" \/>\n\t<meta name=\"twitter:data1\" content=\"Aurora\" \/>\n\t<meta name=\"twitter:label2\" content=\"Tiempo de lectura\" \/>\n\t<meta name=\"twitter:data2\" content=\"1 minuto\" \/>\n<script type=\"application\/ld+json\" class=\"yoast-schema-graph\">{\"@context\":\"https:\/\/schema.org\",\"@graph\":[{\"@type\":\"WebSite\",\"@id\":\"https:\/\/reflejodemichoacan.com\/#website\",\"url\":\"https:\/\/reflejodemichoacan.com\/\",\"name\":\"Reflejo de Michoac\\u00e1n\",\"description\":\"Medio de comunicaci\\u00f3n impreso y digital al servicio de la regi\\u00f3n lacustre y Michoac\\u00e1n.\",\"potentialAction\":[{\"@type\":\"SearchAction\",\"target\":{\"@type\":\"EntryPoint\",\"urlTemplate\":\"https:\/\/reflejodemichoacan.com\/?s={search_term_string}\"},\"query-input\":\"required name=search_term_string\"}],\"inLanguage\":\"es-MX\"},{\"@type\":\"ImageObject\",\"@id\":\"https:\/\/reflejodemichoacan.com\/index.php\/2022\/01\/26\/iam-se-reune-con-reboceros-de-la-piedad\/#primaryimage\",\"inLanguage\":\"es-MX\",\"url\":\"https:\/\/reflejodemichoacan.com\/wp-content\/uploads\/2022\/01\/rebozos.jpg\",\"contentUrl\":\"https:\/\/reflejodemichoacan.com\/wp-content\/uploads\/2022\/01\/rebozos.jpg\",\"width\":1200,\"height\":1600},{\"@type\":\"WebPage\",\"@id\":\"https:\/\/reflejodemichoacan.com\/index.php\/2022\/01\/26\/iam-se-reune-con-reboceros-de-la-piedad\/#webpage\",\"url\":\"https:\/\/reflejodemichoacan.com\/index.php\/2022\/01\/26\/iam-se-reune-con-reboceros-de-la-piedad\/\",\"name\":\"IAM se re\\u00fane con reboceros de La Piedad - Reflejo de Michoac\\u00e1n\",\"isPartOf\":{\"@id\":\"https:\/\/reflejodemichoacan.com\/#website\"},\"primaryImageOfPage\":{\"@id\":\"https:\/\/reflejodemichoacan.com\/index.php\/2022\/01\/26\/iam-se-reune-con-reboceros-de-la-piedad\/#primaryimage\"},\"datePublished\":\"2022-01-26T00:02:32+00:00\",\"dateModified\":\"2022-01-26T00:02:38+00:00\",\"author\":{\"@id\":\"https:\/\/reflejodemichoacan.com\/#\/schema\/person\/72d921e8fe99bd6e2e39bcde8995046f\"},\"breadcrumb\":{\"@id\":\"https:\/\/reflejodemichoacan.com\/index.php\/2022\/01\/26\/iam-se-reune-con-reboceros-de-la-piedad\/#breadcrumb\"},\"inLanguage\":\"es-MX\",\"potentialAction\":[{\"@type\":\"ReadAction\",\"target\":[\"https:\/\/reflejodemichoacan.com\/index.php\/2022\/01\/26\/iam-se-reune-con-reboceros-de-la-piedad\/\"]}]},{\"@type\":\"BreadcrumbList\",\"@id\":\"https:\/\/reflejodemichoacan.com\/index.php\/2022\/01\/26\/iam-se-reune-con-reboceros-de-la-piedad\/#breadcrumb\",\"itemListElement\":[{\"@type\":\"ListItem\",\"position\":1,\"name\":\"Inicio\",\"item\":\"https:\/\/reflejodemichoacan.com\/\"},{\"@type\":\"ListItem\",\"position\":2,\"name\":\"IAM se re\\u00fane con reboceros de La Piedad\"}]},{\"@type\":\"Person\",\"@id\":\"https:\/\/reflejodemichoacan.com\/#\/schema\/person\/72d921e8fe99bd6e2e39bcde8995046f\",\"name\":\"Aurora\",\"image\":{\"@type\":\"ImageObject\",\"@id\":\"https:\/\/reflejodemichoacan.com\/#personlogo\",\"inLanguage\":\"es-MX\",\"url\":\"https:\/\/secure.gravatar.com\/avatar\/df5ceb9b998be27b25dd258a6b4b0a95?s=96&d=mm&r=g\",\"contentUrl\":\"https:\/\/secure.gravatar.com\/avatar\/df5ceb9b998be27b25dd258a6b4b0a95?s=96&d=mm&r=g\",\"caption\":\"Aurora\"},\"sameAs\":[\"http:\/\/reflejodemichoacan.com\"],\"url\":\"https:\/\/reflejodemichoacan.com\/index.php\/author\/rixwm7qvsq\/\"}]}<\/script>\n<!-- \/ Yoast SEO plugin. -->","yoast_head_json":{"title":"IAM se re\u00fane con reboceros de La Piedad - Reflejo de Michoac\u00e1n","robots":{"index":"index","follow":"follow","max-snippet":"max-snippet:-1","max-image-preview":"max-image-preview:large","max-video-preview":"max-video-preview:-1"},"canonical":"https:\/\/reflejodemichoacan.com\/index.php\/2022\/01\/26\/iam-se-reune-con-reboceros-de-la-piedad\/","og_locale":"es_MX","og_type":"article","og_title":"IAM se re\u00fane con reboceros de La Piedad - Reflejo de Michoac\u00e1n","og_description":"\u00a0\u00a0 El objetivo es invitarles a que participen en los concursos y muestras artesanales que organiza esta dependencia: C\u00e1stor Estrada Robles Morelia, Michoac\u00e1n, 25 de enero del 2022.-&nbsp;.El director general del Instituto del Artesano Michoacano (IAM), C\u00e1stor Estrada Robles, visit\u00f3 la \u201cCooperativa Textil Artesanal\u201d, en La Piedad, Michoac\u00e1n, donde se reuni\u00f3 con artesanas y artesanos [&hellip;]","og_url":"https:\/\/reflejodemichoacan.com\/index.php\/2022\/01\/26\/iam-se-reune-con-reboceros-de-la-piedad\/","og_site_name":"Reflejo de Michoac\u00e1n","article_published_time":"2022-01-26T00:02:32+00:00","article_modified_time":"2022-01-26T00:02:38+00:00","og_image":[{"width":1200,"height":1600,"url":"https:\/\/reflejodemichoacan.com\/wp-content\/uploads\/2022\/01\/rebozos.jpg","type":"image\/jpeg"}],"twitter_card":"summary_large_image","twitter_misc":{"Escrito por":"Aurora","Tiempo de lectura":"1 minuto"},"schema":{"@context":"https:\/\/schema.org","@graph":[{"@type":"WebSite","@id":"https:\/\/reflejodemichoacan.com\/#website","url":"https:\/\/reflejodemichoacan.com\/","name":"Reflejo de Michoac\u00e1n","description":"Medio de comunicaci\u00f3n impreso y digital al servicio de la regi\u00f3n lacustre y Michoac\u00e1n.","potentialAction":[{"@type":"SearchAction","target":{"@type":"EntryPoint","urlTemplate":"https:\/\/reflejodemichoacan.com\/?s={search_term_string}"},"query-input":"required name=search_term_string"}],"inLanguage":"es-MX"},{"@type":"ImageObject","@id":"https:\/\/reflejodemichoacan.com\/index.php\/2022\/01\/26\/iam-se-reune-con-reboceros-de-la-piedad\/#primaryimage","inLanguage":"es-MX","url":"https:\/\/reflejodemichoacan.com\/wp-content\/uploads\/2022\/01\/rebozos.jpg","contentUrl":"https:\/\/reflejodemichoacan.com\/wp-content\/uploads\/2022\/01\/rebozos.jpg","width":1200,"height":1600},{"@type":"WebPage","@id":"https:\/\/reflejodemichoacan.com\/index.php\/2022\/01\/26\/iam-se-reune-con-reboceros-de-la-piedad\/#webpage","url":"https:\/\/reflejodemichoacan.com\/index.php\/2022\/01\/26\/iam-se-reune-con-reboceros-de-la-piedad\/","name":"IAM se re\u00fane con reboceros de La Piedad - Reflejo de Michoac\u00e1n","isPartOf":{"@id":"https:\/\/reflejodemichoacan.com\/#website"},"primaryImageOfPage":{"@id":"https:\/\/reflejodemichoacan.com\/index.php\/2022\/01\/26\/iam-se-reune-con-reboceros-de-la-piedad\/#primaryimage"},"datePublished":"2022-01-26T00:02:32+00:00","dateModified":"2022-01-26T00:02:38+00:00","author":{"@id":"https:\/\/reflejodemichoacan.com\/#\/schema\/person\/72d921e8fe99bd6e2e39bcde8995046f"},"breadcrumb":{"@id":"https:\/\/reflejodemichoacan.com\/index.php\/2022\/01\/26\/iam-se-reune-con-reboceros-de-la-piedad\/#breadcrumb"},"inLanguage":"es-MX","potentialAction":[{"@type":"ReadAction","target":["https:\/\/reflejodemichoacan.com\/index.php\/2022\/01\/26\/iam-se-reune-con-reboceros-de-la-piedad\/"]}]},{"@type":"BreadcrumbList","@id":"https:\/\/reflejodemichoacan.com\/index.php\/2022\/01\/26\/iam-se-reune-con-reboceros-de-la-piedad\/#breadcrumb","itemListElement":[{"@type":"ListItem","position":1,"name":"Inicio","item":"https:\/\/reflejodemichoacan.com\/"},{"@type":"ListItem","position":2,"name":"IAM se re\u00fane con reboceros de La Piedad"}]},{"@type":"Person","@id":"https:\/\/reflejodemichoacan.com\/#\/schema\/person\/72d921e8fe99bd6e2e39bcde8995046f","name":"Aurora","image":{"@type":"ImageObject","@id":"https:\/\/reflejodemichoacan.com\/#personlogo","inLanguage":"es-MX","url":"https:\/\/secure.gravatar.com\/avatar\/df5ceb9b998be27b25dd258a6b4b0a95?s=96&d=mm&r=g","contentUrl":"https:\/\/secure.gravatar.com\/avatar\/df5ceb9b998be27b25dd258a6b4b0a95?s=96&d=mm&r=g","caption":"Aurora"},"sameAs":["http:\/\/reflejodemichoacan.com"],"url":"https:\/\/reflejodemichoacan.com\/index.php\/author\/rixwm7qvsq\/"}]}},"_links":{"self":[{"href":"https:\/\/reflejodemichoacan.com\/index.php\/wp-json\/wp\/v2\/posts\/7485"}],"collection":[{"href":"https:\/\/reflejodemichoacan.com\/index.php\/wp-json\/wp\/v2\/posts"}],"about":[{"href":"https:\/\/reflejodemichoacan.com\/index.php\/wp-json\/wp\/v2\/types\/post"}],"author":[{"embeddable":true,"href":"https:\/\/reflejodemichoacan.com\/index.php\/wp-json\/wp\/v2\/users\/1"}],"replies":[{"embeddable":true,"href":"https:\/\/reflejodemichoacan.com\/index.php\/wp-json\/wp\/v2\/comments?post=7485"}],"version-history":[{"count":1,"href":"https:\/\/reflejodemichoacan.com\/index.php\/wp-json\/wp\/v2\/posts\/7485\/revisions"}],"predecessor-version":[{"id":7487,"href":"https:\/\/reflejodemichoacan.com\/index.php\/wp-json\/wp\/v2\/posts\/7485\/revisions\/7487"}],"wp:featuredmedia":[{"embeddable":true,"href":"https:\/\/reflejodemichoacan.com\/index.php\/wp-json\/wp\/v2\/media\/7486"}],"wp:attachment":[{"href":"https:\/\/reflejodemichoacan.com\/index.php\/wp-json\/wp\/v2\/media?parent=7485"}],"wp:term":[{"taxonomy":"category","embeddable":true,"href":"https:\/\/reflejodemichoacan.com\/index.php\/wp-json\/wp\/v2\/categories?post=7485"},{"taxonomy":"post_tag","embeddable":true,"href":"https:\/\/reflejodemichoacan.com\/index.php\/wp-json\/wp\/v2\/tags?post=7485"}],"curies":[{"name":"wp","href":"https:\/\/api.w.org\/{rel}","templated":true}]}}