{"id":7488,"date":"2022-01-26T00:06:55","date_gmt":"2022-01-26T00:06:55","guid":{"rendered":"https:\/\/reflejodemichoacan.com\/?p=7488"},"modified":"2022-01-26T00:06:59","modified_gmt":"2022-01-26T00:06:59","slug":"educacion-y-salud-prioridad-para-conalep-michoacan","status":"publish","type":"post","link":"https:\/\/reflejodemichoacan.com\/index.php\/2022\/01\/26\/educacion-y-salud-prioridad-para-conalep-michoacan\/","title":{"rendered":"Educaci\u00f3n y salud, prioridad para Conalep Michoac\u00e1n"},"content":{"rendered":"\n<p><br><strong>\u00a0\u00a0<\/strong><\/p>\n\n\n\n<ul><li>Conalep Michoac\u00e1n, al 100 por ciento de personal administrativo y docente vacunado<\/li><\/ul>\n\n\n\n<p><strong>Morelia, Michoac\u00e1n, 25&nbsp;de enero del 2022.-<\/strong>&nbsp;Las aulas permanecer\u00e1n abiertas para las y los alumnos del Colegio de Educaci\u00f3n Profesional T\u00e9cnica del Estado de Michoac\u00e1n (Conalep), de acuerdo a lo establecido en el decreto que public\u00f3 el Gobierno de Michoac\u00e1n para continuar con las actividades presenciales en nivel medio superior en tiempos de pandemia.<\/p>\n\n\n\n<p>Osvaldo Ruiz Ramirez, director general de Conalep Michoac\u00e1n, refrend\u00f3 su compromiso en materia de salud y educaci\u00f3n, ya que \u201cConalep Michoac\u00e1n priorizar\u00e1 la educaci\u00f3n con las medidas universales de prevenci\u00f3n, como es la sana distancia, saneamiento de espacios, uso de term\u00f3metro, lavado constante de manos y cubrebocas en cada uno de los planteles\u201d.<\/p>\n\n\n\n<p>Agreg\u00f3 que Conalep Michoac\u00e1n cuenta con un 100 por ciento de personal administrativo y docente vacunado que durante este mes de enero recibieron el refuerzo del biol\u00f3gico de Moderna contra el Covid 19.&nbsp;<\/p>\n\n\n\n<p>La m\u00e1xima autoridad de este subsistema respald\u00f3 las palabras del gobernador del estado, Alfredo Ram\u00edrez Bedolla, quien indic\u00f3 que el 90% de la poblaci\u00f3n michoacana mayor de 15 a\u00f1os ya se encuentra vacunada, adem\u00e1s de que Michoac\u00e1n se encuentra en sem\u00e1foro verde.&nbsp;<\/p>\n\n\n\n<p>Por ello no se escatimar\u00e1 en las medidas preventivas en los 13 planteles de Conalep Michoac\u00e1n, se pedir\u00e1 continuar con las medidas sanitarias dentro de las aulas y en el hogar, adem\u00e1s de la &nbsp;aplicaci\u00f3n del refuerzo de la vacuna.<\/p>\n","protected":false},"excerpt":{"rendered":"<p>\u00a0\u00a0 Conalep Michoac\u00e1n, al 100 por ciento de personal administrativo y docente vacunado Morelia, Michoac\u00e1n, 25&nbsp;de enero del 2022.-&nbsp;Las aulas permanecer\u00e1n abiertas para las y los alumnos del Colegio de Educaci\u00f3n Profesional T\u00e9cnica del Estado de Michoac\u00e1n (Conalep), de acuerdo a lo establecido en el decreto que public\u00f3 el Gobierno de Michoac\u00e1n para continuar con [&hellip;]<\/p>\n","protected":false},"author":1,"featured_media":7489,"comment_status":"open","ping_status":"closed","sticky":false,"template":"","format":"standard","meta":[],"categories":[1],"tags":[],"yoast_head":"<!-- This site is optimized with the Yoast SEO plugin v17.9 - https:\/\/yoast.com\/wordpress\/plugins\/seo\/ -->\n<title>Educaci\u00f3n y salud, prioridad para Conalep Michoac\u00e1n - Reflejo de Michoac\u00e1n<\/title>\n<meta name=\"robots\" content=\"index, follow, max-snippet:-1, max-image-preview:large, max-video-preview:-1\" \/>\n<link rel=\"canonical\" href=\"https:\/\/reflejodemichoacan.com\/index.php\/2022\/01\/26\/educacion-y-salud-prioridad-para-conalep-michoacan\/\" \/>\n<meta property=\"og:locale\" content=\"es_MX\" \/>\n<meta property=\"og:type\" content=\"article\" \/>\n<meta property=\"og:title\" content=\"Educaci\u00f3n y salud, prioridad para Conalep Michoac\u00e1n - Reflejo de Michoac\u00e1n\" \/>\n<meta property=\"og:description\" content=\"\u00a0\u00a0 Conalep Michoac\u00e1n, al 100 por ciento de personal administrativo y docente vacunado Morelia, Michoac\u00e1n, 25&nbsp;de enero del 2022.-&nbsp;Las aulas permanecer\u00e1n abiertas para las y los alumnos del Colegio de Educaci\u00f3n Profesional T\u00e9cnica del Estado de Michoac\u00e1n (Conalep), de acuerdo a lo establecido en el decreto que public\u00f3 el Gobierno de Michoac\u00e1n para continuar con [&hellip;]\" \/>\n<meta property=\"og:url\" content=\"https:\/\/reflejodemichoacan.com\/index.php\/2022\/01\/26\/educacion-y-salud-prioridad-para-conalep-michoacan\/\" \/>\n<meta property=\"og:site_name\" content=\"Reflejo de Michoac\u00e1n\" \/>\n<meta property=\"article:published_time\" content=\"2022-01-26T00:06:55+00:00\" \/>\n<meta property=\"article:modified_time\" content=\"2022-01-26T00:06:59+00:00\" \/>\n<meta property=\"og:image\" content=\"https:\/\/reflejodemichoacan.com\/wp-content\/uploads\/2022\/01\/educacion.jpg\" \/>\n\t<meta property=\"og:image:width\" content=\"1280\" \/>\n\t<meta property=\"og:image:height\" content=\"960\" \/>\n\t<meta property=\"og:image:type\" content=\"image\/jpeg\" \/>\n<meta name=\"twitter:card\" content=\"summary_large_image\" \/>\n<meta name=\"twitter:label1\" content=\"Escrito por\" \/>\n\t<meta name=\"twitter:data1\" content=\"Aurora\" \/>\n\t<meta name=\"twitter:label2\" content=\"Tiempo de lectura\" \/>\n\t<meta name=\"twitter:data2\" content=\"2 minutos\" \/>\n<script type=\"application\/ld+json\" class=\"yoast-schema-graph\">{\"@context\":\"https:\/\/schema.org\",\"@graph\":[{\"@type\":\"WebSite\",\"@id\":\"https:\/\/reflejodemichoacan.com\/#website\",\"url\":\"https:\/\/reflejodemichoacan.com\/\",\"name\":\"Reflejo de Michoac\\u00e1n\",\"description\":\"Medio de comunicaci\\u00f3n impreso y digital al servicio de la regi\\u00f3n lacustre y Michoac\\u00e1n.\",\"potentialAction\":[{\"@type\":\"SearchAction\",\"target\":{\"@type\":\"EntryPoint\",\"urlTemplate\":\"https:\/\/reflejodemichoacan.com\/?s={search_term_string}\"},\"query-input\":\"required name=search_term_string\"}],\"inLanguage\":\"es-MX\"},{\"@type\":\"ImageObject\",\"@id\":\"https:\/\/reflejodemichoacan.com\/index.php\/2022\/01\/26\/educacion-y-salud-prioridad-para-conalep-michoacan\/#primaryimage\",\"inLanguage\":\"es-MX\",\"url\":\"https:\/\/reflejodemichoacan.com\/wp-content\/uploads\/2022\/01\/educacion.jpg\",\"contentUrl\":\"https:\/\/reflejodemichoacan.com\/wp-content\/uploads\/2022\/01\/educacion.jpg\",\"width\":1280,\"height\":960},{\"@type\":\"WebPage\",\"@id\":\"https:\/\/reflejodemichoacan.com\/index.php\/2022\/01\/26\/educacion-y-salud-prioridad-para-conalep-michoacan\/#webpage\",\"url\":\"https:\/\/reflejodemichoacan.com\/index.php\/2022\/01\/26\/educacion-y-salud-prioridad-para-conalep-michoacan\/\",\"name\":\"Educaci\\u00f3n y salud, prioridad para Conalep Michoac\\u00e1n - Reflejo de Michoac\\u00e1n\",\"isPartOf\":{\"@id\":\"https:\/\/reflejodemichoacan.com\/#website\"},\"primaryImageOfPage\":{\"@id\":\"https:\/\/reflejodemichoacan.com\/index.php\/2022\/01\/26\/educacion-y-salud-prioridad-para-conalep-michoacan\/#primaryimage\"},\"datePublished\":\"2022-01-26T00:06:55+00:00\",\"dateModified\":\"2022-01-26T00:06:59+00:00\",\"author\":{\"@id\":\"https:\/\/reflejodemichoacan.com\/#\/schema\/person\/72d921e8fe99bd6e2e39bcde8995046f\"},\"breadcrumb\":{\"@id\":\"https:\/\/reflejodemichoacan.com\/index.php\/2022\/01\/26\/educacion-y-salud-prioridad-para-conalep-michoacan\/#breadcrumb\"},\"inLanguage\":\"es-MX\",\"potentialAction\":[{\"@type\":\"ReadAction\",\"target\":[\"https:\/\/reflejodemichoacan.com\/index.php\/2022\/01\/26\/educacion-y-salud-prioridad-para-conalep-michoacan\/\"]}]},{\"@type\":\"BreadcrumbList\",\"@id\":\"https:\/\/reflejodemichoacan.com\/index.php\/2022\/01\/26\/educacion-y-salud-prioridad-para-conalep-michoacan\/#breadcrumb\",\"itemListElement\":[{\"@type\":\"ListItem\",\"position\":1,\"name\":\"Inicio\",\"item\":\"https:\/\/reflejodemichoacan.com\/\"},{\"@type\":\"ListItem\",\"position\":2,\"name\":\"Educaci\\u00f3n y salud, prioridad para Conalep Michoac\\u00e1n\"}]},{\"@type\":\"Person\",\"@id\":\"https:\/\/reflejodemichoacan.com\/#\/schema\/person\/72d921e8fe99bd6e2e39bcde8995046f\",\"name\":\"Aurora\",\"image\":{\"@type\":\"ImageObject\",\"@id\":\"https:\/\/reflejodemichoacan.com\/#personlogo\",\"inLanguage\":\"es-MX\",\"url\":\"https:\/\/secure.gravatar.com\/avatar\/df5ceb9b998be27b25dd258a6b4b0a95?s=96&d=mm&r=g\",\"contentUrl\":\"https:\/\/secure.gravatar.com\/avatar\/df5ceb9b998be27b25dd258a6b4b0a95?s=96&d=mm&r=g\",\"caption\":\"Aurora\"},\"sameAs\":[\"http:\/\/reflejodemichoacan.com\"],\"url\":\"https:\/\/reflejodemichoacan.com\/index.php\/author\/rixwm7qvsq\/\"}]}<\/script>\n<!-- \/ Yoast SEO plugin. -->","yoast_head_json":{"title":"Educaci\u00f3n y salud, prioridad para Conalep Michoac\u00e1n - Reflejo de Michoac\u00e1n","robots":{"index":"index","follow":"follow","max-snippet":"max-snippet:-1","max-image-preview":"max-image-preview:large","max-video-preview":"max-video-preview:-1"},"canonical":"https:\/\/reflejodemichoacan.com\/index.php\/2022\/01\/26\/educacion-y-salud-prioridad-para-conalep-michoacan\/","og_locale":"es_MX","og_type":"article","og_title":"Educaci\u00f3n y salud, prioridad para Conalep Michoac\u00e1n - Reflejo de Michoac\u00e1n","og_description":"\u00a0\u00a0 Conalep Michoac\u00e1n, al 100 por ciento de personal administrativo y docente vacunado Morelia, Michoac\u00e1n, 25&nbsp;de enero del 2022.-&nbsp;Las aulas permanecer\u00e1n abiertas para las y los alumnos del Colegio de Educaci\u00f3n Profesional T\u00e9cnica del Estado de Michoac\u00e1n (Conalep), de acuerdo a lo establecido en el decreto que public\u00f3 el Gobierno de Michoac\u00e1n para continuar con [&hellip;]","og_url":"https:\/\/reflejodemichoacan.com\/index.php\/2022\/01\/26\/educacion-y-salud-prioridad-para-conalep-michoacan\/","og_site_name":"Reflejo de Michoac\u00e1n","article_published_time":"2022-01-26T00:06:55+00:00","article_modified_time":"2022-01-26T00:06:59+00:00","og_image":[{"width":1280,"height":960,"url":"https:\/\/reflejodemichoacan.com\/wp-content\/uploads\/2022\/01\/educacion.jpg","type":"image\/jpeg"}],"twitter_card":"summary_large_image","twitter_misc":{"Escrito por":"Aurora","Tiempo de lectura":"2 minutos"},"schema":{"@context":"https:\/\/schema.org","@graph":[{"@type":"WebSite","@id":"https:\/\/reflejodemichoacan.com\/#website","url":"https:\/\/reflejodemichoacan.com\/","name":"Reflejo de Michoac\u00e1n","description":"Medio de comunicaci\u00f3n impreso y digital al servicio de la regi\u00f3n lacustre y Michoac\u00e1n.","potentialAction":[{"@type":"SearchAction","target":{"@type":"EntryPoint","urlTemplate":"https:\/\/reflejodemichoacan.com\/?s={search_term_string}"},"query-input":"required name=search_term_string"}],"inLanguage":"es-MX"},{"@type":"ImageObject","@id":"https:\/\/reflejodemichoacan.com\/index.php\/2022\/01\/26\/educacion-y-salud-prioridad-para-conalep-michoacan\/#primaryimage","inLanguage":"es-MX","url":"https:\/\/reflejodemichoacan.com\/wp-content\/uploads\/2022\/01\/educacion.jpg","contentUrl":"https:\/\/reflejodemichoacan.com\/wp-content\/uploads\/2022\/01\/educacion.jpg","width":1280,"height":960},{"@type":"WebPage","@id":"https:\/\/reflejodemichoacan.com\/index.php\/2022\/01\/26\/educacion-y-salud-prioridad-para-conalep-michoacan\/#webpage","url":"https:\/\/reflejodemichoacan.com\/index.php\/2022\/01\/26\/educacion-y-salud-prioridad-para-conalep-michoacan\/","name":"Educaci\u00f3n y salud, prioridad para Conalep Michoac\u00e1n - Reflejo de Michoac\u00e1n","isPartOf":{"@id":"https:\/\/reflejodemichoacan.com\/#website"},"primaryImageOfPage":{"@id":"https:\/\/reflejodemichoacan.com\/index.php\/2022\/01\/26\/educacion-y-salud-prioridad-para-conalep-michoacan\/#primaryimage"},"datePublished":"2022-01-26T00:06:55+00:00","dateModified":"2022-01-26T00:06:59+00:00","author":{"@id":"https:\/\/reflejodemichoacan.com\/#\/schema\/person\/72d921e8fe99bd6e2e39bcde8995046f"},"breadcrumb":{"@id":"https:\/\/reflejodemichoacan.com\/index.php\/2022\/01\/26\/educacion-y-salud-prioridad-para-conalep-michoacan\/#breadcrumb"},"inLanguage":"es-MX","potentialAction":[{"@type":"ReadAction","target":["https:\/\/reflejodemichoacan.com\/index.php\/2022\/01\/26\/educacion-y-salud-prioridad-para-conalep-michoacan\/"]}]},{"@type":"BreadcrumbList","@id":"https:\/\/reflejodemichoacan.com\/index.php\/2022\/01\/26\/educacion-y-salud-prioridad-para-conalep-michoacan\/#breadcrumb","itemListElement":[{"@type":"ListItem","position":1,"name":"Inicio","item":"https:\/\/reflejodemichoacan.com\/"},{"@type":"ListItem","position":2,"name":"Educaci\u00f3n y salud, prioridad para Conalep Michoac\u00e1n"}]},{"@type":"Person","@id":"https:\/\/reflejodemichoacan.com\/#\/schema\/person\/72d921e8fe99bd6e2e39bcde8995046f","name":"Aurora","image":{"@type":"ImageObject","@id":"https:\/\/reflejodemichoacan.com\/#personlogo","inLanguage":"es-MX","url":"https:\/\/secure.gravatar.com\/avatar\/df5ceb9b998be27b25dd258a6b4b0a95?s=96&d=mm&r=g","contentUrl":"https:\/\/secure.gravatar.com\/avatar\/df5ceb9b998be27b25dd258a6b4b0a95?s=96&d=mm&r=g","caption":"Aurora"},"sameAs":["http:\/\/reflejodemichoacan.com"],"url":"https:\/\/reflejodemichoacan.com\/index.php\/author\/rixwm7qvsq\/"}]}},"_links":{"self":[{"href":"https:\/\/reflejodemichoacan.com\/index.php\/wp-json\/wp\/v2\/posts\/7488"}],"collection":[{"href":"https:\/\/reflejodemichoacan.com\/index.php\/wp-json\/wp\/v2\/posts"}],"about":[{"href":"https:\/\/reflejodemichoacan.com\/index.php\/wp-json\/wp\/v2\/types\/post"}],"author":[{"embeddable":true,"href":"https:\/\/reflejodemichoacan.com\/index.php\/wp-json\/wp\/v2\/users\/1"}],"replies":[{"embeddable":true,"href":"https:\/\/reflejodemichoacan.com\/index.php\/wp-json\/wp\/v2\/comments?post=7488"}],"version-history":[{"count":1,"href":"https:\/\/reflejodemichoacan.com\/index.php\/wp-json\/wp\/v2\/posts\/7488\/revisions"}],"predecessor-version":[{"id":7490,"href":"https:\/\/reflejodemichoacan.com\/index.php\/wp-json\/wp\/v2\/posts\/7488\/revisions\/7490"}],"wp:featuredmedia":[{"embeddable":true,"href":"https:\/\/reflejodemichoacan.com\/index.php\/wp-json\/wp\/v2\/media\/7489"}],"wp:attachment":[{"href":"https:\/\/reflejodemichoacan.com\/index.php\/wp-json\/wp\/v2\/media?parent=7488"}],"wp:term":[{"taxonomy":"category","embeddable":true,"href":"https:\/\/reflejodemichoacan.com\/index.php\/wp-json\/wp\/v2\/categories?post=7488"},{"taxonomy":"post_tag","embeddable":true,"href":"https:\/\/reflejodemichoacan.com\/index.php\/wp-json\/wp\/v2\/tags?post=7488"}],"curies":[{"name":"wp","href":"https:\/\/api.w.org\/{rel}","templated":true}]}}