{"id":7491,"date":"2022-01-26T00:17:47","date_gmt":"2022-01-26T00:17:47","guid":{"rendered":"https:\/\/reflejodemichoacan.com\/?p=7491"},"modified":"2022-01-26T00:17:50","modified_gmt":"2022-01-26T00:17:50","slug":"defendamos-a-la-comision-federal-de-electricidad","status":"publish","type":"post","link":"https:\/\/reflejodemichoacan.com\/index.php\/2022\/01\/26\/defendamos-a-la-comision-federal-de-electricidad\/","title":{"rendered":"\u00a1DEFENDAMOS A LA COMISI\u00d3N FEDERAL DE ELECTRICIDAD!"},"content":{"rendered":"\n<p>Fidel Rodr\u00edguez Ramos<\/p>\n\n\n\n<p>&nbsp;&nbsp; CFE (Comisi\u00f3n Federal de Electricidad) es todav\u00eda, un patrimonio de todos los que vivimos en el Estado mexicano, gracias a \u00e9sta empresa, construida con el sacrificio de decenas de trabajadores que dieron su vida cuando instalaban el tendido de l\u00edneas de alta tensi\u00f3n, en los lugares m\u00e1s elevados, lejanos de nuestra tierra michoacana, la vida result\u00f3 ser m\u00e1s c\u00f3moda, obtuvimos por medio de la radio, la televisi\u00f3n informaci\u00f3n, entretenimiento que en muchos aspectos cambio nuestra existencia.<\/p>\n\n\n\n<p>&nbsp;&nbsp; Con emoci\u00f3n, sus trabajadores nos hablaban de la construcci\u00f3n de importantes obras hidroel\u00e9ctricas en Michoac\u00e1n, Oaxaca , Chiapas,Durango, siempre pensamos que esa empresa ten\u00eda como principal finalidad ofrecer un servicio p\u00fablico, sin perseguir los mezquinos intereses de lucro, de altas ganancias. Aceptamos o consideramos necesario que CFE diera tarifas reducidas a muchas empresas mexicanas, porque gracias a ellas hab\u00eda empleos para miles de gentes.<\/p>\n\n\n\n<p>&nbsp;&nbsp; Gracias a Comisi\u00f3n hab\u00eda, con el alumbrado, seguridad en muchas ciudades y barrios. Escuelas, templos, hospitales funcionaban por ese gran servicio, quien lo puede negar, era una gran empresa de primera clase mundial, gracias a ella, muchos hijos de los electricistas se formaron como ingenieros, m\u00e9dicos, arquitectos, bi\u00f3logos. Los focos de alerta se prendieron hace pocos a\u00f1os, cuando supimos que empresas extranjeras, como de Espa\u00f1a, hab\u00edan firmado convenios con algunos municipios de Jalisco, Guanajuato para hacer posible su alumbrado p\u00fablico. F\u00e1cil nos vendieron la idea de que era posible privatizar la generaci\u00f3n, conducci\u00f3n de energ\u00eda, aunque se atropellara la Constituci\u00f3n Pol\u00edtica de los Estados Unidos Mexicanos, que claramente en su art\u00edculo 27 prohib\u00eda el actuar de empresas for\u00e1neas en lo que era actividad exclusiva de CFE.<\/p>\n\n\n\n<p>&nbsp;&nbsp;&nbsp; Los que defienden lo \u00faltimo dicen que Comisi\u00f3n era un monopolio, algo que definitivamente, seg\u00fan ellos, ya no se aceptaba en el mundo, y uno se pregunta \u00bfentonces que es el Telmex actual?. Los Oxxos, las l\u00edneas de aviaci\u00f3n o transporte p\u00fablico, las marcas de autos que se venden en todos los continentes, las refresqueras que ofertan lo que L\u00f3pez Gatell considera que es veneno embotellado; las enlatadoras de frutas, verduras y jugos.<\/p>\n\n\n\n<p>&nbsp;&nbsp;&nbsp;&nbsp;&nbsp; Si perdemos CFE, quedaremos desamparados, sin recursos para promover la educaci\u00f3n, la salud, el empleo, por ello no es gratuito que se vaya expandiendo la idea de que ya no hacen falta maestros, m\u00e9dicos. Que desaparecen muchas conquistas, derechos laborales como el aguinaldo, la jubilaci\u00f3n. F\u00e1cil resulta entender esa propuesta, \u00a1claro si se privatiza la energ\u00eda ya no habr\u00e1 dinero para muchas cosas! Los c\u00ednicos que hablan de la supuesta quiebra de CFE, aseguran que el Estado ya no puede con el paquete, que ya no cuenta con dinero, ocultando que cada a\u00f1o, con nuestros impuestos, se pagan por intereses de una deuda monstruosa, m\u00e1s de seiscientos mil millones de pesos; olvidan que los banqueros cargaron a nuestras espaldas, una deuda que terminar\u00e1 de pagarse en el 2070, y que asciende a un bill\u00f3n de pesos.<\/p>\n\n\n\n<p>\u00a0\u00a0 CFE es lo \u00faltimo que nos queda, por la sencilla raz\u00f3n de que gobiernos anteriores regalaron lo que era propiedad de todos, como la mina de cobre en Cananea, hoy quien se ostenta como due\u00f1o tiene una fortuna de m\u00e1s de cincuenta mil millones de pesos. Telmex propicia que su propietario actual, fuera considerado en un tiempo \u00a1el hombre m\u00e1s rico del planeta!. Las famosas generadoras de energ\u00eda, a partir del viento o del sol, TODAV\u00cdA dependen para su funcionamiento del auxilio de CFE, quien les permite usar toda la infraestructura que tiene Comisi\u00f3n, pagando poco por ello para conducirla, adem\u00e1s les compra \u00a0la electricidad que no logren vender o colocar en la industria sider\u00fargica, cementera, refresquera en las grandes cadenas comerciales. Es casi seguro que los extranjeros se saldr\u00e1n con la suya, triunfaran, pero hoy deseamos dejar constancia, para las generaciones futuras, para que no nos tachen de cobardes y agachones, de que hicimos y denunciamos a una traici\u00f3n que sencillamente no tiene nombre. <\/p>\n","protected":false},"excerpt":{"rendered":"<p>Fidel Rodr\u00edguez Ramos &nbsp;&nbsp; CFE (Comisi\u00f3n Federal de Electricidad) es todav\u00eda, un patrimonio de todos los que vivimos en el Estado mexicano, gracias a \u00e9sta empresa, construida con el sacrificio de decenas de trabajadores que dieron su vida cuando instalaban el tendido de l\u00edneas de alta tensi\u00f3n, en los lugares m\u00e1s elevados, lejanos de nuestra [&hellip;]<\/p>\n","protected":false},"author":1,"featured_media":7492,"comment_status":"open","ping_status":"closed","sticky":false,"template":"","format":"standard","meta":[],"categories":[1],"tags":[],"yoast_head":"<!-- This site is optimized with the Yoast SEO plugin v17.9 - https:\/\/yoast.com\/wordpress\/plugins\/seo\/ -->\n<title>\u00a1DEFENDAMOS A LA COMISI\u00d3N FEDERAL DE ELECTRICIDAD! - Reflejo de Michoac\u00e1n<\/title>\n<meta name=\"robots\" content=\"index, follow, max-snippet:-1, max-image-preview:large, max-video-preview:-1\" \/>\n<link rel=\"canonical\" href=\"https:\/\/reflejodemichoacan.com\/index.php\/2022\/01\/26\/defendamos-a-la-comision-federal-de-electricidad\/\" \/>\n<meta property=\"og:locale\" content=\"es_MX\" \/>\n<meta property=\"og:type\" content=\"article\" \/>\n<meta property=\"og:title\" content=\"\u00a1DEFENDAMOS A LA COMISI\u00d3N FEDERAL DE ELECTRICIDAD! - Reflejo de Michoac\u00e1n\" \/>\n<meta property=\"og:description\" content=\"Fidel Rodr\u00edguez Ramos &nbsp;&nbsp; CFE (Comisi\u00f3n Federal de Electricidad) es todav\u00eda, un patrimonio de todos los que vivimos en el Estado mexicano, gracias a \u00e9sta empresa, construida con el sacrificio de decenas de trabajadores que dieron su vida cuando instalaban el tendido de l\u00edneas de alta tensi\u00f3n, en los lugares m\u00e1s elevados, lejanos de nuestra [&hellip;]\" \/>\n<meta property=\"og:url\" content=\"https:\/\/reflejodemichoacan.com\/index.php\/2022\/01\/26\/defendamos-a-la-comision-federal-de-electricidad\/\" \/>\n<meta property=\"og:site_name\" content=\"Reflejo de Michoac\u00e1n\" \/>\n<meta property=\"article:published_time\" content=\"2022-01-26T00:17:47+00:00\" \/>\n<meta property=\"article:modified_time\" content=\"2022-01-26T00:17:50+00:00\" \/>\n<meta property=\"og:image\" content=\"https:\/\/reflejodemichoacan.com\/wp-content\/uploads\/2022\/01\/cfe.jpg\" \/>\n\t<meta property=\"og:image:width\" content=\"800\" \/>\n\t<meta property=\"og:image:height\" content=\"600\" \/>\n\t<meta property=\"og:image:type\" content=\"image\/jpeg\" \/>\n<meta name=\"twitter:card\" content=\"summary_large_image\" \/>\n<meta name=\"twitter:label1\" content=\"Escrito por\" \/>\n\t<meta name=\"twitter:data1\" content=\"Aurora\" \/>\n\t<meta name=\"twitter:label2\" content=\"Tiempo de lectura\" \/>\n\t<meta name=\"twitter:data2\" content=\"3 minutos\" \/>\n<script type=\"application\/ld+json\" class=\"yoast-schema-graph\">{\"@context\":\"https:\/\/schema.org\",\"@graph\":[{\"@type\":\"WebSite\",\"@id\":\"https:\/\/reflejodemichoacan.com\/#website\",\"url\":\"https:\/\/reflejodemichoacan.com\/\",\"name\":\"Reflejo de Michoac\\u00e1n\",\"description\":\"Medio de comunicaci\\u00f3n impreso y digital al servicio de la regi\\u00f3n lacustre y Michoac\\u00e1n.\",\"potentialAction\":[{\"@type\":\"SearchAction\",\"target\":{\"@type\":\"EntryPoint\",\"urlTemplate\":\"https:\/\/reflejodemichoacan.com\/?s={search_term_string}\"},\"query-input\":\"required name=search_term_string\"}],\"inLanguage\":\"es-MX\"},{\"@type\":\"ImageObject\",\"@id\":\"https:\/\/reflejodemichoacan.com\/index.php\/2022\/01\/26\/defendamos-a-la-comision-federal-de-electricidad\/#primaryimage\",\"inLanguage\":\"es-MX\",\"url\":\"https:\/\/reflejodemichoacan.com\/wp-content\/uploads\/2022\/01\/cfe.jpg\",\"contentUrl\":\"https:\/\/reflejodemichoacan.com\/wp-content\/uploads\/2022\/01\/cfe.jpg\",\"width\":800,\"height\":600},{\"@type\":\"WebPage\",\"@id\":\"https:\/\/reflejodemichoacan.com\/index.php\/2022\/01\/26\/defendamos-a-la-comision-federal-de-electricidad\/#webpage\",\"url\":\"https:\/\/reflejodemichoacan.com\/index.php\/2022\/01\/26\/defendamos-a-la-comision-federal-de-electricidad\/\",\"name\":\"\\u00a1DEFENDAMOS A LA COMISI\\u00d3N FEDERAL DE ELECTRICIDAD! - Reflejo de Michoac\\u00e1n\",\"isPartOf\":{\"@id\":\"https:\/\/reflejodemichoacan.com\/#website\"},\"primaryImageOfPage\":{\"@id\":\"https:\/\/reflejodemichoacan.com\/index.php\/2022\/01\/26\/defendamos-a-la-comision-federal-de-electricidad\/#primaryimage\"},\"datePublished\":\"2022-01-26T00:17:47+00:00\",\"dateModified\":\"2022-01-26T00:17:50+00:00\",\"author\":{\"@id\":\"https:\/\/reflejodemichoacan.com\/#\/schema\/person\/72d921e8fe99bd6e2e39bcde8995046f\"},\"breadcrumb\":{\"@id\":\"https:\/\/reflejodemichoacan.com\/index.php\/2022\/01\/26\/defendamos-a-la-comision-federal-de-electricidad\/#breadcrumb\"},\"inLanguage\":\"es-MX\",\"potentialAction\":[{\"@type\":\"ReadAction\",\"target\":[\"https:\/\/reflejodemichoacan.com\/index.php\/2022\/01\/26\/defendamos-a-la-comision-federal-de-electricidad\/\"]}]},{\"@type\":\"BreadcrumbList\",\"@id\":\"https:\/\/reflejodemichoacan.com\/index.php\/2022\/01\/26\/defendamos-a-la-comision-federal-de-electricidad\/#breadcrumb\",\"itemListElement\":[{\"@type\":\"ListItem\",\"position\":1,\"name\":\"Inicio\",\"item\":\"https:\/\/reflejodemichoacan.com\/\"},{\"@type\":\"ListItem\",\"position\":2,\"name\":\"\\u00a1DEFENDAMOS A LA COMISI\\u00d3N FEDERAL DE ELECTRICIDAD!\"}]},{\"@type\":\"Person\",\"@id\":\"https:\/\/reflejodemichoacan.com\/#\/schema\/person\/72d921e8fe99bd6e2e39bcde8995046f\",\"name\":\"Aurora\",\"image\":{\"@type\":\"ImageObject\",\"@id\":\"https:\/\/reflejodemichoacan.com\/#personlogo\",\"inLanguage\":\"es-MX\",\"url\":\"https:\/\/secure.gravatar.com\/avatar\/df5ceb9b998be27b25dd258a6b4b0a95?s=96&d=mm&r=g\",\"contentUrl\":\"https:\/\/secure.gravatar.com\/avatar\/df5ceb9b998be27b25dd258a6b4b0a95?s=96&d=mm&r=g\",\"caption\":\"Aurora\"},\"sameAs\":[\"http:\/\/reflejodemichoacan.com\"],\"url\":\"https:\/\/reflejodemichoacan.com\/index.php\/author\/rixwm7qvsq\/\"}]}<\/script>\n<!-- \/ Yoast SEO plugin. -->","yoast_head_json":{"title":"\u00a1DEFENDAMOS A LA COMISI\u00d3N FEDERAL DE ELECTRICIDAD! - Reflejo de Michoac\u00e1n","robots":{"index":"index","follow":"follow","max-snippet":"max-snippet:-1","max-image-preview":"max-image-preview:large","max-video-preview":"max-video-preview:-1"},"canonical":"https:\/\/reflejodemichoacan.com\/index.php\/2022\/01\/26\/defendamos-a-la-comision-federal-de-electricidad\/","og_locale":"es_MX","og_type":"article","og_title":"\u00a1DEFENDAMOS A LA COMISI\u00d3N FEDERAL DE ELECTRICIDAD! - Reflejo de Michoac\u00e1n","og_description":"Fidel Rodr\u00edguez Ramos &nbsp;&nbsp; CFE (Comisi\u00f3n Federal de Electricidad) es todav\u00eda, un patrimonio de todos los que vivimos en el Estado mexicano, gracias a \u00e9sta empresa, construida con el sacrificio de decenas de trabajadores que dieron su vida cuando instalaban el tendido de l\u00edneas de alta tensi\u00f3n, en los lugares m\u00e1s elevados, lejanos de nuestra [&hellip;]","og_url":"https:\/\/reflejodemichoacan.com\/index.php\/2022\/01\/26\/defendamos-a-la-comision-federal-de-electricidad\/","og_site_name":"Reflejo de Michoac\u00e1n","article_published_time":"2022-01-26T00:17:47+00:00","article_modified_time":"2022-01-26T00:17:50+00:00","og_image":[{"width":800,"height":600,"url":"https:\/\/reflejodemichoacan.com\/wp-content\/uploads\/2022\/01\/cfe.jpg","type":"image\/jpeg"}],"twitter_card":"summary_large_image","twitter_misc":{"Escrito por":"Aurora","Tiempo de lectura":"3 minutos"},"schema":{"@context":"https:\/\/schema.org","@graph":[{"@type":"WebSite","@id":"https:\/\/reflejodemichoacan.com\/#website","url":"https:\/\/reflejodemichoacan.com\/","name":"Reflejo de Michoac\u00e1n","description":"Medio de comunicaci\u00f3n impreso y digital al servicio de la regi\u00f3n lacustre y Michoac\u00e1n.","potentialAction":[{"@type":"SearchAction","target":{"@type":"EntryPoint","urlTemplate":"https:\/\/reflejodemichoacan.com\/?s={search_term_string}"},"query-input":"required name=search_term_string"}],"inLanguage":"es-MX"},{"@type":"ImageObject","@id":"https:\/\/reflejodemichoacan.com\/index.php\/2022\/01\/26\/defendamos-a-la-comision-federal-de-electricidad\/#primaryimage","inLanguage":"es-MX","url":"https:\/\/reflejodemichoacan.com\/wp-content\/uploads\/2022\/01\/cfe.jpg","contentUrl":"https:\/\/reflejodemichoacan.com\/wp-content\/uploads\/2022\/01\/cfe.jpg","width":800,"height":600},{"@type":"WebPage","@id":"https:\/\/reflejodemichoacan.com\/index.php\/2022\/01\/26\/defendamos-a-la-comision-federal-de-electricidad\/#webpage","url":"https:\/\/reflejodemichoacan.com\/index.php\/2022\/01\/26\/defendamos-a-la-comision-federal-de-electricidad\/","name":"\u00a1DEFENDAMOS A LA COMISI\u00d3N FEDERAL DE ELECTRICIDAD! - Reflejo de Michoac\u00e1n","isPartOf":{"@id":"https:\/\/reflejodemichoacan.com\/#website"},"primaryImageOfPage":{"@id":"https:\/\/reflejodemichoacan.com\/index.php\/2022\/01\/26\/defendamos-a-la-comision-federal-de-electricidad\/#primaryimage"},"datePublished":"2022-01-26T00:17:47+00:00","dateModified":"2022-01-26T00:17:50+00:00","author":{"@id":"https:\/\/reflejodemichoacan.com\/#\/schema\/person\/72d921e8fe99bd6e2e39bcde8995046f"},"breadcrumb":{"@id":"https:\/\/reflejodemichoacan.com\/index.php\/2022\/01\/26\/defendamos-a-la-comision-federal-de-electricidad\/#breadcrumb"},"inLanguage":"es-MX","potentialAction":[{"@type":"ReadAction","target":["https:\/\/reflejodemichoacan.com\/index.php\/2022\/01\/26\/defendamos-a-la-comision-federal-de-electricidad\/"]}]},{"@type":"BreadcrumbList","@id":"https:\/\/reflejodemichoacan.com\/index.php\/2022\/01\/26\/defendamos-a-la-comision-federal-de-electricidad\/#breadcrumb","itemListElement":[{"@type":"ListItem","position":1,"name":"Inicio","item":"https:\/\/reflejodemichoacan.com\/"},{"@type":"ListItem","position":2,"name":"\u00a1DEFENDAMOS A LA COMISI\u00d3N FEDERAL DE ELECTRICIDAD!"}]},{"@type":"Person","@id":"https:\/\/reflejodemichoacan.com\/#\/schema\/person\/72d921e8fe99bd6e2e39bcde8995046f","name":"Aurora","image":{"@type":"ImageObject","@id":"https:\/\/reflejodemichoacan.com\/#personlogo","inLanguage":"es-MX","url":"https:\/\/secure.gravatar.com\/avatar\/df5ceb9b998be27b25dd258a6b4b0a95?s=96&d=mm&r=g","contentUrl":"https:\/\/secure.gravatar.com\/avatar\/df5ceb9b998be27b25dd258a6b4b0a95?s=96&d=mm&r=g","caption":"Aurora"},"sameAs":["http:\/\/reflejodemichoacan.com"],"url":"https:\/\/reflejodemichoacan.com\/index.php\/author\/rixwm7qvsq\/"}]}},"_links":{"self":[{"href":"https:\/\/reflejodemichoacan.com\/index.php\/wp-json\/wp\/v2\/posts\/7491"}],"collection":[{"href":"https:\/\/reflejodemichoacan.com\/index.php\/wp-json\/wp\/v2\/posts"}],"about":[{"href":"https:\/\/reflejodemichoacan.com\/index.php\/wp-json\/wp\/v2\/types\/post"}],"author":[{"embeddable":true,"href":"https:\/\/reflejodemichoacan.com\/index.php\/wp-json\/wp\/v2\/users\/1"}],"replies":[{"embeddable":true,"href":"https:\/\/reflejodemichoacan.com\/index.php\/wp-json\/wp\/v2\/comments?post=7491"}],"version-history":[{"count":1,"href":"https:\/\/reflejodemichoacan.com\/index.php\/wp-json\/wp\/v2\/posts\/7491\/revisions"}],"predecessor-version":[{"id":7493,"href":"https:\/\/reflejodemichoacan.com\/index.php\/wp-json\/wp\/v2\/posts\/7491\/revisions\/7493"}],"wp:featuredmedia":[{"embeddable":true,"href":"https:\/\/reflejodemichoacan.com\/index.php\/wp-json\/wp\/v2\/media\/7492"}],"wp:attachment":[{"href":"https:\/\/reflejodemichoacan.com\/index.php\/wp-json\/wp\/v2\/media?parent=7491"}],"wp:term":[{"taxonomy":"category","embeddable":true,"href":"https:\/\/reflejodemichoacan.com\/index.php\/wp-json\/wp\/v2\/categories?post=7491"},{"taxonomy":"post_tag","embeddable":true,"href":"https:\/\/reflejodemichoacan.com\/index.php\/wp-json\/wp\/v2\/tags?post=7491"}],"curies":[{"name":"wp","href":"https:\/\/api.w.org\/{rel}","templated":true}]}}