{"id":7494,"date":"2022-01-26T15:29:14","date_gmt":"2022-01-26T15:29:14","guid":{"rendered":"https:\/\/reflejodemichoacan.com\/?p=7494"},"modified":"2022-01-26T15:29:20","modified_gmt":"2022-01-26T15:29:20","slug":"elevada-afluencia-en-vacunacion-de-refuerzo-al-sector-de-40-a-59-anos-de-edad","status":"publish","type":"post","link":"https:\/\/reflejodemichoacan.com\/index.php\/2022\/01\/26\/elevada-afluencia-en-vacunacion-de-refuerzo-al-sector-de-40-a-59-anos-de-edad\/","title":{"rendered":"Elevada afluencia en vacunaci\u00f3n de refuerzo al sector de 40 a 59 a\u00f1os de edad."},"content":{"rendered":"\n<p>Armando Mart\u00ednez\u00a0<\/p>\n\n\n\n<p>P\u00e1tzcuaro, Mich., 26 de enero del 2021.- Largas filas de personas de entre 40 y 59 a\u00f1os de edad, se est\u00e1n formando durante los tres d\u00edas de vacunaci\u00f3n \u201cde refuerzo\u201d en las instalaciones de la Unidad Deportiva de esta ciudad, desde las altas horas de la madrugada y soportando las bajas temperaturas, personas de esta edad acuden a vacunarse.\u00a0<\/p>\n\n\n\n<p>Ha habido algunas inconformidades entre ciudadanos que acuden a tratar de recibir la vacuna, debido a que no pertenecen al municipio de P\u00e1tzcuaro y porque los dos primeros d\u00edas, lunes 24 y martes 25, la aplicaci\u00f3n era solamente para los habitantes del municipio y hubo varias personas que llegaron de municipios colindantes y no fueron atendidas y fue hasta este mi\u00e9rcoles 26 que atendieron a los de los otros municipios, con su documentaci\u00f3n completa.&nbsp;<\/p>\n\n\n\n<p>Cabe mencionar, que en este municipio en los \u00faltimos reportes de la Secretaria de Salud, hubo m\u00e1s de 50 casos de contagios del Coronavirus, principalmente de la cepa del Omicrom y de acuerdo a los datos hubo una defunci\u00f3n por este motivo en el municipio, por lo que las autoridades tanto de salud, como del municipio, llaman a no bajar la guardia y seguir llevando a cabo los protocolos sanitarios, como lo es el uso obligatorio del cubre bocas, el lavado contante de manos y la aplicaci\u00f3n de gel antibacterial, con el fin de que no aumenten los casos de contagio.&nbsp;<\/p>\n\n\n\n<p>De la misma manera, en las escuelas de la localidad y con acuerdo entre padres de familia y autoridades de cada plantel escolar, se llevan a cabo las clases, ya sea de manera virtual o presencial, seg\u00fan sea el acuerdo, lo anterior, con el fin de resguardar la salud de los alumnos de educaci\u00f3n b\u00e1sica y del personal educativo.&nbsp;<\/p>\n","protected":false},"excerpt":{"rendered":"<p>Armando Mart\u00ednez\u00a0 P\u00e1tzcuaro, Mich., 26 de enero del 2021.- Largas filas de personas de entre 40 y 59 a\u00f1os de edad, se est\u00e1n formando durante los tres d\u00edas de vacunaci\u00f3n \u201cde refuerzo\u201d en las instalaciones de la Unidad Deportiva de esta ciudad, desde las altas horas de la madrugada y soportando las bajas temperaturas, personas [&hellip;]<\/p>\n","protected":false},"author":1,"featured_media":7495,"comment_status":"open","ping_status":"closed","sticky":false,"template":"","format":"standard","meta":[],"categories":[1],"tags":[],"yoast_head":"<!-- This site is optimized with the Yoast SEO plugin v17.9 - https:\/\/yoast.com\/wordpress\/plugins\/seo\/ -->\n<title>Elevada afluencia en vacunaci\u00f3n de refuerzo al sector de 40 a 59 a\u00f1os de edad. - Reflejo de Michoac\u00e1n<\/title>\n<meta name=\"robots\" content=\"index, follow, max-snippet:-1, max-image-preview:large, max-video-preview:-1\" \/>\n<link rel=\"canonical\" href=\"https:\/\/reflejodemichoacan.com\/index.php\/2022\/01\/26\/elevada-afluencia-en-vacunacion-de-refuerzo-al-sector-de-40-a-59-anos-de-edad\/\" \/>\n<meta property=\"og:locale\" content=\"es_MX\" \/>\n<meta property=\"og:type\" content=\"article\" \/>\n<meta property=\"og:title\" content=\"Elevada afluencia en vacunaci\u00f3n de refuerzo al sector de 40 a 59 a\u00f1os de edad. - Reflejo de Michoac\u00e1n\" \/>\n<meta property=\"og:description\" content=\"Armando Mart\u00ednez\u00a0 P\u00e1tzcuaro, Mich., 26 de enero del 2021.- Largas filas de personas de entre 40 y 59 a\u00f1os de edad, se est\u00e1n formando durante los tres d\u00edas de vacunaci\u00f3n \u201cde refuerzo\u201d en las instalaciones de la Unidad Deportiva de esta ciudad, desde las altas horas de la madrugada y soportando las bajas temperaturas, personas [&hellip;]\" \/>\n<meta property=\"og:url\" content=\"https:\/\/reflejodemichoacan.com\/index.php\/2022\/01\/26\/elevada-afluencia-en-vacunacion-de-refuerzo-al-sector-de-40-a-59-anos-de-edad\/\" \/>\n<meta property=\"og:site_name\" content=\"Reflejo de Michoac\u00e1n\" \/>\n<meta property=\"article:published_time\" content=\"2022-01-26T15:29:14+00:00\" \/>\n<meta property=\"article:modified_time\" content=\"2022-01-26T15:29:20+00:00\" \/>\n<meta property=\"og:image\" content=\"https:\/\/reflejodemichoacan.com\/wp-content\/uploads\/2022\/01\/filas.jpg\" \/>\n\t<meta property=\"og:image:width\" content=\"1040\" \/>\n\t<meta property=\"og:image:height\" content=\"780\" \/>\n\t<meta property=\"og:image:type\" content=\"image\/jpeg\" \/>\n<meta name=\"twitter:card\" content=\"summary_large_image\" \/>\n<meta name=\"twitter:label1\" content=\"Escrito por\" \/>\n\t<meta name=\"twitter:data1\" content=\"Aurora\" \/>\n\t<meta name=\"twitter:label2\" content=\"Tiempo de lectura\" \/>\n\t<meta name=\"twitter:data2\" content=\"2 minutos\" \/>\n<script type=\"application\/ld+json\" class=\"yoast-schema-graph\">{\"@context\":\"https:\/\/schema.org\",\"@graph\":[{\"@type\":\"WebSite\",\"@id\":\"https:\/\/reflejodemichoacan.com\/#website\",\"url\":\"https:\/\/reflejodemichoacan.com\/\",\"name\":\"Reflejo de Michoac\\u00e1n\",\"description\":\"Medio de comunicaci\\u00f3n impreso y digital al servicio de la regi\\u00f3n lacustre y Michoac\\u00e1n.\",\"potentialAction\":[{\"@type\":\"SearchAction\",\"target\":{\"@type\":\"EntryPoint\",\"urlTemplate\":\"https:\/\/reflejodemichoacan.com\/?s={search_term_string}\"},\"query-input\":\"required name=search_term_string\"}],\"inLanguage\":\"es-MX\"},{\"@type\":\"ImageObject\",\"@id\":\"https:\/\/reflejodemichoacan.com\/index.php\/2022\/01\/26\/elevada-afluencia-en-vacunacion-de-refuerzo-al-sector-de-40-a-59-anos-de-edad\/#primaryimage\",\"inLanguage\":\"es-MX\",\"url\":\"https:\/\/reflejodemichoacan.com\/wp-content\/uploads\/2022\/01\/filas.jpg\",\"contentUrl\":\"https:\/\/reflejodemichoacan.com\/wp-content\/uploads\/2022\/01\/filas.jpg\",\"width\":1040,\"height\":780},{\"@type\":\"WebPage\",\"@id\":\"https:\/\/reflejodemichoacan.com\/index.php\/2022\/01\/26\/elevada-afluencia-en-vacunacion-de-refuerzo-al-sector-de-40-a-59-anos-de-edad\/#webpage\",\"url\":\"https:\/\/reflejodemichoacan.com\/index.php\/2022\/01\/26\/elevada-afluencia-en-vacunacion-de-refuerzo-al-sector-de-40-a-59-anos-de-edad\/\",\"name\":\"Elevada afluencia en vacunaci\\u00f3n de refuerzo al sector de 40 a 59 a\\u00f1os de edad. - Reflejo de Michoac\\u00e1n\",\"isPartOf\":{\"@id\":\"https:\/\/reflejodemichoacan.com\/#website\"},\"primaryImageOfPage\":{\"@id\":\"https:\/\/reflejodemichoacan.com\/index.php\/2022\/01\/26\/elevada-afluencia-en-vacunacion-de-refuerzo-al-sector-de-40-a-59-anos-de-edad\/#primaryimage\"},\"datePublished\":\"2022-01-26T15:29:14+00:00\",\"dateModified\":\"2022-01-26T15:29:20+00:00\",\"author\":{\"@id\":\"https:\/\/reflejodemichoacan.com\/#\/schema\/person\/72d921e8fe99bd6e2e39bcde8995046f\"},\"breadcrumb\":{\"@id\":\"https:\/\/reflejodemichoacan.com\/index.php\/2022\/01\/26\/elevada-afluencia-en-vacunacion-de-refuerzo-al-sector-de-40-a-59-anos-de-edad\/#breadcrumb\"},\"inLanguage\":\"es-MX\",\"potentialAction\":[{\"@type\":\"ReadAction\",\"target\":[\"https:\/\/reflejodemichoacan.com\/index.php\/2022\/01\/26\/elevada-afluencia-en-vacunacion-de-refuerzo-al-sector-de-40-a-59-anos-de-edad\/\"]}]},{\"@type\":\"BreadcrumbList\",\"@id\":\"https:\/\/reflejodemichoacan.com\/index.php\/2022\/01\/26\/elevada-afluencia-en-vacunacion-de-refuerzo-al-sector-de-40-a-59-anos-de-edad\/#breadcrumb\",\"itemListElement\":[{\"@type\":\"ListItem\",\"position\":1,\"name\":\"Inicio\",\"item\":\"https:\/\/reflejodemichoacan.com\/\"},{\"@type\":\"ListItem\",\"position\":2,\"name\":\"Elevada afluencia en vacunaci\\u00f3n de refuerzo al sector de 40 a 59 a\\u00f1os de edad.\"}]},{\"@type\":\"Person\",\"@id\":\"https:\/\/reflejodemichoacan.com\/#\/schema\/person\/72d921e8fe99bd6e2e39bcde8995046f\",\"name\":\"Aurora\",\"image\":{\"@type\":\"ImageObject\",\"@id\":\"https:\/\/reflejodemichoacan.com\/#personlogo\",\"inLanguage\":\"es-MX\",\"url\":\"https:\/\/secure.gravatar.com\/avatar\/df5ceb9b998be27b25dd258a6b4b0a95?s=96&d=mm&r=g\",\"contentUrl\":\"https:\/\/secure.gravatar.com\/avatar\/df5ceb9b998be27b25dd258a6b4b0a95?s=96&d=mm&r=g\",\"caption\":\"Aurora\"},\"sameAs\":[\"http:\/\/reflejodemichoacan.com\"],\"url\":\"https:\/\/reflejodemichoacan.com\/index.php\/author\/rixwm7qvsq\/\"}]}<\/script>\n<!-- \/ Yoast SEO plugin. -->","yoast_head_json":{"title":"Elevada afluencia en vacunaci\u00f3n de refuerzo al sector de 40 a 59 a\u00f1os de edad. - Reflejo de Michoac\u00e1n","robots":{"index":"index","follow":"follow","max-snippet":"max-snippet:-1","max-image-preview":"max-image-preview:large","max-video-preview":"max-video-preview:-1"},"canonical":"https:\/\/reflejodemichoacan.com\/index.php\/2022\/01\/26\/elevada-afluencia-en-vacunacion-de-refuerzo-al-sector-de-40-a-59-anos-de-edad\/","og_locale":"es_MX","og_type":"article","og_title":"Elevada afluencia en vacunaci\u00f3n de refuerzo al sector de 40 a 59 a\u00f1os de edad. - Reflejo de Michoac\u00e1n","og_description":"Armando Mart\u00ednez\u00a0 P\u00e1tzcuaro, Mich., 26 de enero del 2021.- Largas filas de personas de entre 40 y 59 a\u00f1os de edad, se est\u00e1n formando durante los tres d\u00edas de vacunaci\u00f3n \u201cde refuerzo\u201d en las instalaciones de la Unidad Deportiva de esta ciudad, desde las altas horas de la madrugada y soportando las bajas temperaturas, personas [&hellip;]","og_url":"https:\/\/reflejodemichoacan.com\/index.php\/2022\/01\/26\/elevada-afluencia-en-vacunacion-de-refuerzo-al-sector-de-40-a-59-anos-de-edad\/","og_site_name":"Reflejo de Michoac\u00e1n","article_published_time":"2022-01-26T15:29:14+00:00","article_modified_time":"2022-01-26T15:29:20+00:00","og_image":[{"width":1040,"height":780,"url":"https:\/\/reflejodemichoacan.com\/wp-content\/uploads\/2022\/01\/filas.jpg","type":"image\/jpeg"}],"twitter_card":"summary_large_image","twitter_misc":{"Escrito por":"Aurora","Tiempo de lectura":"2 minutos"},"schema":{"@context":"https:\/\/schema.org","@graph":[{"@type":"WebSite","@id":"https:\/\/reflejodemichoacan.com\/#website","url":"https:\/\/reflejodemichoacan.com\/","name":"Reflejo de Michoac\u00e1n","description":"Medio de comunicaci\u00f3n impreso y digital al servicio de la regi\u00f3n lacustre y Michoac\u00e1n.","potentialAction":[{"@type":"SearchAction","target":{"@type":"EntryPoint","urlTemplate":"https:\/\/reflejodemichoacan.com\/?s={search_term_string}"},"query-input":"required name=search_term_string"}],"inLanguage":"es-MX"},{"@type":"ImageObject","@id":"https:\/\/reflejodemichoacan.com\/index.php\/2022\/01\/26\/elevada-afluencia-en-vacunacion-de-refuerzo-al-sector-de-40-a-59-anos-de-edad\/#primaryimage","inLanguage":"es-MX","url":"https:\/\/reflejodemichoacan.com\/wp-content\/uploads\/2022\/01\/filas.jpg","contentUrl":"https:\/\/reflejodemichoacan.com\/wp-content\/uploads\/2022\/01\/filas.jpg","width":1040,"height":780},{"@type":"WebPage","@id":"https:\/\/reflejodemichoacan.com\/index.php\/2022\/01\/26\/elevada-afluencia-en-vacunacion-de-refuerzo-al-sector-de-40-a-59-anos-de-edad\/#webpage","url":"https:\/\/reflejodemichoacan.com\/index.php\/2022\/01\/26\/elevada-afluencia-en-vacunacion-de-refuerzo-al-sector-de-40-a-59-anos-de-edad\/","name":"Elevada afluencia en vacunaci\u00f3n de refuerzo al sector de 40 a 59 a\u00f1os de edad. - Reflejo de Michoac\u00e1n","isPartOf":{"@id":"https:\/\/reflejodemichoacan.com\/#website"},"primaryImageOfPage":{"@id":"https:\/\/reflejodemichoacan.com\/index.php\/2022\/01\/26\/elevada-afluencia-en-vacunacion-de-refuerzo-al-sector-de-40-a-59-anos-de-edad\/#primaryimage"},"datePublished":"2022-01-26T15:29:14+00:00","dateModified":"2022-01-26T15:29:20+00:00","author":{"@id":"https:\/\/reflejodemichoacan.com\/#\/schema\/person\/72d921e8fe99bd6e2e39bcde8995046f"},"breadcrumb":{"@id":"https:\/\/reflejodemichoacan.com\/index.php\/2022\/01\/26\/elevada-afluencia-en-vacunacion-de-refuerzo-al-sector-de-40-a-59-anos-de-edad\/#breadcrumb"},"inLanguage":"es-MX","potentialAction":[{"@type":"ReadAction","target":["https:\/\/reflejodemichoacan.com\/index.php\/2022\/01\/26\/elevada-afluencia-en-vacunacion-de-refuerzo-al-sector-de-40-a-59-anos-de-edad\/"]}]},{"@type":"BreadcrumbList","@id":"https:\/\/reflejodemichoacan.com\/index.php\/2022\/01\/26\/elevada-afluencia-en-vacunacion-de-refuerzo-al-sector-de-40-a-59-anos-de-edad\/#breadcrumb","itemListElement":[{"@type":"ListItem","position":1,"name":"Inicio","item":"https:\/\/reflejodemichoacan.com\/"},{"@type":"ListItem","position":2,"name":"Elevada afluencia en vacunaci\u00f3n de refuerzo al sector de 40 a 59 a\u00f1os de edad."}]},{"@type":"Person","@id":"https:\/\/reflejodemichoacan.com\/#\/schema\/person\/72d921e8fe99bd6e2e39bcde8995046f","name":"Aurora","image":{"@type":"ImageObject","@id":"https:\/\/reflejodemichoacan.com\/#personlogo","inLanguage":"es-MX","url":"https:\/\/secure.gravatar.com\/avatar\/df5ceb9b998be27b25dd258a6b4b0a95?s=96&d=mm&r=g","contentUrl":"https:\/\/secure.gravatar.com\/avatar\/df5ceb9b998be27b25dd258a6b4b0a95?s=96&d=mm&r=g","caption":"Aurora"},"sameAs":["http:\/\/reflejodemichoacan.com"],"url":"https:\/\/reflejodemichoacan.com\/index.php\/author\/rixwm7qvsq\/"}]}},"_links":{"self":[{"href":"https:\/\/reflejodemichoacan.com\/index.php\/wp-json\/wp\/v2\/posts\/7494"}],"collection":[{"href":"https:\/\/reflejodemichoacan.com\/index.php\/wp-json\/wp\/v2\/posts"}],"about":[{"href":"https:\/\/reflejodemichoacan.com\/index.php\/wp-json\/wp\/v2\/types\/post"}],"author":[{"embeddable":true,"href":"https:\/\/reflejodemichoacan.com\/index.php\/wp-json\/wp\/v2\/users\/1"}],"replies":[{"embeddable":true,"href":"https:\/\/reflejodemichoacan.com\/index.php\/wp-json\/wp\/v2\/comments?post=7494"}],"version-history":[{"count":1,"href":"https:\/\/reflejodemichoacan.com\/index.php\/wp-json\/wp\/v2\/posts\/7494\/revisions"}],"predecessor-version":[{"id":7496,"href":"https:\/\/reflejodemichoacan.com\/index.php\/wp-json\/wp\/v2\/posts\/7494\/revisions\/7496"}],"wp:featuredmedia":[{"embeddable":true,"href":"https:\/\/reflejodemichoacan.com\/index.php\/wp-json\/wp\/v2\/media\/7495"}],"wp:attachment":[{"href":"https:\/\/reflejodemichoacan.com\/index.php\/wp-json\/wp\/v2\/media?parent=7494"}],"wp:term":[{"taxonomy":"category","embeddable":true,"href":"https:\/\/reflejodemichoacan.com\/index.php\/wp-json\/wp\/v2\/categories?post=7494"},{"taxonomy":"post_tag","embeddable":true,"href":"https:\/\/reflejodemichoacan.com\/index.php\/wp-json\/wp\/v2\/tags?post=7494"}],"curies":[{"name":"wp","href":"https:\/\/api.w.org\/{rel}","templated":true}]}}