{"id":7498,"date":"2022-01-26T23:47:37","date_gmt":"2022-01-26T23:47:37","guid":{"rendered":"https:\/\/reflejodemichoacan.com\/?p=7498"},"modified":"2022-01-26T23:47:40","modified_gmt":"2022-01-26T23:47:40","slug":"institucional-el-nombramiento-de-nuevo-director-de-seguridad-publica-araceli-saucedo-reyes","status":"publish","type":"post","link":"https:\/\/reflejodemichoacan.com\/index.php\/2022\/01\/26\/institucional-el-nombramiento-de-nuevo-director-de-seguridad-publica-araceli-saucedo-reyes\/","title":{"rendered":"Institucional el nombramiento de nuevo director de Seguridad P\u00fablica: Araceli Saucedo Reyes."},"content":{"rendered":"\n<p><br>Salvador Escalante, Mich., 26 enero del 2022.- El objetivo de la actual administraci\u00f3n municipal de Salvador Escalante que preside la Lic. Araceli Saucedo Reyes, es trabajar de manera coordinada con el gobierno estatal que preside el Lic. Alfredo Ram\u00edrez Bedolla, por ello y en base al seguimiento de acuerdos en materia de seguridad, este d\u00eda fue nombrado Gerardo santa Ana Espinosa, como nuevo director de seguridad p\u00fablica municipal as\u00ed tambi\u00e9n se dieron otros nombramientos de mandos policiales.La alcaldesa municipal agradeci\u00f3 al Lic. Alfredo Ram\u00edrez Bedolla gobernador del Estado y al Secretar\u00edo de Seguridad P\u00fablica Estatal Jos\u00e9 Alfredo Ortega Reyes, el apoyo para que Salvador Escalante, cuente con un cuerpo policial reforzado, y con ello la seguridad p\u00fablica se mejore en la regi\u00f3n.Este relevo obedece al seguimiento de la firma de colaboraci\u00f3n que la alcaldesa de este municipio firmo con el gobierno de Michoac\u00e1n, lo que permitir\u00e1 una mejor coordinaci\u00f3n interinstitucional entre el gobierno municipal, el gobierno del Estado y la Federaci\u00f3n, buscando siempre el bienestar y seguridad de los habitantes de este municipio.En la actualidad la seguridad, es tema que los municipios no pueden manejar solos, se hace necear\u00eda la colaboraci\u00f3n entre todos los \u00f3rdenes de gobierno para entregar resultados palpables, por eso Araceli Saucedo reyes a buscado las v\u00edas institucionales necesarias para lograr mejorar seguridad para los ciudadanos.<\/p>\n","protected":false},"excerpt":{"rendered":"<p>Salvador Escalante, Mich., 26 enero del 2022.- El objetivo de la actual administraci\u00f3n municipal de Salvador Escalante que preside la Lic. Araceli Saucedo Reyes, es trabajar de manera coordinada con el gobierno estatal que preside el Lic. Alfredo Ram\u00edrez Bedolla, por ello y en base al seguimiento de acuerdos en materia de seguridad, este d\u00eda [&hellip;]<\/p>\n","protected":false},"author":1,"featured_media":7499,"comment_status":"open","ping_status":"closed","sticky":false,"template":"","format":"standard","meta":[],"categories":[1],"tags":[],"yoast_head":"<!-- This site is optimized with the Yoast SEO plugin v17.9 - https:\/\/yoast.com\/wordpress\/plugins\/seo\/ -->\n<title>Institucional el nombramiento de nuevo director de Seguridad P\u00fablica: Araceli Saucedo Reyes. - Reflejo de Michoac\u00e1n<\/title>\n<meta name=\"robots\" content=\"index, follow, max-snippet:-1, max-image-preview:large, max-video-preview:-1\" \/>\n<link rel=\"canonical\" href=\"https:\/\/reflejodemichoacan.com\/index.php\/2022\/01\/26\/institucional-el-nombramiento-de-nuevo-director-de-seguridad-publica-araceli-saucedo-reyes\/\" \/>\n<meta property=\"og:locale\" content=\"es_MX\" \/>\n<meta property=\"og:type\" content=\"article\" \/>\n<meta property=\"og:title\" content=\"Institucional el nombramiento de nuevo director de Seguridad P\u00fablica: Araceli Saucedo Reyes. - Reflejo de Michoac\u00e1n\" \/>\n<meta property=\"og:description\" content=\"Salvador Escalante, Mich., 26 enero del 2022.- El objetivo de la actual administraci\u00f3n municipal de Salvador Escalante que preside la Lic. Araceli Saucedo Reyes, es trabajar de manera coordinada con el gobierno estatal que preside el Lic. Alfredo Ram\u00edrez Bedolla, por ello y en base al seguimiento de acuerdos en materia de seguridad, este d\u00eda [&hellip;]\" \/>\n<meta property=\"og:url\" content=\"https:\/\/reflejodemichoacan.com\/index.php\/2022\/01\/26\/institucional-el-nombramiento-de-nuevo-director-de-seguridad-publica-araceli-saucedo-reyes\/\" \/>\n<meta property=\"og:site_name\" content=\"Reflejo de Michoac\u00e1n\" \/>\n<meta property=\"article:published_time\" content=\"2022-01-26T23:47:37+00:00\" \/>\n<meta property=\"article:modified_time\" content=\"2022-01-26T23:47:40+00:00\" \/>\n<meta property=\"og:image\" content=\"https:\/\/reflejodemichoacan.com\/wp-content\/uploads\/2022\/01\/nombramiento.jpg\" \/>\n\t<meta property=\"og:image:width\" content=\"960\" \/>\n\t<meta property=\"og:image:height\" content=\"640\" \/>\n\t<meta property=\"og:image:type\" content=\"image\/jpeg\" \/>\n<meta name=\"twitter:card\" content=\"summary_large_image\" \/>\n<meta name=\"twitter:label1\" content=\"Escrito por\" \/>\n\t<meta name=\"twitter:data1\" content=\"Aurora\" \/>\n\t<meta name=\"twitter:label2\" content=\"Tiempo de lectura\" \/>\n\t<meta name=\"twitter:data2\" content=\"2 minutos\" \/>\n<script type=\"application\/ld+json\" class=\"yoast-schema-graph\">{\"@context\":\"https:\/\/schema.org\",\"@graph\":[{\"@type\":\"WebSite\",\"@id\":\"https:\/\/reflejodemichoacan.com\/#website\",\"url\":\"https:\/\/reflejodemichoacan.com\/\",\"name\":\"Reflejo de Michoac\\u00e1n\",\"description\":\"Medio de comunicaci\\u00f3n impreso y digital al servicio de la regi\\u00f3n lacustre y Michoac\\u00e1n.\",\"potentialAction\":[{\"@type\":\"SearchAction\",\"target\":{\"@type\":\"EntryPoint\",\"urlTemplate\":\"https:\/\/reflejodemichoacan.com\/?s={search_term_string}\"},\"query-input\":\"required name=search_term_string\"}],\"inLanguage\":\"es-MX\"},{\"@type\":\"ImageObject\",\"@id\":\"https:\/\/reflejodemichoacan.com\/index.php\/2022\/01\/26\/institucional-el-nombramiento-de-nuevo-director-de-seguridad-publica-araceli-saucedo-reyes\/#primaryimage\",\"inLanguage\":\"es-MX\",\"url\":\"https:\/\/reflejodemichoacan.com\/wp-content\/uploads\/2022\/01\/nombramiento.jpg\",\"contentUrl\":\"https:\/\/reflejodemichoacan.com\/wp-content\/uploads\/2022\/01\/nombramiento.jpg\",\"width\":960,\"height\":640},{\"@type\":\"WebPage\",\"@id\":\"https:\/\/reflejodemichoacan.com\/index.php\/2022\/01\/26\/institucional-el-nombramiento-de-nuevo-director-de-seguridad-publica-araceli-saucedo-reyes\/#webpage\",\"url\":\"https:\/\/reflejodemichoacan.com\/index.php\/2022\/01\/26\/institucional-el-nombramiento-de-nuevo-director-de-seguridad-publica-araceli-saucedo-reyes\/\",\"name\":\"Institucional el nombramiento de nuevo director de Seguridad P\\u00fablica: Araceli Saucedo Reyes. - Reflejo de Michoac\\u00e1n\",\"isPartOf\":{\"@id\":\"https:\/\/reflejodemichoacan.com\/#website\"},\"primaryImageOfPage\":{\"@id\":\"https:\/\/reflejodemichoacan.com\/index.php\/2022\/01\/26\/institucional-el-nombramiento-de-nuevo-director-de-seguridad-publica-araceli-saucedo-reyes\/#primaryimage\"},\"datePublished\":\"2022-01-26T23:47:37+00:00\",\"dateModified\":\"2022-01-26T23:47:40+00:00\",\"author\":{\"@id\":\"https:\/\/reflejodemichoacan.com\/#\/schema\/person\/72d921e8fe99bd6e2e39bcde8995046f\"},\"breadcrumb\":{\"@id\":\"https:\/\/reflejodemichoacan.com\/index.php\/2022\/01\/26\/institucional-el-nombramiento-de-nuevo-director-de-seguridad-publica-araceli-saucedo-reyes\/#breadcrumb\"},\"inLanguage\":\"es-MX\",\"potentialAction\":[{\"@type\":\"ReadAction\",\"target\":[\"https:\/\/reflejodemichoacan.com\/index.php\/2022\/01\/26\/institucional-el-nombramiento-de-nuevo-director-de-seguridad-publica-araceli-saucedo-reyes\/\"]}]},{\"@type\":\"BreadcrumbList\",\"@id\":\"https:\/\/reflejodemichoacan.com\/index.php\/2022\/01\/26\/institucional-el-nombramiento-de-nuevo-director-de-seguridad-publica-araceli-saucedo-reyes\/#breadcrumb\",\"itemListElement\":[{\"@type\":\"ListItem\",\"position\":1,\"name\":\"Inicio\",\"item\":\"https:\/\/reflejodemichoacan.com\/\"},{\"@type\":\"ListItem\",\"position\":2,\"name\":\"Institucional el nombramiento de nuevo director de Seguridad P\\u00fablica: Araceli Saucedo Reyes.\"}]},{\"@type\":\"Person\",\"@id\":\"https:\/\/reflejodemichoacan.com\/#\/schema\/person\/72d921e8fe99bd6e2e39bcde8995046f\",\"name\":\"Aurora\",\"image\":{\"@type\":\"ImageObject\",\"@id\":\"https:\/\/reflejodemichoacan.com\/#personlogo\",\"inLanguage\":\"es-MX\",\"url\":\"https:\/\/secure.gravatar.com\/avatar\/df5ceb9b998be27b25dd258a6b4b0a95?s=96&d=mm&r=g\",\"contentUrl\":\"https:\/\/secure.gravatar.com\/avatar\/df5ceb9b998be27b25dd258a6b4b0a95?s=96&d=mm&r=g\",\"caption\":\"Aurora\"},\"sameAs\":[\"http:\/\/reflejodemichoacan.com\"],\"url\":\"https:\/\/reflejodemichoacan.com\/index.php\/author\/rixwm7qvsq\/\"}]}<\/script>\n<!-- \/ Yoast SEO plugin. -->","yoast_head_json":{"title":"Institucional el nombramiento de nuevo director de Seguridad P\u00fablica: Araceli Saucedo Reyes. - Reflejo de Michoac\u00e1n","robots":{"index":"index","follow":"follow","max-snippet":"max-snippet:-1","max-image-preview":"max-image-preview:large","max-video-preview":"max-video-preview:-1"},"canonical":"https:\/\/reflejodemichoacan.com\/index.php\/2022\/01\/26\/institucional-el-nombramiento-de-nuevo-director-de-seguridad-publica-araceli-saucedo-reyes\/","og_locale":"es_MX","og_type":"article","og_title":"Institucional el nombramiento de nuevo director de Seguridad P\u00fablica: Araceli Saucedo Reyes. - Reflejo de Michoac\u00e1n","og_description":"Salvador Escalante, Mich., 26 enero del 2022.- El objetivo de la actual administraci\u00f3n municipal de Salvador Escalante que preside la Lic. Araceli Saucedo Reyes, es trabajar de manera coordinada con el gobierno estatal que preside el Lic. Alfredo Ram\u00edrez Bedolla, por ello y en base al seguimiento de acuerdos en materia de seguridad, este d\u00eda [&hellip;]","og_url":"https:\/\/reflejodemichoacan.com\/index.php\/2022\/01\/26\/institucional-el-nombramiento-de-nuevo-director-de-seguridad-publica-araceli-saucedo-reyes\/","og_site_name":"Reflejo de Michoac\u00e1n","article_published_time":"2022-01-26T23:47:37+00:00","article_modified_time":"2022-01-26T23:47:40+00:00","og_image":[{"width":960,"height":640,"url":"https:\/\/reflejodemichoacan.com\/wp-content\/uploads\/2022\/01\/nombramiento.jpg","type":"image\/jpeg"}],"twitter_card":"summary_large_image","twitter_misc":{"Escrito por":"Aurora","Tiempo de lectura":"2 minutos"},"schema":{"@context":"https:\/\/schema.org","@graph":[{"@type":"WebSite","@id":"https:\/\/reflejodemichoacan.com\/#website","url":"https:\/\/reflejodemichoacan.com\/","name":"Reflejo de Michoac\u00e1n","description":"Medio de comunicaci\u00f3n impreso y digital al servicio de la regi\u00f3n lacustre y Michoac\u00e1n.","potentialAction":[{"@type":"SearchAction","target":{"@type":"EntryPoint","urlTemplate":"https:\/\/reflejodemichoacan.com\/?s={search_term_string}"},"query-input":"required name=search_term_string"}],"inLanguage":"es-MX"},{"@type":"ImageObject","@id":"https:\/\/reflejodemichoacan.com\/index.php\/2022\/01\/26\/institucional-el-nombramiento-de-nuevo-director-de-seguridad-publica-araceli-saucedo-reyes\/#primaryimage","inLanguage":"es-MX","url":"https:\/\/reflejodemichoacan.com\/wp-content\/uploads\/2022\/01\/nombramiento.jpg","contentUrl":"https:\/\/reflejodemichoacan.com\/wp-content\/uploads\/2022\/01\/nombramiento.jpg","width":960,"height":640},{"@type":"WebPage","@id":"https:\/\/reflejodemichoacan.com\/index.php\/2022\/01\/26\/institucional-el-nombramiento-de-nuevo-director-de-seguridad-publica-araceli-saucedo-reyes\/#webpage","url":"https:\/\/reflejodemichoacan.com\/index.php\/2022\/01\/26\/institucional-el-nombramiento-de-nuevo-director-de-seguridad-publica-araceli-saucedo-reyes\/","name":"Institucional el nombramiento de nuevo director de Seguridad P\u00fablica: Araceli Saucedo Reyes. - Reflejo de Michoac\u00e1n","isPartOf":{"@id":"https:\/\/reflejodemichoacan.com\/#website"},"primaryImageOfPage":{"@id":"https:\/\/reflejodemichoacan.com\/index.php\/2022\/01\/26\/institucional-el-nombramiento-de-nuevo-director-de-seguridad-publica-araceli-saucedo-reyes\/#primaryimage"},"datePublished":"2022-01-26T23:47:37+00:00","dateModified":"2022-01-26T23:47:40+00:00","author":{"@id":"https:\/\/reflejodemichoacan.com\/#\/schema\/person\/72d921e8fe99bd6e2e39bcde8995046f"},"breadcrumb":{"@id":"https:\/\/reflejodemichoacan.com\/index.php\/2022\/01\/26\/institucional-el-nombramiento-de-nuevo-director-de-seguridad-publica-araceli-saucedo-reyes\/#breadcrumb"},"inLanguage":"es-MX","potentialAction":[{"@type":"ReadAction","target":["https:\/\/reflejodemichoacan.com\/index.php\/2022\/01\/26\/institucional-el-nombramiento-de-nuevo-director-de-seguridad-publica-araceli-saucedo-reyes\/"]}]},{"@type":"BreadcrumbList","@id":"https:\/\/reflejodemichoacan.com\/index.php\/2022\/01\/26\/institucional-el-nombramiento-de-nuevo-director-de-seguridad-publica-araceli-saucedo-reyes\/#breadcrumb","itemListElement":[{"@type":"ListItem","position":1,"name":"Inicio","item":"https:\/\/reflejodemichoacan.com\/"},{"@type":"ListItem","position":2,"name":"Institucional el nombramiento de nuevo director de Seguridad P\u00fablica: Araceli Saucedo Reyes."}]},{"@type":"Person","@id":"https:\/\/reflejodemichoacan.com\/#\/schema\/person\/72d921e8fe99bd6e2e39bcde8995046f","name":"Aurora","image":{"@type":"ImageObject","@id":"https:\/\/reflejodemichoacan.com\/#personlogo","inLanguage":"es-MX","url":"https:\/\/secure.gravatar.com\/avatar\/df5ceb9b998be27b25dd258a6b4b0a95?s=96&d=mm&r=g","contentUrl":"https:\/\/secure.gravatar.com\/avatar\/df5ceb9b998be27b25dd258a6b4b0a95?s=96&d=mm&r=g","caption":"Aurora"},"sameAs":["http:\/\/reflejodemichoacan.com"],"url":"https:\/\/reflejodemichoacan.com\/index.php\/author\/rixwm7qvsq\/"}]}},"_links":{"self":[{"href":"https:\/\/reflejodemichoacan.com\/index.php\/wp-json\/wp\/v2\/posts\/7498"}],"collection":[{"href":"https:\/\/reflejodemichoacan.com\/index.php\/wp-json\/wp\/v2\/posts"}],"about":[{"href":"https:\/\/reflejodemichoacan.com\/index.php\/wp-json\/wp\/v2\/types\/post"}],"author":[{"embeddable":true,"href":"https:\/\/reflejodemichoacan.com\/index.php\/wp-json\/wp\/v2\/users\/1"}],"replies":[{"embeddable":true,"href":"https:\/\/reflejodemichoacan.com\/index.php\/wp-json\/wp\/v2\/comments?post=7498"}],"version-history":[{"count":1,"href":"https:\/\/reflejodemichoacan.com\/index.php\/wp-json\/wp\/v2\/posts\/7498\/revisions"}],"predecessor-version":[{"id":7500,"href":"https:\/\/reflejodemichoacan.com\/index.php\/wp-json\/wp\/v2\/posts\/7498\/revisions\/7500"}],"wp:featuredmedia":[{"embeddable":true,"href":"https:\/\/reflejodemichoacan.com\/index.php\/wp-json\/wp\/v2\/media\/7499"}],"wp:attachment":[{"href":"https:\/\/reflejodemichoacan.com\/index.php\/wp-json\/wp\/v2\/media?parent=7498"}],"wp:term":[{"taxonomy":"category","embeddable":true,"href":"https:\/\/reflejodemichoacan.com\/index.php\/wp-json\/wp\/v2\/categories?post=7498"},{"taxonomy":"post_tag","embeddable":true,"href":"https:\/\/reflejodemichoacan.com\/index.php\/wp-json\/wp\/v2\/tags?post=7498"}],"curies":[{"name":"wp","href":"https:\/\/api.w.org\/{rel}","templated":true}]}}