{"id":7504,"date":"2022-01-27T00:10:37","date_gmt":"2022-01-27T00:10:37","guid":{"rendered":"https:\/\/reflejodemichoacan.com\/?p=7504"},"modified":"2022-01-27T00:10:40","modified_gmt":"2022-01-27T00:10:40","slug":"se-acordo-un-gran-impulso-al-sector-agropecuario-en-sesion-del-consejo-municipal-de-desarrollo-rural-de-patzcuaro","status":"publish","type":"post","link":"https:\/\/reflejodemichoacan.com\/index.php\/2022\/01\/27\/se-acordo-un-gran-impulso-al-sector-agropecuario-en-sesion-del-consejo-municipal-de-desarrollo-rural-de-patzcuaro\/","title":{"rendered":"Se acord\u00f3 un gran impulso al sector agropecuario en Sesi\u00f3n del Consejo Municipal de Desarrollo Rural de P\u00e1tzcuaro"},"content":{"rendered":"\n<p><br>\u00a0<br>*El Presidente Julio Alberto Arreola V\u00e1zquez tom\u00f3 protesta a las nuevas autoridades auxiliares<br>\u00a0<br>P\u00e1tzcuaro, Mich., a 26 de Enero de 2022.- Con la finalidad de dar puntual seguimiento al compromiso con el sector agropecuario, el Presidente Municipal, Julio Alberto Arreola V\u00e1zquez, a trav\u00e9s de la Direcci\u00f3n de Desarrollo Rural Municipal,\u00a0convoc\u00f3 a la Regidora de Planeaci\u00f3n, Erika Yaneth Vel\u00e1zquez Dionisio, Jefes de Tenencia y Encargados del Orden a la 1er. Sesi\u00f3n Ordinaria del Consejo Municipal de Desarrollo Rural (COMUNDER) para su toma de protesta.<br>\u00a0<br>El alcalde dio la bienvenida a los asistentes y\u00a0escuch\u00f3 los pendientes que se tienen en las comunidades, dando respuesta inmediata a las dudas e inform\u00f3 tambi\u00e9n los avances en las gestiones correspondientes.<br>\u00a0<br>El Director de Desarrollo Rural Municipal, \u00a0 Sebasti\u00e1n Gonz\u00e1lez Reyes, dio lectura a la orden del d\u00eda para, enseguida, iniciar con\u00a0los asuntos a tratar.<br>\u00a0<br>En su informe, el funcionario\u00a0dio a conocer las actividades iniciadas bajo su responsabilidad, de las que destac\u00f3 el Programa de\u00a0Fertilizantes, al que \u00a0\u201cya se pueden inscribir los productores agr\u00edcolas, con la finalidad de conocer el n\u00famero y cantidades que se tendr\u00e1 que gestionar para esta temporada, siendo Urea, Sulfato y 18-46\u201d, puntualiz\u00f3.<br>\u00a0<br>Otro de los temas tratados fue el referente a la Sanidad Vegetal, en virtud de que en esta regi\u00f3n se tienen problemas de plagas, como la del Chapul\u00edn, el Yupo y el Gusano Soldado,\u00a0por lo que invit\u00f3 a los productores a hacer su solicitud y entrar en un esquema en la Junta Local de Sanidad Vegetal de la regi\u00f3n P\u00e1tzcuaro, la cual est\u00e1 integrada por productores de 6 municipios.<br>\u00a0<br>El Delegado Regional de dicha junta, Fernando Cajeme, expuso mediante diapositivas el plan de trabajo que se tiene contemplado para contrarrestar dichas plagas en la regi\u00f3n, por lo que tambi\u00e9n invit\u00f3 a los productores del campo a unirse a la Junta Regional de Sanidad Vegetal. \u00a0<br>\u00a0<br>Por su parte, Hugo Alejandro Ram\u00edrez Hern\u00e1ndez,\u00a0especialista en el mejoramiento gen\u00e9tico del ganado, realiz\u00f3 la presentaci\u00f3n del plan de trabajo y sus costos.<\/p>\n\n\n\n<p>El Edil mencion\u00f3 que est\u00e1 por lograr aterrizar el proyecto de Mejoramiento Gen\u00e9tico del Ganado Bovino de la regi\u00f3n: \u201cYa se tiene contemplada la adquisici\u00f3n de ejemplares bovinos que ayudar\u00e1n a mejorar el ganado en el municipio, buscaremos apoyar poco a poco en las necesidades que tiene la regi\u00f3n&#8221;.<\/p>\n\n\n\n<p>Tambi\u00e9n el Presidente Municipal reforz\u00f3 la informaci\u00f3n con algunos otros datos de este proyecto, por lo que dijo: \u201cEstamos viendo la posibilidad de adquirir uno o dos sementales para los ganaderos de la regi\u00f3n, en el municipio de P\u00e1tzcuaro tenemos un potencial muy grande referente al ganado bovino y bien vale la pena invertir para que se pueda mejorar la raza y se tenga mejor ganado y&nbsp;por supuesto, mejores ingresos por la venta del mismo&#8221;.<\/p>\n\n\n\n<p>Mientras que la regidora Vel\u00e1zquez Dionisio, afirm\u00f3 que dentro del Cabildo tienen una aliada que impulsar\u00e1 cualquier propuesta que sea necesaria para impulsar el desarrollo de este importante sector.<br>&nbsp;<br>Ya para concluir la sesi\u00f3n, el Presidente Julio Arreola tom\u00f3 la protesta a los nuevos Encargados del Orden y Jefes de Tenencia, as\u00ed como a la propia Regidora, como integrantes del Consejo Municipal de Desarrollo Rural (COMUNDER), quienes buscar\u00e1n trabajar de manera coordinada por este importante grupo.<\/p>\n","protected":false},"excerpt":{"rendered":"<p>\u00a0*El Presidente Julio Alberto Arreola V\u00e1zquez tom\u00f3 protesta a las nuevas autoridades auxiliares\u00a0P\u00e1tzcuaro, Mich., a 26 de Enero de 2022.- Con la finalidad de dar puntual seguimiento al compromiso con el sector agropecuario, el Presidente Municipal, Julio Alberto Arreola V\u00e1zquez, a trav\u00e9s de la Direcci\u00f3n de Desarrollo Rural Municipal,\u00a0convoc\u00f3 a la Regidora de Planeaci\u00f3n, Erika [&hellip;]<\/p>\n","protected":false},"author":1,"featured_media":7505,"comment_status":"open","ping_status":"closed","sticky":false,"template":"","format":"standard","meta":[],"categories":[1],"tags":[],"yoast_head":"<!-- This site is optimized with the Yoast SEO plugin v17.9 - https:\/\/yoast.com\/wordpress\/plugins\/seo\/ -->\n<title>Se acord\u00f3 un gran impulso al sector agropecuario en Sesi\u00f3n del Consejo Municipal de Desarrollo Rural de P\u00e1tzcuaro - Reflejo de Michoac\u00e1n<\/title>\n<meta name=\"robots\" content=\"index, follow, max-snippet:-1, max-image-preview:large, max-video-preview:-1\" \/>\n<link rel=\"canonical\" href=\"https:\/\/reflejodemichoacan.com\/index.php\/2022\/01\/27\/se-acordo-un-gran-impulso-al-sector-agropecuario-en-sesion-del-consejo-municipal-de-desarrollo-rural-de-patzcuaro\/\" \/>\n<meta property=\"og:locale\" content=\"es_MX\" \/>\n<meta property=\"og:type\" content=\"article\" \/>\n<meta property=\"og:title\" content=\"Se acord\u00f3 un gran impulso al sector agropecuario en Sesi\u00f3n del Consejo Municipal de Desarrollo Rural de P\u00e1tzcuaro - Reflejo de Michoac\u00e1n\" \/>\n<meta property=\"og:description\" content=\"\u00a0*El Presidente Julio Alberto Arreola V\u00e1zquez tom\u00f3 protesta a las nuevas autoridades auxiliares\u00a0P\u00e1tzcuaro, Mich., a 26 de Enero de 2022.- Con la finalidad de dar puntual seguimiento al compromiso con el sector agropecuario, el Presidente Municipal, Julio Alberto Arreola V\u00e1zquez, a trav\u00e9s de la Direcci\u00f3n de Desarrollo Rural Municipal,\u00a0convoc\u00f3 a la Regidora de Planeaci\u00f3n, Erika [&hellip;]\" \/>\n<meta property=\"og:url\" content=\"https:\/\/reflejodemichoacan.com\/index.php\/2022\/01\/27\/se-acordo-un-gran-impulso-al-sector-agropecuario-en-sesion-del-consejo-municipal-de-desarrollo-rural-de-patzcuaro\/\" \/>\n<meta property=\"og:site_name\" content=\"Reflejo de Michoac\u00e1n\" \/>\n<meta property=\"article:published_time\" content=\"2022-01-27T00:10:37+00:00\" \/>\n<meta property=\"article:modified_time\" content=\"2022-01-27T00:10:40+00:00\" \/>\n<meta property=\"og:image\" content=\"https:\/\/reflejodemichoacan.com\/wp-content\/uploads\/2022\/01\/consejo.jpg\" \/>\n\t<meta property=\"og:image:width\" content=\"1600\" \/>\n\t<meta property=\"og:image:height\" content=\"1200\" \/>\n\t<meta property=\"og:image:type\" content=\"image\/jpeg\" \/>\n<meta name=\"twitter:card\" content=\"summary_large_image\" \/>\n<meta name=\"twitter:label1\" content=\"Escrito por\" \/>\n\t<meta name=\"twitter:data1\" content=\"Aurora\" \/>\n\t<meta name=\"twitter:label2\" content=\"Tiempo de lectura\" \/>\n\t<meta name=\"twitter:data2\" content=\"3 minutos\" \/>\n<script type=\"application\/ld+json\" class=\"yoast-schema-graph\">{\"@context\":\"https:\/\/schema.org\",\"@graph\":[{\"@type\":\"WebSite\",\"@id\":\"https:\/\/reflejodemichoacan.com\/#website\",\"url\":\"https:\/\/reflejodemichoacan.com\/\",\"name\":\"Reflejo de Michoac\\u00e1n\",\"description\":\"Medio de comunicaci\\u00f3n impreso y digital al servicio de la regi\\u00f3n lacustre y Michoac\\u00e1n.\",\"potentialAction\":[{\"@type\":\"SearchAction\",\"target\":{\"@type\":\"EntryPoint\",\"urlTemplate\":\"https:\/\/reflejodemichoacan.com\/?s={search_term_string}\"},\"query-input\":\"required name=search_term_string\"}],\"inLanguage\":\"es-MX\"},{\"@type\":\"ImageObject\",\"@id\":\"https:\/\/reflejodemichoacan.com\/index.php\/2022\/01\/27\/se-acordo-un-gran-impulso-al-sector-agropecuario-en-sesion-del-consejo-municipal-de-desarrollo-rural-de-patzcuaro\/#primaryimage\",\"inLanguage\":\"es-MX\",\"url\":\"https:\/\/reflejodemichoacan.com\/wp-content\/uploads\/2022\/01\/consejo.jpg\",\"contentUrl\":\"https:\/\/reflejodemichoacan.com\/wp-content\/uploads\/2022\/01\/consejo.jpg\",\"width\":1600,\"height\":1200},{\"@type\":\"WebPage\",\"@id\":\"https:\/\/reflejodemichoacan.com\/index.php\/2022\/01\/27\/se-acordo-un-gran-impulso-al-sector-agropecuario-en-sesion-del-consejo-municipal-de-desarrollo-rural-de-patzcuaro\/#webpage\",\"url\":\"https:\/\/reflejodemichoacan.com\/index.php\/2022\/01\/27\/se-acordo-un-gran-impulso-al-sector-agropecuario-en-sesion-del-consejo-municipal-de-desarrollo-rural-de-patzcuaro\/\",\"name\":\"Se acord\\u00f3 un gran impulso al sector agropecuario en Sesi\\u00f3n del Consejo Municipal de Desarrollo Rural de P\\u00e1tzcuaro - Reflejo de Michoac\\u00e1n\",\"isPartOf\":{\"@id\":\"https:\/\/reflejodemichoacan.com\/#website\"},\"primaryImageOfPage\":{\"@id\":\"https:\/\/reflejodemichoacan.com\/index.php\/2022\/01\/27\/se-acordo-un-gran-impulso-al-sector-agropecuario-en-sesion-del-consejo-municipal-de-desarrollo-rural-de-patzcuaro\/#primaryimage\"},\"datePublished\":\"2022-01-27T00:10:37+00:00\",\"dateModified\":\"2022-01-27T00:10:40+00:00\",\"author\":{\"@id\":\"https:\/\/reflejodemichoacan.com\/#\/schema\/person\/72d921e8fe99bd6e2e39bcde8995046f\"},\"breadcrumb\":{\"@id\":\"https:\/\/reflejodemichoacan.com\/index.php\/2022\/01\/27\/se-acordo-un-gran-impulso-al-sector-agropecuario-en-sesion-del-consejo-municipal-de-desarrollo-rural-de-patzcuaro\/#breadcrumb\"},\"inLanguage\":\"es-MX\",\"potentialAction\":[{\"@type\":\"ReadAction\",\"target\":[\"https:\/\/reflejodemichoacan.com\/index.php\/2022\/01\/27\/se-acordo-un-gran-impulso-al-sector-agropecuario-en-sesion-del-consejo-municipal-de-desarrollo-rural-de-patzcuaro\/\"]}]},{\"@type\":\"BreadcrumbList\",\"@id\":\"https:\/\/reflejodemichoacan.com\/index.php\/2022\/01\/27\/se-acordo-un-gran-impulso-al-sector-agropecuario-en-sesion-del-consejo-municipal-de-desarrollo-rural-de-patzcuaro\/#breadcrumb\",\"itemListElement\":[{\"@type\":\"ListItem\",\"position\":1,\"name\":\"Inicio\",\"item\":\"https:\/\/reflejodemichoacan.com\/\"},{\"@type\":\"ListItem\",\"position\":2,\"name\":\"Se acord\\u00f3 un gran impulso al sector agropecuario en Sesi\\u00f3n del Consejo Municipal de Desarrollo Rural de P\\u00e1tzcuaro\"}]},{\"@type\":\"Person\",\"@id\":\"https:\/\/reflejodemichoacan.com\/#\/schema\/person\/72d921e8fe99bd6e2e39bcde8995046f\",\"name\":\"Aurora\",\"image\":{\"@type\":\"ImageObject\",\"@id\":\"https:\/\/reflejodemichoacan.com\/#personlogo\",\"inLanguage\":\"es-MX\",\"url\":\"https:\/\/secure.gravatar.com\/avatar\/df5ceb9b998be27b25dd258a6b4b0a95?s=96&d=mm&r=g\",\"contentUrl\":\"https:\/\/secure.gravatar.com\/avatar\/df5ceb9b998be27b25dd258a6b4b0a95?s=96&d=mm&r=g\",\"caption\":\"Aurora\"},\"sameAs\":[\"http:\/\/reflejodemichoacan.com\"],\"url\":\"https:\/\/reflejodemichoacan.com\/index.php\/author\/rixwm7qvsq\/\"}]}<\/script>\n<!-- \/ Yoast SEO plugin. -->","yoast_head_json":{"title":"Se acord\u00f3 un gran impulso al sector agropecuario en Sesi\u00f3n del Consejo Municipal de Desarrollo Rural de P\u00e1tzcuaro - Reflejo de Michoac\u00e1n","robots":{"index":"index","follow":"follow","max-snippet":"max-snippet:-1","max-image-preview":"max-image-preview:large","max-video-preview":"max-video-preview:-1"},"canonical":"https:\/\/reflejodemichoacan.com\/index.php\/2022\/01\/27\/se-acordo-un-gran-impulso-al-sector-agropecuario-en-sesion-del-consejo-municipal-de-desarrollo-rural-de-patzcuaro\/","og_locale":"es_MX","og_type":"article","og_title":"Se acord\u00f3 un gran impulso al sector agropecuario en Sesi\u00f3n del Consejo Municipal de Desarrollo Rural de P\u00e1tzcuaro - Reflejo de Michoac\u00e1n","og_description":"\u00a0*El Presidente Julio Alberto Arreola V\u00e1zquez tom\u00f3 protesta a las nuevas autoridades auxiliares\u00a0P\u00e1tzcuaro, Mich., a 26 de Enero de 2022.- Con la finalidad de dar puntual seguimiento al compromiso con el sector agropecuario, el Presidente Municipal, Julio Alberto Arreola V\u00e1zquez, a trav\u00e9s de la Direcci\u00f3n de Desarrollo Rural Municipal,\u00a0convoc\u00f3 a la Regidora de Planeaci\u00f3n, Erika [&hellip;]","og_url":"https:\/\/reflejodemichoacan.com\/index.php\/2022\/01\/27\/se-acordo-un-gran-impulso-al-sector-agropecuario-en-sesion-del-consejo-municipal-de-desarrollo-rural-de-patzcuaro\/","og_site_name":"Reflejo de Michoac\u00e1n","article_published_time":"2022-01-27T00:10:37+00:00","article_modified_time":"2022-01-27T00:10:40+00:00","og_image":[{"width":1600,"height":1200,"url":"https:\/\/reflejodemichoacan.com\/wp-content\/uploads\/2022\/01\/consejo.jpg","type":"image\/jpeg"}],"twitter_card":"summary_large_image","twitter_misc":{"Escrito por":"Aurora","Tiempo de lectura":"3 minutos"},"schema":{"@context":"https:\/\/schema.org","@graph":[{"@type":"WebSite","@id":"https:\/\/reflejodemichoacan.com\/#website","url":"https:\/\/reflejodemichoacan.com\/","name":"Reflejo de Michoac\u00e1n","description":"Medio de comunicaci\u00f3n impreso y digital al servicio de la regi\u00f3n lacustre y Michoac\u00e1n.","potentialAction":[{"@type":"SearchAction","target":{"@type":"EntryPoint","urlTemplate":"https:\/\/reflejodemichoacan.com\/?s={search_term_string}"},"query-input":"required name=search_term_string"}],"inLanguage":"es-MX"},{"@type":"ImageObject","@id":"https:\/\/reflejodemichoacan.com\/index.php\/2022\/01\/27\/se-acordo-un-gran-impulso-al-sector-agropecuario-en-sesion-del-consejo-municipal-de-desarrollo-rural-de-patzcuaro\/#primaryimage","inLanguage":"es-MX","url":"https:\/\/reflejodemichoacan.com\/wp-content\/uploads\/2022\/01\/consejo.jpg","contentUrl":"https:\/\/reflejodemichoacan.com\/wp-content\/uploads\/2022\/01\/consejo.jpg","width":1600,"height":1200},{"@type":"WebPage","@id":"https:\/\/reflejodemichoacan.com\/index.php\/2022\/01\/27\/se-acordo-un-gran-impulso-al-sector-agropecuario-en-sesion-del-consejo-municipal-de-desarrollo-rural-de-patzcuaro\/#webpage","url":"https:\/\/reflejodemichoacan.com\/index.php\/2022\/01\/27\/se-acordo-un-gran-impulso-al-sector-agropecuario-en-sesion-del-consejo-municipal-de-desarrollo-rural-de-patzcuaro\/","name":"Se acord\u00f3 un gran impulso al sector agropecuario en Sesi\u00f3n del Consejo Municipal de Desarrollo Rural de P\u00e1tzcuaro - Reflejo de Michoac\u00e1n","isPartOf":{"@id":"https:\/\/reflejodemichoacan.com\/#website"},"primaryImageOfPage":{"@id":"https:\/\/reflejodemichoacan.com\/index.php\/2022\/01\/27\/se-acordo-un-gran-impulso-al-sector-agropecuario-en-sesion-del-consejo-municipal-de-desarrollo-rural-de-patzcuaro\/#primaryimage"},"datePublished":"2022-01-27T00:10:37+00:00","dateModified":"2022-01-27T00:10:40+00:00","author":{"@id":"https:\/\/reflejodemichoacan.com\/#\/schema\/person\/72d921e8fe99bd6e2e39bcde8995046f"},"breadcrumb":{"@id":"https:\/\/reflejodemichoacan.com\/index.php\/2022\/01\/27\/se-acordo-un-gran-impulso-al-sector-agropecuario-en-sesion-del-consejo-municipal-de-desarrollo-rural-de-patzcuaro\/#breadcrumb"},"inLanguage":"es-MX","potentialAction":[{"@type":"ReadAction","target":["https:\/\/reflejodemichoacan.com\/index.php\/2022\/01\/27\/se-acordo-un-gran-impulso-al-sector-agropecuario-en-sesion-del-consejo-municipal-de-desarrollo-rural-de-patzcuaro\/"]}]},{"@type":"BreadcrumbList","@id":"https:\/\/reflejodemichoacan.com\/index.php\/2022\/01\/27\/se-acordo-un-gran-impulso-al-sector-agropecuario-en-sesion-del-consejo-municipal-de-desarrollo-rural-de-patzcuaro\/#breadcrumb","itemListElement":[{"@type":"ListItem","position":1,"name":"Inicio","item":"https:\/\/reflejodemichoacan.com\/"},{"@type":"ListItem","position":2,"name":"Se acord\u00f3 un gran impulso al sector agropecuario en Sesi\u00f3n del Consejo Municipal de Desarrollo Rural de P\u00e1tzcuaro"}]},{"@type":"Person","@id":"https:\/\/reflejodemichoacan.com\/#\/schema\/person\/72d921e8fe99bd6e2e39bcde8995046f","name":"Aurora","image":{"@type":"ImageObject","@id":"https:\/\/reflejodemichoacan.com\/#personlogo","inLanguage":"es-MX","url":"https:\/\/secure.gravatar.com\/avatar\/df5ceb9b998be27b25dd258a6b4b0a95?s=96&d=mm&r=g","contentUrl":"https:\/\/secure.gravatar.com\/avatar\/df5ceb9b998be27b25dd258a6b4b0a95?s=96&d=mm&r=g","caption":"Aurora"},"sameAs":["http:\/\/reflejodemichoacan.com"],"url":"https:\/\/reflejodemichoacan.com\/index.php\/author\/rixwm7qvsq\/"}]}},"_links":{"self":[{"href":"https:\/\/reflejodemichoacan.com\/index.php\/wp-json\/wp\/v2\/posts\/7504"}],"collection":[{"href":"https:\/\/reflejodemichoacan.com\/index.php\/wp-json\/wp\/v2\/posts"}],"about":[{"href":"https:\/\/reflejodemichoacan.com\/index.php\/wp-json\/wp\/v2\/types\/post"}],"author":[{"embeddable":true,"href":"https:\/\/reflejodemichoacan.com\/index.php\/wp-json\/wp\/v2\/users\/1"}],"replies":[{"embeddable":true,"href":"https:\/\/reflejodemichoacan.com\/index.php\/wp-json\/wp\/v2\/comments?post=7504"}],"version-history":[{"count":1,"href":"https:\/\/reflejodemichoacan.com\/index.php\/wp-json\/wp\/v2\/posts\/7504\/revisions"}],"predecessor-version":[{"id":7506,"href":"https:\/\/reflejodemichoacan.com\/index.php\/wp-json\/wp\/v2\/posts\/7504\/revisions\/7506"}],"wp:featuredmedia":[{"embeddable":true,"href":"https:\/\/reflejodemichoacan.com\/index.php\/wp-json\/wp\/v2\/media\/7505"}],"wp:attachment":[{"href":"https:\/\/reflejodemichoacan.com\/index.php\/wp-json\/wp\/v2\/media?parent=7504"}],"wp:term":[{"taxonomy":"category","embeddable":true,"href":"https:\/\/reflejodemichoacan.com\/index.php\/wp-json\/wp\/v2\/categories?post=7504"},{"taxonomy":"post_tag","embeddable":true,"href":"https:\/\/reflejodemichoacan.com\/index.php\/wp-json\/wp\/v2\/tags?post=7504"}],"curies":[{"name":"wp","href":"https:\/\/api.w.org\/{rel}","templated":true}]}}