{"id":7507,"date":"2022-01-27T00:16:09","date_gmt":"2022-01-27T00:16:09","guid":{"rendered":"https:\/\/reflejodemichoacan.com\/?p=7507"},"modified":"2022-01-27T00:16:12","modified_gmt":"2022-01-27T00:16:12","slug":"por-concluir-obra-en-boulevard-de-la-piedad-scop","status":"publish","type":"post","link":"https:\/\/reflejodemichoacan.com\/index.php\/2022\/01\/27\/por-concluir-obra-en-boulevard-de-la-piedad-scop\/","title":{"rendered":"Por concluir, obra en boulevard de La Piedad: SCOP"},"content":{"rendered":"\n<p><br><br><strong>La Piedad, Michoac\u00e1n, 26\u00a0de enero del 2022.-<\/strong>\u00a0En la cabecera municipal de La Piedad, se atiende la solicitud m\u00e1s sentida que los habitantes han manifestado al gobernador Alfredo Ram\u00edrez Bedolla desde que comenz\u00f3 su encargo al frente de la administraci\u00f3n estatal, y es la conclusi\u00f3n de la obra en el boulevard L\u00e1zaro C\u00e1rdenas.\u00a0<br><br>\u201cPara ello, la Secretar\u00eda de Comunicaciones y Obras P\u00fablicas (SCOP) trabaja en los \u00faltimos detalles de la rehabilitaci\u00f3n de este acceso principal a la ciudad, obra que se reactiv\u00f3 el pasado cuatro de enero\u00a0con el colado de guarniciones y banquetas\u201d, se\u00f1al\u00f3 el titular de la dependencia, Jos\u00e9 Zavala Nolasco.\u00a0<br><br>Destac\u00f3 que el pr\u00f3ximo 15 de febrero, la SCOP prev\u00e9 concluir las labores de modernizaci\u00f3n con beneficio directo a los comercios y negocios aleda\u00f1os, as\u00ed como a la poblaci\u00f3n en general que se vio afectada por la suspensi\u00f3n de los trabajos.<br><br>El funcionario refiri\u00f3 que, adem\u00e1s de embellecer la imagen urbana de la localidad, el boulevard L\u00e1zaro C\u00e1rdenas, en su tramo rehabilitado, brindar\u00e1 condiciones para la movilidad integral de ciclistas, peatones y personas con discapacidad, al incluir espacios segregados que les permitir\u00e1n transitar con seguridad, comodidad y agilidad, paralelamente, a los veh\u00edculos motorizados.<\/p>\n","protected":false},"excerpt":{"rendered":"<p>La Piedad, Michoac\u00e1n, 26\u00a0de enero del 2022.-\u00a0En la cabecera municipal de La Piedad, se atiende la solicitud m\u00e1s sentida que los habitantes han manifestado al gobernador Alfredo Ram\u00edrez Bedolla desde que comenz\u00f3 su encargo al frente de la administraci\u00f3n estatal, y es la conclusi\u00f3n de la obra en el boulevard L\u00e1zaro C\u00e1rdenas.\u00a0 \u201cPara ello, la [&hellip;]<\/p>\n","protected":false},"author":1,"featured_media":7508,"comment_status":"open","ping_status":"closed","sticky":false,"template":"","format":"standard","meta":[],"categories":[1],"tags":[],"yoast_head":"<!-- This site is optimized with the Yoast SEO plugin v17.9 - https:\/\/yoast.com\/wordpress\/plugins\/seo\/ -->\n<title>Por concluir, obra en boulevard de La Piedad: SCOP - Reflejo de Michoac\u00e1n<\/title>\n<meta name=\"robots\" content=\"index, follow, max-snippet:-1, max-image-preview:large, max-video-preview:-1\" \/>\n<link rel=\"canonical\" href=\"https:\/\/reflejodemichoacan.com\/index.php\/2022\/01\/27\/por-concluir-obra-en-boulevard-de-la-piedad-scop\/\" \/>\n<meta property=\"og:locale\" content=\"es_MX\" \/>\n<meta property=\"og:type\" content=\"article\" \/>\n<meta property=\"og:title\" content=\"Por concluir, obra en boulevard de La Piedad: SCOP - Reflejo de Michoac\u00e1n\" \/>\n<meta property=\"og:description\" content=\"La Piedad, Michoac\u00e1n, 26\u00a0de enero del 2022.-\u00a0En la cabecera municipal de La Piedad, se atiende la solicitud m\u00e1s sentida que los habitantes han manifestado al gobernador Alfredo Ram\u00edrez Bedolla desde que comenz\u00f3 su encargo al frente de la administraci\u00f3n estatal, y es la conclusi\u00f3n de la obra en el boulevard L\u00e1zaro C\u00e1rdenas.\u00a0 \u201cPara ello, la [&hellip;]\" \/>\n<meta property=\"og:url\" content=\"https:\/\/reflejodemichoacan.com\/index.php\/2022\/01\/27\/por-concluir-obra-en-boulevard-de-la-piedad-scop\/\" \/>\n<meta property=\"og:site_name\" content=\"Reflejo de Michoac\u00e1n\" \/>\n<meta property=\"article:published_time\" content=\"2022-01-27T00:16:09+00:00\" \/>\n<meta property=\"article:modified_time\" content=\"2022-01-27T00:16:12+00:00\" \/>\n<meta property=\"og:image\" content=\"https:\/\/reflejodemichoacan.com\/wp-content\/uploads\/2022\/01\/por-concluir.jpg\" \/>\n\t<meta property=\"og:image:width\" content=\"1271\" \/>\n\t<meta property=\"og:image:height\" content=\"834\" \/>\n\t<meta property=\"og:image:type\" content=\"image\/jpeg\" \/>\n<meta name=\"twitter:card\" content=\"summary_large_image\" \/>\n<meta name=\"twitter:label1\" content=\"Escrito por\" \/>\n\t<meta name=\"twitter:data1\" content=\"Aurora\" \/>\n\t<meta name=\"twitter:label2\" content=\"Tiempo de lectura\" \/>\n\t<meta name=\"twitter:data2\" content=\"1 minuto\" \/>\n<script type=\"application\/ld+json\" class=\"yoast-schema-graph\">{\"@context\":\"https:\/\/schema.org\",\"@graph\":[{\"@type\":\"WebSite\",\"@id\":\"https:\/\/reflejodemichoacan.com\/#website\",\"url\":\"https:\/\/reflejodemichoacan.com\/\",\"name\":\"Reflejo de Michoac\\u00e1n\",\"description\":\"Medio de comunicaci\\u00f3n impreso y digital al servicio de la regi\\u00f3n lacustre y Michoac\\u00e1n.\",\"potentialAction\":[{\"@type\":\"SearchAction\",\"target\":{\"@type\":\"EntryPoint\",\"urlTemplate\":\"https:\/\/reflejodemichoacan.com\/?s={search_term_string}\"},\"query-input\":\"required name=search_term_string\"}],\"inLanguage\":\"es-MX\"},{\"@type\":\"ImageObject\",\"@id\":\"https:\/\/reflejodemichoacan.com\/index.php\/2022\/01\/27\/por-concluir-obra-en-boulevard-de-la-piedad-scop\/#primaryimage\",\"inLanguage\":\"es-MX\",\"url\":\"https:\/\/reflejodemichoacan.com\/wp-content\/uploads\/2022\/01\/por-concluir.jpg\",\"contentUrl\":\"https:\/\/reflejodemichoacan.com\/wp-content\/uploads\/2022\/01\/por-concluir.jpg\",\"width\":1271,\"height\":834},{\"@type\":\"WebPage\",\"@id\":\"https:\/\/reflejodemichoacan.com\/index.php\/2022\/01\/27\/por-concluir-obra-en-boulevard-de-la-piedad-scop\/#webpage\",\"url\":\"https:\/\/reflejodemichoacan.com\/index.php\/2022\/01\/27\/por-concluir-obra-en-boulevard-de-la-piedad-scop\/\",\"name\":\"Por concluir, obra en boulevard de La Piedad: SCOP - Reflejo de Michoac\\u00e1n\",\"isPartOf\":{\"@id\":\"https:\/\/reflejodemichoacan.com\/#website\"},\"primaryImageOfPage\":{\"@id\":\"https:\/\/reflejodemichoacan.com\/index.php\/2022\/01\/27\/por-concluir-obra-en-boulevard-de-la-piedad-scop\/#primaryimage\"},\"datePublished\":\"2022-01-27T00:16:09+00:00\",\"dateModified\":\"2022-01-27T00:16:12+00:00\",\"author\":{\"@id\":\"https:\/\/reflejodemichoacan.com\/#\/schema\/person\/72d921e8fe99bd6e2e39bcde8995046f\"},\"breadcrumb\":{\"@id\":\"https:\/\/reflejodemichoacan.com\/index.php\/2022\/01\/27\/por-concluir-obra-en-boulevard-de-la-piedad-scop\/#breadcrumb\"},\"inLanguage\":\"es-MX\",\"potentialAction\":[{\"@type\":\"ReadAction\",\"target\":[\"https:\/\/reflejodemichoacan.com\/index.php\/2022\/01\/27\/por-concluir-obra-en-boulevard-de-la-piedad-scop\/\"]}]},{\"@type\":\"BreadcrumbList\",\"@id\":\"https:\/\/reflejodemichoacan.com\/index.php\/2022\/01\/27\/por-concluir-obra-en-boulevard-de-la-piedad-scop\/#breadcrumb\",\"itemListElement\":[{\"@type\":\"ListItem\",\"position\":1,\"name\":\"Inicio\",\"item\":\"https:\/\/reflejodemichoacan.com\/\"},{\"@type\":\"ListItem\",\"position\":2,\"name\":\"Por concluir, obra en boulevard de La Piedad: SCOP\"}]},{\"@type\":\"Person\",\"@id\":\"https:\/\/reflejodemichoacan.com\/#\/schema\/person\/72d921e8fe99bd6e2e39bcde8995046f\",\"name\":\"Aurora\",\"image\":{\"@type\":\"ImageObject\",\"@id\":\"https:\/\/reflejodemichoacan.com\/#personlogo\",\"inLanguage\":\"es-MX\",\"url\":\"https:\/\/secure.gravatar.com\/avatar\/df5ceb9b998be27b25dd258a6b4b0a95?s=96&d=mm&r=g\",\"contentUrl\":\"https:\/\/secure.gravatar.com\/avatar\/df5ceb9b998be27b25dd258a6b4b0a95?s=96&d=mm&r=g\",\"caption\":\"Aurora\"},\"sameAs\":[\"http:\/\/reflejodemichoacan.com\"],\"url\":\"https:\/\/reflejodemichoacan.com\/index.php\/author\/rixwm7qvsq\/\"}]}<\/script>\n<!-- \/ Yoast SEO plugin. -->","yoast_head_json":{"title":"Por concluir, obra en boulevard de La Piedad: SCOP - Reflejo de Michoac\u00e1n","robots":{"index":"index","follow":"follow","max-snippet":"max-snippet:-1","max-image-preview":"max-image-preview:large","max-video-preview":"max-video-preview:-1"},"canonical":"https:\/\/reflejodemichoacan.com\/index.php\/2022\/01\/27\/por-concluir-obra-en-boulevard-de-la-piedad-scop\/","og_locale":"es_MX","og_type":"article","og_title":"Por concluir, obra en boulevard de La Piedad: SCOP - Reflejo de Michoac\u00e1n","og_description":"La Piedad, Michoac\u00e1n, 26\u00a0de enero del 2022.-\u00a0En la cabecera municipal de La Piedad, se atiende la solicitud m\u00e1s sentida que los habitantes han manifestado al gobernador Alfredo Ram\u00edrez Bedolla desde que comenz\u00f3 su encargo al frente de la administraci\u00f3n estatal, y es la conclusi\u00f3n de la obra en el boulevard L\u00e1zaro C\u00e1rdenas.\u00a0 \u201cPara ello, la [&hellip;]","og_url":"https:\/\/reflejodemichoacan.com\/index.php\/2022\/01\/27\/por-concluir-obra-en-boulevard-de-la-piedad-scop\/","og_site_name":"Reflejo de Michoac\u00e1n","article_published_time":"2022-01-27T00:16:09+00:00","article_modified_time":"2022-01-27T00:16:12+00:00","og_image":[{"width":1271,"height":834,"url":"https:\/\/reflejodemichoacan.com\/wp-content\/uploads\/2022\/01\/por-concluir.jpg","type":"image\/jpeg"}],"twitter_card":"summary_large_image","twitter_misc":{"Escrito por":"Aurora","Tiempo de lectura":"1 minuto"},"schema":{"@context":"https:\/\/schema.org","@graph":[{"@type":"WebSite","@id":"https:\/\/reflejodemichoacan.com\/#website","url":"https:\/\/reflejodemichoacan.com\/","name":"Reflejo de Michoac\u00e1n","description":"Medio de comunicaci\u00f3n impreso y digital al servicio de la regi\u00f3n lacustre y Michoac\u00e1n.","potentialAction":[{"@type":"SearchAction","target":{"@type":"EntryPoint","urlTemplate":"https:\/\/reflejodemichoacan.com\/?s={search_term_string}"},"query-input":"required name=search_term_string"}],"inLanguage":"es-MX"},{"@type":"ImageObject","@id":"https:\/\/reflejodemichoacan.com\/index.php\/2022\/01\/27\/por-concluir-obra-en-boulevard-de-la-piedad-scop\/#primaryimage","inLanguage":"es-MX","url":"https:\/\/reflejodemichoacan.com\/wp-content\/uploads\/2022\/01\/por-concluir.jpg","contentUrl":"https:\/\/reflejodemichoacan.com\/wp-content\/uploads\/2022\/01\/por-concluir.jpg","width":1271,"height":834},{"@type":"WebPage","@id":"https:\/\/reflejodemichoacan.com\/index.php\/2022\/01\/27\/por-concluir-obra-en-boulevard-de-la-piedad-scop\/#webpage","url":"https:\/\/reflejodemichoacan.com\/index.php\/2022\/01\/27\/por-concluir-obra-en-boulevard-de-la-piedad-scop\/","name":"Por concluir, obra en boulevard de La Piedad: SCOP - Reflejo de Michoac\u00e1n","isPartOf":{"@id":"https:\/\/reflejodemichoacan.com\/#website"},"primaryImageOfPage":{"@id":"https:\/\/reflejodemichoacan.com\/index.php\/2022\/01\/27\/por-concluir-obra-en-boulevard-de-la-piedad-scop\/#primaryimage"},"datePublished":"2022-01-27T00:16:09+00:00","dateModified":"2022-01-27T00:16:12+00:00","author":{"@id":"https:\/\/reflejodemichoacan.com\/#\/schema\/person\/72d921e8fe99bd6e2e39bcde8995046f"},"breadcrumb":{"@id":"https:\/\/reflejodemichoacan.com\/index.php\/2022\/01\/27\/por-concluir-obra-en-boulevard-de-la-piedad-scop\/#breadcrumb"},"inLanguage":"es-MX","potentialAction":[{"@type":"ReadAction","target":["https:\/\/reflejodemichoacan.com\/index.php\/2022\/01\/27\/por-concluir-obra-en-boulevard-de-la-piedad-scop\/"]}]},{"@type":"BreadcrumbList","@id":"https:\/\/reflejodemichoacan.com\/index.php\/2022\/01\/27\/por-concluir-obra-en-boulevard-de-la-piedad-scop\/#breadcrumb","itemListElement":[{"@type":"ListItem","position":1,"name":"Inicio","item":"https:\/\/reflejodemichoacan.com\/"},{"@type":"ListItem","position":2,"name":"Por concluir, obra en boulevard de La Piedad: SCOP"}]},{"@type":"Person","@id":"https:\/\/reflejodemichoacan.com\/#\/schema\/person\/72d921e8fe99bd6e2e39bcde8995046f","name":"Aurora","image":{"@type":"ImageObject","@id":"https:\/\/reflejodemichoacan.com\/#personlogo","inLanguage":"es-MX","url":"https:\/\/secure.gravatar.com\/avatar\/df5ceb9b998be27b25dd258a6b4b0a95?s=96&d=mm&r=g","contentUrl":"https:\/\/secure.gravatar.com\/avatar\/df5ceb9b998be27b25dd258a6b4b0a95?s=96&d=mm&r=g","caption":"Aurora"},"sameAs":["http:\/\/reflejodemichoacan.com"],"url":"https:\/\/reflejodemichoacan.com\/index.php\/author\/rixwm7qvsq\/"}]}},"_links":{"self":[{"href":"https:\/\/reflejodemichoacan.com\/index.php\/wp-json\/wp\/v2\/posts\/7507"}],"collection":[{"href":"https:\/\/reflejodemichoacan.com\/index.php\/wp-json\/wp\/v2\/posts"}],"about":[{"href":"https:\/\/reflejodemichoacan.com\/index.php\/wp-json\/wp\/v2\/types\/post"}],"author":[{"embeddable":true,"href":"https:\/\/reflejodemichoacan.com\/index.php\/wp-json\/wp\/v2\/users\/1"}],"replies":[{"embeddable":true,"href":"https:\/\/reflejodemichoacan.com\/index.php\/wp-json\/wp\/v2\/comments?post=7507"}],"version-history":[{"count":1,"href":"https:\/\/reflejodemichoacan.com\/index.php\/wp-json\/wp\/v2\/posts\/7507\/revisions"}],"predecessor-version":[{"id":7509,"href":"https:\/\/reflejodemichoacan.com\/index.php\/wp-json\/wp\/v2\/posts\/7507\/revisions\/7509"}],"wp:featuredmedia":[{"embeddable":true,"href":"https:\/\/reflejodemichoacan.com\/index.php\/wp-json\/wp\/v2\/media\/7508"}],"wp:attachment":[{"href":"https:\/\/reflejodemichoacan.com\/index.php\/wp-json\/wp\/v2\/media?parent=7507"}],"wp:term":[{"taxonomy":"category","embeddable":true,"href":"https:\/\/reflejodemichoacan.com\/index.php\/wp-json\/wp\/v2\/categories?post=7507"},{"taxonomy":"post_tag","embeddable":true,"href":"https:\/\/reflejodemichoacan.com\/index.php\/wp-json\/wp\/v2\/tags?post=7507"}],"curies":[{"name":"wp","href":"https:\/\/api.w.org\/{rel}","templated":true}]}}