{"id":7513,"date":"2022-01-27T00:22:59","date_gmt":"2022-01-27T00:22:59","guid":{"rendered":"https:\/\/reflejodemichoacan.com\/?p=7513"},"modified":"2022-01-27T00:23:06","modified_gmt":"2022-01-27T00:23:06","slug":"directivos-del-cecytem-presentan-propuesta-de-plataforma-educativa","status":"publish","type":"post","link":"https:\/\/reflejodemichoacan.com\/index.php\/2022\/01\/27\/directivos-del-cecytem-presentan-propuesta-de-plataforma-educativa\/","title":{"rendered":"Directivos del Cecytem presentan propuesta de plataforma educativa"},"content":{"rendered":"\n<p>\u00a0<\/p>\n\n\n\n<ul><li>Presidentes de los 10 planteles escolarizados y Cemsad &nbsp;trabajan para fortalecer el proceso de ense\u00f1anza-aprendizaje<\/li><\/ul>\n\n\n\n<p><strong>MoreliA, Michoac\u00e1n, 26 de enero del 2022.-<\/strong>&nbsp;Con el objetivo de dise\u00f1ar y fortalecer la plataforma educativa que coadyuve en la ense\u00f1anza-aprendizaje de las y los estudiantes del Colegio de Estudios Cient\u00edficos y Tecnol\u00f3gicos del Estado de Michoac\u00e1n (Cecytem), se reunieron los presidentes de las &nbsp;Academias Estatales de este subsistema.<\/p>\n\n\n\n<p>El director general del Cecyte Michoac\u00e1n, V\u00edctor Manuel B\u00e1ez Ceja, conmin\u00f3 a los participantes a continuar trabajando en esta nueva estrategia y agradeci\u00f3 al director acad\u00e9mico, V\u00edctor Manuel P\u00e9rez Talavera, por llevar estas actividades que benefician al alumnado.&nbsp;<\/p>\n\n\n\n<p>La propuesta consta de cuatro ejes principales: construir un modelo virtual de ense\u00f1anza-aprendizaje; permitir que el estudiante adquiera los conocimientos necesarios; ayudar al alumno a desarrollar su perfil de egreso y por \u00faltimo, proyectar al Cecytem como una instituci\u00f3n actualizada en los nuevos esquemas tecnol\u00f3gicos.&nbsp;<br><br>En esta reuni\u00f3n participaron diez presidentes, cinco de ellos de los planteles escolarizados y el mismo n\u00famero de los Centros de Educaci\u00f3n Media Superior a Distancia (Cemsad), de los componentes disciplinares de Comunicaci\u00f3n, Matem\u00e1ticas, Ciencias Experimentales, Ciencias Sociales y Humanidades.<\/p>\n","protected":false},"excerpt":{"rendered":"<p>\u00a0 Presidentes de los 10 planteles escolarizados y Cemsad &nbsp;trabajan para fortalecer el proceso de ense\u00f1anza-aprendizaje MoreliA, Michoac\u00e1n, 26 de enero del 2022.-&nbsp;Con el objetivo de dise\u00f1ar y fortalecer la plataforma educativa que coadyuve en la ense\u00f1anza-aprendizaje de las y los estudiantes del Colegio de Estudios Cient\u00edficos y Tecnol\u00f3gicos del Estado de Michoac\u00e1n (Cecytem), se [&hellip;]<\/p>\n","protected":false},"author":1,"featured_media":7514,"comment_status":"open","ping_status":"closed","sticky":false,"template":"","format":"standard","meta":[],"categories":[1],"tags":[],"yoast_head":"<!-- This site is optimized with the Yoast SEO plugin v17.9 - https:\/\/yoast.com\/wordpress\/plugins\/seo\/ -->\n<title>Directivos del Cecytem presentan propuesta de plataforma educativa - Reflejo de Michoac\u00e1n<\/title>\n<meta name=\"robots\" content=\"index, follow, max-snippet:-1, max-image-preview:large, max-video-preview:-1\" \/>\n<link rel=\"canonical\" href=\"https:\/\/reflejodemichoacan.com\/index.php\/2022\/01\/27\/directivos-del-cecytem-presentan-propuesta-de-plataforma-educativa\/\" \/>\n<meta property=\"og:locale\" content=\"es_MX\" \/>\n<meta property=\"og:type\" content=\"article\" \/>\n<meta property=\"og:title\" content=\"Directivos del Cecytem presentan propuesta de plataforma educativa - Reflejo de Michoac\u00e1n\" \/>\n<meta property=\"og:description\" content=\"\u00a0 Presidentes de los 10 planteles escolarizados y Cemsad &nbsp;trabajan para fortalecer el proceso de ense\u00f1anza-aprendizaje MoreliA, Michoac\u00e1n, 26 de enero del 2022.-&nbsp;Con el objetivo de dise\u00f1ar y fortalecer la plataforma educativa que coadyuve en la ense\u00f1anza-aprendizaje de las y los estudiantes del Colegio de Estudios Cient\u00edficos y Tecnol\u00f3gicos del Estado de Michoac\u00e1n (Cecytem), se [&hellip;]\" \/>\n<meta property=\"og:url\" content=\"https:\/\/reflejodemichoacan.com\/index.php\/2022\/01\/27\/directivos-del-cecytem-presentan-propuesta-de-plataforma-educativa\/\" \/>\n<meta property=\"og:site_name\" content=\"Reflejo de Michoac\u00e1n\" \/>\n<meta property=\"article:published_time\" content=\"2022-01-27T00:22:59+00:00\" \/>\n<meta property=\"article:modified_time\" content=\"2022-01-27T00:23:06+00:00\" \/>\n<meta property=\"og:image\" content=\"https:\/\/reflejodemichoacan.com\/wp-content\/uploads\/2022\/01\/dir.jpg\" \/>\n\t<meta property=\"og:image:width\" content=\"1280\" \/>\n\t<meta property=\"og:image:height\" content=\"1098\" \/>\n\t<meta property=\"og:image:type\" content=\"image\/jpeg\" \/>\n<meta name=\"twitter:card\" content=\"summary_large_image\" \/>\n<meta name=\"twitter:label1\" content=\"Escrito por\" \/>\n\t<meta name=\"twitter:data1\" content=\"Aurora\" \/>\n\t<meta name=\"twitter:label2\" content=\"Tiempo de lectura\" \/>\n\t<meta name=\"twitter:data2\" content=\"1 minuto\" \/>\n<script type=\"application\/ld+json\" class=\"yoast-schema-graph\">{\"@context\":\"https:\/\/schema.org\",\"@graph\":[{\"@type\":\"WebSite\",\"@id\":\"https:\/\/reflejodemichoacan.com\/#website\",\"url\":\"https:\/\/reflejodemichoacan.com\/\",\"name\":\"Reflejo de Michoac\\u00e1n\",\"description\":\"Medio de comunicaci\\u00f3n impreso y digital al servicio de la regi\\u00f3n lacustre y Michoac\\u00e1n.\",\"potentialAction\":[{\"@type\":\"SearchAction\",\"target\":{\"@type\":\"EntryPoint\",\"urlTemplate\":\"https:\/\/reflejodemichoacan.com\/?s={search_term_string}\"},\"query-input\":\"required name=search_term_string\"}],\"inLanguage\":\"es-MX\"},{\"@type\":\"ImageObject\",\"@id\":\"https:\/\/reflejodemichoacan.com\/index.php\/2022\/01\/27\/directivos-del-cecytem-presentan-propuesta-de-plataforma-educativa\/#primaryimage\",\"inLanguage\":\"es-MX\",\"url\":\"https:\/\/reflejodemichoacan.com\/wp-content\/uploads\/2022\/01\/dir.jpg\",\"contentUrl\":\"https:\/\/reflejodemichoacan.com\/wp-content\/uploads\/2022\/01\/dir.jpg\",\"width\":1280,\"height\":1098},{\"@type\":\"WebPage\",\"@id\":\"https:\/\/reflejodemichoacan.com\/index.php\/2022\/01\/27\/directivos-del-cecytem-presentan-propuesta-de-plataforma-educativa\/#webpage\",\"url\":\"https:\/\/reflejodemichoacan.com\/index.php\/2022\/01\/27\/directivos-del-cecytem-presentan-propuesta-de-plataforma-educativa\/\",\"name\":\"Directivos del Cecytem presentan propuesta de plataforma educativa - Reflejo de Michoac\\u00e1n\",\"isPartOf\":{\"@id\":\"https:\/\/reflejodemichoacan.com\/#website\"},\"primaryImageOfPage\":{\"@id\":\"https:\/\/reflejodemichoacan.com\/index.php\/2022\/01\/27\/directivos-del-cecytem-presentan-propuesta-de-plataforma-educativa\/#primaryimage\"},\"datePublished\":\"2022-01-27T00:22:59+00:00\",\"dateModified\":\"2022-01-27T00:23:06+00:00\",\"author\":{\"@id\":\"https:\/\/reflejodemichoacan.com\/#\/schema\/person\/72d921e8fe99bd6e2e39bcde8995046f\"},\"breadcrumb\":{\"@id\":\"https:\/\/reflejodemichoacan.com\/index.php\/2022\/01\/27\/directivos-del-cecytem-presentan-propuesta-de-plataforma-educativa\/#breadcrumb\"},\"inLanguage\":\"es-MX\",\"potentialAction\":[{\"@type\":\"ReadAction\",\"target\":[\"https:\/\/reflejodemichoacan.com\/index.php\/2022\/01\/27\/directivos-del-cecytem-presentan-propuesta-de-plataforma-educativa\/\"]}]},{\"@type\":\"BreadcrumbList\",\"@id\":\"https:\/\/reflejodemichoacan.com\/index.php\/2022\/01\/27\/directivos-del-cecytem-presentan-propuesta-de-plataforma-educativa\/#breadcrumb\",\"itemListElement\":[{\"@type\":\"ListItem\",\"position\":1,\"name\":\"Inicio\",\"item\":\"https:\/\/reflejodemichoacan.com\/\"},{\"@type\":\"ListItem\",\"position\":2,\"name\":\"Directivos del Cecytem presentan propuesta de plataforma educativa\"}]},{\"@type\":\"Person\",\"@id\":\"https:\/\/reflejodemichoacan.com\/#\/schema\/person\/72d921e8fe99bd6e2e39bcde8995046f\",\"name\":\"Aurora\",\"image\":{\"@type\":\"ImageObject\",\"@id\":\"https:\/\/reflejodemichoacan.com\/#personlogo\",\"inLanguage\":\"es-MX\",\"url\":\"https:\/\/secure.gravatar.com\/avatar\/df5ceb9b998be27b25dd258a6b4b0a95?s=96&d=mm&r=g\",\"contentUrl\":\"https:\/\/secure.gravatar.com\/avatar\/df5ceb9b998be27b25dd258a6b4b0a95?s=96&d=mm&r=g\",\"caption\":\"Aurora\"},\"sameAs\":[\"http:\/\/reflejodemichoacan.com\"],\"url\":\"https:\/\/reflejodemichoacan.com\/index.php\/author\/rixwm7qvsq\/\"}]}<\/script>\n<!-- \/ Yoast SEO plugin. -->","yoast_head_json":{"title":"Directivos del Cecytem presentan propuesta de plataforma educativa - Reflejo de Michoac\u00e1n","robots":{"index":"index","follow":"follow","max-snippet":"max-snippet:-1","max-image-preview":"max-image-preview:large","max-video-preview":"max-video-preview:-1"},"canonical":"https:\/\/reflejodemichoacan.com\/index.php\/2022\/01\/27\/directivos-del-cecytem-presentan-propuesta-de-plataforma-educativa\/","og_locale":"es_MX","og_type":"article","og_title":"Directivos del Cecytem presentan propuesta de plataforma educativa - Reflejo de Michoac\u00e1n","og_description":"\u00a0 Presidentes de los 10 planteles escolarizados y Cemsad &nbsp;trabajan para fortalecer el proceso de ense\u00f1anza-aprendizaje MoreliA, Michoac\u00e1n, 26 de enero del 2022.-&nbsp;Con el objetivo de dise\u00f1ar y fortalecer la plataforma educativa que coadyuve en la ense\u00f1anza-aprendizaje de las y los estudiantes del Colegio de Estudios Cient\u00edficos y Tecnol\u00f3gicos del Estado de Michoac\u00e1n (Cecytem), se [&hellip;]","og_url":"https:\/\/reflejodemichoacan.com\/index.php\/2022\/01\/27\/directivos-del-cecytem-presentan-propuesta-de-plataforma-educativa\/","og_site_name":"Reflejo de Michoac\u00e1n","article_published_time":"2022-01-27T00:22:59+00:00","article_modified_time":"2022-01-27T00:23:06+00:00","og_image":[{"width":1280,"height":1098,"url":"https:\/\/reflejodemichoacan.com\/wp-content\/uploads\/2022\/01\/dir.jpg","type":"image\/jpeg"}],"twitter_card":"summary_large_image","twitter_misc":{"Escrito por":"Aurora","Tiempo de lectura":"1 minuto"},"schema":{"@context":"https:\/\/schema.org","@graph":[{"@type":"WebSite","@id":"https:\/\/reflejodemichoacan.com\/#website","url":"https:\/\/reflejodemichoacan.com\/","name":"Reflejo de Michoac\u00e1n","description":"Medio de comunicaci\u00f3n impreso y digital al servicio de la regi\u00f3n lacustre y Michoac\u00e1n.","potentialAction":[{"@type":"SearchAction","target":{"@type":"EntryPoint","urlTemplate":"https:\/\/reflejodemichoacan.com\/?s={search_term_string}"},"query-input":"required name=search_term_string"}],"inLanguage":"es-MX"},{"@type":"ImageObject","@id":"https:\/\/reflejodemichoacan.com\/index.php\/2022\/01\/27\/directivos-del-cecytem-presentan-propuesta-de-plataforma-educativa\/#primaryimage","inLanguage":"es-MX","url":"https:\/\/reflejodemichoacan.com\/wp-content\/uploads\/2022\/01\/dir.jpg","contentUrl":"https:\/\/reflejodemichoacan.com\/wp-content\/uploads\/2022\/01\/dir.jpg","width":1280,"height":1098},{"@type":"WebPage","@id":"https:\/\/reflejodemichoacan.com\/index.php\/2022\/01\/27\/directivos-del-cecytem-presentan-propuesta-de-plataforma-educativa\/#webpage","url":"https:\/\/reflejodemichoacan.com\/index.php\/2022\/01\/27\/directivos-del-cecytem-presentan-propuesta-de-plataforma-educativa\/","name":"Directivos del Cecytem presentan propuesta de plataforma educativa - Reflejo de Michoac\u00e1n","isPartOf":{"@id":"https:\/\/reflejodemichoacan.com\/#website"},"primaryImageOfPage":{"@id":"https:\/\/reflejodemichoacan.com\/index.php\/2022\/01\/27\/directivos-del-cecytem-presentan-propuesta-de-plataforma-educativa\/#primaryimage"},"datePublished":"2022-01-27T00:22:59+00:00","dateModified":"2022-01-27T00:23:06+00:00","author":{"@id":"https:\/\/reflejodemichoacan.com\/#\/schema\/person\/72d921e8fe99bd6e2e39bcde8995046f"},"breadcrumb":{"@id":"https:\/\/reflejodemichoacan.com\/index.php\/2022\/01\/27\/directivos-del-cecytem-presentan-propuesta-de-plataforma-educativa\/#breadcrumb"},"inLanguage":"es-MX","potentialAction":[{"@type":"ReadAction","target":["https:\/\/reflejodemichoacan.com\/index.php\/2022\/01\/27\/directivos-del-cecytem-presentan-propuesta-de-plataforma-educativa\/"]}]},{"@type":"BreadcrumbList","@id":"https:\/\/reflejodemichoacan.com\/index.php\/2022\/01\/27\/directivos-del-cecytem-presentan-propuesta-de-plataforma-educativa\/#breadcrumb","itemListElement":[{"@type":"ListItem","position":1,"name":"Inicio","item":"https:\/\/reflejodemichoacan.com\/"},{"@type":"ListItem","position":2,"name":"Directivos del Cecytem presentan propuesta de plataforma educativa"}]},{"@type":"Person","@id":"https:\/\/reflejodemichoacan.com\/#\/schema\/person\/72d921e8fe99bd6e2e39bcde8995046f","name":"Aurora","image":{"@type":"ImageObject","@id":"https:\/\/reflejodemichoacan.com\/#personlogo","inLanguage":"es-MX","url":"https:\/\/secure.gravatar.com\/avatar\/df5ceb9b998be27b25dd258a6b4b0a95?s=96&d=mm&r=g","contentUrl":"https:\/\/secure.gravatar.com\/avatar\/df5ceb9b998be27b25dd258a6b4b0a95?s=96&d=mm&r=g","caption":"Aurora"},"sameAs":["http:\/\/reflejodemichoacan.com"],"url":"https:\/\/reflejodemichoacan.com\/index.php\/author\/rixwm7qvsq\/"}]}},"_links":{"self":[{"href":"https:\/\/reflejodemichoacan.com\/index.php\/wp-json\/wp\/v2\/posts\/7513"}],"collection":[{"href":"https:\/\/reflejodemichoacan.com\/index.php\/wp-json\/wp\/v2\/posts"}],"about":[{"href":"https:\/\/reflejodemichoacan.com\/index.php\/wp-json\/wp\/v2\/types\/post"}],"author":[{"embeddable":true,"href":"https:\/\/reflejodemichoacan.com\/index.php\/wp-json\/wp\/v2\/users\/1"}],"replies":[{"embeddable":true,"href":"https:\/\/reflejodemichoacan.com\/index.php\/wp-json\/wp\/v2\/comments?post=7513"}],"version-history":[{"count":1,"href":"https:\/\/reflejodemichoacan.com\/index.php\/wp-json\/wp\/v2\/posts\/7513\/revisions"}],"predecessor-version":[{"id":7515,"href":"https:\/\/reflejodemichoacan.com\/index.php\/wp-json\/wp\/v2\/posts\/7513\/revisions\/7515"}],"wp:featuredmedia":[{"embeddable":true,"href":"https:\/\/reflejodemichoacan.com\/index.php\/wp-json\/wp\/v2\/media\/7514"}],"wp:attachment":[{"href":"https:\/\/reflejodemichoacan.com\/index.php\/wp-json\/wp\/v2\/media?parent=7513"}],"wp:term":[{"taxonomy":"category","embeddable":true,"href":"https:\/\/reflejodemichoacan.com\/index.php\/wp-json\/wp\/v2\/categories?post=7513"},{"taxonomy":"post_tag","embeddable":true,"href":"https:\/\/reflejodemichoacan.com\/index.php\/wp-json\/wp\/v2\/tags?post=7513"}],"curies":[{"name":"wp","href":"https:\/\/api.w.org\/{rel}","templated":true}]}}