{"id":7519,"date":"2022-01-27T16:14:58","date_gmt":"2022-01-27T16:14:58","guid":{"rendered":"https:\/\/reflejodemichoacan.com\/?p=7519"},"modified":"2022-01-27T16:15:00","modified_gmt":"2022-01-27T16:15:00","slug":"comision-federal-de-electricidad-a-lo-que-hemos-llegado-despertad-mexicanas-y-mexicanos","status":"publish","type":"post","link":"https:\/\/reflejodemichoacan.com\/index.php\/2022\/01\/27\/comision-federal-de-electricidad-a-lo-que-hemos-llegado-despertad-mexicanas-y-mexicanos\/","title":{"rendered":"Comisi\u00f3n Federal de Electricidad, a lo que hemos llegado. \u00a1Despertad Mexicanas y Mexicanos!"},"content":{"rendered":"\n<p>Fidel Rodr\u00edguez Ramos<\/p>\n\n\n\n<p>&nbsp;&nbsp; Por algo no se desea que volvamos a las clases presenciales, donde la historia tiene muchas cosas que decir, como una de las causas que motiva a Francia para declararnos por segunda ocasi\u00f3n una guerra injusta, en los tiempos de Benito Ju\u00e1rez, cuando el presidente oaxaque\u00f1o se resisti\u00f3 a pagar quince millones de pesos contra\u00eddos como deuda, ilegalmente, por los enemigos del pa\u00eds, como pagarlos habiendo sido el verdadero monto prestado&nbsp; de un mill\u00f3n de pesos.<\/p>\n\n\n\n<p>&nbsp;&nbsp; Eso vuelve a repetirse, empresarios norteamericanos, espa\u00f1oles han sido amparados por la Suprema Corte de Justicia de la Naci\u00f3n Mexicana, para que no se les afecte con la decisi\u00f3n presidencial, obradorista de no seguir permitiendo que ellos contin\u00faen apropi\u00e1ndose del servicio p\u00fablico de energ\u00eda el\u00e9ctrica que por ley, \u201cantes\u201d correspond\u00eda darlo plenamente a CFE, est\u00e1bamos dormidos, no sab\u00edamos que ya en el 2012 ellos controlaban nada menos que el cuarenta por ciento de la generaci\u00f3n de energ\u00eda.<\/p>\n\n\n\n<p>&nbsp;&nbsp; Poco a poco, los expresidentes, s\u00ed aquellos que juraron respetar y hacer cumplir la Constituci\u00f3n, Salinas, Zedillo, Calder\u00f3n, Pe\u00f1a Nieto fueron dando su permiso, cambiaron las leyes, con la colaboraci\u00f3n del llamado \u201cpoder\u201d legislativo para que compa\u00f1\u00edas for\u00e1neas, lograran en poco tiempo acumular exorbitantes ganancias, recibiendo adem\u00e1s, grotescamente dinero nuestro como ayuda, pues tan s\u00f3lo en el 2020 les dimos, de nuestros impuestos, la nada cantidad despreciable de 423 mil millones de pesos, a decir del periodista Luis Hern\u00e1ndez Navarro.<\/p>\n\n\n\n<p>&nbsp;&nbsp; Con el cuento de hacer un servicio a la humanidad, por aquello de las energ\u00edas limpias, desean que definitivamente desaparezca la \u00faltima empresa p\u00fablica que nos queda CFE, toda vez que los \u201cmexicanos\u201d del PAN declaran que es una estupidez gastar en la refiner\u00eda de Dos Bocas, sabiendo que PEMEX definitivamente quebr\u00f3, debido a un inmisericorde saqueo que hoy contin\u00faa a plena luz. No ser\u00e1 raro que perdamos Comisi\u00f3n, toda vez que nadie de los supuestamente organizados se han pronunciado por poner un hasta aqu\u00ed a un saqueo que ya lleva m\u00e1s de quinientos a\u00f1os.<\/p>\n\n\n\n<p>\u00a0 Asombro debe causar en el extranjero nuestro comportamiento,\u00a0 la dejadez de los integrantes del Congreso de la Uni\u00f3n, donde muchos diputados y senadores \u00a1est\u00e1n de acuerdo con ese abuso, robo cometido en descampado!. Ellos y ellas, los partidos traidores del PRI, PAN y PRD no se acuerdan de su obligaci\u00f3n para consultar al pueblo sobre esa b\u00e1rbara medida, que nos dejara m\u00e1s pobres, ignorantes y desnudos. Nunca, el servicio de energ\u00eda el\u00e9ctrica se vio como un vil negocio, como un lucro, ahora los extranjeros se complacen por tratar de satisfacer la demanda de tal servicio , un mill\u00f3n de solicitantes cada a\u00f1o, ah\u00ed definitivamente no hay la posibilidad de quiebra. La dichosa Suprema Corte de Justicia se hizo tonta en el 2013 cuando Pe\u00f1a Nieto anuncia la inminente desaparici\u00f3n de CFE, ignora la Corte la OBLIGACI\u00d3N que por ley le correspond\u00eda cumplir, y que era CONSULTAR al pueblo mexicano sobre si estaba o no de acuerdo con ese disparate; el PUEBLO, todos tenemos la \u00faltima palabra, en las calles, plazas para decidir el desenlace de \u00e9ste desprop\u00f3sito que de concretarse no lo reclamaran las futuras generaciones. <\/p>\n","protected":false},"excerpt":{"rendered":"<p>Fidel Rodr\u00edguez Ramos &nbsp;&nbsp; Por algo no se desea que volvamos a las clases presenciales, donde la historia tiene muchas cosas que decir, como una de las causas que motiva a Francia para declararnos por segunda ocasi\u00f3n una guerra injusta, en los tiempos de Benito Ju\u00e1rez, cuando el presidente oaxaque\u00f1o se resisti\u00f3 a pagar quince [&hellip;]<\/p>\n","protected":false},"author":1,"featured_media":7520,"comment_status":"open","ping_status":"closed","sticky":false,"template":"","format":"standard","meta":[],"categories":[1],"tags":[],"yoast_head":"<!-- This site is optimized with the Yoast SEO plugin v17.9 - https:\/\/yoast.com\/wordpress\/plugins\/seo\/ -->\n<title>Comisi\u00f3n Federal de Electricidad, a lo que hemos llegado. \u00a1Despertad Mexicanas y Mexicanos! - Reflejo de Michoac\u00e1n<\/title>\n<meta name=\"robots\" content=\"index, follow, max-snippet:-1, max-image-preview:large, max-video-preview:-1\" \/>\n<link rel=\"canonical\" href=\"https:\/\/reflejodemichoacan.com\/index.php\/2022\/01\/27\/comision-federal-de-electricidad-a-lo-que-hemos-llegado-despertad-mexicanas-y-mexicanos\/\" \/>\n<meta property=\"og:locale\" content=\"es_MX\" \/>\n<meta property=\"og:type\" content=\"article\" \/>\n<meta property=\"og:title\" content=\"Comisi\u00f3n Federal de Electricidad, a lo que hemos llegado. \u00a1Despertad Mexicanas y Mexicanos! - Reflejo de Michoac\u00e1n\" \/>\n<meta property=\"og:description\" content=\"Fidel Rodr\u00edguez Ramos &nbsp;&nbsp; Por algo no se desea que volvamos a las clases presenciales, donde la historia tiene muchas cosas que decir, como una de las causas que motiva a Francia para declararnos por segunda ocasi\u00f3n una guerra injusta, en los tiempos de Benito Ju\u00e1rez, cuando el presidente oaxaque\u00f1o se resisti\u00f3 a pagar quince [&hellip;]\" \/>\n<meta property=\"og:url\" content=\"https:\/\/reflejodemichoacan.com\/index.php\/2022\/01\/27\/comision-federal-de-electricidad-a-lo-que-hemos-llegado-despertad-mexicanas-y-mexicanos\/\" \/>\n<meta property=\"og:site_name\" content=\"Reflejo de Michoac\u00e1n\" \/>\n<meta property=\"article:published_time\" content=\"2022-01-27T16:14:58+00:00\" \/>\n<meta property=\"article:modified_time\" content=\"2022-01-27T16:15:00+00:00\" \/>\n<meta property=\"og:image\" content=\"https:\/\/reflejodemichoacan.com\/wp-content\/uploads\/2022\/01\/cfe1.jpg\" \/>\n\t<meta property=\"og:image:width\" content=\"1120\" \/>\n\t<meta property=\"og:image:height\" content=\"741\" \/>\n\t<meta property=\"og:image:type\" content=\"image\/jpeg\" \/>\n<meta name=\"twitter:card\" content=\"summary_large_image\" \/>\n<meta name=\"twitter:label1\" content=\"Escrito por\" \/>\n\t<meta name=\"twitter:data1\" content=\"Aurora\" \/>\n\t<meta name=\"twitter:label2\" content=\"Tiempo de lectura\" \/>\n\t<meta name=\"twitter:data2\" content=\"3 minutos\" \/>\n<script type=\"application\/ld+json\" class=\"yoast-schema-graph\">{\"@context\":\"https:\/\/schema.org\",\"@graph\":[{\"@type\":\"WebSite\",\"@id\":\"https:\/\/reflejodemichoacan.com\/#website\",\"url\":\"https:\/\/reflejodemichoacan.com\/\",\"name\":\"Reflejo de Michoac\\u00e1n\",\"description\":\"Medio de comunicaci\\u00f3n impreso y digital al servicio de la regi\\u00f3n lacustre y Michoac\\u00e1n.\",\"potentialAction\":[{\"@type\":\"SearchAction\",\"target\":{\"@type\":\"EntryPoint\",\"urlTemplate\":\"https:\/\/reflejodemichoacan.com\/?s={search_term_string}\"},\"query-input\":\"required name=search_term_string\"}],\"inLanguage\":\"es-MX\"},{\"@type\":\"ImageObject\",\"@id\":\"https:\/\/reflejodemichoacan.com\/index.php\/2022\/01\/27\/comision-federal-de-electricidad-a-lo-que-hemos-llegado-despertad-mexicanas-y-mexicanos\/#primaryimage\",\"inLanguage\":\"es-MX\",\"url\":\"https:\/\/reflejodemichoacan.com\/wp-content\/uploads\/2022\/01\/cfe1.jpg\",\"contentUrl\":\"https:\/\/reflejodemichoacan.com\/wp-content\/uploads\/2022\/01\/cfe1.jpg\",\"width\":1120,\"height\":741},{\"@type\":\"WebPage\",\"@id\":\"https:\/\/reflejodemichoacan.com\/index.php\/2022\/01\/27\/comision-federal-de-electricidad-a-lo-que-hemos-llegado-despertad-mexicanas-y-mexicanos\/#webpage\",\"url\":\"https:\/\/reflejodemichoacan.com\/index.php\/2022\/01\/27\/comision-federal-de-electricidad-a-lo-que-hemos-llegado-despertad-mexicanas-y-mexicanos\/\",\"name\":\"Comisi\\u00f3n Federal de Electricidad, a lo que hemos llegado. \\u00a1Despertad Mexicanas y Mexicanos! - Reflejo de Michoac\\u00e1n\",\"isPartOf\":{\"@id\":\"https:\/\/reflejodemichoacan.com\/#website\"},\"primaryImageOfPage\":{\"@id\":\"https:\/\/reflejodemichoacan.com\/index.php\/2022\/01\/27\/comision-federal-de-electricidad-a-lo-que-hemos-llegado-despertad-mexicanas-y-mexicanos\/#primaryimage\"},\"datePublished\":\"2022-01-27T16:14:58+00:00\",\"dateModified\":\"2022-01-27T16:15:00+00:00\",\"author\":{\"@id\":\"https:\/\/reflejodemichoacan.com\/#\/schema\/person\/72d921e8fe99bd6e2e39bcde8995046f\"},\"breadcrumb\":{\"@id\":\"https:\/\/reflejodemichoacan.com\/index.php\/2022\/01\/27\/comision-federal-de-electricidad-a-lo-que-hemos-llegado-despertad-mexicanas-y-mexicanos\/#breadcrumb\"},\"inLanguage\":\"es-MX\",\"potentialAction\":[{\"@type\":\"ReadAction\",\"target\":[\"https:\/\/reflejodemichoacan.com\/index.php\/2022\/01\/27\/comision-federal-de-electricidad-a-lo-que-hemos-llegado-despertad-mexicanas-y-mexicanos\/\"]}]},{\"@type\":\"BreadcrumbList\",\"@id\":\"https:\/\/reflejodemichoacan.com\/index.php\/2022\/01\/27\/comision-federal-de-electricidad-a-lo-que-hemos-llegado-despertad-mexicanas-y-mexicanos\/#breadcrumb\",\"itemListElement\":[{\"@type\":\"ListItem\",\"position\":1,\"name\":\"Inicio\",\"item\":\"https:\/\/reflejodemichoacan.com\/\"},{\"@type\":\"ListItem\",\"position\":2,\"name\":\"Comisi\\u00f3n Federal de Electricidad, a lo que hemos llegado. \\u00a1Despertad Mexicanas y Mexicanos!\"}]},{\"@type\":\"Person\",\"@id\":\"https:\/\/reflejodemichoacan.com\/#\/schema\/person\/72d921e8fe99bd6e2e39bcde8995046f\",\"name\":\"Aurora\",\"image\":{\"@type\":\"ImageObject\",\"@id\":\"https:\/\/reflejodemichoacan.com\/#personlogo\",\"inLanguage\":\"es-MX\",\"url\":\"https:\/\/secure.gravatar.com\/avatar\/df5ceb9b998be27b25dd258a6b4b0a95?s=96&d=mm&r=g\",\"contentUrl\":\"https:\/\/secure.gravatar.com\/avatar\/df5ceb9b998be27b25dd258a6b4b0a95?s=96&d=mm&r=g\",\"caption\":\"Aurora\"},\"sameAs\":[\"http:\/\/reflejodemichoacan.com\"],\"url\":\"https:\/\/reflejodemichoacan.com\/index.php\/author\/rixwm7qvsq\/\"}]}<\/script>\n<!-- \/ Yoast SEO plugin. -->","yoast_head_json":{"title":"Comisi\u00f3n Federal de Electricidad, a lo que hemos llegado. \u00a1Despertad Mexicanas y Mexicanos! - Reflejo de Michoac\u00e1n","robots":{"index":"index","follow":"follow","max-snippet":"max-snippet:-1","max-image-preview":"max-image-preview:large","max-video-preview":"max-video-preview:-1"},"canonical":"https:\/\/reflejodemichoacan.com\/index.php\/2022\/01\/27\/comision-federal-de-electricidad-a-lo-que-hemos-llegado-despertad-mexicanas-y-mexicanos\/","og_locale":"es_MX","og_type":"article","og_title":"Comisi\u00f3n Federal de Electricidad, a lo que hemos llegado. \u00a1Despertad Mexicanas y Mexicanos! - Reflejo de Michoac\u00e1n","og_description":"Fidel Rodr\u00edguez Ramos &nbsp;&nbsp; Por algo no se desea que volvamos a las clases presenciales, donde la historia tiene muchas cosas que decir, como una de las causas que motiva a Francia para declararnos por segunda ocasi\u00f3n una guerra injusta, en los tiempos de Benito Ju\u00e1rez, cuando el presidente oaxaque\u00f1o se resisti\u00f3 a pagar quince [&hellip;]","og_url":"https:\/\/reflejodemichoacan.com\/index.php\/2022\/01\/27\/comision-federal-de-electricidad-a-lo-que-hemos-llegado-despertad-mexicanas-y-mexicanos\/","og_site_name":"Reflejo de Michoac\u00e1n","article_published_time":"2022-01-27T16:14:58+00:00","article_modified_time":"2022-01-27T16:15:00+00:00","og_image":[{"width":1120,"height":741,"url":"https:\/\/reflejodemichoacan.com\/wp-content\/uploads\/2022\/01\/cfe1.jpg","type":"image\/jpeg"}],"twitter_card":"summary_large_image","twitter_misc":{"Escrito por":"Aurora","Tiempo de lectura":"3 minutos"},"schema":{"@context":"https:\/\/schema.org","@graph":[{"@type":"WebSite","@id":"https:\/\/reflejodemichoacan.com\/#website","url":"https:\/\/reflejodemichoacan.com\/","name":"Reflejo de Michoac\u00e1n","description":"Medio de comunicaci\u00f3n impreso y digital al servicio de la regi\u00f3n lacustre y Michoac\u00e1n.","potentialAction":[{"@type":"SearchAction","target":{"@type":"EntryPoint","urlTemplate":"https:\/\/reflejodemichoacan.com\/?s={search_term_string}"},"query-input":"required name=search_term_string"}],"inLanguage":"es-MX"},{"@type":"ImageObject","@id":"https:\/\/reflejodemichoacan.com\/index.php\/2022\/01\/27\/comision-federal-de-electricidad-a-lo-que-hemos-llegado-despertad-mexicanas-y-mexicanos\/#primaryimage","inLanguage":"es-MX","url":"https:\/\/reflejodemichoacan.com\/wp-content\/uploads\/2022\/01\/cfe1.jpg","contentUrl":"https:\/\/reflejodemichoacan.com\/wp-content\/uploads\/2022\/01\/cfe1.jpg","width":1120,"height":741},{"@type":"WebPage","@id":"https:\/\/reflejodemichoacan.com\/index.php\/2022\/01\/27\/comision-federal-de-electricidad-a-lo-que-hemos-llegado-despertad-mexicanas-y-mexicanos\/#webpage","url":"https:\/\/reflejodemichoacan.com\/index.php\/2022\/01\/27\/comision-federal-de-electricidad-a-lo-que-hemos-llegado-despertad-mexicanas-y-mexicanos\/","name":"Comisi\u00f3n Federal de Electricidad, a lo que hemos llegado. \u00a1Despertad Mexicanas y Mexicanos! - Reflejo de Michoac\u00e1n","isPartOf":{"@id":"https:\/\/reflejodemichoacan.com\/#website"},"primaryImageOfPage":{"@id":"https:\/\/reflejodemichoacan.com\/index.php\/2022\/01\/27\/comision-federal-de-electricidad-a-lo-que-hemos-llegado-despertad-mexicanas-y-mexicanos\/#primaryimage"},"datePublished":"2022-01-27T16:14:58+00:00","dateModified":"2022-01-27T16:15:00+00:00","author":{"@id":"https:\/\/reflejodemichoacan.com\/#\/schema\/person\/72d921e8fe99bd6e2e39bcde8995046f"},"breadcrumb":{"@id":"https:\/\/reflejodemichoacan.com\/index.php\/2022\/01\/27\/comision-federal-de-electricidad-a-lo-que-hemos-llegado-despertad-mexicanas-y-mexicanos\/#breadcrumb"},"inLanguage":"es-MX","potentialAction":[{"@type":"ReadAction","target":["https:\/\/reflejodemichoacan.com\/index.php\/2022\/01\/27\/comision-federal-de-electricidad-a-lo-que-hemos-llegado-despertad-mexicanas-y-mexicanos\/"]}]},{"@type":"BreadcrumbList","@id":"https:\/\/reflejodemichoacan.com\/index.php\/2022\/01\/27\/comision-federal-de-electricidad-a-lo-que-hemos-llegado-despertad-mexicanas-y-mexicanos\/#breadcrumb","itemListElement":[{"@type":"ListItem","position":1,"name":"Inicio","item":"https:\/\/reflejodemichoacan.com\/"},{"@type":"ListItem","position":2,"name":"Comisi\u00f3n Federal de Electricidad, a lo que hemos llegado. \u00a1Despertad Mexicanas y Mexicanos!"}]},{"@type":"Person","@id":"https:\/\/reflejodemichoacan.com\/#\/schema\/person\/72d921e8fe99bd6e2e39bcde8995046f","name":"Aurora","image":{"@type":"ImageObject","@id":"https:\/\/reflejodemichoacan.com\/#personlogo","inLanguage":"es-MX","url":"https:\/\/secure.gravatar.com\/avatar\/df5ceb9b998be27b25dd258a6b4b0a95?s=96&d=mm&r=g","contentUrl":"https:\/\/secure.gravatar.com\/avatar\/df5ceb9b998be27b25dd258a6b4b0a95?s=96&d=mm&r=g","caption":"Aurora"},"sameAs":["http:\/\/reflejodemichoacan.com"],"url":"https:\/\/reflejodemichoacan.com\/index.php\/author\/rixwm7qvsq\/"}]}},"_links":{"self":[{"href":"https:\/\/reflejodemichoacan.com\/index.php\/wp-json\/wp\/v2\/posts\/7519"}],"collection":[{"href":"https:\/\/reflejodemichoacan.com\/index.php\/wp-json\/wp\/v2\/posts"}],"about":[{"href":"https:\/\/reflejodemichoacan.com\/index.php\/wp-json\/wp\/v2\/types\/post"}],"author":[{"embeddable":true,"href":"https:\/\/reflejodemichoacan.com\/index.php\/wp-json\/wp\/v2\/users\/1"}],"replies":[{"embeddable":true,"href":"https:\/\/reflejodemichoacan.com\/index.php\/wp-json\/wp\/v2\/comments?post=7519"}],"version-history":[{"count":1,"href":"https:\/\/reflejodemichoacan.com\/index.php\/wp-json\/wp\/v2\/posts\/7519\/revisions"}],"predecessor-version":[{"id":7521,"href":"https:\/\/reflejodemichoacan.com\/index.php\/wp-json\/wp\/v2\/posts\/7519\/revisions\/7521"}],"wp:featuredmedia":[{"embeddable":true,"href":"https:\/\/reflejodemichoacan.com\/index.php\/wp-json\/wp\/v2\/media\/7520"}],"wp:attachment":[{"href":"https:\/\/reflejodemichoacan.com\/index.php\/wp-json\/wp\/v2\/media?parent=7519"}],"wp:term":[{"taxonomy":"category","embeddable":true,"href":"https:\/\/reflejodemichoacan.com\/index.php\/wp-json\/wp\/v2\/categories?post=7519"},{"taxonomy":"post_tag","embeddable":true,"href":"https:\/\/reflejodemichoacan.com\/index.php\/wp-json\/wp\/v2\/tags?post=7519"}],"curies":[{"name":"wp","href":"https:\/\/api.w.org\/{rel}","templated":true}]}}