{"id":7525,"date":"2022-01-27T18:35:27","date_gmt":"2022-01-27T18:35:27","guid":{"rendered":"https:\/\/reflejodemichoacan.com\/?p=7525"},"modified":"2022-01-27T18:35:29","modified_gmt":"2022-01-27T18:35:29","slug":"respalda-bedolla-reactivacion-de-harinera-para-impulsar-a-productores-de-trigo-michoacanos","status":"publish","type":"post","link":"https:\/\/reflejodemichoacan.com\/index.php\/2022\/01\/27\/respalda-bedolla-reactivacion-de-harinera-para-impulsar-a-productores-de-trigo-michoacanos\/","title":{"rendered":"Respalda Bedolla reactivaci\u00f3n de harinera para impulsar a productores de trigo michoacanos"},"content":{"rendered":"\n<p>*Inversionistas trabajan en conjunto con el Gobierno de Michoac\u00e1n para generar proyectos que otorguen empleos y apoyen al campo<\/p>\n\n\n\n<p>Morelia, Michoac\u00e1n, 27 de enero del 2021.- Con la expectativa de impulsar a productores de trigo michoacanos y de generar m\u00e1s empleos en Morelia, el gobernador Alfredo Ram\u00edrez Bedolla se reuni\u00f3 con los nuevos propietarios de la antigua Harinera Michoacana.<\/p>\n\n\n\n<p>En un recorrido, el gobernador conoci\u00f3 el funcionamiento de la empresa a fin de analizar las oportunidades que hay, tanto para impulsar la inversi\u00f3n para la reactivaci\u00f3n total de la empresa, como para activar al sector triguero del estado.<\/p>\n\n\n\n<p>Desde diciembre del 2020, la empresa cambi\u00f3 su denominaci\u00f3n a Harinera Monarca S.A de C.V., y de acuerdo con el director general y representante legal, Israel Gerardo Valdez, constituye un proyecto integral que busca no solamente el procesamiento del trigo, sino tambi\u00e9n la generaci\u00f3n de materia prima producida en el campo michoacano.<\/p>\n\n\n\n<p>Para ello, dijo que se proyecta un esquema de agricultura por contrato, con lo que se establecer\u00edan precios de compra antes de la temporada de cosecha y se otorga cobertura para eliminar la especulaci\u00f3n al precio y garantizarle al productor un costo competitivo para tener una utilidad por encima de los gastos de producci\u00f3n.<\/p>\n\n\n\n<p>\u201cEsto se realizar\u00eda a trav\u00e9s de formulas bien hechas, donde gran parte de la utilidad se la quede realmente el productor, la gente del campo, y que nosotros podamos aprovechar el suministro&#8221;, dijo Gerardo Valdez.<\/p>\n\n\n\n<p>A\u00f1adi\u00f3 que en la regi\u00f3n, donde antes se sembraba trigo, hay entre 400 y 500 hect\u00e1reas disponibles, &#8220;por ah\u00ed ir\u00edamos por esas, habr\u00e1 que ver de qui\u00e9n son esos terrenos y quien est\u00e1 disponible\u201d, se\u00f1al\u00f3.<\/p>\n\n\n\n<p>La reactivaci\u00f3n completa de la Harinera Monarca est\u00e1 proyectada para dentro de 6 a 7 meses, en los que se espera concretar los contratos con productores de trigo e incrementar la plantilla de personal que actualmente es de 25 trabajadores, hasta 90 o 95, cuando el proyecto est\u00e9 concluido en su totalidad.<\/p>\n\n\n\n<p>En el recorrido estuvieron presentes socios de la empresa, Ram\u00f3n Zepeda y Jos\u00e9 Luis Sol\u00f3rzano, adem\u00e1s de otros representantes del sector empresarial, como V\u00edctor Mart\u00ednez y Omar Mart\u00ednez.<\/p>\n","protected":false},"excerpt":{"rendered":"<p>*Inversionistas trabajan en conjunto con el Gobierno de Michoac\u00e1n para generar proyectos que otorguen empleos y apoyen al campo Morelia, Michoac\u00e1n, 27 de enero del 2021.- Con la expectativa de impulsar a productores de trigo michoacanos y de generar m\u00e1s empleos en Morelia, el gobernador Alfredo Ram\u00edrez Bedolla se reuni\u00f3 con los nuevos propietarios de [&hellip;]<\/p>\n","protected":false},"author":1,"featured_media":7526,"comment_status":"open","ping_status":"closed","sticky":false,"template":"","format":"standard","meta":[],"categories":[1],"tags":[],"yoast_head":"<!-- This site is optimized with the Yoast SEO plugin v17.9 - https:\/\/yoast.com\/wordpress\/plugins\/seo\/ -->\n<title>Respalda Bedolla reactivaci\u00f3n de harinera para impulsar a productores de trigo michoacanos - Reflejo de Michoac\u00e1n<\/title>\n<meta name=\"robots\" content=\"index, follow, max-snippet:-1, max-image-preview:large, max-video-preview:-1\" \/>\n<link rel=\"canonical\" href=\"https:\/\/reflejodemichoacan.com\/index.php\/2022\/01\/27\/respalda-bedolla-reactivacion-de-harinera-para-impulsar-a-productores-de-trigo-michoacanos\/\" \/>\n<meta property=\"og:locale\" content=\"es_MX\" \/>\n<meta property=\"og:type\" content=\"article\" \/>\n<meta property=\"og:title\" content=\"Respalda Bedolla reactivaci\u00f3n de harinera para impulsar a productores de trigo michoacanos - Reflejo de Michoac\u00e1n\" \/>\n<meta property=\"og:description\" content=\"*Inversionistas trabajan en conjunto con el Gobierno de Michoac\u00e1n para generar proyectos que otorguen empleos y apoyen al campo Morelia, Michoac\u00e1n, 27 de enero del 2021.- Con la expectativa de impulsar a productores de trigo michoacanos y de generar m\u00e1s empleos en Morelia, el gobernador Alfredo Ram\u00edrez Bedolla se reuni\u00f3 con los nuevos propietarios de [&hellip;]\" \/>\n<meta property=\"og:url\" content=\"https:\/\/reflejodemichoacan.com\/index.php\/2022\/01\/27\/respalda-bedolla-reactivacion-de-harinera-para-impulsar-a-productores-de-trigo-michoacanos\/\" \/>\n<meta property=\"og:site_name\" content=\"Reflejo de Michoac\u00e1n\" \/>\n<meta property=\"article:published_time\" content=\"2022-01-27T18:35:27+00:00\" \/>\n<meta property=\"article:modified_time\" content=\"2022-01-27T18:35:29+00:00\" \/>\n<meta property=\"og:image\" content=\"https:\/\/reflejodemichoacan.com\/wp-content\/uploads\/2022\/01\/respalda.jpg\" \/>\n\t<meta property=\"og:image:width\" content=\"1280\" \/>\n\t<meta property=\"og:image:height\" content=\"853\" \/>\n\t<meta property=\"og:image:type\" content=\"image\/jpeg\" \/>\n<meta name=\"twitter:card\" content=\"summary_large_image\" \/>\n<meta name=\"twitter:label1\" content=\"Escrito por\" \/>\n\t<meta name=\"twitter:data1\" content=\"Aurora\" \/>\n\t<meta name=\"twitter:label2\" content=\"Tiempo de lectura\" \/>\n\t<meta name=\"twitter:data2\" content=\"2 minutos\" \/>\n<script type=\"application\/ld+json\" class=\"yoast-schema-graph\">{\"@context\":\"https:\/\/schema.org\",\"@graph\":[{\"@type\":\"WebSite\",\"@id\":\"https:\/\/reflejodemichoacan.com\/#website\",\"url\":\"https:\/\/reflejodemichoacan.com\/\",\"name\":\"Reflejo de Michoac\\u00e1n\",\"description\":\"Medio de comunicaci\\u00f3n impreso y digital al servicio de la regi\\u00f3n lacustre y Michoac\\u00e1n.\",\"potentialAction\":[{\"@type\":\"SearchAction\",\"target\":{\"@type\":\"EntryPoint\",\"urlTemplate\":\"https:\/\/reflejodemichoacan.com\/?s={search_term_string}\"},\"query-input\":\"required name=search_term_string\"}],\"inLanguage\":\"es-MX\"},{\"@type\":\"ImageObject\",\"@id\":\"https:\/\/reflejodemichoacan.com\/index.php\/2022\/01\/27\/respalda-bedolla-reactivacion-de-harinera-para-impulsar-a-productores-de-trigo-michoacanos\/#primaryimage\",\"inLanguage\":\"es-MX\",\"url\":\"https:\/\/reflejodemichoacan.com\/wp-content\/uploads\/2022\/01\/respalda.jpg\",\"contentUrl\":\"https:\/\/reflejodemichoacan.com\/wp-content\/uploads\/2022\/01\/respalda.jpg\",\"width\":1280,\"height\":853},{\"@type\":\"WebPage\",\"@id\":\"https:\/\/reflejodemichoacan.com\/index.php\/2022\/01\/27\/respalda-bedolla-reactivacion-de-harinera-para-impulsar-a-productores-de-trigo-michoacanos\/#webpage\",\"url\":\"https:\/\/reflejodemichoacan.com\/index.php\/2022\/01\/27\/respalda-bedolla-reactivacion-de-harinera-para-impulsar-a-productores-de-trigo-michoacanos\/\",\"name\":\"Respalda Bedolla reactivaci\\u00f3n de harinera para impulsar a productores de trigo michoacanos - Reflejo de Michoac\\u00e1n\",\"isPartOf\":{\"@id\":\"https:\/\/reflejodemichoacan.com\/#website\"},\"primaryImageOfPage\":{\"@id\":\"https:\/\/reflejodemichoacan.com\/index.php\/2022\/01\/27\/respalda-bedolla-reactivacion-de-harinera-para-impulsar-a-productores-de-trigo-michoacanos\/#primaryimage\"},\"datePublished\":\"2022-01-27T18:35:27+00:00\",\"dateModified\":\"2022-01-27T18:35:29+00:00\",\"author\":{\"@id\":\"https:\/\/reflejodemichoacan.com\/#\/schema\/person\/72d921e8fe99bd6e2e39bcde8995046f\"},\"breadcrumb\":{\"@id\":\"https:\/\/reflejodemichoacan.com\/index.php\/2022\/01\/27\/respalda-bedolla-reactivacion-de-harinera-para-impulsar-a-productores-de-trigo-michoacanos\/#breadcrumb\"},\"inLanguage\":\"es-MX\",\"potentialAction\":[{\"@type\":\"ReadAction\",\"target\":[\"https:\/\/reflejodemichoacan.com\/index.php\/2022\/01\/27\/respalda-bedolla-reactivacion-de-harinera-para-impulsar-a-productores-de-trigo-michoacanos\/\"]}]},{\"@type\":\"BreadcrumbList\",\"@id\":\"https:\/\/reflejodemichoacan.com\/index.php\/2022\/01\/27\/respalda-bedolla-reactivacion-de-harinera-para-impulsar-a-productores-de-trigo-michoacanos\/#breadcrumb\",\"itemListElement\":[{\"@type\":\"ListItem\",\"position\":1,\"name\":\"Inicio\",\"item\":\"https:\/\/reflejodemichoacan.com\/\"},{\"@type\":\"ListItem\",\"position\":2,\"name\":\"Respalda Bedolla reactivaci\\u00f3n de harinera para impulsar a productores de trigo michoacanos\"}]},{\"@type\":\"Person\",\"@id\":\"https:\/\/reflejodemichoacan.com\/#\/schema\/person\/72d921e8fe99bd6e2e39bcde8995046f\",\"name\":\"Aurora\",\"image\":{\"@type\":\"ImageObject\",\"@id\":\"https:\/\/reflejodemichoacan.com\/#personlogo\",\"inLanguage\":\"es-MX\",\"url\":\"https:\/\/secure.gravatar.com\/avatar\/df5ceb9b998be27b25dd258a6b4b0a95?s=96&d=mm&r=g\",\"contentUrl\":\"https:\/\/secure.gravatar.com\/avatar\/df5ceb9b998be27b25dd258a6b4b0a95?s=96&d=mm&r=g\",\"caption\":\"Aurora\"},\"sameAs\":[\"http:\/\/reflejodemichoacan.com\"],\"url\":\"https:\/\/reflejodemichoacan.com\/index.php\/author\/rixwm7qvsq\/\"}]}<\/script>\n<!-- \/ Yoast SEO plugin. -->","yoast_head_json":{"title":"Respalda Bedolla reactivaci\u00f3n de harinera para impulsar a productores de trigo michoacanos - Reflejo de Michoac\u00e1n","robots":{"index":"index","follow":"follow","max-snippet":"max-snippet:-1","max-image-preview":"max-image-preview:large","max-video-preview":"max-video-preview:-1"},"canonical":"https:\/\/reflejodemichoacan.com\/index.php\/2022\/01\/27\/respalda-bedolla-reactivacion-de-harinera-para-impulsar-a-productores-de-trigo-michoacanos\/","og_locale":"es_MX","og_type":"article","og_title":"Respalda Bedolla reactivaci\u00f3n de harinera para impulsar a productores de trigo michoacanos - Reflejo de Michoac\u00e1n","og_description":"*Inversionistas trabajan en conjunto con el Gobierno de Michoac\u00e1n para generar proyectos que otorguen empleos y apoyen al campo Morelia, Michoac\u00e1n, 27 de enero del 2021.- Con la expectativa de impulsar a productores de trigo michoacanos y de generar m\u00e1s empleos en Morelia, el gobernador Alfredo Ram\u00edrez Bedolla se reuni\u00f3 con los nuevos propietarios de [&hellip;]","og_url":"https:\/\/reflejodemichoacan.com\/index.php\/2022\/01\/27\/respalda-bedolla-reactivacion-de-harinera-para-impulsar-a-productores-de-trigo-michoacanos\/","og_site_name":"Reflejo de Michoac\u00e1n","article_published_time":"2022-01-27T18:35:27+00:00","article_modified_time":"2022-01-27T18:35:29+00:00","og_image":[{"width":1280,"height":853,"url":"https:\/\/reflejodemichoacan.com\/wp-content\/uploads\/2022\/01\/respalda.jpg","type":"image\/jpeg"}],"twitter_card":"summary_large_image","twitter_misc":{"Escrito por":"Aurora","Tiempo de lectura":"2 minutos"},"schema":{"@context":"https:\/\/schema.org","@graph":[{"@type":"WebSite","@id":"https:\/\/reflejodemichoacan.com\/#website","url":"https:\/\/reflejodemichoacan.com\/","name":"Reflejo de Michoac\u00e1n","description":"Medio de comunicaci\u00f3n impreso y digital al servicio de la regi\u00f3n lacustre y Michoac\u00e1n.","potentialAction":[{"@type":"SearchAction","target":{"@type":"EntryPoint","urlTemplate":"https:\/\/reflejodemichoacan.com\/?s={search_term_string}"},"query-input":"required name=search_term_string"}],"inLanguage":"es-MX"},{"@type":"ImageObject","@id":"https:\/\/reflejodemichoacan.com\/index.php\/2022\/01\/27\/respalda-bedolla-reactivacion-de-harinera-para-impulsar-a-productores-de-trigo-michoacanos\/#primaryimage","inLanguage":"es-MX","url":"https:\/\/reflejodemichoacan.com\/wp-content\/uploads\/2022\/01\/respalda.jpg","contentUrl":"https:\/\/reflejodemichoacan.com\/wp-content\/uploads\/2022\/01\/respalda.jpg","width":1280,"height":853},{"@type":"WebPage","@id":"https:\/\/reflejodemichoacan.com\/index.php\/2022\/01\/27\/respalda-bedolla-reactivacion-de-harinera-para-impulsar-a-productores-de-trigo-michoacanos\/#webpage","url":"https:\/\/reflejodemichoacan.com\/index.php\/2022\/01\/27\/respalda-bedolla-reactivacion-de-harinera-para-impulsar-a-productores-de-trigo-michoacanos\/","name":"Respalda Bedolla reactivaci\u00f3n de harinera para impulsar a productores de trigo michoacanos - Reflejo de Michoac\u00e1n","isPartOf":{"@id":"https:\/\/reflejodemichoacan.com\/#website"},"primaryImageOfPage":{"@id":"https:\/\/reflejodemichoacan.com\/index.php\/2022\/01\/27\/respalda-bedolla-reactivacion-de-harinera-para-impulsar-a-productores-de-trigo-michoacanos\/#primaryimage"},"datePublished":"2022-01-27T18:35:27+00:00","dateModified":"2022-01-27T18:35:29+00:00","author":{"@id":"https:\/\/reflejodemichoacan.com\/#\/schema\/person\/72d921e8fe99bd6e2e39bcde8995046f"},"breadcrumb":{"@id":"https:\/\/reflejodemichoacan.com\/index.php\/2022\/01\/27\/respalda-bedolla-reactivacion-de-harinera-para-impulsar-a-productores-de-trigo-michoacanos\/#breadcrumb"},"inLanguage":"es-MX","potentialAction":[{"@type":"ReadAction","target":["https:\/\/reflejodemichoacan.com\/index.php\/2022\/01\/27\/respalda-bedolla-reactivacion-de-harinera-para-impulsar-a-productores-de-trigo-michoacanos\/"]}]},{"@type":"BreadcrumbList","@id":"https:\/\/reflejodemichoacan.com\/index.php\/2022\/01\/27\/respalda-bedolla-reactivacion-de-harinera-para-impulsar-a-productores-de-trigo-michoacanos\/#breadcrumb","itemListElement":[{"@type":"ListItem","position":1,"name":"Inicio","item":"https:\/\/reflejodemichoacan.com\/"},{"@type":"ListItem","position":2,"name":"Respalda Bedolla reactivaci\u00f3n de harinera para impulsar a productores de trigo michoacanos"}]},{"@type":"Person","@id":"https:\/\/reflejodemichoacan.com\/#\/schema\/person\/72d921e8fe99bd6e2e39bcde8995046f","name":"Aurora","image":{"@type":"ImageObject","@id":"https:\/\/reflejodemichoacan.com\/#personlogo","inLanguage":"es-MX","url":"https:\/\/secure.gravatar.com\/avatar\/df5ceb9b998be27b25dd258a6b4b0a95?s=96&d=mm&r=g","contentUrl":"https:\/\/secure.gravatar.com\/avatar\/df5ceb9b998be27b25dd258a6b4b0a95?s=96&d=mm&r=g","caption":"Aurora"},"sameAs":["http:\/\/reflejodemichoacan.com"],"url":"https:\/\/reflejodemichoacan.com\/index.php\/author\/rixwm7qvsq\/"}]}},"_links":{"self":[{"href":"https:\/\/reflejodemichoacan.com\/index.php\/wp-json\/wp\/v2\/posts\/7525"}],"collection":[{"href":"https:\/\/reflejodemichoacan.com\/index.php\/wp-json\/wp\/v2\/posts"}],"about":[{"href":"https:\/\/reflejodemichoacan.com\/index.php\/wp-json\/wp\/v2\/types\/post"}],"author":[{"embeddable":true,"href":"https:\/\/reflejodemichoacan.com\/index.php\/wp-json\/wp\/v2\/users\/1"}],"replies":[{"embeddable":true,"href":"https:\/\/reflejodemichoacan.com\/index.php\/wp-json\/wp\/v2\/comments?post=7525"}],"version-history":[{"count":1,"href":"https:\/\/reflejodemichoacan.com\/index.php\/wp-json\/wp\/v2\/posts\/7525\/revisions"}],"predecessor-version":[{"id":7527,"href":"https:\/\/reflejodemichoacan.com\/index.php\/wp-json\/wp\/v2\/posts\/7525\/revisions\/7527"}],"wp:featuredmedia":[{"embeddable":true,"href":"https:\/\/reflejodemichoacan.com\/index.php\/wp-json\/wp\/v2\/media\/7526"}],"wp:attachment":[{"href":"https:\/\/reflejodemichoacan.com\/index.php\/wp-json\/wp\/v2\/media?parent=7525"}],"wp:term":[{"taxonomy":"category","embeddable":true,"href":"https:\/\/reflejodemichoacan.com\/index.php\/wp-json\/wp\/v2\/categories?post=7525"},{"taxonomy":"post_tag","embeddable":true,"href":"https:\/\/reflejodemichoacan.com\/index.php\/wp-json\/wp\/v2\/tags?post=7525"}],"curies":[{"name":"wp","href":"https:\/\/api.w.org\/{rel}","templated":true}]}}