{"id":7528,"date":"2022-01-30T00:12:30","date_gmt":"2022-01-30T00:12:30","guid":{"rendered":"https:\/\/reflejodemichoacan.com\/?p=7528"},"modified":"2022-01-30T00:12:33","modified_gmt":"2022-01-30T00:12:33","slug":"macarena-chavez-impulsara-una-energia-barata-y-limpia-para-las-y-los-mexicanos","status":"publish","type":"post","link":"https:\/\/reflejodemichoacan.com\/index.php\/2022\/01\/30\/macarena-chavez-impulsara-una-energia-barata-y-limpia-para-las-y-los-mexicanos\/","title":{"rendered":"Macarena Ch\u00e1vez impulsar\u00e1 una energ\u00eda barata y limpia para las y los mexicanos."},"content":{"rendered":"\n<p><\/p>\n\n\n\n<p>\u2022 La defensa de la salud, y la democracia, otros temas prioritarios de la diputada federal.<\/p>\n\n\n\n<p>Benito Ju\u00e1rez, Quintana Roo. 29 de enero de 2022.- La Diputada Federal, Macarena Ch\u00e1vez, dio a conocer que trabajar\u00e1 para impulsar una agenda legislativa a favor de una energ\u00eda barata y accesible para las y los mexicanos, esto a trav\u00e9s del debate que se habr\u00e1 de realizar en el marco de la Reforma El\u00e9ctrica, en el pr\u00f3ximo periodo de sesiones en la C\u00e1mara de Diputados.<\/p>\n\n\n\n<p>Al concluir la Plenaria Ordinaria del Grupo Parlamentario del Partido de la Revoluci\u00f3n Democr\u00e1tica (PRD), la legisladora destac\u00f3 que junto a sus compa\u00f1eras y compa\u00f1eros de bancada dar\u00e1n un debate de altura, informado y t\u00e9cnico, con la finalidad de llevar ante el pleno las demandas m\u00e1s sentidas de la gente. Una de ellas: tener en el pa\u00eds una energ\u00eda barata, eficiente y amigable con el medio ambiente.<\/p>\n\n\n\n<p>La Secretaria de la Mesa Directiva, a\u00f1adi\u00f3 que aunado al tema energ\u00e9tico, desde el Palacio Legislativo de San L\u00e1zaro, ser\u00e1 vigilante del presupuesto que se asign\u00f3 al sector salud, para que se aplique correctamente en el abastecimiento de medicamentos, en el equipamiento de los centros de salud y en la atenci\u00f3n m\u00e9dica de calidad para todas y todos los mexicanos.<\/p>\n\n\n\n<p>Asimismo, Macarena Ch\u00e1vez resalt\u00f3 que en el debate que se dar\u00e1 en materia electoral, se privilegiar\u00e1 la libertad que tienen las y los mexicanos de elegir a sus gobernantes, esto mediante la defensa de la democracia y los \u00f3rganos aut\u00f3nomos que la garantizan, como lo es el Instituto Nacional Electoral (INE).<\/p>\n\n\n\n<p>Cabe destacar que en la Plenaria del PRD particip\u00f3 el Gobernador de Quintana Roo, Carlos Joaqu\u00edn Gonz\u00e1lez; Lorenzo C\u00f3rdova, consejero presidente del INE; Laura Fern\u00e1ndez, precandidata a la gubernatura por ese estado; diputadas y diputados integrantes del Grupo Parlamentario del PRD y diferentes liderazgos pol\u00edticos como Jes\u00fas Zambrano, presidente nacional de este partido y Jes\u00fas Ortega, ex presidente nacional del mismo.<\/p>\n","protected":false},"excerpt":{"rendered":"<p>\u2022 La defensa de la salud, y la democracia, otros temas prioritarios de la diputada federal. Benito Ju\u00e1rez, Quintana Roo. 29 de enero de 2022.- La Diputada Federal, Macarena Ch\u00e1vez, dio a conocer que trabajar\u00e1 para impulsar una agenda legislativa a favor de una energ\u00eda barata y accesible para las y los mexicanos, esto a [&hellip;]<\/p>\n","protected":false},"author":1,"featured_media":7529,"comment_status":"open","ping_status":"closed","sticky":false,"template":"","format":"standard","meta":[],"categories":[1],"tags":[],"yoast_head":"<!-- This site is optimized with the Yoast SEO plugin v17.9 - https:\/\/yoast.com\/wordpress\/plugins\/seo\/ -->\n<title>Macarena Ch\u00e1vez impulsar\u00e1 una energ\u00eda barata y limpia para las y los mexicanos. - Reflejo de Michoac\u00e1n<\/title>\n<meta name=\"robots\" content=\"index, follow, max-snippet:-1, max-image-preview:large, max-video-preview:-1\" \/>\n<link rel=\"canonical\" href=\"https:\/\/reflejodemichoacan.com\/index.php\/2022\/01\/30\/macarena-chavez-impulsara-una-energia-barata-y-limpia-para-las-y-los-mexicanos\/\" \/>\n<meta property=\"og:locale\" content=\"es_MX\" \/>\n<meta property=\"og:type\" content=\"article\" \/>\n<meta property=\"og:title\" content=\"Macarena Ch\u00e1vez impulsar\u00e1 una energ\u00eda barata y limpia para las y los mexicanos. - Reflejo de Michoac\u00e1n\" \/>\n<meta property=\"og:description\" content=\"\u2022 La defensa de la salud, y la democracia, otros temas prioritarios de la diputada federal. Benito Ju\u00e1rez, Quintana Roo. 29 de enero de 2022.- La Diputada Federal, Macarena Ch\u00e1vez, dio a conocer que trabajar\u00e1 para impulsar una agenda legislativa a favor de una energ\u00eda barata y accesible para las y los mexicanos, esto a [&hellip;]\" \/>\n<meta property=\"og:url\" content=\"https:\/\/reflejodemichoacan.com\/index.php\/2022\/01\/30\/macarena-chavez-impulsara-una-energia-barata-y-limpia-para-las-y-los-mexicanos\/\" \/>\n<meta property=\"og:site_name\" content=\"Reflejo de Michoac\u00e1n\" \/>\n<meta property=\"article:published_time\" content=\"2022-01-30T00:12:30+00:00\" \/>\n<meta property=\"article:modified_time\" content=\"2022-01-30T00:12:33+00:00\" \/>\n<meta property=\"og:image\" content=\"https:\/\/reflejodemichoacan.com\/wp-content\/uploads\/2022\/01\/macareba.jpg\" \/>\n\t<meta property=\"og:image:width\" content=\"1040\" \/>\n\t<meta property=\"og:image:height\" content=\"1280\" \/>\n\t<meta property=\"og:image:type\" content=\"image\/jpeg\" \/>\n<meta name=\"twitter:card\" content=\"summary_large_image\" \/>\n<meta name=\"twitter:label1\" content=\"Escrito por\" \/>\n\t<meta name=\"twitter:data1\" content=\"Aurora\" \/>\n\t<meta name=\"twitter:label2\" content=\"Tiempo de lectura\" \/>\n\t<meta name=\"twitter:data2\" content=\"2 minutos\" \/>\n<script type=\"application\/ld+json\" class=\"yoast-schema-graph\">{\"@context\":\"https:\/\/schema.org\",\"@graph\":[{\"@type\":\"WebSite\",\"@id\":\"https:\/\/reflejodemichoacan.com\/#website\",\"url\":\"https:\/\/reflejodemichoacan.com\/\",\"name\":\"Reflejo de Michoac\\u00e1n\",\"description\":\"Medio de comunicaci\\u00f3n impreso y digital al servicio de la regi\\u00f3n lacustre y Michoac\\u00e1n.\",\"potentialAction\":[{\"@type\":\"SearchAction\",\"target\":{\"@type\":\"EntryPoint\",\"urlTemplate\":\"https:\/\/reflejodemichoacan.com\/?s={search_term_string}\"},\"query-input\":\"required name=search_term_string\"}],\"inLanguage\":\"es-MX\"},{\"@type\":\"ImageObject\",\"@id\":\"https:\/\/reflejodemichoacan.com\/index.php\/2022\/01\/30\/macarena-chavez-impulsara-una-energia-barata-y-limpia-para-las-y-los-mexicanos\/#primaryimage\",\"inLanguage\":\"es-MX\",\"url\":\"https:\/\/reflejodemichoacan.com\/wp-content\/uploads\/2022\/01\/macareba.jpg\",\"contentUrl\":\"https:\/\/reflejodemichoacan.com\/wp-content\/uploads\/2022\/01\/macareba.jpg\",\"width\":1040,\"height\":1280},{\"@type\":\"WebPage\",\"@id\":\"https:\/\/reflejodemichoacan.com\/index.php\/2022\/01\/30\/macarena-chavez-impulsara-una-energia-barata-y-limpia-para-las-y-los-mexicanos\/#webpage\",\"url\":\"https:\/\/reflejodemichoacan.com\/index.php\/2022\/01\/30\/macarena-chavez-impulsara-una-energia-barata-y-limpia-para-las-y-los-mexicanos\/\",\"name\":\"Macarena Ch\\u00e1vez impulsar\\u00e1 una energ\\u00eda barata y limpia para las y los mexicanos. - Reflejo de Michoac\\u00e1n\",\"isPartOf\":{\"@id\":\"https:\/\/reflejodemichoacan.com\/#website\"},\"primaryImageOfPage\":{\"@id\":\"https:\/\/reflejodemichoacan.com\/index.php\/2022\/01\/30\/macarena-chavez-impulsara-una-energia-barata-y-limpia-para-las-y-los-mexicanos\/#primaryimage\"},\"datePublished\":\"2022-01-30T00:12:30+00:00\",\"dateModified\":\"2022-01-30T00:12:33+00:00\",\"author\":{\"@id\":\"https:\/\/reflejodemichoacan.com\/#\/schema\/person\/72d921e8fe99bd6e2e39bcde8995046f\"},\"breadcrumb\":{\"@id\":\"https:\/\/reflejodemichoacan.com\/index.php\/2022\/01\/30\/macarena-chavez-impulsara-una-energia-barata-y-limpia-para-las-y-los-mexicanos\/#breadcrumb\"},\"inLanguage\":\"es-MX\",\"potentialAction\":[{\"@type\":\"ReadAction\",\"target\":[\"https:\/\/reflejodemichoacan.com\/index.php\/2022\/01\/30\/macarena-chavez-impulsara-una-energia-barata-y-limpia-para-las-y-los-mexicanos\/\"]}]},{\"@type\":\"BreadcrumbList\",\"@id\":\"https:\/\/reflejodemichoacan.com\/index.php\/2022\/01\/30\/macarena-chavez-impulsara-una-energia-barata-y-limpia-para-las-y-los-mexicanos\/#breadcrumb\",\"itemListElement\":[{\"@type\":\"ListItem\",\"position\":1,\"name\":\"Inicio\",\"item\":\"https:\/\/reflejodemichoacan.com\/\"},{\"@type\":\"ListItem\",\"position\":2,\"name\":\"Macarena Ch\\u00e1vez impulsar\\u00e1 una energ\\u00eda barata y limpia para las y los mexicanos.\"}]},{\"@type\":\"Person\",\"@id\":\"https:\/\/reflejodemichoacan.com\/#\/schema\/person\/72d921e8fe99bd6e2e39bcde8995046f\",\"name\":\"Aurora\",\"image\":{\"@type\":\"ImageObject\",\"@id\":\"https:\/\/reflejodemichoacan.com\/#personlogo\",\"inLanguage\":\"es-MX\",\"url\":\"https:\/\/secure.gravatar.com\/avatar\/df5ceb9b998be27b25dd258a6b4b0a95?s=96&d=mm&r=g\",\"contentUrl\":\"https:\/\/secure.gravatar.com\/avatar\/df5ceb9b998be27b25dd258a6b4b0a95?s=96&d=mm&r=g\",\"caption\":\"Aurora\"},\"sameAs\":[\"http:\/\/reflejodemichoacan.com\"],\"url\":\"https:\/\/reflejodemichoacan.com\/index.php\/author\/rixwm7qvsq\/\"}]}<\/script>\n<!-- \/ Yoast SEO plugin. -->","yoast_head_json":{"title":"Macarena Ch\u00e1vez impulsar\u00e1 una energ\u00eda barata y limpia para las y los mexicanos. - Reflejo de Michoac\u00e1n","robots":{"index":"index","follow":"follow","max-snippet":"max-snippet:-1","max-image-preview":"max-image-preview:large","max-video-preview":"max-video-preview:-1"},"canonical":"https:\/\/reflejodemichoacan.com\/index.php\/2022\/01\/30\/macarena-chavez-impulsara-una-energia-barata-y-limpia-para-las-y-los-mexicanos\/","og_locale":"es_MX","og_type":"article","og_title":"Macarena Ch\u00e1vez impulsar\u00e1 una energ\u00eda barata y limpia para las y los mexicanos. - Reflejo de Michoac\u00e1n","og_description":"\u2022 La defensa de la salud, y la democracia, otros temas prioritarios de la diputada federal. Benito Ju\u00e1rez, Quintana Roo. 29 de enero de 2022.- La Diputada Federal, Macarena Ch\u00e1vez, dio a conocer que trabajar\u00e1 para impulsar una agenda legislativa a favor de una energ\u00eda barata y accesible para las y los mexicanos, esto a [&hellip;]","og_url":"https:\/\/reflejodemichoacan.com\/index.php\/2022\/01\/30\/macarena-chavez-impulsara-una-energia-barata-y-limpia-para-las-y-los-mexicanos\/","og_site_name":"Reflejo de Michoac\u00e1n","article_published_time":"2022-01-30T00:12:30+00:00","article_modified_time":"2022-01-30T00:12:33+00:00","og_image":[{"width":1040,"height":1280,"url":"https:\/\/reflejodemichoacan.com\/wp-content\/uploads\/2022\/01\/macareba.jpg","type":"image\/jpeg"}],"twitter_card":"summary_large_image","twitter_misc":{"Escrito por":"Aurora","Tiempo de lectura":"2 minutos"},"schema":{"@context":"https:\/\/schema.org","@graph":[{"@type":"WebSite","@id":"https:\/\/reflejodemichoacan.com\/#website","url":"https:\/\/reflejodemichoacan.com\/","name":"Reflejo de Michoac\u00e1n","description":"Medio de comunicaci\u00f3n impreso y digital al servicio de la regi\u00f3n lacustre y Michoac\u00e1n.","potentialAction":[{"@type":"SearchAction","target":{"@type":"EntryPoint","urlTemplate":"https:\/\/reflejodemichoacan.com\/?s={search_term_string}"},"query-input":"required name=search_term_string"}],"inLanguage":"es-MX"},{"@type":"ImageObject","@id":"https:\/\/reflejodemichoacan.com\/index.php\/2022\/01\/30\/macarena-chavez-impulsara-una-energia-barata-y-limpia-para-las-y-los-mexicanos\/#primaryimage","inLanguage":"es-MX","url":"https:\/\/reflejodemichoacan.com\/wp-content\/uploads\/2022\/01\/macareba.jpg","contentUrl":"https:\/\/reflejodemichoacan.com\/wp-content\/uploads\/2022\/01\/macareba.jpg","width":1040,"height":1280},{"@type":"WebPage","@id":"https:\/\/reflejodemichoacan.com\/index.php\/2022\/01\/30\/macarena-chavez-impulsara-una-energia-barata-y-limpia-para-las-y-los-mexicanos\/#webpage","url":"https:\/\/reflejodemichoacan.com\/index.php\/2022\/01\/30\/macarena-chavez-impulsara-una-energia-barata-y-limpia-para-las-y-los-mexicanos\/","name":"Macarena Ch\u00e1vez impulsar\u00e1 una energ\u00eda barata y limpia para las y los mexicanos. - Reflejo de Michoac\u00e1n","isPartOf":{"@id":"https:\/\/reflejodemichoacan.com\/#website"},"primaryImageOfPage":{"@id":"https:\/\/reflejodemichoacan.com\/index.php\/2022\/01\/30\/macarena-chavez-impulsara-una-energia-barata-y-limpia-para-las-y-los-mexicanos\/#primaryimage"},"datePublished":"2022-01-30T00:12:30+00:00","dateModified":"2022-01-30T00:12:33+00:00","author":{"@id":"https:\/\/reflejodemichoacan.com\/#\/schema\/person\/72d921e8fe99bd6e2e39bcde8995046f"},"breadcrumb":{"@id":"https:\/\/reflejodemichoacan.com\/index.php\/2022\/01\/30\/macarena-chavez-impulsara-una-energia-barata-y-limpia-para-las-y-los-mexicanos\/#breadcrumb"},"inLanguage":"es-MX","potentialAction":[{"@type":"ReadAction","target":["https:\/\/reflejodemichoacan.com\/index.php\/2022\/01\/30\/macarena-chavez-impulsara-una-energia-barata-y-limpia-para-las-y-los-mexicanos\/"]}]},{"@type":"BreadcrumbList","@id":"https:\/\/reflejodemichoacan.com\/index.php\/2022\/01\/30\/macarena-chavez-impulsara-una-energia-barata-y-limpia-para-las-y-los-mexicanos\/#breadcrumb","itemListElement":[{"@type":"ListItem","position":1,"name":"Inicio","item":"https:\/\/reflejodemichoacan.com\/"},{"@type":"ListItem","position":2,"name":"Macarena Ch\u00e1vez impulsar\u00e1 una energ\u00eda barata y limpia para las y los mexicanos."}]},{"@type":"Person","@id":"https:\/\/reflejodemichoacan.com\/#\/schema\/person\/72d921e8fe99bd6e2e39bcde8995046f","name":"Aurora","image":{"@type":"ImageObject","@id":"https:\/\/reflejodemichoacan.com\/#personlogo","inLanguage":"es-MX","url":"https:\/\/secure.gravatar.com\/avatar\/df5ceb9b998be27b25dd258a6b4b0a95?s=96&d=mm&r=g","contentUrl":"https:\/\/secure.gravatar.com\/avatar\/df5ceb9b998be27b25dd258a6b4b0a95?s=96&d=mm&r=g","caption":"Aurora"},"sameAs":["http:\/\/reflejodemichoacan.com"],"url":"https:\/\/reflejodemichoacan.com\/index.php\/author\/rixwm7qvsq\/"}]}},"_links":{"self":[{"href":"https:\/\/reflejodemichoacan.com\/index.php\/wp-json\/wp\/v2\/posts\/7528"}],"collection":[{"href":"https:\/\/reflejodemichoacan.com\/index.php\/wp-json\/wp\/v2\/posts"}],"about":[{"href":"https:\/\/reflejodemichoacan.com\/index.php\/wp-json\/wp\/v2\/types\/post"}],"author":[{"embeddable":true,"href":"https:\/\/reflejodemichoacan.com\/index.php\/wp-json\/wp\/v2\/users\/1"}],"replies":[{"embeddable":true,"href":"https:\/\/reflejodemichoacan.com\/index.php\/wp-json\/wp\/v2\/comments?post=7528"}],"version-history":[{"count":1,"href":"https:\/\/reflejodemichoacan.com\/index.php\/wp-json\/wp\/v2\/posts\/7528\/revisions"}],"predecessor-version":[{"id":7530,"href":"https:\/\/reflejodemichoacan.com\/index.php\/wp-json\/wp\/v2\/posts\/7528\/revisions\/7530"}],"wp:featuredmedia":[{"embeddable":true,"href":"https:\/\/reflejodemichoacan.com\/index.php\/wp-json\/wp\/v2\/media\/7529"}],"wp:attachment":[{"href":"https:\/\/reflejodemichoacan.com\/index.php\/wp-json\/wp\/v2\/media?parent=7528"}],"wp:term":[{"taxonomy":"category","embeddable":true,"href":"https:\/\/reflejodemichoacan.com\/index.php\/wp-json\/wp\/v2\/categories?post=7528"},{"taxonomy":"post_tag","embeddable":true,"href":"https:\/\/reflejodemichoacan.com\/index.php\/wp-json\/wp\/v2\/tags?post=7528"}],"curies":[{"name":"wp","href":"https:\/\/api.w.org\/{rel}","templated":true}]}}