{"id":7531,"date":"2022-01-30T00:16:15","date_gmt":"2022-01-30T00:16:15","guid":{"rendered":"https:\/\/reflejodemichoacan.com\/?p=7531"},"modified":"2022-01-30T00:16:17","modified_gmt":"2022-01-30T00:16:17","slug":"samanta-flores-reconoce-y-agradece-legado-de-preparatoria-silviano-carrillo-cardenas","status":"publish","type":"post","link":"https:\/\/reflejodemichoacan.com\/index.php\/2022\/01\/30\/samanta-flores-reconoce-y-agradece-legado-de-preparatoria-silviano-carrillo-cardenas\/","title":{"rendered":"SAMANTA FLORES RECONOCE Y AGRADECE LEGADO DE PREPARATORIA SILVIANO CARRILLO C\u00c1RDENAS"},"content":{"rendered":"\n<p><\/p>\n\n\n\n<p>\u2022 Refrend\u00f3 su compromiso con la comunidad educativa de la preparatoria<br>\u2022 Destac\u00f3 la contribuci\u00f3n de la instituci\u00f3n para el desarrollo humano y social de P\u00e1tzcuaro<\/p>\n\n\n\n<p>P\u00e1tzcuaro, Michoac\u00e1n, 29 de enero de 2022.- En el marco del 25 aniversario de la preparatoria Silviano Carrillo C\u00e1rdenas, la diputada del Partido Revolucionario Institucional, Samanta Flores Adame reconoci\u00f3 su gran legado, as\u00ed como su labor en la educaci\u00f3n de mujeres y hombres de bien para P\u00e1tzcuaro.<\/p>\n\n\n\n<p>&#8220;Me siento muy honrada de ser invitada a la celebraci\u00f3n de una instituci\u00f3n que crey\u00f3 en P\u00e1tzcuaro, que fue pionera en ofrecer educaci\u00f3n de calidad con valores y a la vanguardia en todos los sentidos y niveles\u201d, expres\u00f3.<\/p>\n\n\n\n<p>Flores Adame agradeci\u00f3 la invitaci\u00f3n a la Profesora Mar\u00eda Teresa Luis Juan Hern\u00e1ndez, Directora General y a la Licenciada Leticia Gonz\u00e1lez Mart\u00edn, Directora de la Preparatoria, as\u00ed mismo felicit\u00f3 a la Congregaci\u00f3n de las Siervas De Jes\u00fas Sacramentado quienes han llevado por a\u00f1os gran responsabilidad social formando a las juventudes con un alto sentido de valores, desarrollo humano y social; pues dijo: \u201cse caracterizan por estar siempre dispuestas a apoyar al pr\u00f3jimo\u201d.<\/p>\n\n\n\n<p>La legisladora local resalt\u00f3 que el gran trabajo que se ha llevado a cabo durante este cuarto de siglo ha honrado los ideales de su padre fundador, Silviano Carrillo C\u00e1rdenas, quien dedic\u00f3 su vida a la b\u00fasqueda de la justicia y paz.<\/p>\n\n\n\n<p>Recalc\u00f3 que la preparatoria ha sido un semillero de vidas de \u00e9xito, hombres y mujeres de bien, pilares de la comunidad que han abonado a la construcci\u00f3n de un mejor municipio, estado y patria.<\/p>\n\n\n\n<p>Finalmente, refrend\u00f3 su compromiso desde el Congreso del Estado para impulsar acciones a favor de las familias michoacanas, impulsando m\u00e1s y mejores oportunidades para el desarrollo de la entidad.<\/p>\n\n\n\n<p>\u201cFelicidades y que vengan muchos a\u00f1os m\u00e1s fieles al deber\u201d, concluy\u00f3.<\/p>\n","protected":false},"excerpt":{"rendered":"<p>\u2022 Refrend\u00f3 su compromiso con la comunidad educativa de la preparatoria\u2022 Destac\u00f3 la contribuci\u00f3n de la instituci\u00f3n para el desarrollo humano y social de P\u00e1tzcuaro P\u00e1tzcuaro, Michoac\u00e1n, 29 de enero de 2022.- En el marco del 25 aniversario de la preparatoria Silviano Carrillo C\u00e1rdenas, la diputada del Partido Revolucionario Institucional, Samanta Flores Adame reconoci\u00f3 su [&hellip;]<\/p>\n","protected":false},"author":1,"featured_media":7532,"comment_status":"open","ping_status":"closed","sticky":false,"template":"","format":"standard","meta":[],"categories":[1],"tags":[],"yoast_head":"<!-- This site is optimized with the Yoast SEO plugin v17.9 - https:\/\/yoast.com\/wordpress\/plugins\/seo\/ -->\n<title>SAMANTA FLORES RECONOCE Y AGRADECE LEGADO DE PREPARATORIA SILVIANO CARRILLO C\u00c1RDENAS - Reflejo de Michoac\u00e1n<\/title>\n<meta name=\"robots\" content=\"index, follow, max-snippet:-1, max-image-preview:large, max-video-preview:-1\" \/>\n<link rel=\"canonical\" href=\"https:\/\/reflejodemichoacan.com\/index.php\/2022\/01\/30\/samanta-flores-reconoce-y-agradece-legado-de-preparatoria-silviano-carrillo-cardenas\/\" \/>\n<meta property=\"og:locale\" content=\"es_MX\" \/>\n<meta property=\"og:type\" content=\"article\" \/>\n<meta property=\"og:title\" content=\"SAMANTA FLORES RECONOCE Y AGRADECE LEGADO DE PREPARATORIA SILVIANO CARRILLO C\u00c1RDENAS - Reflejo de Michoac\u00e1n\" \/>\n<meta property=\"og:description\" content=\"\u2022 Refrend\u00f3 su compromiso con la comunidad educativa de la preparatoria\u2022 Destac\u00f3 la contribuci\u00f3n de la instituci\u00f3n para el desarrollo humano y social de P\u00e1tzcuaro P\u00e1tzcuaro, Michoac\u00e1n, 29 de enero de 2022.- En el marco del 25 aniversario de la preparatoria Silviano Carrillo C\u00e1rdenas, la diputada del Partido Revolucionario Institucional, Samanta Flores Adame reconoci\u00f3 su [&hellip;]\" \/>\n<meta property=\"og:url\" content=\"https:\/\/reflejodemichoacan.com\/index.php\/2022\/01\/30\/samanta-flores-reconoce-y-agradece-legado-de-preparatoria-silviano-carrillo-cardenas\/\" \/>\n<meta property=\"og:site_name\" content=\"Reflejo de Michoac\u00e1n\" \/>\n<meta property=\"article:published_time\" content=\"2022-01-30T00:16:15+00:00\" \/>\n<meta property=\"article:modified_time\" content=\"2022-01-30T00:16:17+00:00\" \/>\n<meta property=\"og:image\" content=\"https:\/\/reflejodemichoacan.com\/wp-content\/uploads\/2022\/01\/samanta.jpg\" \/>\n\t<meta property=\"og:image:width\" content=\"1600\" \/>\n\t<meta property=\"og:image:height\" content=\"745\" \/>\n\t<meta property=\"og:image:type\" content=\"image\/jpeg\" \/>\n<meta name=\"twitter:card\" content=\"summary_large_image\" \/>\n<meta name=\"twitter:label1\" content=\"Escrito por\" \/>\n\t<meta name=\"twitter:data1\" content=\"Aurora\" \/>\n\t<meta name=\"twitter:label2\" content=\"Tiempo de lectura\" \/>\n\t<meta name=\"twitter:data2\" content=\"2 minutos\" \/>\n<script type=\"application\/ld+json\" class=\"yoast-schema-graph\">{\"@context\":\"https:\/\/schema.org\",\"@graph\":[{\"@type\":\"WebSite\",\"@id\":\"https:\/\/reflejodemichoacan.com\/#website\",\"url\":\"https:\/\/reflejodemichoacan.com\/\",\"name\":\"Reflejo de Michoac\\u00e1n\",\"description\":\"Medio de comunicaci\\u00f3n impreso y digital al servicio de la regi\\u00f3n lacustre y Michoac\\u00e1n.\",\"potentialAction\":[{\"@type\":\"SearchAction\",\"target\":{\"@type\":\"EntryPoint\",\"urlTemplate\":\"https:\/\/reflejodemichoacan.com\/?s={search_term_string}\"},\"query-input\":\"required name=search_term_string\"}],\"inLanguage\":\"es-MX\"},{\"@type\":\"ImageObject\",\"@id\":\"https:\/\/reflejodemichoacan.com\/index.php\/2022\/01\/30\/samanta-flores-reconoce-y-agradece-legado-de-preparatoria-silviano-carrillo-cardenas\/#primaryimage\",\"inLanguage\":\"es-MX\",\"url\":\"https:\/\/reflejodemichoacan.com\/wp-content\/uploads\/2022\/01\/samanta.jpg\",\"contentUrl\":\"https:\/\/reflejodemichoacan.com\/wp-content\/uploads\/2022\/01\/samanta.jpg\",\"width\":1600,\"height\":745},{\"@type\":\"WebPage\",\"@id\":\"https:\/\/reflejodemichoacan.com\/index.php\/2022\/01\/30\/samanta-flores-reconoce-y-agradece-legado-de-preparatoria-silviano-carrillo-cardenas\/#webpage\",\"url\":\"https:\/\/reflejodemichoacan.com\/index.php\/2022\/01\/30\/samanta-flores-reconoce-y-agradece-legado-de-preparatoria-silviano-carrillo-cardenas\/\",\"name\":\"SAMANTA FLORES RECONOCE Y AGRADECE LEGADO DE PREPARATORIA SILVIANO CARRILLO C\\u00c1RDENAS - Reflejo de Michoac\\u00e1n\",\"isPartOf\":{\"@id\":\"https:\/\/reflejodemichoacan.com\/#website\"},\"primaryImageOfPage\":{\"@id\":\"https:\/\/reflejodemichoacan.com\/index.php\/2022\/01\/30\/samanta-flores-reconoce-y-agradece-legado-de-preparatoria-silviano-carrillo-cardenas\/#primaryimage\"},\"datePublished\":\"2022-01-30T00:16:15+00:00\",\"dateModified\":\"2022-01-30T00:16:17+00:00\",\"author\":{\"@id\":\"https:\/\/reflejodemichoacan.com\/#\/schema\/person\/72d921e8fe99bd6e2e39bcde8995046f\"},\"breadcrumb\":{\"@id\":\"https:\/\/reflejodemichoacan.com\/index.php\/2022\/01\/30\/samanta-flores-reconoce-y-agradece-legado-de-preparatoria-silviano-carrillo-cardenas\/#breadcrumb\"},\"inLanguage\":\"es-MX\",\"potentialAction\":[{\"@type\":\"ReadAction\",\"target\":[\"https:\/\/reflejodemichoacan.com\/index.php\/2022\/01\/30\/samanta-flores-reconoce-y-agradece-legado-de-preparatoria-silviano-carrillo-cardenas\/\"]}]},{\"@type\":\"BreadcrumbList\",\"@id\":\"https:\/\/reflejodemichoacan.com\/index.php\/2022\/01\/30\/samanta-flores-reconoce-y-agradece-legado-de-preparatoria-silviano-carrillo-cardenas\/#breadcrumb\",\"itemListElement\":[{\"@type\":\"ListItem\",\"position\":1,\"name\":\"Inicio\",\"item\":\"https:\/\/reflejodemichoacan.com\/\"},{\"@type\":\"ListItem\",\"position\":2,\"name\":\"SAMANTA FLORES RECONOCE Y AGRADECE LEGADO DE PREPARATORIA SILVIANO CARRILLO C\\u00c1RDENAS\"}]},{\"@type\":\"Person\",\"@id\":\"https:\/\/reflejodemichoacan.com\/#\/schema\/person\/72d921e8fe99bd6e2e39bcde8995046f\",\"name\":\"Aurora\",\"image\":{\"@type\":\"ImageObject\",\"@id\":\"https:\/\/reflejodemichoacan.com\/#personlogo\",\"inLanguage\":\"es-MX\",\"url\":\"https:\/\/secure.gravatar.com\/avatar\/df5ceb9b998be27b25dd258a6b4b0a95?s=96&d=mm&r=g\",\"contentUrl\":\"https:\/\/secure.gravatar.com\/avatar\/df5ceb9b998be27b25dd258a6b4b0a95?s=96&d=mm&r=g\",\"caption\":\"Aurora\"},\"sameAs\":[\"http:\/\/reflejodemichoacan.com\"],\"url\":\"https:\/\/reflejodemichoacan.com\/index.php\/author\/rixwm7qvsq\/\"}]}<\/script>\n<!-- \/ Yoast SEO plugin. -->","yoast_head_json":{"title":"SAMANTA FLORES RECONOCE Y AGRADECE LEGADO DE PREPARATORIA SILVIANO CARRILLO C\u00c1RDENAS - Reflejo de Michoac\u00e1n","robots":{"index":"index","follow":"follow","max-snippet":"max-snippet:-1","max-image-preview":"max-image-preview:large","max-video-preview":"max-video-preview:-1"},"canonical":"https:\/\/reflejodemichoacan.com\/index.php\/2022\/01\/30\/samanta-flores-reconoce-y-agradece-legado-de-preparatoria-silviano-carrillo-cardenas\/","og_locale":"es_MX","og_type":"article","og_title":"SAMANTA FLORES RECONOCE Y AGRADECE LEGADO DE PREPARATORIA SILVIANO CARRILLO C\u00c1RDENAS - Reflejo de Michoac\u00e1n","og_description":"\u2022 Refrend\u00f3 su compromiso con la comunidad educativa de la preparatoria\u2022 Destac\u00f3 la contribuci\u00f3n de la instituci\u00f3n para el desarrollo humano y social de P\u00e1tzcuaro P\u00e1tzcuaro, Michoac\u00e1n, 29 de enero de 2022.- En el marco del 25 aniversario de la preparatoria Silviano Carrillo C\u00e1rdenas, la diputada del Partido Revolucionario Institucional, Samanta Flores Adame reconoci\u00f3 su [&hellip;]","og_url":"https:\/\/reflejodemichoacan.com\/index.php\/2022\/01\/30\/samanta-flores-reconoce-y-agradece-legado-de-preparatoria-silviano-carrillo-cardenas\/","og_site_name":"Reflejo de Michoac\u00e1n","article_published_time":"2022-01-30T00:16:15+00:00","article_modified_time":"2022-01-30T00:16:17+00:00","og_image":[{"width":1600,"height":745,"url":"https:\/\/reflejodemichoacan.com\/wp-content\/uploads\/2022\/01\/samanta.jpg","type":"image\/jpeg"}],"twitter_card":"summary_large_image","twitter_misc":{"Escrito por":"Aurora","Tiempo de lectura":"2 minutos"},"schema":{"@context":"https:\/\/schema.org","@graph":[{"@type":"WebSite","@id":"https:\/\/reflejodemichoacan.com\/#website","url":"https:\/\/reflejodemichoacan.com\/","name":"Reflejo de Michoac\u00e1n","description":"Medio de comunicaci\u00f3n impreso y digital al servicio de la regi\u00f3n lacustre y Michoac\u00e1n.","potentialAction":[{"@type":"SearchAction","target":{"@type":"EntryPoint","urlTemplate":"https:\/\/reflejodemichoacan.com\/?s={search_term_string}"},"query-input":"required name=search_term_string"}],"inLanguage":"es-MX"},{"@type":"ImageObject","@id":"https:\/\/reflejodemichoacan.com\/index.php\/2022\/01\/30\/samanta-flores-reconoce-y-agradece-legado-de-preparatoria-silviano-carrillo-cardenas\/#primaryimage","inLanguage":"es-MX","url":"https:\/\/reflejodemichoacan.com\/wp-content\/uploads\/2022\/01\/samanta.jpg","contentUrl":"https:\/\/reflejodemichoacan.com\/wp-content\/uploads\/2022\/01\/samanta.jpg","width":1600,"height":745},{"@type":"WebPage","@id":"https:\/\/reflejodemichoacan.com\/index.php\/2022\/01\/30\/samanta-flores-reconoce-y-agradece-legado-de-preparatoria-silviano-carrillo-cardenas\/#webpage","url":"https:\/\/reflejodemichoacan.com\/index.php\/2022\/01\/30\/samanta-flores-reconoce-y-agradece-legado-de-preparatoria-silviano-carrillo-cardenas\/","name":"SAMANTA FLORES RECONOCE Y AGRADECE LEGADO DE PREPARATORIA SILVIANO CARRILLO C\u00c1RDENAS - Reflejo de Michoac\u00e1n","isPartOf":{"@id":"https:\/\/reflejodemichoacan.com\/#website"},"primaryImageOfPage":{"@id":"https:\/\/reflejodemichoacan.com\/index.php\/2022\/01\/30\/samanta-flores-reconoce-y-agradece-legado-de-preparatoria-silviano-carrillo-cardenas\/#primaryimage"},"datePublished":"2022-01-30T00:16:15+00:00","dateModified":"2022-01-30T00:16:17+00:00","author":{"@id":"https:\/\/reflejodemichoacan.com\/#\/schema\/person\/72d921e8fe99bd6e2e39bcde8995046f"},"breadcrumb":{"@id":"https:\/\/reflejodemichoacan.com\/index.php\/2022\/01\/30\/samanta-flores-reconoce-y-agradece-legado-de-preparatoria-silviano-carrillo-cardenas\/#breadcrumb"},"inLanguage":"es-MX","potentialAction":[{"@type":"ReadAction","target":["https:\/\/reflejodemichoacan.com\/index.php\/2022\/01\/30\/samanta-flores-reconoce-y-agradece-legado-de-preparatoria-silviano-carrillo-cardenas\/"]}]},{"@type":"BreadcrumbList","@id":"https:\/\/reflejodemichoacan.com\/index.php\/2022\/01\/30\/samanta-flores-reconoce-y-agradece-legado-de-preparatoria-silviano-carrillo-cardenas\/#breadcrumb","itemListElement":[{"@type":"ListItem","position":1,"name":"Inicio","item":"https:\/\/reflejodemichoacan.com\/"},{"@type":"ListItem","position":2,"name":"SAMANTA FLORES RECONOCE Y AGRADECE LEGADO DE PREPARATORIA SILVIANO CARRILLO C\u00c1RDENAS"}]},{"@type":"Person","@id":"https:\/\/reflejodemichoacan.com\/#\/schema\/person\/72d921e8fe99bd6e2e39bcde8995046f","name":"Aurora","image":{"@type":"ImageObject","@id":"https:\/\/reflejodemichoacan.com\/#personlogo","inLanguage":"es-MX","url":"https:\/\/secure.gravatar.com\/avatar\/df5ceb9b998be27b25dd258a6b4b0a95?s=96&d=mm&r=g","contentUrl":"https:\/\/secure.gravatar.com\/avatar\/df5ceb9b998be27b25dd258a6b4b0a95?s=96&d=mm&r=g","caption":"Aurora"},"sameAs":["http:\/\/reflejodemichoacan.com"],"url":"https:\/\/reflejodemichoacan.com\/index.php\/author\/rixwm7qvsq\/"}]}},"_links":{"self":[{"href":"https:\/\/reflejodemichoacan.com\/index.php\/wp-json\/wp\/v2\/posts\/7531"}],"collection":[{"href":"https:\/\/reflejodemichoacan.com\/index.php\/wp-json\/wp\/v2\/posts"}],"about":[{"href":"https:\/\/reflejodemichoacan.com\/index.php\/wp-json\/wp\/v2\/types\/post"}],"author":[{"embeddable":true,"href":"https:\/\/reflejodemichoacan.com\/index.php\/wp-json\/wp\/v2\/users\/1"}],"replies":[{"embeddable":true,"href":"https:\/\/reflejodemichoacan.com\/index.php\/wp-json\/wp\/v2\/comments?post=7531"}],"version-history":[{"count":1,"href":"https:\/\/reflejodemichoacan.com\/index.php\/wp-json\/wp\/v2\/posts\/7531\/revisions"}],"predecessor-version":[{"id":7533,"href":"https:\/\/reflejodemichoacan.com\/index.php\/wp-json\/wp\/v2\/posts\/7531\/revisions\/7533"}],"wp:featuredmedia":[{"embeddable":true,"href":"https:\/\/reflejodemichoacan.com\/index.php\/wp-json\/wp\/v2\/media\/7532"}],"wp:attachment":[{"href":"https:\/\/reflejodemichoacan.com\/index.php\/wp-json\/wp\/v2\/media?parent=7531"}],"wp:term":[{"taxonomy":"category","embeddable":true,"href":"https:\/\/reflejodemichoacan.com\/index.php\/wp-json\/wp\/v2\/categories?post=7531"},{"taxonomy":"post_tag","embeddable":true,"href":"https:\/\/reflejodemichoacan.com\/index.php\/wp-json\/wp\/v2\/tags?post=7531"}],"curies":[{"name":"wp","href":"https:\/\/api.w.org\/{rel}","templated":true}]}}