{"id":7534,"date":"2022-01-30T00:20:52","date_gmt":"2022-01-30T00:20:52","guid":{"rendered":"https:\/\/reflejodemichoacan.com\/?p=7534"},"modified":"2022-01-30T00:20:55","modified_gmt":"2022-01-30T00:20:55","slug":"llega-sembrando-vida-a-aquila-y-coahuayana-con-77-mdp","status":"publish","type":"post","link":"https:\/\/reflejodemichoacan.com\/index.php\/2022\/01\/30\/llega-sembrando-vida-a-aquila-y-coahuayana-con-77-mdp\/","title":{"rendered":"Llega &#8220;Sembrando Vida&#8221; a Aquila y Coahuayana con 77 mdp"},"content":{"rendered":"\n<p><\/p>\n\n\n\n<p>*Las y los sembradores de esos municipios recibir\u00e1n 5 mil pesos mensuales del programa federal<\/p>\n\n\n\n<p>Aquila, Michoac\u00e1n, 29 de enero del 2022.- El Gobierno de Michoac\u00e1n y la Secretar\u00eda del Bienestar Federal, arrancaron la ampliaci\u00f3n del programa &#8220;Sembrando Vida&#8221; en los municipios de Aquila y Coahuayana donde se apoyar\u00e1n a m\u00e1s de mil sembradores de plantas con una inversi\u00f3n de 77 millones de pesos.<\/p>\n\n\n\n<p>En evento protocolario, el gobernador Alfredo Ram\u00edrez Bedolla inform\u00f3 que para Coahuayana ser\u00e1n beneficiados 200 sembradores con 12 millones de pesos, mientras que en Aquila ser\u00e1n 800 beneficiarios con 48 millones de pesos.<\/p>\n\n\n\n<p>A\u00f1adi\u00f3 que el Gobierno de Michoac\u00e1n participar\u00e1 con una inversi\u00f3n de 10 millones de pesos para completar la aportaci\u00f3n federal y con ello, alcanzar un monto total de 77 millones de pesos para estos dos municipios.<\/p>\n\n\n\n<p>\u201cEn Michoac\u00e1n no hay municipios de primera, segunda o tercera, y los vamos a atender a todos por igual, no habr\u00e1 excepci\u00f3n, para nosotros la pluralidad es muy importante\u201d, asegur\u00f3.<\/p>\n\n\n\n<p>En tanto, el subsecretario de Inclusi\u00f3n Productiva y Desarrollo Rural de la Secretar\u00eda del Bienestar del Gobierno Federal, Hugo Ra\u00fal Paul\u00edn Hern\u00e1ndez, record\u00f3 que gracias a la coordinaci\u00f3n con el gobierno estatal y participaci\u00f3n activa de los ayuntamientos, esta es la segunda ampliaci\u00f3n al programa que se hace en Michoac\u00e1n, por lo que ya suman 23 municipios participantes, es decir, el 20 por ciento de cobertura estatal.<\/p>\n\n\n\n<p>\u201cLa consolidaci\u00f3n de Sembrando Vida en este a\u00f1o, representa una inversi\u00f3n adicional del gobierno federal de m\u00e1s de 750 millones de pesos, de los cuales, 710 millones corresponden a un pago directo al jornal de las y los sembradores con una cobertura de 30 mil hect\u00e1reas en todo el estado y una meta de casi 30 millones de \u00e1rboles para impulsar la reforestaci\u00f3n en Michoac\u00e1n\u201d, manifest\u00f3.<\/p>\n\n\n\n<p>Finalmente, la secretaria del Bienestar en el Estado, Carolina Rangel Gracida, indic\u00f3 que esta regi\u00f3n fue elegida por la necesidad de apuntalar esos municipios que por d\u00e9cadas hab\u00edan sido relegados, toda vez que Aquila es el \u00fanico municipio michoacano que presenta un alto grado de marginaci\u00f3n y Coahuayana, tiene un 17 por ciento de su poblaci\u00f3n en pobreza extrema.<\/p>\n\n\n\n<p>\u201cAl elegir esta regi\u00f3n damos seguimiento a lo se\u00f1alado por el presidente, Andr\u00e9s Manuel L\u00f3pez Obrador y el gobernador, Alfredo Ram\u00edrez Bedolla: por el bien de todos y todas, primero las y los pobres. Estamos seguros que con este esfuerzo de colaboraci\u00f3n interinstitucional guiado por nuestro gobernador, la poblaci\u00f3n de Aquila y Coahuayana alcanzar\u00e1 mayor nivel de bienestar\u201d, concluy\u00f3.<\/p>\n","protected":false},"excerpt":{"rendered":"<p>*Las y los sembradores de esos municipios recibir\u00e1n 5 mil pesos mensuales del programa federal Aquila, Michoac\u00e1n, 29 de enero del 2022.- El Gobierno de Michoac\u00e1n y la Secretar\u00eda del Bienestar Federal, arrancaron la ampliaci\u00f3n del programa &#8220;Sembrando Vida&#8221; en los municipios de Aquila y Coahuayana donde se apoyar\u00e1n a m\u00e1s de mil sembradores de [&hellip;]<\/p>\n","protected":false},"author":1,"featured_media":7535,"comment_status":"open","ping_status":"closed","sticky":false,"template":"","format":"standard","meta":[],"categories":[1],"tags":[],"yoast_head":"<!-- This site is optimized with the Yoast SEO plugin v17.9 - https:\/\/yoast.com\/wordpress\/plugins\/seo\/ -->\n<title>Llega &quot;Sembrando Vida&quot; a Aquila y Coahuayana con 77 mdp - Reflejo de Michoac\u00e1n<\/title>\n<meta name=\"robots\" content=\"index, follow, max-snippet:-1, max-image-preview:large, max-video-preview:-1\" \/>\n<link rel=\"canonical\" href=\"https:\/\/reflejodemichoacan.com\/index.php\/2022\/01\/30\/llega-sembrando-vida-a-aquila-y-coahuayana-con-77-mdp\/\" \/>\n<meta property=\"og:locale\" content=\"es_MX\" \/>\n<meta property=\"og:type\" content=\"article\" \/>\n<meta property=\"og:title\" content=\"Llega &quot;Sembrando Vida&quot; a Aquila y Coahuayana con 77 mdp - Reflejo de Michoac\u00e1n\" \/>\n<meta property=\"og:description\" content=\"*Las y los sembradores de esos municipios recibir\u00e1n 5 mil pesos mensuales del programa federal Aquila, Michoac\u00e1n, 29 de enero del 2022.- El Gobierno de Michoac\u00e1n y la Secretar\u00eda del Bienestar Federal, arrancaron la ampliaci\u00f3n del programa &#8220;Sembrando Vida&#8221; en los municipios de Aquila y Coahuayana donde se apoyar\u00e1n a m\u00e1s de mil sembradores de [&hellip;]\" \/>\n<meta property=\"og:url\" content=\"https:\/\/reflejodemichoacan.com\/index.php\/2022\/01\/30\/llega-sembrando-vida-a-aquila-y-coahuayana-con-77-mdp\/\" \/>\n<meta property=\"og:site_name\" content=\"Reflejo de Michoac\u00e1n\" \/>\n<meta property=\"article:published_time\" content=\"2022-01-30T00:20:52+00:00\" \/>\n<meta property=\"article:modified_time\" content=\"2022-01-30T00:20:55+00:00\" \/>\n<meta property=\"og:image\" content=\"https:\/\/reflejodemichoacan.com\/wp-content\/uploads\/2022\/01\/Llega-sembrando-vida.jpg\" \/>\n\t<meta property=\"og:image:width\" content=\"1280\" \/>\n\t<meta property=\"og:image:height\" content=\"852\" \/>\n\t<meta property=\"og:image:type\" content=\"image\/jpeg\" \/>\n<meta name=\"twitter:card\" content=\"summary_large_image\" \/>\n<meta name=\"twitter:label1\" content=\"Escrito por\" \/>\n\t<meta name=\"twitter:data1\" content=\"Aurora\" \/>\n\t<meta name=\"twitter:label2\" content=\"Tiempo de lectura\" \/>\n\t<meta name=\"twitter:data2\" content=\"2 minutos\" \/>\n<script type=\"application\/ld+json\" class=\"yoast-schema-graph\">{\"@context\":\"https:\/\/schema.org\",\"@graph\":[{\"@type\":\"WebSite\",\"@id\":\"https:\/\/reflejodemichoacan.com\/#website\",\"url\":\"https:\/\/reflejodemichoacan.com\/\",\"name\":\"Reflejo de Michoac\\u00e1n\",\"description\":\"Medio de comunicaci\\u00f3n impreso y digital al servicio de la regi\\u00f3n lacustre y Michoac\\u00e1n.\",\"potentialAction\":[{\"@type\":\"SearchAction\",\"target\":{\"@type\":\"EntryPoint\",\"urlTemplate\":\"https:\/\/reflejodemichoacan.com\/?s={search_term_string}\"},\"query-input\":\"required name=search_term_string\"}],\"inLanguage\":\"es-MX\"},{\"@type\":\"ImageObject\",\"@id\":\"https:\/\/reflejodemichoacan.com\/index.php\/2022\/01\/30\/llega-sembrando-vida-a-aquila-y-coahuayana-con-77-mdp\/#primaryimage\",\"inLanguage\":\"es-MX\",\"url\":\"https:\/\/reflejodemichoacan.com\/wp-content\/uploads\/2022\/01\/Llega-sembrando-vida.jpg\",\"contentUrl\":\"https:\/\/reflejodemichoacan.com\/wp-content\/uploads\/2022\/01\/Llega-sembrando-vida.jpg\",\"width\":1280,\"height\":852},{\"@type\":\"WebPage\",\"@id\":\"https:\/\/reflejodemichoacan.com\/index.php\/2022\/01\/30\/llega-sembrando-vida-a-aquila-y-coahuayana-con-77-mdp\/#webpage\",\"url\":\"https:\/\/reflejodemichoacan.com\/index.php\/2022\/01\/30\/llega-sembrando-vida-a-aquila-y-coahuayana-con-77-mdp\/\",\"name\":\"Llega \\\"Sembrando Vida\\\" a Aquila y Coahuayana con 77 mdp - Reflejo de Michoac\\u00e1n\",\"isPartOf\":{\"@id\":\"https:\/\/reflejodemichoacan.com\/#website\"},\"primaryImageOfPage\":{\"@id\":\"https:\/\/reflejodemichoacan.com\/index.php\/2022\/01\/30\/llega-sembrando-vida-a-aquila-y-coahuayana-con-77-mdp\/#primaryimage\"},\"datePublished\":\"2022-01-30T00:20:52+00:00\",\"dateModified\":\"2022-01-30T00:20:55+00:00\",\"author\":{\"@id\":\"https:\/\/reflejodemichoacan.com\/#\/schema\/person\/72d921e8fe99bd6e2e39bcde8995046f\"},\"breadcrumb\":{\"@id\":\"https:\/\/reflejodemichoacan.com\/index.php\/2022\/01\/30\/llega-sembrando-vida-a-aquila-y-coahuayana-con-77-mdp\/#breadcrumb\"},\"inLanguage\":\"es-MX\",\"potentialAction\":[{\"@type\":\"ReadAction\",\"target\":[\"https:\/\/reflejodemichoacan.com\/index.php\/2022\/01\/30\/llega-sembrando-vida-a-aquila-y-coahuayana-con-77-mdp\/\"]}]},{\"@type\":\"BreadcrumbList\",\"@id\":\"https:\/\/reflejodemichoacan.com\/index.php\/2022\/01\/30\/llega-sembrando-vida-a-aquila-y-coahuayana-con-77-mdp\/#breadcrumb\",\"itemListElement\":[{\"@type\":\"ListItem\",\"position\":1,\"name\":\"Inicio\",\"item\":\"https:\/\/reflejodemichoacan.com\/\"},{\"@type\":\"ListItem\",\"position\":2,\"name\":\"Llega &#8220;Sembrando Vida&#8221; a Aquila y Coahuayana con 77 mdp\"}]},{\"@type\":\"Person\",\"@id\":\"https:\/\/reflejodemichoacan.com\/#\/schema\/person\/72d921e8fe99bd6e2e39bcde8995046f\",\"name\":\"Aurora\",\"image\":{\"@type\":\"ImageObject\",\"@id\":\"https:\/\/reflejodemichoacan.com\/#personlogo\",\"inLanguage\":\"es-MX\",\"url\":\"https:\/\/secure.gravatar.com\/avatar\/df5ceb9b998be27b25dd258a6b4b0a95?s=96&d=mm&r=g\",\"contentUrl\":\"https:\/\/secure.gravatar.com\/avatar\/df5ceb9b998be27b25dd258a6b4b0a95?s=96&d=mm&r=g\",\"caption\":\"Aurora\"},\"sameAs\":[\"http:\/\/reflejodemichoacan.com\"],\"url\":\"https:\/\/reflejodemichoacan.com\/index.php\/author\/rixwm7qvsq\/\"}]}<\/script>\n<!-- \/ Yoast SEO plugin. -->","yoast_head_json":{"title":"Llega \"Sembrando Vida\" a Aquila y Coahuayana con 77 mdp - Reflejo de Michoac\u00e1n","robots":{"index":"index","follow":"follow","max-snippet":"max-snippet:-1","max-image-preview":"max-image-preview:large","max-video-preview":"max-video-preview:-1"},"canonical":"https:\/\/reflejodemichoacan.com\/index.php\/2022\/01\/30\/llega-sembrando-vida-a-aquila-y-coahuayana-con-77-mdp\/","og_locale":"es_MX","og_type":"article","og_title":"Llega \"Sembrando Vida\" a Aquila y Coahuayana con 77 mdp - Reflejo de Michoac\u00e1n","og_description":"*Las y los sembradores de esos municipios recibir\u00e1n 5 mil pesos mensuales del programa federal Aquila, Michoac\u00e1n, 29 de enero del 2022.- El Gobierno de Michoac\u00e1n y la Secretar\u00eda del Bienestar Federal, arrancaron la ampliaci\u00f3n del programa &#8220;Sembrando Vida&#8221; en los municipios de Aquila y Coahuayana donde se apoyar\u00e1n a m\u00e1s de mil sembradores de [&hellip;]","og_url":"https:\/\/reflejodemichoacan.com\/index.php\/2022\/01\/30\/llega-sembrando-vida-a-aquila-y-coahuayana-con-77-mdp\/","og_site_name":"Reflejo de Michoac\u00e1n","article_published_time":"2022-01-30T00:20:52+00:00","article_modified_time":"2022-01-30T00:20:55+00:00","og_image":[{"width":1280,"height":852,"url":"https:\/\/reflejodemichoacan.com\/wp-content\/uploads\/2022\/01\/Llega-sembrando-vida.jpg","type":"image\/jpeg"}],"twitter_card":"summary_large_image","twitter_misc":{"Escrito por":"Aurora","Tiempo de lectura":"2 minutos"},"schema":{"@context":"https:\/\/schema.org","@graph":[{"@type":"WebSite","@id":"https:\/\/reflejodemichoacan.com\/#website","url":"https:\/\/reflejodemichoacan.com\/","name":"Reflejo de Michoac\u00e1n","description":"Medio de comunicaci\u00f3n impreso y digital al servicio de la regi\u00f3n lacustre y Michoac\u00e1n.","potentialAction":[{"@type":"SearchAction","target":{"@type":"EntryPoint","urlTemplate":"https:\/\/reflejodemichoacan.com\/?s={search_term_string}"},"query-input":"required name=search_term_string"}],"inLanguage":"es-MX"},{"@type":"ImageObject","@id":"https:\/\/reflejodemichoacan.com\/index.php\/2022\/01\/30\/llega-sembrando-vida-a-aquila-y-coahuayana-con-77-mdp\/#primaryimage","inLanguage":"es-MX","url":"https:\/\/reflejodemichoacan.com\/wp-content\/uploads\/2022\/01\/Llega-sembrando-vida.jpg","contentUrl":"https:\/\/reflejodemichoacan.com\/wp-content\/uploads\/2022\/01\/Llega-sembrando-vida.jpg","width":1280,"height":852},{"@type":"WebPage","@id":"https:\/\/reflejodemichoacan.com\/index.php\/2022\/01\/30\/llega-sembrando-vida-a-aquila-y-coahuayana-con-77-mdp\/#webpage","url":"https:\/\/reflejodemichoacan.com\/index.php\/2022\/01\/30\/llega-sembrando-vida-a-aquila-y-coahuayana-con-77-mdp\/","name":"Llega \"Sembrando Vida\" a Aquila y Coahuayana con 77 mdp - Reflejo de Michoac\u00e1n","isPartOf":{"@id":"https:\/\/reflejodemichoacan.com\/#website"},"primaryImageOfPage":{"@id":"https:\/\/reflejodemichoacan.com\/index.php\/2022\/01\/30\/llega-sembrando-vida-a-aquila-y-coahuayana-con-77-mdp\/#primaryimage"},"datePublished":"2022-01-30T00:20:52+00:00","dateModified":"2022-01-30T00:20:55+00:00","author":{"@id":"https:\/\/reflejodemichoacan.com\/#\/schema\/person\/72d921e8fe99bd6e2e39bcde8995046f"},"breadcrumb":{"@id":"https:\/\/reflejodemichoacan.com\/index.php\/2022\/01\/30\/llega-sembrando-vida-a-aquila-y-coahuayana-con-77-mdp\/#breadcrumb"},"inLanguage":"es-MX","potentialAction":[{"@type":"ReadAction","target":["https:\/\/reflejodemichoacan.com\/index.php\/2022\/01\/30\/llega-sembrando-vida-a-aquila-y-coahuayana-con-77-mdp\/"]}]},{"@type":"BreadcrumbList","@id":"https:\/\/reflejodemichoacan.com\/index.php\/2022\/01\/30\/llega-sembrando-vida-a-aquila-y-coahuayana-con-77-mdp\/#breadcrumb","itemListElement":[{"@type":"ListItem","position":1,"name":"Inicio","item":"https:\/\/reflejodemichoacan.com\/"},{"@type":"ListItem","position":2,"name":"Llega &#8220;Sembrando Vida&#8221; a Aquila y Coahuayana con 77 mdp"}]},{"@type":"Person","@id":"https:\/\/reflejodemichoacan.com\/#\/schema\/person\/72d921e8fe99bd6e2e39bcde8995046f","name":"Aurora","image":{"@type":"ImageObject","@id":"https:\/\/reflejodemichoacan.com\/#personlogo","inLanguage":"es-MX","url":"https:\/\/secure.gravatar.com\/avatar\/df5ceb9b998be27b25dd258a6b4b0a95?s=96&d=mm&r=g","contentUrl":"https:\/\/secure.gravatar.com\/avatar\/df5ceb9b998be27b25dd258a6b4b0a95?s=96&d=mm&r=g","caption":"Aurora"},"sameAs":["http:\/\/reflejodemichoacan.com"],"url":"https:\/\/reflejodemichoacan.com\/index.php\/author\/rixwm7qvsq\/"}]}},"_links":{"self":[{"href":"https:\/\/reflejodemichoacan.com\/index.php\/wp-json\/wp\/v2\/posts\/7534"}],"collection":[{"href":"https:\/\/reflejodemichoacan.com\/index.php\/wp-json\/wp\/v2\/posts"}],"about":[{"href":"https:\/\/reflejodemichoacan.com\/index.php\/wp-json\/wp\/v2\/types\/post"}],"author":[{"embeddable":true,"href":"https:\/\/reflejodemichoacan.com\/index.php\/wp-json\/wp\/v2\/users\/1"}],"replies":[{"embeddable":true,"href":"https:\/\/reflejodemichoacan.com\/index.php\/wp-json\/wp\/v2\/comments?post=7534"}],"version-history":[{"count":1,"href":"https:\/\/reflejodemichoacan.com\/index.php\/wp-json\/wp\/v2\/posts\/7534\/revisions"}],"predecessor-version":[{"id":7536,"href":"https:\/\/reflejodemichoacan.com\/index.php\/wp-json\/wp\/v2\/posts\/7534\/revisions\/7536"}],"wp:featuredmedia":[{"embeddable":true,"href":"https:\/\/reflejodemichoacan.com\/index.php\/wp-json\/wp\/v2\/media\/7535"}],"wp:attachment":[{"href":"https:\/\/reflejodemichoacan.com\/index.php\/wp-json\/wp\/v2\/media?parent=7534"}],"wp:term":[{"taxonomy":"category","embeddable":true,"href":"https:\/\/reflejodemichoacan.com\/index.php\/wp-json\/wp\/v2\/categories?post=7534"},{"taxonomy":"post_tag","embeddable":true,"href":"https:\/\/reflejodemichoacan.com\/index.php\/wp-json\/wp\/v2\/tags?post=7534"}],"curies":[{"name":"wp","href":"https:\/\/api.w.org\/{rel}","templated":true}]}}