{"id":8385,"date":"2022-05-22T16:04:34","date_gmt":"2022-05-22T16:04:34","guid":{"rendered":"https:\/\/reflejodemichoacan.com\/?p=8385"},"modified":"2022-05-22T16:04:36","modified_gmt":"2022-05-22T16:04:36","slug":"nivel-basico-la-escuela-integral-perdida","status":"publish","type":"post","link":"https:\/\/reflejodemichoacan.com\/index.php\/2022\/05\/22\/nivel-basico-la-escuela-integral-perdida\/","title":{"rendered":"Nivel b\u00e1sico: La escuela integral perdida"},"content":{"rendered":"\n<p>Fidel Rodr\u00edguez Ramos<\/p>\n\n\n\n<p>&nbsp;&nbsp;&nbsp; Es una realidad, hoy existe un descontento hacia la escuela, a pesar de que hab\u00eda la ilusi\u00f3n de empezar a cambiar las cosas en la educaci\u00f3n con el nuevo gobierno, se habla de que actualmente existe una propuesta de ense\u00f1anza, supuestamente innovadora, pero \u00e9sta la desconocen, ignoran los m\u00e1s de un mill\u00f3n de docentes en todo el pa\u00eds.<\/p>\n\n\n\n<p>&nbsp;&nbsp; Desafortunadamente en el rengl\u00f3n educativo las cosas funcionan mal desde un principio, pues el primer encargado de la Secretar\u00eda de Educaci\u00f3n P\u00fablica (SEP)&nbsp; Esteban Moctezuma Barrag\u00e1n, abandona su ministerio para un cargo diplom\u00e1tico en EUA, el relevo hasta el momento deja mucho que desear, la maestra Delfina G\u00f3mez que siempre ha mostrado m\u00e1s disposici\u00f3n por los cargos de gobierno municipal, por desear alguna vez la gubernatura del Estado de M\u00e9xico, no se ha hecho sentir como parte del gremio magisterial.<\/p>\n\n\n\n<p>&nbsp;&nbsp; Se discute que es necesario encontrar una nueva propuesta de escuela, eficaz, efectiva, donde los estudiantes le encuentren un sentido, una motivaci\u00f3n. Se asegura que la tarea es sumamente compleja, dif\u00edcil y en realidad no lo es porque hace a\u00f1os se destruy\u00f3 un modelo que llega a&nbsp; admirarse en todo el planeta, al grado de que&nbsp; una premio Nobel, la chilena Gabriela Mistral, que viene a conocerlo y a poner su granito de arena para mejorarlo.<\/p>\n\n\n\n<p>&nbsp;&nbsp; Era una escuela integral, donde hab\u00eda el compromiso de desarrollar todas las aptitudes, potencialidades infantiles, en ese modelo el trabajo era una cosa primordial, en las primeras con mucho entusiasmo las comunidades adem\u00e1s de construirlas con los maestros, asignaban una parcela escolar para que los chicos se involucraran en el cultivo, desarrollo y cosecha del ma\u00edz, frijol, calabazas. La horticultura no era desconocida.<\/p>\n\n\n\n<p>&nbsp; Pero no s\u00f3lo hab\u00eda agricultura, en los colegios se criaban palomas, conejos, cerdos, abejas. Ten\u00edan vacas, borregos. El horario de ense\u00f1anza era en la ma\u00f1ana y tarde, para que adem\u00e1s de impartir los conocimientos b\u00e1sicos de espa\u00f1ol, escritura, operaciones aritm\u00e9ticas, canto por la ma\u00f1ana, se desarrollaran en la jornada vespertina, talleres de imprenta, electricidad, ajuste mec\u00e1nico, taquimecanograf\u00eda, tejidos, talabarter\u00eda, panader\u00eda, radio. Banda de guerra, educaci\u00f3n f\u00edsica, danza no pod\u00edan faltar y lo incre\u00edble en muchas escuelas o internados hab\u00eda albercas.<\/p>\n\n\n\n<p>&nbsp; Ese modelo se segu\u00eda en todas las escuelas normales rurales; por eso cuando&nbsp; terminaban el nivel b\u00e1sico los egresados sin ninguna dificultad segu\u00edan sus estudios en las universidades, polit\u00e9cnico nacional, tecnol\u00f3gicos regionales. Curiosamente en varias naciones desarrolladas del planeta ese esquema tambi\u00e9n se segu\u00eda.<\/p>\n\n\n\n<p>&nbsp;&nbsp; La propuesta exitosa, nacida despu\u00e9s de la Revoluci\u00f3n Mexicana porque los participantes en la misma, inmediatamente lo que ped\u00edan era una escuela, para que sus hijos estuvieran mejor, sin la ignorancia en que ellos como, jornaleros, campesinos, obreros vivieron su ni\u00f1ez. Lo que hoy siguen buscando las autoridades de la SEP, se encuentra sumamente detallado en muchas memorias escritas.<\/p>\n\n\n\n<p>&nbsp; Esa escuela exitosa, sistem\u00e1ticamente desde hace sesenta a\u00f1os la empiezan a destruir \u00a1las mismas autoridades educativas!, usando la corrupci\u00f3n, incrustando a su amigos en altos cargos de direcci\u00f3n sin tener la m\u00e1s m\u00ednima idea de lo que ten\u00edan que hacer, corrompiendo a los dirigentes sindicales de los maestros, alejando a los maestros de un trabajo conjunto con las comunidades m\u00e1s alejadas en el pa\u00eds. Sin embargo, la pu\u00f1alada mortal fue cuando se decreta el llamado doble turno en primarias y secundarias, de ah\u00ed viene la debacle, la ruina de algo que muchas generaciones admiraron.<\/p>\n\n\n\n<p>&nbsp;&nbsp; &nbsp;Los hermanos Flores Mag\u00f3n so\u00f1aban con una escuela ligada con el trabajo; Benito Ju\u00e1rez dispone que a todos los ni\u00f1os en las escuelas se les diera calzado, ropa y comida. Esa escuela produce el llamado \u201cMilagro Mexicano\u201d, un alto desarrollo econ\u00f3mico envidiado en Am\u00e9rica del Sur. &nbsp;<\/p>\n","protected":false},"excerpt":{"rendered":"<p>Fidel Rodr\u00edguez Ramos &nbsp;&nbsp;&nbsp; Es una realidad, hoy existe un descontento hacia la escuela, a pesar de que hab\u00eda la ilusi\u00f3n de empezar a cambiar las cosas en la educaci\u00f3n con el nuevo gobierno, se habla de que actualmente existe una propuesta de ense\u00f1anza, supuestamente innovadora, pero \u00e9sta la desconocen, ignoran los m\u00e1s de un [&hellip;]<\/p>\n","protected":false},"author":1,"featured_media":8386,"comment_status":"open","ping_status":"closed","sticky":false,"template":"","format":"standard","meta":[],"categories":[1],"tags":[],"yoast_head":"<!-- This site is optimized with the Yoast SEO plugin v17.9 - https:\/\/yoast.com\/wordpress\/plugins\/seo\/ -->\n<title>Nivel b\u00e1sico: La escuela integral perdida - Reflejo de Michoac\u00e1n<\/title>\n<meta name=\"robots\" content=\"index, follow, max-snippet:-1, max-image-preview:large, max-video-preview:-1\" \/>\n<link rel=\"canonical\" href=\"https:\/\/reflejodemichoacan.com\/index.php\/2022\/05\/22\/nivel-basico-la-escuela-integral-perdida\/\" \/>\n<meta property=\"og:locale\" content=\"es_MX\" \/>\n<meta property=\"og:type\" content=\"article\" \/>\n<meta property=\"og:title\" content=\"Nivel b\u00e1sico: La escuela integral perdida - Reflejo de Michoac\u00e1n\" \/>\n<meta property=\"og:description\" content=\"Fidel Rodr\u00edguez Ramos &nbsp;&nbsp;&nbsp; Es una realidad, hoy existe un descontento hacia la escuela, a pesar de que hab\u00eda la ilusi\u00f3n de empezar a cambiar las cosas en la educaci\u00f3n con el nuevo gobierno, se habla de que actualmente existe una propuesta de ense\u00f1anza, supuestamente innovadora, pero \u00e9sta la desconocen, ignoran los m\u00e1s de un [&hellip;]\" \/>\n<meta property=\"og:url\" content=\"https:\/\/reflejodemichoacan.com\/index.php\/2022\/05\/22\/nivel-basico-la-escuela-integral-perdida\/\" \/>\n<meta property=\"og:site_name\" content=\"Reflejo de Michoac\u00e1n\" \/>\n<meta property=\"article:published_time\" content=\"2022-05-22T16:04:34+00:00\" \/>\n<meta property=\"article:modified_time\" content=\"2022-05-22T16:04:36+00:00\" \/>\n<meta property=\"og:image\" content=\"https:\/\/reflejodemichoacan.com\/wp-content\/uploads\/2022\/05\/escuelas.jpg\" \/>\n\t<meta property=\"og:image:width\" content=\"724\" \/>\n\t<meta property=\"og:image:height\" content=\"483\" \/>\n\t<meta property=\"og:image:type\" content=\"image\/jpeg\" \/>\n<meta name=\"twitter:card\" content=\"summary_large_image\" \/>\n<meta name=\"twitter:label1\" content=\"Escrito por\" \/>\n\t<meta name=\"twitter:data1\" content=\"Aurora\" \/>\n\t<meta name=\"twitter:label2\" content=\"Tiempo de lectura\" \/>\n\t<meta name=\"twitter:data2\" content=\"3 minutos\" \/>\n<script type=\"application\/ld+json\" class=\"yoast-schema-graph\">{\"@context\":\"https:\/\/schema.org\",\"@graph\":[{\"@type\":\"WebSite\",\"@id\":\"https:\/\/reflejodemichoacan.com\/#website\",\"url\":\"https:\/\/reflejodemichoacan.com\/\",\"name\":\"Reflejo de Michoac\\u00e1n\",\"description\":\"Medio de comunicaci\\u00f3n impreso y digital al servicio de la regi\\u00f3n lacustre y Michoac\\u00e1n.\",\"potentialAction\":[{\"@type\":\"SearchAction\",\"target\":{\"@type\":\"EntryPoint\",\"urlTemplate\":\"https:\/\/reflejodemichoacan.com\/?s={search_term_string}\"},\"query-input\":\"required name=search_term_string\"}],\"inLanguage\":\"es-MX\"},{\"@type\":\"ImageObject\",\"@id\":\"https:\/\/reflejodemichoacan.com\/index.php\/2022\/05\/22\/nivel-basico-la-escuela-integral-perdida\/#primaryimage\",\"inLanguage\":\"es-MX\",\"url\":\"https:\/\/reflejodemichoacan.com\/wp-content\/uploads\/2022\/05\/escuelas.jpg\",\"contentUrl\":\"https:\/\/reflejodemichoacan.com\/wp-content\/uploads\/2022\/05\/escuelas.jpg\",\"width\":724,\"height\":483},{\"@type\":\"WebPage\",\"@id\":\"https:\/\/reflejodemichoacan.com\/index.php\/2022\/05\/22\/nivel-basico-la-escuela-integral-perdida\/#webpage\",\"url\":\"https:\/\/reflejodemichoacan.com\/index.php\/2022\/05\/22\/nivel-basico-la-escuela-integral-perdida\/\",\"name\":\"Nivel b\\u00e1sico: La escuela integral perdida - Reflejo de Michoac\\u00e1n\",\"isPartOf\":{\"@id\":\"https:\/\/reflejodemichoacan.com\/#website\"},\"primaryImageOfPage\":{\"@id\":\"https:\/\/reflejodemichoacan.com\/index.php\/2022\/05\/22\/nivel-basico-la-escuela-integral-perdida\/#primaryimage\"},\"datePublished\":\"2022-05-22T16:04:34+00:00\",\"dateModified\":\"2022-05-22T16:04:36+00:00\",\"author\":{\"@id\":\"https:\/\/reflejodemichoacan.com\/#\/schema\/person\/72d921e8fe99bd6e2e39bcde8995046f\"},\"breadcrumb\":{\"@id\":\"https:\/\/reflejodemichoacan.com\/index.php\/2022\/05\/22\/nivel-basico-la-escuela-integral-perdida\/#breadcrumb\"},\"inLanguage\":\"es-MX\",\"potentialAction\":[{\"@type\":\"ReadAction\",\"target\":[\"https:\/\/reflejodemichoacan.com\/index.php\/2022\/05\/22\/nivel-basico-la-escuela-integral-perdida\/\"]}]},{\"@type\":\"BreadcrumbList\",\"@id\":\"https:\/\/reflejodemichoacan.com\/index.php\/2022\/05\/22\/nivel-basico-la-escuela-integral-perdida\/#breadcrumb\",\"itemListElement\":[{\"@type\":\"ListItem\",\"position\":1,\"name\":\"Inicio\",\"item\":\"https:\/\/reflejodemichoacan.com\/\"},{\"@type\":\"ListItem\",\"position\":2,\"name\":\"Nivel b\\u00e1sico: La escuela integral perdida\"}]},{\"@type\":\"Person\",\"@id\":\"https:\/\/reflejodemichoacan.com\/#\/schema\/person\/72d921e8fe99bd6e2e39bcde8995046f\",\"name\":\"Aurora\",\"image\":{\"@type\":\"ImageObject\",\"@id\":\"https:\/\/reflejodemichoacan.com\/#personlogo\",\"inLanguage\":\"es-MX\",\"url\":\"https:\/\/secure.gravatar.com\/avatar\/df5ceb9b998be27b25dd258a6b4b0a95?s=96&d=mm&r=g\",\"contentUrl\":\"https:\/\/secure.gravatar.com\/avatar\/df5ceb9b998be27b25dd258a6b4b0a95?s=96&d=mm&r=g\",\"caption\":\"Aurora\"},\"sameAs\":[\"http:\/\/reflejodemichoacan.com\"],\"url\":\"https:\/\/reflejodemichoacan.com\/index.php\/author\/rixwm7qvsq\/\"}]}<\/script>\n<!-- \/ Yoast SEO plugin. -->","yoast_head_json":{"title":"Nivel b\u00e1sico: La escuela integral perdida - Reflejo de Michoac\u00e1n","robots":{"index":"index","follow":"follow","max-snippet":"max-snippet:-1","max-image-preview":"max-image-preview:large","max-video-preview":"max-video-preview:-1"},"canonical":"https:\/\/reflejodemichoacan.com\/index.php\/2022\/05\/22\/nivel-basico-la-escuela-integral-perdida\/","og_locale":"es_MX","og_type":"article","og_title":"Nivel b\u00e1sico: La escuela integral perdida - Reflejo de Michoac\u00e1n","og_description":"Fidel Rodr\u00edguez Ramos &nbsp;&nbsp;&nbsp; Es una realidad, hoy existe un descontento hacia la escuela, a pesar de que hab\u00eda la ilusi\u00f3n de empezar a cambiar las cosas en la educaci\u00f3n con el nuevo gobierno, se habla de que actualmente existe una propuesta de ense\u00f1anza, supuestamente innovadora, pero \u00e9sta la desconocen, ignoran los m\u00e1s de un [&hellip;]","og_url":"https:\/\/reflejodemichoacan.com\/index.php\/2022\/05\/22\/nivel-basico-la-escuela-integral-perdida\/","og_site_name":"Reflejo de Michoac\u00e1n","article_published_time":"2022-05-22T16:04:34+00:00","article_modified_time":"2022-05-22T16:04:36+00:00","og_image":[{"width":724,"height":483,"url":"https:\/\/reflejodemichoacan.com\/wp-content\/uploads\/2022\/05\/escuelas.jpg","type":"image\/jpeg"}],"twitter_card":"summary_large_image","twitter_misc":{"Escrito por":"Aurora","Tiempo de lectura":"3 minutos"},"schema":{"@context":"https:\/\/schema.org","@graph":[{"@type":"WebSite","@id":"https:\/\/reflejodemichoacan.com\/#website","url":"https:\/\/reflejodemichoacan.com\/","name":"Reflejo de Michoac\u00e1n","description":"Medio de comunicaci\u00f3n impreso y digital al servicio de la regi\u00f3n lacustre y Michoac\u00e1n.","potentialAction":[{"@type":"SearchAction","target":{"@type":"EntryPoint","urlTemplate":"https:\/\/reflejodemichoacan.com\/?s={search_term_string}"},"query-input":"required name=search_term_string"}],"inLanguage":"es-MX"},{"@type":"ImageObject","@id":"https:\/\/reflejodemichoacan.com\/index.php\/2022\/05\/22\/nivel-basico-la-escuela-integral-perdida\/#primaryimage","inLanguage":"es-MX","url":"https:\/\/reflejodemichoacan.com\/wp-content\/uploads\/2022\/05\/escuelas.jpg","contentUrl":"https:\/\/reflejodemichoacan.com\/wp-content\/uploads\/2022\/05\/escuelas.jpg","width":724,"height":483},{"@type":"WebPage","@id":"https:\/\/reflejodemichoacan.com\/index.php\/2022\/05\/22\/nivel-basico-la-escuela-integral-perdida\/#webpage","url":"https:\/\/reflejodemichoacan.com\/index.php\/2022\/05\/22\/nivel-basico-la-escuela-integral-perdida\/","name":"Nivel b\u00e1sico: La escuela integral perdida - Reflejo de Michoac\u00e1n","isPartOf":{"@id":"https:\/\/reflejodemichoacan.com\/#website"},"primaryImageOfPage":{"@id":"https:\/\/reflejodemichoacan.com\/index.php\/2022\/05\/22\/nivel-basico-la-escuela-integral-perdida\/#primaryimage"},"datePublished":"2022-05-22T16:04:34+00:00","dateModified":"2022-05-22T16:04:36+00:00","author":{"@id":"https:\/\/reflejodemichoacan.com\/#\/schema\/person\/72d921e8fe99bd6e2e39bcde8995046f"},"breadcrumb":{"@id":"https:\/\/reflejodemichoacan.com\/index.php\/2022\/05\/22\/nivel-basico-la-escuela-integral-perdida\/#breadcrumb"},"inLanguage":"es-MX","potentialAction":[{"@type":"ReadAction","target":["https:\/\/reflejodemichoacan.com\/index.php\/2022\/05\/22\/nivel-basico-la-escuela-integral-perdida\/"]}]},{"@type":"BreadcrumbList","@id":"https:\/\/reflejodemichoacan.com\/index.php\/2022\/05\/22\/nivel-basico-la-escuela-integral-perdida\/#breadcrumb","itemListElement":[{"@type":"ListItem","position":1,"name":"Inicio","item":"https:\/\/reflejodemichoacan.com\/"},{"@type":"ListItem","position":2,"name":"Nivel b\u00e1sico: La escuela integral perdida"}]},{"@type":"Person","@id":"https:\/\/reflejodemichoacan.com\/#\/schema\/person\/72d921e8fe99bd6e2e39bcde8995046f","name":"Aurora","image":{"@type":"ImageObject","@id":"https:\/\/reflejodemichoacan.com\/#personlogo","inLanguage":"es-MX","url":"https:\/\/secure.gravatar.com\/avatar\/df5ceb9b998be27b25dd258a6b4b0a95?s=96&d=mm&r=g","contentUrl":"https:\/\/secure.gravatar.com\/avatar\/df5ceb9b998be27b25dd258a6b4b0a95?s=96&d=mm&r=g","caption":"Aurora"},"sameAs":["http:\/\/reflejodemichoacan.com"],"url":"https:\/\/reflejodemichoacan.com\/index.php\/author\/rixwm7qvsq\/"}]}},"_links":{"self":[{"href":"https:\/\/reflejodemichoacan.com\/index.php\/wp-json\/wp\/v2\/posts\/8385"}],"collection":[{"href":"https:\/\/reflejodemichoacan.com\/index.php\/wp-json\/wp\/v2\/posts"}],"about":[{"href":"https:\/\/reflejodemichoacan.com\/index.php\/wp-json\/wp\/v2\/types\/post"}],"author":[{"embeddable":true,"href":"https:\/\/reflejodemichoacan.com\/index.php\/wp-json\/wp\/v2\/users\/1"}],"replies":[{"embeddable":true,"href":"https:\/\/reflejodemichoacan.com\/index.php\/wp-json\/wp\/v2\/comments?post=8385"}],"version-history":[{"count":1,"href":"https:\/\/reflejodemichoacan.com\/index.php\/wp-json\/wp\/v2\/posts\/8385\/revisions"}],"predecessor-version":[{"id":8387,"href":"https:\/\/reflejodemichoacan.com\/index.php\/wp-json\/wp\/v2\/posts\/8385\/revisions\/8387"}],"wp:featuredmedia":[{"embeddable":true,"href":"https:\/\/reflejodemichoacan.com\/index.php\/wp-json\/wp\/v2\/media\/8386"}],"wp:attachment":[{"href":"https:\/\/reflejodemichoacan.com\/index.php\/wp-json\/wp\/v2\/media?parent=8385"}],"wp:term":[{"taxonomy":"category","embeddable":true,"href":"https:\/\/reflejodemichoacan.com\/index.php\/wp-json\/wp\/v2\/categories?post=8385"},{"taxonomy":"post_tag","embeddable":true,"href":"https:\/\/reflejodemichoacan.com\/index.php\/wp-json\/wp\/v2\/tags?post=8385"}],"curies":[{"name":"wp","href":"https:\/\/api.w.org\/{rel}","templated":true}]}}