{"id":8389,"date":"2022-05-24T20:28:22","date_gmt":"2022-05-24T20:28:22","guid":{"rendered":"https:\/\/reflejodemichoacan.com\/?p=8389"},"modified":"2022-05-24T20:28:25","modified_gmt":"2022-05-24T20:28:25","slug":"personas-con-discapacidad-entran-gratis-al-zoologico-de-morelia","status":"publish","type":"post","link":"https:\/\/reflejodemichoacan.com\/index.php\/2022\/05\/24\/personas-con-discapacidad-entran-gratis-al-zoologico-de-morelia\/","title":{"rendered":"Personas con discapacidad entran gratis al Zool\u00f3gico de Morelia"},"content":{"rendered":"\n<p><\/p>\n\n\n\n<ul><li>Se cuenta con siete sillas de ruedas manuales para uso de los visitantes<\/li><\/ul>\n\n\n\n<p><br><strong>Morelia, Michoac\u00e1n, 24 de mayo del 2022.-<\/strong>&nbsp;A fin de consolidar al Parque Zool\u00f3gico \u201cBenito Ju\u00e1rez\u201d como un espacio incluyente, todos los visitantes que viven con alg\u00fan tipo de discapacidad f\u00edsica, mental, intelectual o sensorial, tienen entrada libre.&nbsp;<br><br>Con ello, se busca brindar atenci\u00f3n integral a los diversos sectores de la poblaci\u00f3n, por lo que el director del parque Julio C\u00e9sar Medina \u00c1vila, instruy\u00f3 a dar continuidad al descuento del 100 por ciento en la entrada general a todas las personas que cuenten con alguna discapacidad.&nbsp;<br><br>\u201cEl zool\u00f3gico es un espacio p\u00fablico, en el cual se han encaminado diversos esfuerzos para convertirlo en un lugar incluyente, donde los paseantes se sientan seguros y puedan tener una estancia favorable\u201d, manifest\u00f3 Medina \u00c1vila.&nbsp;<br><br>Asimismo, el director se\u00f1al\u00f3 que adem\u00e1s se cuenta con siete sillas de ruedas manuales que pueden ser utilizadas por las personas que las requieran, sin costo alguno, a fin de mejorar su movilidad por las instalaciones del recinto faun\u00edstico.&nbsp;<br><br>Finalmente, ratific\u00f3 que por el Zool\u00f3gico de Morelia continuar\u00e1 con la implementaci\u00f3n de pol\u00edticas p\u00fablicas encaminadas a generar mejores condiciones para la poblaci\u00f3n.<br>&nbsp;<\/p>\n","protected":false},"excerpt":{"rendered":"<p>Se cuenta con siete sillas de ruedas manuales para uso de los visitantes Morelia, Michoac\u00e1n, 24 de mayo del 2022.-&nbsp;A fin de consolidar al Parque Zool\u00f3gico \u201cBenito Ju\u00e1rez\u201d como un espacio incluyente, todos los visitantes que viven con alg\u00fan tipo de discapacidad f\u00edsica, mental, intelectual o sensorial, tienen entrada libre.&nbsp; Con ello, se busca brindar [&hellip;]<\/p>\n","protected":false},"author":1,"featured_media":8390,"comment_status":"open","ping_status":"closed","sticky":false,"template":"","format":"standard","meta":[],"categories":[1],"tags":[],"yoast_head":"<!-- This site is optimized with the Yoast SEO plugin v17.9 - https:\/\/yoast.com\/wordpress\/plugins\/seo\/ -->\n<title>Personas con discapacidad entran gratis al Zool\u00f3gico de Morelia - Reflejo de Michoac\u00e1n<\/title>\n<meta name=\"robots\" content=\"index, follow, max-snippet:-1, max-image-preview:large, max-video-preview:-1\" \/>\n<link rel=\"canonical\" href=\"https:\/\/reflejodemichoacan.com\/index.php\/2022\/05\/24\/personas-con-discapacidad-entran-gratis-al-zoologico-de-morelia\/\" \/>\n<meta property=\"og:locale\" content=\"es_MX\" \/>\n<meta property=\"og:type\" content=\"article\" \/>\n<meta property=\"og:title\" content=\"Personas con discapacidad entran gratis al Zool\u00f3gico de Morelia - Reflejo de Michoac\u00e1n\" \/>\n<meta property=\"og:description\" content=\"Se cuenta con siete sillas de ruedas manuales para uso de los visitantes Morelia, Michoac\u00e1n, 24 de mayo del 2022.-&nbsp;A fin de consolidar al Parque Zool\u00f3gico \u201cBenito Ju\u00e1rez\u201d como un espacio incluyente, todos los visitantes que viven con alg\u00fan tipo de discapacidad f\u00edsica, mental, intelectual o sensorial, tienen entrada libre.&nbsp; Con ello, se busca brindar [&hellip;]\" \/>\n<meta property=\"og:url\" content=\"https:\/\/reflejodemichoacan.com\/index.php\/2022\/05\/24\/personas-con-discapacidad-entran-gratis-al-zoologico-de-morelia\/\" \/>\n<meta property=\"og:site_name\" content=\"Reflejo de Michoac\u00e1n\" \/>\n<meta property=\"article:published_time\" content=\"2022-05-24T20:28:22+00:00\" \/>\n<meta property=\"article:modified_time\" content=\"2022-05-24T20:28:25+00:00\" \/>\n<meta property=\"og:image\" content=\"https:\/\/reflejodemichoacan.com\/wp-content\/uploads\/2022\/05\/discpacitaos.jpg\" \/>\n\t<meta property=\"og:image:width\" content=\"1600\" \/>\n\t<meta property=\"og:image:height\" content=\"1066\" \/>\n\t<meta property=\"og:image:type\" content=\"image\/jpeg\" \/>\n<meta name=\"twitter:card\" content=\"summary_large_image\" \/>\n<meta name=\"twitter:label1\" content=\"Escrito por\" \/>\n\t<meta name=\"twitter:data1\" content=\"Aurora\" \/>\n\t<meta name=\"twitter:label2\" content=\"Tiempo de lectura\" \/>\n\t<meta name=\"twitter:data2\" content=\"1 minuto\" \/>\n<script type=\"application\/ld+json\" class=\"yoast-schema-graph\">{\"@context\":\"https:\/\/schema.org\",\"@graph\":[{\"@type\":\"WebSite\",\"@id\":\"https:\/\/reflejodemichoacan.com\/#website\",\"url\":\"https:\/\/reflejodemichoacan.com\/\",\"name\":\"Reflejo de Michoac\\u00e1n\",\"description\":\"Medio de comunicaci\\u00f3n impreso y digital al servicio de la regi\\u00f3n lacustre y Michoac\\u00e1n.\",\"potentialAction\":[{\"@type\":\"SearchAction\",\"target\":{\"@type\":\"EntryPoint\",\"urlTemplate\":\"https:\/\/reflejodemichoacan.com\/?s={search_term_string}\"},\"query-input\":\"required name=search_term_string\"}],\"inLanguage\":\"es-MX\"},{\"@type\":\"ImageObject\",\"@id\":\"https:\/\/reflejodemichoacan.com\/index.php\/2022\/05\/24\/personas-con-discapacidad-entran-gratis-al-zoologico-de-morelia\/#primaryimage\",\"inLanguage\":\"es-MX\",\"url\":\"https:\/\/reflejodemichoacan.com\/wp-content\/uploads\/2022\/05\/discpacitaos.jpg\",\"contentUrl\":\"https:\/\/reflejodemichoacan.com\/wp-content\/uploads\/2022\/05\/discpacitaos.jpg\",\"width\":1600,\"height\":1066},{\"@type\":\"WebPage\",\"@id\":\"https:\/\/reflejodemichoacan.com\/index.php\/2022\/05\/24\/personas-con-discapacidad-entran-gratis-al-zoologico-de-morelia\/#webpage\",\"url\":\"https:\/\/reflejodemichoacan.com\/index.php\/2022\/05\/24\/personas-con-discapacidad-entran-gratis-al-zoologico-de-morelia\/\",\"name\":\"Personas con discapacidad entran gratis al Zool\\u00f3gico de Morelia - Reflejo de Michoac\\u00e1n\",\"isPartOf\":{\"@id\":\"https:\/\/reflejodemichoacan.com\/#website\"},\"primaryImageOfPage\":{\"@id\":\"https:\/\/reflejodemichoacan.com\/index.php\/2022\/05\/24\/personas-con-discapacidad-entran-gratis-al-zoologico-de-morelia\/#primaryimage\"},\"datePublished\":\"2022-05-24T20:28:22+00:00\",\"dateModified\":\"2022-05-24T20:28:25+00:00\",\"author\":{\"@id\":\"https:\/\/reflejodemichoacan.com\/#\/schema\/person\/72d921e8fe99bd6e2e39bcde8995046f\"},\"breadcrumb\":{\"@id\":\"https:\/\/reflejodemichoacan.com\/index.php\/2022\/05\/24\/personas-con-discapacidad-entran-gratis-al-zoologico-de-morelia\/#breadcrumb\"},\"inLanguage\":\"es-MX\",\"potentialAction\":[{\"@type\":\"ReadAction\",\"target\":[\"https:\/\/reflejodemichoacan.com\/index.php\/2022\/05\/24\/personas-con-discapacidad-entran-gratis-al-zoologico-de-morelia\/\"]}]},{\"@type\":\"BreadcrumbList\",\"@id\":\"https:\/\/reflejodemichoacan.com\/index.php\/2022\/05\/24\/personas-con-discapacidad-entran-gratis-al-zoologico-de-morelia\/#breadcrumb\",\"itemListElement\":[{\"@type\":\"ListItem\",\"position\":1,\"name\":\"Inicio\",\"item\":\"https:\/\/reflejodemichoacan.com\/\"},{\"@type\":\"ListItem\",\"position\":2,\"name\":\"Personas con discapacidad entran gratis al Zool\\u00f3gico de Morelia\"}]},{\"@type\":\"Person\",\"@id\":\"https:\/\/reflejodemichoacan.com\/#\/schema\/person\/72d921e8fe99bd6e2e39bcde8995046f\",\"name\":\"Aurora\",\"image\":{\"@type\":\"ImageObject\",\"@id\":\"https:\/\/reflejodemichoacan.com\/#personlogo\",\"inLanguage\":\"es-MX\",\"url\":\"https:\/\/secure.gravatar.com\/avatar\/df5ceb9b998be27b25dd258a6b4b0a95?s=96&d=mm&r=g\",\"contentUrl\":\"https:\/\/secure.gravatar.com\/avatar\/df5ceb9b998be27b25dd258a6b4b0a95?s=96&d=mm&r=g\",\"caption\":\"Aurora\"},\"sameAs\":[\"http:\/\/reflejodemichoacan.com\"],\"url\":\"https:\/\/reflejodemichoacan.com\/index.php\/author\/rixwm7qvsq\/\"}]}<\/script>\n<!-- \/ Yoast SEO plugin. -->","yoast_head_json":{"title":"Personas con discapacidad entran gratis al Zool\u00f3gico de Morelia - Reflejo de Michoac\u00e1n","robots":{"index":"index","follow":"follow","max-snippet":"max-snippet:-1","max-image-preview":"max-image-preview:large","max-video-preview":"max-video-preview:-1"},"canonical":"https:\/\/reflejodemichoacan.com\/index.php\/2022\/05\/24\/personas-con-discapacidad-entran-gratis-al-zoologico-de-morelia\/","og_locale":"es_MX","og_type":"article","og_title":"Personas con discapacidad entran gratis al Zool\u00f3gico de Morelia - Reflejo de Michoac\u00e1n","og_description":"Se cuenta con siete sillas de ruedas manuales para uso de los visitantes Morelia, Michoac\u00e1n, 24 de mayo del 2022.-&nbsp;A fin de consolidar al Parque Zool\u00f3gico \u201cBenito Ju\u00e1rez\u201d como un espacio incluyente, todos los visitantes que viven con alg\u00fan tipo de discapacidad f\u00edsica, mental, intelectual o sensorial, tienen entrada libre.&nbsp; Con ello, se busca brindar [&hellip;]","og_url":"https:\/\/reflejodemichoacan.com\/index.php\/2022\/05\/24\/personas-con-discapacidad-entran-gratis-al-zoologico-de-morelia\/","og_site_name":"Reflejo de Michoac\u00e1n","article_published_time":"2022-05-24T20:28:22+00:00","article_modified_time":"2022-05-24T20:28:25+00:00","og_image":[{"width":1600,"height":1066,"url":"https:\/\/reflejodemichoacan.com\/wp-content\/uploads\/2022\/05\/discpacitaos.jpg","type":"image\/jpeg"}],"twitter_card":"summary_large_image","twitter_misc":{"Escrito por":"Aurora","Tiempo de lectura":"1 minuto"},"schema":{"@context":"https:\/\/schema.org","@graph":[{"@type":"WebSite","@id":"https:\/\/reflejodemichoacan.com\/#website","url":"https:\/\/reflejodemichoacan.com\/","name":"Reflejo de Michoac\u00e1n","description":"Medio de comunicaci\u00f3n impreso y digital al servicio de la regi\u00f3n lacustre y Michoac\u00e1n.","potentialAction":[{"@type":"SearchAction","target":{"@type":"EntryPoint","urlTemplate":"https:\/\/reflejodemichoacan.com\/?s={search_term_string}"},"query-input":"required name=search_term_string"}],"inLanguage":"es-MX"},{"@type":"ImageObject","@id":"https:\/\/reflejodemichoacan.com\/index.php\/2022\/05\/24\/personas-con-discapacidad-entran-gratis-al-zoologico-de-morelia\/#primaryimage","inLanguage":"es-MX","url":"https:\/\/reflejodemichoacan.com\/wp-content\/uploads\/2022\/05\/discpacitaos.jpg","contentUrl":"https:\/\/reflejodemichoacan.com\/wp-content\/uploads\/2022\/05\/discpacitaos.jpg","width":1600,"height":1066},{"@type":"WebPage","@id":"https:\/\/reflejodemichoacan.com\/index.php\/2022\/05\/24\/personas-con-discapacidad-entran-gratis-al-zoologico-de-morelia\/#webpage","url":"https:\/\/reflejodemichoacan.com\/index.php\/2022\/05\/24\/personas-con-discapacidad-entran-gratis-al-zoologico-de-morelia\/","name":"Personas con discapacidad entran gratis al Zool\u00f3gico de Morelia - Reflejo de Michoac\u00e1n","isPartOf":{"@id":"https:\/\/reflejodemichoacan.com\/#website"},"primaryImageOfPage":{"@id":"https:\/\/reflejodemichoacan.com\/index.php\/2022\/05\/24\/personas-con-discapacidad-entran-gratis-al-zoologico-de-morelia\/#primaryimage"},"datePublished":"2022-05-24T20:28:22+00:00","dateModified":"2022-05-24T20:28:25+00:00","author":{"@id":"https:\/\/reflejodemichoacan.com\/#\/schema\/person\/72d921e8fe99bd6e2e39bcde8995046f"},"breadcrumb":{"@id":"https:\/\/reflejodemichoacan.com\/index.php\/2022\/05\/24\/personas-con-discapacidad-entran-gratis-al-zoologico-de-morelia\/#breadcrumb"},"inLanguage":"es-MX","potentialAction":[{"@type":"ReadAction","target":["https:\/\/reflejodemichoacan.com\/index.php\/2022\/05\/24\/personas-con-discapacidad-entran-gratis-al-zoologico-de-morelia\/"]}]},{"@type":"BreadcrumbList","@id":"https:\/\/reflejodemichoacan.com\/index.php\/2022\/05\/24\/personas-con-discapacidad-entran-gratis-al-zoologico-de-morelia\/#breadcrumb","itemListElement":[{"@type":"ListItem","position":1,"name":"Inicio","item":"https:\/\/reflejodemichoacan.com\/"},{"@type":"ListItem","position":2,"name":"Personas con discapacidad entran gratis al Zool\u00f3gico de Morelia"}]},{"@type":"Person","@id":"https:\/\/reflejodemichoacan.com\/#\/schema\/person\/72d921e8fe99bd6e2e39bcde8995046f","name":"Aurora","image":{"@type":"ImageObject","@id":"https:\/\/reflejodemichoacan.com\/#personlogo","inLanguage":"es-MX","url":"https:\/\/secure.gravatar.com\/avatar\/df5ceb9b998be27b25dd258a6b4b0a95?s=96&d=mm&r=g","contentUrl":"https:\/\/secure.gravatar.com\/avatar\/df5ceb9b998be27b25dd258a6b4b0a95?s=96&d=mm&r=g","caption":"Aurora"},"sameAs":["http:\/\/reflejodemichoacan.com"],"url":"https:\/\/reflejodemichoacan.com\/index.php\/author\/rixwm7qvsq\/"}]}},"_links":{"self":[{"href":"https:\/\/reflejodemichoacan.com\/index.php\/wp-json\/wp\/v2\/posts\/8389"}],"collection":[{"href":"https:\/\/reflejodemichoacan.com\/index.php\/wp-json\/wp\/v2\/posts"}],"about":[{"href":"https:\/\/reflejodemichoacan.com\/index.php\/wp-json\/wp\/v2\/types\/post"}],"author":[{"embeddable":true,"href":"https:\/\/reflejodemichoacan.com\/index.php\/wp-json\/wp\/v2\/users\/1"}],"replies":[{"embeddable":true,"href":"https:\/\/reflejodemichoacan.com\/index.php\/wp-json\/wp\/v2\/comments?post=8389"}],"version-history":[{"count":1,"href":"https:\/\/reflejodemichoacan.com\/index.php\/wp-json\/wp\/v2\/posts\/8389\/revisions"}],"predecessor-version":[{"id":8391,"href":"https:\/\/reflejodemichoacan.com\/index.php\/wp-json\/wp\/v2\/posts\/8389\/revisions\/8391"}],"wp:featuredmedia":[{"embeddable":true,"href":"https:\/\/reflejodemichoacan.com\/index.php\/wp-json\/wp\/v2\/media\/8390"}],"wp:attachment":[{"href":"https:\/\/reflejodemichoacan.com\/index.php\/wp-json\/wp\/v2\/media?parent=8389"}],"wp:term":[{"taxonomy":"category","embeddable":true,"href":"https:\/\/reflejodemichoacan.com\/index.php\/wp-json\/wp\/v2\/categories?post=8389"},{"taxonomy":"post_tag","embeddable":true,"href":"https:\/\/reflejodemichoacan.com\/index.php\/wp-json\/wp\/v2\/tags?post=8389"}],"curies":[{"name":"wp","href":"https:\/\/api.w.org\/{rel}","templated":true}]}}