{"id":8395,"date":"2022-05-24T20:35:00","date_gmt":"2022-05-24T20:35:00","guid":{"rendered":"https:\/\/reflejodemichoacan.com\/?p=8395"},"modified":"2022-05-24T20:35:05","modified_gmt":"2022-05-24T20:35:05","slug":"acercan-idiomas-de-la-umsnh-a-estudiantes-del-cecytem","status":"publish","type":"post","link":"https:\/\/reflejodemichoacan.com\/index.php\/2022\/05\/24\/acercan-idiomas-de-la-umsnh-a-estudiantes-del-cecytem\/","title":{"rendered":"Acercan idiomas de la UMSNH a estudiantes del Cecytem"},"content":{"rendered":"\n<p><br><br><strong>Ciudad Hidalgo, Michoac\u00e1n, 24 de mayo del 2022.-<\/strong>\u00a0Un total de 230 estudiantes del plantel 27 de San Pedro Jacuaro, del Colegio de Estudios Cient\u00edficos y Tecnol\u00f3gicos del Estado de Michoac\u00e1n (Cecytem), participaron en la conferencia \u201cLa importancia de ser biling\u00fce\u201d, impartida por personal del Centro de Idiomas de la Universidad Michoacana de San Nicol\u00e1s de Hidalgo (UMSNH).\u00a0<br><br>Adem\u00e1s se comparti\u00f3 la oferta educativa sobre el diplomado en ingl\u00e9s en modalidad presencial y, en persa, italiano, alem\u00e1n, \u00e1rabe, japon\u00e9s, portugu\u00e9s, pur\u00e9pecha, chino, coreano, franc\u00e9s, lat\u00edn y ruso, en modalidad virtual<br><br>Francisco Villase\u00f1or Orozco, director del plantel, refiri\u00f3 que \u201clos alcances fueron los esperados con base en la informaci\u00f3n y hubo mucha respuesta positiva de los educandos y tambi\u00e9n del personal de este plantel, por la importancia de hablar un idioma alterno al nuestro, y eso nos abre posibilidades importantes de trabajo y desarrollo en diferentes instancias y empresas\u201d.\u00a0<br><br>El directivo coment\u00f3 que se busca generar informaci\u00f3n que apoye la toma de decisiones encaminadas a la mejora educativa de las y los j\u00f3venes, as\u00ed como del personal del centro escolar para que est\u00e9n en constante capacitaci\u00f3n y continuar con la educaci\u00f3n de calidad.\u00a0<br><br>Villase\u00f1or Orozco agradeci\u00f3 a H\u00e9ctor Urbina Laredo, coordinador de Idiomas de la Universidad Michoacana con sede en la cabecera municipal de Ciudad Hidalgo, y a la \u00a0docente Alejandra S\u00e1nchez Camacho, por la conferencia impartida, as\u00ed como por acercar la oferta acad\u00e9mica a la comunidad del Cecytem.<\/p>\n","protected":false},"excerpt":{"rendered":"<p>Ciudad Hidalgo, Michoac\u00e1n, 24 de mayo del 2022.-\u00a0Un total de 230 estudiantes del plantel 27 de San Pedro Jacuaro, del Colegio de Estudios Cient\u00edficos y Tecnol\u00f3gicos del Estado de Michoac\u00e1n (Cecytem), participaron en la conferencia \u201cLa importancia de ser biling\u00fce\u201d, impartida por personal del Centro de Idiomas de la Universidad Michoacana de San Nicol\u00e1s de [&hellip;]<\/p>\n","protected":false},"author":1,"featured_media":8396,"comment_status":"open","ping_status":"closed","sticky":false,"template":"","format":"standard","meta":[],"categories":[1],"tags":[],"yoast_head":"<!-- This site is optimized with the Yoast SEO plugin v17.9 - https:\/\/yoast.com\/wordpress\/plugins\/seo\/ -->\n<title>Acercan idiomas de la UMSNH a estudiantes del Cecytem - Reflejo de Michoac\u00e1n<\/title>\n<meta name=\"robots\" content=\"index, follow, max-snippet:-1, max-image-preview:large, max-video-preview:-1\" \/>\n<link rel=\"canonical\" href=\"https:\/\/reflejodemichoacan.com\/index.php\/2022\/05\/24\/acercan-idiomas-de-la-umsnh-a-estudiantes-del-cecytem\/\" \/>\n<meta property=\"og:locale\" content=\"es_MX\" \/>\n<meta property=\"og:type\" content=\"article\" \/>\n<meta property=\"og:title\" content=\"Acercan idiomas de la UMSNH a estudiantes del Cecytem - Reflejo de Michoac\u00e1n\" \/>\n<meta property=\"og:description\" content=\"Ciudad Hidalgo, Michoac\u00e1n, 24 de mayo del 2022.-\u00a0Un total de 230 estudiantes del plantel 27 de San Pedro Jacuaro, del Colegio de Estudios Cient\u00edficos y Tecnol\u00f3gicos del Estado de Michoac\u00e1n (Cecytem), participaron en la conferencia \u201cLa importancia de ser biling\u00fce\u201d, impartida por personal del Centro de Idiomas de la Universidad Michoacana de San Nicol\u00e1s de [&hellip;]\" \/>\n<meta property=\"og:url\" content=\"https:\/\/reflejodemichoacan.com\/index.php\/2022\/05\/24\/acercan-idiomas-de-la-umsnh-a-estudiantes-del-cecytem\/\" \/>\n<meta property=\"og:site_name\" content=\"Reflejo de Michoac\u00e1n\" \/>\n<meta property=\"article:published_time\" content=\"2022-05-24T20:35:00+00:00\" \/>\n<meta property=\"article:modified_time\" content=\"2022-05-24T20:35:05+00:00\" \/>\n<meta property=\"og:image\" content=\"https:\/\/reflejodemichoacan.com\/wp-content\/uploads\/2022\/05\/cecyte.jpg\" \/>\n\t<meta property=\"og:image:width\" content=\"1280\" \/>\n\t<meta property=\"og:image:height\" content=\"960\" \/>\n\t<meta property=\"og:image:type\" content=\"image\/jpeg\" \/>\n<meta name=\"twitter:card\" content=\"summary_large_image\" \/>\n<meta name=\"twitter:label1\" content=\"Escrito por\" \/>\n\t<meta name=\"twitter:data1\" content=\"Aurora\" \/>\n\t<meta name=\"twitter:label2\" content=\"Tiempo de lectura\" \/>\n\t<meta name=\"twitter:data2\" content=\"2 minutos\" \/>\n<script type=\"application\/ld+json\" class=\"yoast-schema-graph\">{\"@context\":\"https:\/\/schema.org\",\"@graph\":[{\"@type\":\"WebSite\",\"@id\":\"https:\/\/reflejodemichoacan.com\/#website\",\"url\":\"https:\/\/reflejodemichoacan.com\/\",\"name\":\"Reflejo de Michoac\\u00e1n\",\"description\":\"Medio de comunicaci\\u00f3n impreso y digital al servicio de la regi\\u00f3n lacustre y Michoac\\u00e1n.\",\"potentialAction\":[{\"@type\":\"SearchAction\",\"target\":{\"@type\":\"EntryPoint\",\"urlTemplate\":\"https:\/\/reflejodemichoacan.com\/?s={search_term_string}\"},\"query-input\":\"required name=search_term_string\"}],\"inLanguage\":\"es-MX\"},{\"@type\":\"ImageObject\",\"@id\":\"https:\/\/reflejodemichoacan.com\/index.php\/2022\/05\/24\/acercan-idiomas-de-la-umsnh-a-estudiantes-del-cecytem\/#primaryimage\",\"inLanguage\":\"es-MX\",\"url\":\"https:\/\/reflejodemichoacan.com\/wp-content\/uploads\/2022\/05\/cecyte.jpg\",\"contentUrl\":\"https:\/\/reflejodemichoacan.com\/wp-content\/uploads\/2022\/05\/cecyte.jpg\",\"width\":1280,\"height\":960},{\"@type\":\"WebPage\",\"@id\":\"https:\/\/reflejodemichoacan.com\/index.php\/2022\/05\/24\/acercan-idiomas-de-la-umsnh-a-estudiantes-del-cecytem\/#webpage\",\"url\":\"https:\/\/reflejodemichoacan.com\/index.php\/2022\/05\/24\/acercan-idiomas-de-la-umsnh-a-estudiantes-del-cecytem\/\",\"name\":\"Acercan idiomas de la UMSNH a estudiantes del Cecytem - Reflejo de Michoac\\u00e1n\",\"isPartOf\":{\"@id\":\"https:\/\/reflejodemichoacan.com\/#website\"},\"primaryImageOfPage\":{\"@id\":\"https:\/\/reflejodemichoacan.com\/index.php\/2022\/05\/24\/acercan-idiomas-de-la-umsnh-a-estudiantes-del-cecytem\/#primaryimage\"},\"datePublished\":\"2022-05-24T20:35:00+00:00\",\"dateModified\":\"2022-05-24T20:35:05+00:00\",\"author\":{\"@id\":\"https:\/\/reflejodemichoacan.com\/#\/schema\/person\/72d921e8fe99bd6e2e39bcde8995046f\"},\"breadcrumb\":{\"@id\":\"https:\/\/reflejodemichoacan.com\/index.php\/2022\/05\/24\/acercan-idiomas-de-la-umsnh-a-estudiantes-del-cecytem\/#breadcrumb\"},\"inLanguage\":\"es-MX\",\"potentialAction\":[{\"@type\":\"ReadAction\",\"target\":[\"https:\/\/reflejodemichoacan.com\/index.php\/2022\/05\/24\/acercan-idiomas-de-la-umsnh-a-estudiantes-del-cecytem\/\"]}]},{\"@type\":\"BreadcrumbList\",\"@id\":\"https:\/\/reflejodemichoacan.com\/index.php\/2022\/05\/24\/acercan-idiomas-de-la-umsnh-a-estudiantes-del-cecytem\/#breadcrumb\",\"itemListElement\":[{\"@type\":\"ListItem\",\"position\":1,\"name\":\"Inicio\",\"item\":\"https:\/\/reflejodemichoacan.com\/\"},{\"@type\":\"ListItem\",\"position\":2,\"name\":\"Acercan idiomas de la UMSNH a estudiantes del Cecytem\"}]},{\"@type\":\"Person\",\"@id\":\"https:\/\/reflejodemichoacan.com\/#\/schema\/person\/72d921e8fe99bd6e2e39bcde8995046f\",\"name\":\"Aurora\",\"image\":{\"@type\":\"ImageObject\",\"@id\":\"https:\/\/reflejodemichoacan.com\/#personlogo\",\"inLanguage\":\"es-MX\",\"url\":\"https:\/\/secure.gravatar.com\/avatar\/df5ceb9b998be27b25dd258a6b4b0a95?s=96&d=mm&r=g\",\"contentUrl\":\"https:\/\/secure.gravatar.com\/avatar\/df5ceb9b998be27b25dd258a6b4b0a95?s=96&d=mm&r=g\",\"caption\":\"Aurora\"},\"sameAs\":[\"http:\/\/reflejodemichoacan.com\"],\"url\":\"https:\/\/reflejodemichoacan.com\/index.php\/author\/rixwm7qvsq\/\"}]}<\/script>\n<!-- \/ Yoast SEO plugin. -->","yoast_head_json":{"title":"Acercan idiomas de la UMSNH a estudiantes del Cecytem - Reflejo de Michoac\u00e1n","robots":{"index":"index","follow":"follow","max-snippet":"max-snippet:-1","max-image-preview":"max-image-preview:large","max-video-preview":"max-video-preview:-1"},"canonical":"https:\/\/reflejodemichoacan.com\/index.php\/2022\/05\/24\/acercan-idiomas-de-la-umsnh-a-estudiantes-del-cecytem\/","og_locale":"es_MX","og_type":"article","og_title":"Acercan idiomas de la UMSNH a estudiantes del Cecytem - Reflejo de Michoac\u00e1n","og_description":"Ciudad Hidalgo, Michoac\u00e1n, 24 de mayo del 2022.-\u00a0Un total de 230 estudiantes del plantel 27 de San Pedro Jacuaro, del Colegio de Estudios Cient\u00edficos y Tecnol\u00f3gicos del Estado de Michoac\u00e1n (Cecytem), participaron en la conferencia \u201cLa importancia de ser biling\u00fce\u201d, impartida por personal del Centro de Idiomas de la Universidad Michoacana de San Nicol\u00e1s de [&hellip;]","og_url":"https:\/\/reflejodemichoacan.com\/index.php\/2022\/05\/24\/acercan-idiomas-de-la-umsnh-a-estudiantes-del-cecytem\/","og_site_name":"Reflejo de Michoac\u00e1n","article_published_time":"2022-05-24T20:35:00+00:00","article_modified_time":"2022-05-24T20:35:05+00:00","og_image":[{"width":1280,"height":960,"url":"https:\/\/reflejodemichoacan.com\/wp-content\/uploads\/2022\/05\/cecyte.jpg","type":"image\/jpeg"}],"twitter_card":"summary_large_image","twitter_misc":{"Escrito por":"Aurora","Tiempo de lectura":"2 minutos"},"schema":{"@context":"https:\/\/schema.org","@graph":[{"@type":"WebSite","@id":"https:\/\/reflejodemichoacan.com\/#website","url":"https:\/\/reflejodemichoacan.com\/","name":"Reflejo de Michoac\u00e1n","description":"Medio de comunicaci\u00f3n impreso y digital al servicio de la regi\u00f3n lacustre y Michoac\u00e1n.","potentialAction":[{"@type":"SearchAction","target":{"@type":"EntryPoint","urlTemplate":"https:\/\/reflejodemichoacan.com\/?s={search_term_string}"},"query-input":"required name=search_term_string"}],"inLanguage":"es-MX"},{"@type":"ImageObject","@id":"https:\/\/reflejodemichoacan.com\/index.php\/2022\/05\/24\/acercan-idiomas-de-la-umsnh-a-estudiantes-del-cecytem\/#primaryimage","inLanguage":"es-MX","url":"https:\/\/reflejodemichoacan.com\/wp-content\/uploads\/2022\/05\/cecyte.jpg","contentUrl":"https:\/\/reflejodemichoacan.com\/wp-content\/uploads\/2022\/05\/cecyte.jpg","width":1280,"height":960},{"@type":"WebPage","@id":"https:\/\/reflejodemichoacan.com\/index.php\/2022\/05\/24\/acercan-idiomas-de-la-umsnh-a-estudiantes-del-cecytem\/#webpage","url":"https:\/\/reflejodemichoacan.com\/index.php\/2022\/05\/24\/acercan-idiomas-de-la-umsnh-a-estudiantes-del-cecytem\/","name":"Acercan idiomas de la UMSNH a estudiantes del Cecytem - Reflejo de Michoac\u00e1n","isPartOf":{"@id":"https:\/\/reflejodemichoacan.com\/#website"},"primaryImageOfPage":{"@id":"https:\/\/reflejodemichoacan.com\/index.php\/2022\/05\/24\/acercan-idiomas-de-la-umsnh-a-estudiantes-del-cecytem\/#primaryimage"},"datePublished":"2022-05-24T20:35:00+00:00","dateModified":"2022-05-24T20:35:05+00:00","author":{"@id":"https:\/\/reflejodemichoacan.com\/#\/schema\/person\/72d921e8fe99bd6e2e39bcde8995046f"},"breadcrumb":{"@id":"https:\/\/reflejodemichoacan.com\/index.php\/2022\/05\/24\/acercan-idiomas-de-la-umsnh-a-estudiantes-del-cecytem\/#breadcrumb"},"inLanguage":"es-MX","potentialAction":[{"@type":"ReadAction","target":["https:\/\/reflejodemichoacan.com\/index.php\/2022\/05\/24\/acercan-idiomas-de-la-umsnh-a-estudiantes-del-cecytem\/"]}]},{"@type":"BreadcrumbList","@id":"https:\/\/reflejodemichoacan.com\/index.php\/2022\/05\/24\/acercan-idiomas-de-la-umsnh-a-estudiantes-del-cecytem\/#breadcrumb","itemListElement":[{"@type":"ListItem","position":1,"name":"Inicio","item":"https:\/\/reflejodemichoacan.com\/"},{"@type":"ListItem","position":2,"name":"Acercan idiomas de la UMSNH a estudiantes del Cecytem"}]},{"@type":"Person","@id":"https:\/\/reflejodemichoacan.com\/#\/schema\/person\/72d921e8fe99bd6e2e39bcde8995046f","name":"Aurora","image":{"@type":"ImageObject","@id":"https:\/\/reflejodemichoacan.com\/#personlogo","inLanguage":"es-MX","url":"https:\/\/secure.gravatar.com\/avatar\/df5ceb9b998be27b25dd258a6b4b0a95?s=96&d=mm&r=g","contentUrl":"https:\/\/secure.gravatar.com\/avatar\/df5ceb9b998be27b25dd258a6b4b0a95?s=96&d=mm&r=g","caption":"Aurora"},"sameAs":["http:\/\/reflejodemichoacan.com"],"url":"https:\/\/reflejodemichoacan.com\/index.php\/author\/rixwm7qvsq\/"}]}},"_links":{"self":[{"href":"https:\/\/reflejodemichoacan.com\/index.php\/wp-json\/wp\/v2\/posts\/8395"}],"collection":[{"href":"https:\/\/reflejodemichoacan.com\/index.php\/wp-json\/wp\/v2\/posts"}],"about":[{"href":"https:\/\/reflejodemichoacan.com\/index.php\/wp-json\/wp\/v2\/types\/post"}],"author":[{"embeddable":true,"href":"https:\/\/reflejodemichoacan.com\/index.php\/wp-json\/wp\/v2\/users\/1"}],"replies":[{"embeddable":true,"href":"https:\/\/reflejodemichoacan.com\/index.php\/wp-json\/wp\/v2\/comments?post=8395"}],"version-history":[{"count":1,"href":"https:\/\/reflejodemichoacan.com\/index.php\/wp-json\/wp\/v2\/posts\/8395\/revisions"}],"predecessor-version":[{"id":8397,"href":"https:\/\/reflejodemichoacan.com\/index.php\/wp-json\/wp\/v2\/posts\/8395\/revisions\/8397"}],"wp:featuredmedia":[{"embeddable":true,"href":"https:\/\/reflejodemichoacan.com\/index.php\/wp-json\/wp\/v2\/media\/8396"}],"wp:attachment":[{"href":"https:\/\/reflejodemichoacan.com\/index.php\/wp-json\/wp\/v2\/media?parent=8395"}],"wp:term":[{"taxonomy":"category","embeddable":true,"href":"https:\/\/reflejodemichoacan.com\/index.php\/wp-json\/wp\/v2\/categories?post=8395"},{"taxonomy":"post_tag","embeddable":true,"href":"https:\/\/reflejodemichoacan.com\/index.php\/wp-json\/wp\/v2\/tags?post=8395"}],"curies":[{"name":"wp","href":"https:\/\/api.w.org\/{rel}","templated":true}]}}