{"id":8398,"date":"2022-05-25T02:22:08","date_gmt":"2022-05-25T02:22:08","guid":{"rendered":"https:\/\/reflejodemichoacan.com\/?p=8398"},"modified":"2022-05-25T02:22:16","modified_gmt":"2022-05-25T02:22:16","slug":"se-hermanan-patzcuaro-y-republica-de-el-salvador","status":"publish","type":"post","link":"https:\/\/reflejodemichoacan.com\/index.php\/2022\/05\/25\/se-hermanan-patzcuaro-y-republica-de-el-salvador\/","title":{"rendered":"Se Hermanan P\u00e1tzcuaro y Rep\u00fablica de El Salvador"},"content":{"rendered":"\n<p><br>Rep\u00fablica de El Salvador, a 24 de Mayo de 2022.- A nombre del Presidente Municipal, Julio Arreola V\u00e1zquez, los Regidores Eduardo Zavala Padilla y Pedro Corral Vel\u00e1zquez formalizaron el Hermanamiento entre P\u00e1tzcuaro y la Rep\u00fablica de El Salvador, que traer\u00e1 grandes beneficios a este Pueblo M\u00e1gico michoacano.\u00a0<br>Zavala Padilla, Regidor de Deporte, explic\u00f3 que &#8220;hemos firmado este Hermanamiento con El Salvador buscando un mutuo desarrollo econ\u00f3mico, agr\u00edcola, educativo y cultural&#8221; .\u00a0<br>Detall\u00f3 que se trat\u00f3 de una gira de actividades entre Delegaciones de El Salvador con Municipalidades de Michoac\u00e1n, donde &#8220;representando a nuestro Presidente Julio Arreola, visitamos la alcald\u00eda de \u201cMejicanos\u201d, cuyos or\u00edgenes son de ind\u00edgenas procedentes del Valle de M\u00e9xico&#8221;.<br>Finalmente, los Regidores patzcuarenses se declararon agradecidos con el pueblo &#8220;por hacernos sentir como en casa&#8221;, asimismo, a trav\u00e9s de las Ministras de Turismo y de Cultura, Morena Valdez y Mariemm Pleitez, respectivamente, as\u00ed como del Ministro Interino de Agricultura, Enrique Parada y la Gobernadora de La Uni\u00f3n, Victoria Guti\u00e9rrez, enviaron a nombre del Alcalde Julio Arreola un gran saludo al Presidente de esta Rep\u00fablica, Nayib Bukele.<\/p>\n","protected":false},"excerpt":{"rendered":"<p>Rep\u00fablica de El Salvador, a 24 de Mayo de 2022.- A nombre del Presidente Municipal, Julio Arreola V\u00e1zquez, los Regidores Eduardo Zavala Padilla y Pedro Corral Vel\u00e1zquez formalizaron el Hermanamiento entre P\u00e1tzcuaro y la Rep\u00fablica de El Salvador, que traer\u00e1 grandes beneficios a este Pueblo M\u00e1gico michoacano.\u00a0Zavala Padilla, Regidor de Deporte, explic\u00f3 que &#8220;hemos firmado [&hellip;]<\/p>\n","protected":false},"author":1,"featured_media":8399,"comment_status":"open","ping_status":"closed","sticky":false,"template":"","format":"standard","meta":[],"categories":[1],"tags":[],"yoast_head":"<!-- This site is optimized with the Yoast SEO plugin v17.9 - https:\/\/yoast.com\/wordpress\/plugins\/seo\/ -->\n<title>Se Hermanan P\u00e1tzcuaro y Rep\u00fablica de El Salvador - Reflejo de Michoac\u00e1n<\/title>\n<meta name=\"robots\" content=\"index, follow, max-snippet:-1, max-image-preview:large, max-video-preview:-1\" \/>\n<link rel=\"canonical\" href=\"https:\/\/reflejodemichoacan.com\/index.php\/2022\/05\/25\/se-hermanan-patzcuaro-y-republica-de-el-salvador\/\" \/>\n<meta property=\"og:locale\" content=\"es_MX\" \/>\n<meta property=\"og:type\" content=\"article\" \/>\n<meta property=\"og:title\" content=\"Se Hermanan P\u00e1tzcuaro y Rep\u00fablica de El Salvador - Reflejo de Michoac\u00e1n\" \/>\n<meta property=\"og:description\" content=\"Rep\u00fablica de El Salvador, a 24 de Mayo de 2022.- A nombre del Presidente Municipal, Julio Arreola V\u00e1zquez, los Regidores Eduardo Zavala Padilla y Pedro Corral Vel\u00e1zquez formalizaron el Hermanamiento entre P\u00e1tzcuaro y la Rep\u00fablica de El Salvador, que traer\u00e1 grandes beneficios a este Pueblo M\u00e1gico michoacano.\u00a0Zavala Padilla, Regidor de Deporte, explic\u00f3 que &#8220;hemos firmado [&hellip;]\" \/>\n<meta property=\"og:url\" content=\"https:\/\/reflejodemichoacan.com\/index.php\/2022\/05\/25\/se-hermanan-patzcuaro-y-republica-de-el-salvador\/\" \/>\n<meta property=\"og:site_name\" content=\"Reflejo de Michoac\u00e1n\" \/>\n<meta property=\"article:published_time\" content=\"2022-05-25T02:22:08+00:00\" \/>\n<meta property=\"article:modified_time\" content=\"2022-05-25T02:22:16+00:00\" \/>\n<meta property=\"og:image\" content=\"https:\/\/reflejodemichoacan.com\/wp-content\/uploads\/2022\/05\/Se-hermanan.jpg\" \/>\n\t<meta property=\"og:image:width\" content=\"1600\" \/>\n\t<meta property=\"og:image:height\" content=\"1200\" \/>\n\t<meta property=\"og:image:type\" content=\"image\/jpeg\" \/>\n<meta name=\"twitter:card\" content=\"summary_large_image\" \/>\n<meta name=\"twitter:label1\" content=\"Escrito por\" \/>\n\t<meta name=\"twitter:data1\" content=\"Aurora\" \/>\n\t<meta name=\"twitter:label2\" content=\"Tiempo de lectura\" \/>\n\t<meta name=\"twitter:data2\" content=\"1 minuto\" \/>\n<script type=\"application\/ld+json\" class=\"yoast-schema-graph\">{\"@context\":\"https:\/\/schema.org\",\"@graph\":[{\"@type\":\"WebSite\",\"@id\":\"https:\/\/reflejodemichoacan.com\/#website\",\"url\":\"https:\/\/reflejodemichoacan.com\/\",\"name\":\"Reflejo de Michoac\\u00e1n\",\"description\":\"Medio de comunicaci\\u00f3n impreso y digital al servicio de la regi\\u00f3n lacustre y Michoac\\u00e1n.\",\"potentialAction\":[{\"@type\":\"SearchAction\",\"target\":{\"@type\":\"EntryPoint\",\"urlTemplate\":\"https:\/\/reflejodemichoacan.com\/?s={search_term_string}\"},\"query-input\":\"required name=search_term_string\"}],\"inLanguage\":\"es-MX\"},{\"@type\":\"ImageObject\",\"@id\":\"https:\/\/reflejodemichoacan.com\/index.php\/2022\/05\/25\/se-hermanan-patzcuaro-y-republica-de-el-salvador\/#primaryimage\",\"inLanguage\":\"es-MX\",\"url\":\"https:\/\/reflejodemichoacan.com\/wp-content\/uploads\/2022\/05\/Se-hermanan.jpg\",\"contentUrl\":\"https:\/\/reflejodemichoacan.com\/wp-content\/uploads\/2022\/05\/Se-hermanan.jpg\",\"width\":1600,\"height\":1200},{\"@type\":\"WebPage\",\"@id\":\"https:\/\/reflejodemichoacan.com\/index.php\/2022\/05\/25\/se-hermanan-patzcuaro-y-republica-de-el-salvador\/#webpage\",\"url\":\"https:\/\/reflejodemichoacan.com\/index.php\/2022\/05\/25\/se-hermanan-patzcuaro-y-republica-de-el-salvador\/\",\"name\":\"Se Hermanan P\\u00e1tzcuaro y Rep\\u00fablica de El Salvador - Reflejo de Michoac\\u00e1n\",\"isPartOf\":{\"@id\":\"https:\/\/reflejodemichoacan.com\/#website\"},\"primaryImageOfPage\":{\"@id\":\"https:\/\/reflejodemichoacan.com\/index.php\/2022\/05\/25\/se-hermanan-patzcuaro-y-republica-de-el-salvador\/#primaryimage\"},\"datePublished\":\"2022-05-25T02:22:08+00:00\",\"dateModified\":\"2022-05-25T02:22:16+00:00\",\"author\":{\"@id\":\"https:\/\/reflejodemichoacan.com\/#\/schema\/person\/72d921e8fe99bd6e2e39bcde8995046f\"},\"breadcrumb\":{\"@id\":\"https:\/\/reflejodemichoacan.com\/index.php\/2022\/05\/25\/se-hermanan-patzcuaro-y-republica-de-el-salvador\/#breadcrumb\"},\"inLanguage\":\"es-MX\",\"potentialAction\":[{\"@type\":\"ReadAction\",\"target\":[\"https:\/\/reflejodemichoacan.com\/index.php\/2022\/05\/25\/se-hermanan-patzcuaro-y-republica-de-el-salvador\/\"]}]},{\"@type\":\"BreadcrumbList\",\"@id\":\"https:\/\/reflejodemichoacan.com\/index.php\/2022\/05\/25\/se-hermanan-patzcuaro-y-republica-de-el-salvador\/#breadcrumb\",\"itemListElement\":[{\"@type\":\"ListItem\",\"position\":1,\"name\":\"Inicio\",\"item\":\"https:\/\/reflejodemichoacan.com\/\"},{\"@type\":\"ListItem\",\"position\":2,\"name\":\"Se Hermanan P\\u00e1tzcuaro y Rep\\u00fablica de El Salvador\"}]},{\"@type\":\"Person\",\"@id\":\"https:\/\/reflejodemichoacan.com\/#\/schema\/person\/72d921e8fe99bd6e2e39bcde8995046f\",\"name\":\"Aurora\",\"image\":{\"@type\":\"ImageObject\",\"@id\":\"https:\/\/reflejodemichoacan.com\/#personlogo\",\"inLanguage\":\"es-MX\",\"url\":\"https:\/\/secure.gravatar.com\/avatar\/df5ceb9b998be27b25dd258a6b4b0a95?s=96&d=mm&r=g\",\"contentUrl\":\"https:\/\/secure.gravatar.com\/avatar\/df5ceb9b998be27b25dd258a6b4b0a95?s=96&d=mm&r=g\",\"caption\":\"Aurora\"},\"sameAs\":[\"http:\/\/reflejodemichoacan.com\"],\"url\":\"https:\/\/reflejodemichoacan.com\/index.php\/author\/rixwm7qvsq\/\"}]}<\/script>\n<!-- \/ Yoast SEO plugin. -->","yoast_head_json":{"title":"Se Hermanan P\u00e1tzcuaro y Rep\u00fablica de El Salvador - Reflejo de Michoac\u00e1n","robots":{"index":"index","follow":"follow","max-snippet":"max-snippet:-1","max-image-preview":"max-image-preview:large","max-video-preview":"max-video-preview:-1"},"canonical":"https:\/\/reflejodemichoacan.com\/index.php\/2022\/05\/25\/se-hermanan-patzcuaro-y-republica-de-el-salvador\/","og_locale":"es_MX","og_type":"article","og_title":"Se Hermanan P\u00e1tzcuaro y Rep\u00fablica de El Salvador - Reflejo de Michoac\u00e1n","og_description":"Rep\u00fablica de El Salvador, a 24 de Mayo de 2022.- A nombre del Presidente Municipal, Julio Arreola V\u00e1zquez, los Regidores Eduardo Zavala Padilla y Pedro Corral Vel\u00e1zquez formalizaron el Hermanamiento entre P\u00e1tzcuaro y la Rep\u00fablica de El Salvador, que traer\u00e1 grandes beneficios a este Pueblo M\u00e1gico michoacano.\u00a0Zavala Padilla, Regidor de Deporte, explic\u00f3 que &#8220;hemos firmado [&hellip;]","og_url":"https:\/\/reflejodemichoacan.com\/index.php\/2022\/05\/25\/se-hermanan-patzcuaro-y-republica-de-el-salvador\/","og_site_name":"Reflejo de Michoac\u00e1n","article_published_time":"2022-05-25T02:22:08+00:00","article_modified_time":"2022-05-25T02:22:16+00:00","og_image":[{"width":1600,"height":1200,"url":"https:\/\/reflejodemichoacan.com\/wp-content\/uploads\/2022\/05\/Se-hermanan.jpg","type":"image\/jpeg"}],"twitter_card":"summary_large_image","twitter_misc":{"Escrito por":"Aurora","Tiempo de lectura":"1 minuto"},"schema":{"@context":"https:\/\/schema.org","@graph":[{"@type":"WebSite","@id":"https:\/\/reflejodemichoacan.com\/#website","url":"https:\/\/reflejodemichoacan.com\/","name":"Reflejo de Michoac\u00e1n","description":"Medio de comunicaci\u00f3n impreso y digital al servicio de la regi\u00f3n lacustre y Michoac\u00e1n.","potentialAction":[{"@type":"SearchAction","target":{"@type":"EntryPoint","urlTemplate":"https:\/\/reflejodemichoacan.com\/?s={search_term_string}"},"query-input":"required name=search_term_string"}],"inLanguage":"es-MX"},{"@type":"ImageObject","@id":"https:\/\/reflejodemichoacan.com\/index.php\/2022\/05\/25\/se-hermanan-patzcuaro-y-republica-de-el-salvador\/#primaryimage","inLanguage":"es-MX","url":"https:\/\/reflejodemichoacan.com\/wp-content\/uploads\/2022\/05\/Se-hermanan.jpg","contentUrl":"https:\/\/reflejodemichoacan.com\/wp-content\/uploads\/2022\/05\/Se-hermanan.jpg","width":1600,"height":1200},{"@type":"WebPage","@id":"https:\/\/reflejodemichoacan.com\/index.php\/2022\/05\/25\/se-hermanan-patzcuaro-y-republica-de-el-salvador\/#webpage","url":"https:\/\/reflejodemichoacan.com\/index.php\/2022\/05\/25\/se-hermanan-patzcuaro-y-republica-de-el-salvador\/","name":"Se Hermanan P\u00e1tzcuaro y Rep\u00fablica de El Salvador - Reflejo de Michoac\u00e1n","isPartOf":{"@id":"https:\/\/reflejodemichoacan.com\/#website"},"primaryImageOfPage":{"@id":"https:\/\/reflejodemichoacan.com\/index.php\/2022\/05\/25\/se-hermanan-patzcuaro-y-republica-de-el-salvador\/#primaryimage"},"datePublished":"2022-05-25T02:22:08+00:00","dateModified":"2022-05-25T02:22:16+00:00","author":{"@id":"https:\/\/reflejodemichoacan.com\/#\/schema\/person\/72d921e8fe99bd6e2e39bcde8995046f"},"breadcrumb":{"@id":"https:\/\/reflejodemichoacan.com\/index.php\/2022\/05\/25\/se-hermanan-patzcuaro-y-republica-de-el-salvador\/#breadcrumb"},"inLanguage":"es-MX","potentialAction":[{"@type":"ReadAction","target":["https:\/\/reflejodemichoacan.com\/index.php\/2022\/05\/25\/se-hermanan-patzcuaro-y-republica-de-el-salvador\/"]}]},{"@type":"BreadcrumbList","@id":"https:\/\/reflejodemichoacan.com\/index.php\/2022\/05\/25\/se-hermanan-patzcuaro-y-republica-de-el-salvador\/#breadcrumb","itemListElement":[{"@type":"ListItem","position":1,"name":"Inicio","item":"https:\/\/reflejodemichoacan.com\/"},{"@type":"ListItem","position":2,"name":"Se Hermanan P\u00e1tzcuaro y Rep\u00fablica de El Salvador"}]},{"@type":"Person","@id":"https:\/\/reflejodemichoacan.com\/#\/schema\/person\/72d921e8fe99bd6e2e39bcde8995046f","name":"Aurora","image":{"@type":"ImageObject","@id":"https:\/\/reflejodemichoacan.com\/#personlogo","inLanguage":"es-MX","url":"https:\/\/secure.gravatar.com\/avatar\/df5ceb9b998be27b25dd258a6b4b0a95?s=96&d=mm&r=g","contentUrl":"https:\/\/secure.gravatar.com\/avatar\/df5ceb9b998be27b25dd258a6b4b0a95?s=96&d=mm&r=g","caption":"Aurora"},"sameAs":["http:\/\/reflejodemichoacan.com"],"url":"https:\/\/reflejodemichoacan.com\/index.php\/author\/rixwm7qvsq\/"}]}},"_links":{"self":[{"href":"https:\/\/reflejodemichoacan.com\/index.php\/wp-json\/wp\/v2\/posts\/8398"}],"collection":[{"href":"https:\/\/reflejodemichoacan.com\/index.php\/wp-json\/wp\/v2\/posts"}],"about":[{"href":"https:\/\/reflejodemichoacan.com\/index.php\/wp-json\/wp\/v2\/types\/post"}],"author":[{"embeddable":true,"href":"https:\/\/reflejodemichoacan.com\/index.php\/wp-json\/wp\/v2\/users\/1"}],"replies":[{"embeddable":true,"href":"https:\/\/reflejodemichoacan.com\/index.php\/wp-json\/wp\/v2\/comments?post=8398"}],"version-history":[{"count":1,"href":"https:\/\/reflejodemichoacan.com\/index.php\/wp-json\/wp\/v2\/posts\/8398\/revisions"}],"predecessor-version":[{"id":8400,"href":"https:\/\/reflejodemichoacan.com\/index.php\/wp-json\/wp\/v2\/posts\/8398\/revisions\/8400"}],"wp:featuredmedia":[{"embeddable":true,"href":"https:\/\/reflejodemichoacan.com\/index.php\/wp-json\/wp\/v2\/media\/8399"}],"wp:attachment":[{"href":"https:\/\/reflejodemichoacan.com\/index.php\/wp-json\/wp\/v2\/media?parent=8398"}],"wp:term":[{"taxonomy":"category","embeddable":true,"href":"https:\/\/reflejodemichoacan.com\/index.php\/wp-json\/wp\/v2\/categories?post=8398"},{"taxonomy":"post_tag","embeddable":true,"href":"https:\/\/reflejodemichoacan.com\/index.php\/wp-json\/wp\/v2\/tags?post=8398"}],"curies":[{"name":"wp","href":"https:\/\/api.w.org\/{rel}","templated":true}]}}