{"id":8404,"date":"2022-05-25T21:01:14","date_gmt":"2022-05-25T21:01:14","guid":{"rendered":"https:\/\/reflejodemichoacan.com\/?p=8404"},"modified":"2022-05-25T21:01:17","modified_gmt":"2022-05-25T21:01:17","slug":"inauguran-oficina-del-prd-en-patzcuaro","status":"publish","type":"post","link":"https:\/\/reflejodemichoacan.com\/index.php\/2022\/05\/25\/inauguran-oficina-del-prd-en-patzcuaro\/","title":{"rendered":"Inauguran oficina del PRD en P\u00e1tzcuaro"},"content":{"rendered":"\n<p>Roberto soto P\u00e9rez<\/p>\n\n\n\n<p><br>P\u00e1tzcuaro, Mich., 25 de mayo de 2022.- En evento realizado en la antigua casa\u00a0 de gesti\u00f3n del exdiputado Jos\u00e9 Guadalupe Aguilera Rojas, se dio a conocer que en ese mismo lugar, ser\u00e1 la Oficina del Comit\u00e9 Ejecutivo Municipal del PRD.<\/p>\n\n\n\n<p>En el acto, la primera en tomar el micr\u00f3fono fue la Regidora del Sol Acrom\u00e1tico, Paulina Aguilar Monta\u00f1o, manifest\u00f3 sentirse orgullosa de pertenecer al PRD, partido que adem\u00e1s le brindo la oportunidad de ingresar a la funci\u00f3n p\u00fablica.<\/p>\n\n\n\n<p>Posteriormente el Presidente del Comit\u00e9 Municipal del PRD, Mart\u00edn Molina Mart\u00ednez, agradeci\u00f3 la oportunidad de poder encabezar este partido que ha sido parte fundamental de los grandes cambios que ha habido en el pa\u00eds durante los \u00faltimos 33 a\u00f1os, mismos que tiene de vida el PRD.<\/p>\n\n\n\n<p>Por su parte la Diputada Local por el distrito XV con sede en P\u00e1tzcuaro, Lic. Samanta Flores Adame, dijo que para ella es un gusto asistir a este tipo de eventos, al tiempo que manifest\u00f3 que solo la unidad va a traer el progreso para el municipio, el estado y por ende para M\u00e9xico.<\/p>\n\n\n\n<p>Flores Adame, sentenci\u00f3, &#8220;estamos haciendo el trabajo y lo estamos haciendo bien. Seguimos luchando por el bienestar de la gente de mi distrito&#8221;.<\/p>\n\n\n\n<p>En su participaci\u00f3n el profesor Jos\u00e9 Guadalupe Aguilera Flores, secretario del Comit\u00e9 Estatal del PRD agradeci\u00f3 el acompa\u00f1amiento que le brindan tanto presidentes de otros comit\u00e9s municipales del PRD,\u00a0 como gente del PRI, en especial de la actual Diputada Local Samanta Flores y del presidente de ese partido en el municipio.<\/p>\n\n\n\n<p>El oriundo de Tingambato agreg\u00f3, &#8220;el trabajo que venimos haciendo en el Comit\u00e9 Estatal ha sido intenso por los 113 municipios que conforman el estado, hemos estado aperturando oficinas en varios lugares&#8221;<\/p>\n\n\n\n<p>Finaliz\u00f3 haciendo una invitaci\u00f3n a las personas que encabezan este Comit\u00e9 en P\u00e1tzcuaro a trabajar, ya que dijo: &#8220;a partir de hoy se les va a intensificar su labor con diferentes peticiones y gestiones de la gente&#8221;.<\/p>\n\n\n\n<p>La oficina se localiza en la calle Tercera de Ibarra n\u00famero 128 colonia Centro y \u00fanicamente se atender\u00e1 los mi\u00e9rcoles en un horario de 10:00 am a 2:00 pm y de 4:00 a 7:00 pm, declaro el presidente del partido Mart\u00edn Molina.<\/p>\n\n\n\n<p>Por \u00faltimo cabe mencionar que previo al corte del list\u00f3n inaugural, el l\u00edder Antonio Aguilar Corona a nombre propio y de la Regidora Paulina Aguilar, manifest\u00f3 su respaldo al actual presidente del Comit\u00e9 Municipal Mart\u00edn Molina Mart\u00ednez, y pidi\u00f3 al profesor Lupillo Aguilera que los apoyos que otorgue el partido no sean para pseudo l\u00edderes o integrantes de otros partidos pol\u00edticos, ya que dijo: &#8220;los que s\u00ed somos perredistas nos quedamos con las manos vac\u00edas&#8221;.<\/p>\n","protected":false},"excerpt":{"rendered":"<p>Roberto soto P\u00e9rez P\u00e1tzcuaro, Mich., 25 de mayo de 2022.- En evento realizado en la antigua casa\u00a0 de gesti\u00f3n del exdiputado Jos\u00e9 Guadalupe Aguilera Rojas, se dio a conocer que en ese mismo lugar, ser\u00e1 la Oficina del Comit\u00e9 Ejecutivo Municipal del PRD. En el acto, la primera en tomar el micr\u00f3fono fue la Regidora [&hellip;]<\/p>\n","protected":false},"author":1,"featured_media":8405,"comment_status":"open","ping_status":"closed","sticky":false,"template":"","format":"standard","meta":[],"categories":[1],"tags":[],"yoast_head":"<!-- This site is optimized with the Yoast SEO plugin v17.9 - https:\/\/yoast.com\/wordpress\/plugins\/seo\/ -->\n<title>Inauguran oficina del PRD en P\u00e1tzcuaro - Reflejo de Michoac\u00e1n<\/title>\n<meta name=\"robots\" content=\"index, follow, max-snippet:-1, max-image-preview:large, max-video-preview:-1\" \/>\n<link rel=\"canonical\" href=\"https:\/\/reflejodemichoacan.com\/index.php\/2022\/05\/25\/inauguran-oficina-del-prd-en-patzcuaro\/\" \/>\n<meta property=\"og:locale\" content=\"es_MX\" \/>\n<meta property=\"og:type\" content=\"article\" \/>\n<meta property=\"og:title\" content=\"Inauguran oficina del PRD en P\u00e1tzcuaro - Reflejo de Michoac\u00e1n\" \/>\n<meta property=\"og:description\" content=\"Roberto soto P\u00e9rez P\u00e1tzcuaro, Mich., 25 de mayo de 2022.- En evento realizado en la antigua casa\u00a0 de gesti\u00f3n del exdiputado Jos\u00e9 Guadalupe Aguilera Rojas, se dio a conocer que en ese mismo lugar, ser\u00e1 la Oficina del Comit\u00e9 Ejecutivo Municipal del PRD. En el acto, la primera en tomar el micr\u00f3fono fue la Regidora [&hellip;]\" \/>\n<meta property=\"og:url\" content=\"https:\/\/reflejodemichoacan.com\/index.php\/2022\/05\/25\/inauguran-oficina-del-prd-en-patzcuaro\/\" \/>\n<meta property=\"og:site_name\" content=\"Reflejo de Michoac\u00e1n\" \/>\n<meta property=\"article:published_time\" content=\"2022-05-25T21:01:14+00:00\" \/>\n<meta property=\"article:modified_time\" content=\"2022-05-25T21:01:17+00:00\" \/>\n<meta property=\"og:image\" content=\"https:\/\/reflejodemichoacan.com\/wp-content\/uploads\/2022\/05\/PRD1.jpg\" \/>\n\t<meta property=\"og:image:width\" content=\"1600\" \/>\n\t<meta property=\"og:image:height\" content=\"769\" \/>\n\t<meta property=\"og:image:type\" content=\"image\/jpeg\" \/>\n<meta name=\"twitter:card\" content=\"summary_large_image\" \/>\n<meta name=\"twitter:label1\" content=\"Escrito por\" \/>\n\t<meta name=\"twitter:data1\" content=\"Aurora\" \/>\n\t<meta name=\"twitter:label2\" content=\"Tiempo de lectura\" \/>\n\t<meta name=\"twitter:data2\" content=\"3 minutos\" \/>\n<script type=\"application\/ld+json\" class=\"yoast-schema-graph\">{\"@context\":\"https:\/\/schema.org\",\"@graph\":[{\"@type\":\"WebSite\",\"@id\":\"https:\/\/reflejodemichoacan.com\/#website\",\"url\":\"https:\/\/reflejodemichoacan.com\/\",\"name\":\"Reflejo de Michoac\\u00e1n\",\"description\":\"Medio de comunicaci\\u00f3n impreso y digital al servicio de la regi\\u00f3n lacustre y Michoac\\u00e1n.\",\"potentialAction\":[{\"@type\":\"SearchAction\",\"target\":{\"@type\":\"EntryPoint\",\"urlTemplate\":\"https:\/\/reflejodemichoacan.com\/?s={search_term_string}\"},\"query-input\":\"required name=search_term_string\"}],\"inLanguage\":\"es-MX\"},{\"@type\":\"ImageObject\",\"@id\":\"https:\/\/reflejodemichoacan.com\/index.php\/2022\/05\/25\/inauguran-oficina-del-prd-en-patzcuaro\/#primaryimage\",\"inLanguage\":\"es-MX\",\"url\":\"https:\/\/reflejodemichoacan.com\/wp-content\/uploads\/2022\/05\/PRD1.jpg\",\"contentUrl\":\"https:\/\/reflejodemichoacan.com\/wp-content\/uploads\/2022\/05\/PRD1.jpg\",\"width\":1600,\"height\":769},{\"@type\":\"WebPage\",\"@id\":\"https:\/\/reflejodemichoacan.com\/index.php\/2022\/05\/25\/inauguran-oficina-del-prd-en-patzcuaro\/#webpage\",\"url\":\"https:\/\/reflejodemichoacan.com\/index.php\/2022\/05\/25\/inauguran-oficina-del-prd-en-patzcuaro\/\",\"name\":\"Inauguran oficina del PRD en P\\u00e1tzcuaro - Reflejo de Michoac\\u00e1n\",\"isPartOf\":{\"@id\":\"https:\/\/reflejodemichoacan.com\/#website\"},\"primaryImageOfPage\":{\"@id\":\"https:\/\/reflejodemichoacan.com\/index.php\/2022\/05\/25\/inauguran-oficina-del-prd-en-patzcuaro\/#primaryimage\"},\"datePublished\":\"2022-05-25T21:01:14+00:00\",\"dateModified\":\"2022-05-25T21:01:17+00:00\",\"author\":{\"@id\":\"https:\/\/reflejodemichoacan.com\/#\/schema\/person\/72d921e8fe99bd6e2e39bcde8995046f\"},\"breadcrumb\":{\"@id\":\"https:\/\/reflejodemichoacan.com\/index.php\/2022\/05\/25\/inauguran-oficina-del-prd-en-patzcuaro\/#breadcrumb\"},\"inLanguage\":\"es-MX\",\"potentialAction\":[{\"@type\":\"ReadAction\",\"target\":[\"https:\/\/reflejodemichoacan.com\/index.php\/2022\/05\/25\/inauguran-oficina-del-prd-en-patzcuaro\/\"]}]},{\"@type\":\"BreadcrumbList\",\"@id\":\"https:\/\/reflejodemichoacan.com\/index.php\/2022\/05\/25\/inauguran-oficina-del-prd-en-patzcuaro\/#breadcrumb\",\"itemListElement\":[{\"@type\":\"ListItem\",\"position\":1,\"name\":\"Inicio\",\"item\":\"https:\/\/reflejodemichoacan.com\/\"},{\"@type\":\"ListItem\",\"position\":2,\"name\":\"Inauguran oficina del PRD en P\\u00e1tzcuaro\"}]},{\"@type\":\"Person\",\"@id\":\"https:\/\/reflejodemichoacan.com\/#\/schema\/person\/72d921e8fe99bd6e2e39bcde8995046f\",\"name\":\"Aurora\",\"image\":{\"@type\":\"ImageObject\",\"@id\":\"https:\/\/reflejodemichoacan.com\/#personlogo\",\"inLanguage\":\"es-MX\",\"url\":\"https:\/\/secure.gravatar.com\/avatar\/df5ceb9b998be27b25dd258a6b4b0a95?s=96&d=mm&r=g\",\"contentUrl\":\"https:\/\/secure.gravatar.com\/avatar\/df5ceb9b998be27b25dd258a6b4b0a95?s=96&d=mm&r=g\",\"caption\":\"Aurora\"},\"sameAs\":[\"http:\/\/reflejodemichoacan.com\"],\"url\":\"https:\/\/reflejodemichoacan.com\/index.php\/author\/rixwm7qvsq\/\"}]}<\/script>\n<!-- \/ Yoast SEO plugin. -->","yoast_head_json":{"title":"Inauguran oficina del PRD en P\u00e1tzcuaro - Reflejo de Michoac\u00e1n","robots":{"index":"index","follow":"follow","max-snippet":"max-snippet:-1","max-image-preview":"max-image-preview:large","max-video-preview":"max-video-preview:-1"},"canonical":"https:\/\/reflejodemichoacan.com\/index.php\/2022\/05\/25\/inauguran-oficina-del-prd-en-patzcuaro\/","og_locale":"es_MX","og_type":"article","og_title":"Inauguran oficina del PRD en P\u00e1tzcuaro - Reflejo de Michoac\u00e1n","og_description":"Roberto soto P\u00e9rez P\u00e1tzcuaro, Mich., 25 de mayo de 2022.- En evento realizado en la antigua casa\u00a0 de gesti\u00f3n del exdiputado Jos\u00e9 Guadalupe Aguilera Rojas, se dio a conocer que en ese mismo lugar, ser\u00e1 la Oficina del Comit\u00e9 Ejecutivo Municipal del PRD. En el acto, la primera en tomar el micr\u00f3fono fue la Regidora [&hellip;]","og_url":"https:\/\/reflejodemichoacan.com\/index.php\/2022\/05\/25\/inauguran-oficina-del-prd-en-patzcuaro\/","og_site_name":"Reflejo de Michoac\u00e1n","article_published_time":"2022-05-25T21:01:14+00:00","article_modified_time":"2022-05-25T21:01:17+00:00","og_image":[{"width":1600,"height":769,"url":"https:\/\/reflejodemichoacan.com\/wp-content\/uploads\/2022\/05\/PRD1.jpg","type":"image\/jpeg"}],"twitter_card":"summary_large_image","twitter_misc":{"Escrito por":"Aurora","Tiempo de lectura":"3 minutos"},"schema":{"@context":"https:\/\/schema.org","@graph":[{"@type":"WebSite","@id":"https:\/\/reflejodemichoacan.com\/#website","url":"https:\/\/reflejodemichoacan.com\/","name":"Reflejo de Michoac\u00e1n","description":"Medio de comunicaci\u00f3n impreso y digital al servicio de la regi\u00f3n lacustre y Michoac\u00e1n.","potentialAction":[{"@type":"SearchAction","target":{"@type":"EntryPoint","urlTemplate":"https:\/\/reflejodemichoacan.com\/?s={search_term_string}"},"query-input":"required name=search_term_string"}],"inLanguage":"es-MX"},{"@type":"ImageObject","@id":"https:\/\/reflejodemichoacan.com\/index.php\/2022\/05\/25\/inauguran-oficina-del-prd-en-patzcuaro\/#primaryimage","inLanguage":"es-MX","url":"https:\/\/reflejodemichoacan.com\/wp-content\/uploads\/2022\/05\/PRD1.jpg","contentUrl":"https:\/\/reflejodemichoacan.com\/wp-content\/uploads\/2022\/05\/PRD1.jpg","width":1600,"height":769},{"@type":"WebPage","@id":"https:\/\/reflejodemichoacan.com\/index.php\/2022\/05\/25\/inauguran-oficina-del-prd-en-patzcuaro\/#webpage","url":"https:\/\/reflejodemichoacan.com\/index.php\/2022\/05\/25\/inauguran-oficina-del-prd-en-patzcuaro\/","name":"Inauguran oficina del PRD en P\u00e1tzcuaro - Reflejo de Michoac\u00e1n","isPartOf":{"@id":"https:\/\/reflejodemichoacan.com\/#website"},"primaryImageOfPage":{"@id":"https:\/\/reflejodemichoacan.com\/index.php\/2022\/05\/25\/inauguran-oficina-del-prd-en-patzcuaro\/#primaryimage"},"datePublished":"2022-05-25T21:01:14+00:00","dateModified":"2022-05-25T21:01:17+00:00","author":{"@id":"https:\/\/reflejodemichoacan.com\/#\/schema\/person\/72d921e8fe99bd6e2e39bcde8995046f"},"breadcrumb":{"@id":"https:\/\/reflejodemichoacan.com\/index.php\/2022\/05\/25\/inauguran-oficina-del-prd-en-patzcuaro\/#breadcrumb"},"inLanguage":"es-MX","potentialAction":[{"@type":"ReadAction","target":["https:\/\/reflejodemichoacan.com\/index.php\/2022\/05\/25\/inauguran-oficina-del-prd-en-patzcuaro\/"]}]},{"@type":"BreadcrumbList","@id":"https:\/\/reflejodemichoacan.com\/index.php\/2022\/05\/25\/inauguran-oficina-del-prd-en-patzcuaro\/#breadcrumb","itemListElement":[{"@type":"ListItem","position":1,"name":"Inicio","item":"https:\/\/reflejodemichoacan.com\/"},{"@type":"ListItem","position":2,"name":"Inauguran oficina del PRD en P\u00e1tzcuaro"}]},{"@type":"Person","@id":"https:\/\/reflejodemichoacan.com\/#\/schema\/person\/72d921e8fe99bd6e2e39bcde8995046f","name":"Aurora","image":{"@type":"ImageObject","@id":"https:\/\/reflejodemichoacan.com\/#personlogo","inLanguage":"es-MX","url":"https:\/\/secure.gravatar.com\/avatar\/df5ceb9b998be27b25dd258a6b4b0a95?s=96&d=mm&r=g","contentUrl":"https:\/\/secure.gravatar.com\/avatar\/df5ceb9b998be27b25dd258a6b4b0a95?s=96&d=mm&r=g","caption":"Aurora"},"sameAs":["http:\/\/reflejodemichoacan.com"],"url":"https:\/\/reflejodemichoacan.com\/index.php\/author\/rixwm7qvsq\/"}]}},"_links":{"self":[{"href":"https:\/\/reflejodemichoacan.com\/index.php\/wp-json\/wp\/v2\/posts\/8404"}],"collection":[{"href":"https:\/\/reflejodemichoacan.com\/index.php\/wp-json\/wp\/v2\/posts"}],"about":[{"href":"https:\/\/reflejodemichoacan.com\/index.php\/wp-json\/wp\/v2\/types\/post"}],"author":[{"embeddable":true,"href":"https:\/\/reflejodemichoacan.com\/index.php\/wp-json\/wp\/v2\/users\/1"}],"replies":[{"embeddable":true,"href":"https:\/\/reflejodemichoacan.com\/index.php\/wp-json\/wp\/v2\/comments?post=8404"}],"version-history":[{"count":1,"href":"https:\/\/reflejodemichoacan.com\/index.php\/wp-json\/wp\/v2\/posts\/8404\/revisions"}],"predecessor-version":[{"id":8406,"href":"https:\/\/reflejodemichoacan.com\/index.php\/wp-json\/wp\/v2\/posts\/8404\/revisions\/8406"}],"wp:featuredmedia":[{"embeddable":true,"href":"https:\/\/reflejodemichoacan.com\/index.php\/wp-json\/wp\/v2\/media\/8405"}],"wp:attachment":[{"href":"https:\/\/reflejodemichoacan.com\/index.php\/wp-json\/wp\/v2\/media?parent=8404"}],"wp:term":[{"taxonomy":"category","embeddable":true,"href":"https:\/\/reflejodemichoacan.com\/index.php\/wp-json\/wp\/v2\/categories?post=8404"},{"taxonomy":"post_tag","embeddable":true,"href":"https:\/\/reflejodemichoacan.com\/index.php\/wp-json\/wp\/v2\/tags?post=8404"}],"curies":[{"name":"wp","href":"https:\/\/api.w.org\/{rel}","templated":true}]}}