{"id":8407,"date":"2022-05-25T22:54:34","date_gmt":"2022-05-25T22:54:34","guid":{"rendered":"https:\/\/reflejodemichoacan.com\/?p=8407"},"modified":"2022-05-25T22:54:39","modified_gmt":"2022-05-25T22:54:39","slug":"se-cumplen-cien-anos-de-la-primera-escuela-normal-rural","status":"publish","type":"post","link":"https:\/\/reflejodemichoacan.com\/index.php\/2022\/05\/25\/se-cumplen-cien-anos-de-la-primera-escuela-normal-rural\/","title":{"rendered":"Se cumplen cien a\u00f1os de la primera escuela normal rural"},"content":{"rendered":"\n<p>Fidel Rodr\u00edguez Ramos<\/p>\n\n\n\n<p>&nbsp; Desproporcionada ha sido la agresi\u00f3n hacia un neto producto de la Revoluci\u00f3n Mexicana, hacia sus escuelas normales rurales, como la que nace un 22 de mayo de 1922 en Tac\u00e1mbaro, Michoac\u00e1n, en una casa particular con cinco maestras y once profesores, esa instituci\u00f3n debe deambular por varios lugares como Erongar\u00edcuaro,&nbsp;&nbsp; Huetamo, Zit\u00e1cuaro para finalmente ocupar una ex hacienda, la de Coapa, en Tiripet\u00edo conocida como \u201cVasco de Quiroga\u201d, el hecho es significativo, pues recordemos el movimiento libertario se dirige contra los acaparadores de tierras que causan perjuicio a miles de campesinos.<\/p>\n\n\n\n<p>&nbsp;&nbsp; La normal de Tiripet\u00edo se convierte en una semilla que da origen a m\u00e1s escuelas en todo el pa\u00eds, donde se recibe a hijos de campesinos y obreros pobres, sus integrantes pronto juegan un papel importante al lado de muchos pueblos y comunidades ind\u00edgenas, que padec\u00edan un sinf\u00edn de problemas, como no tener tierras; resolver la invasi\u00f3n de quienes las pose\u00edan, a pesar de tener t\u00edtulos virreinales o resoluciones presidenciales. Enfrentar a personajes poderosos en varias regiones que dispon\u00edan abusivamente de los recursos naturales, del comercio, contra quienes garantizaban el predominio de un partido que se asum\u00eda como heredero del movimiento de 1910; pero sobre todo del apoyo que los normalistas daban a quienes padec\u00edan encarcelamientos, persecusi\u00f3n a causa de sus ideas o luchas de car\u00e1cter social. Los normalistas siempre apoyaron las causas m\u00e1s nobles de los trabajadores en las f\u00e1bricas, en el campo o ciudades.<\/p>\n\n\n\n<p>&nbsp;&nbsp; Se destaca lo anterior, porque precisamente esa fue la raz\u00f3n de m\u00faltiples acosos y ataques a las&nbsp; normales, de treinta y cinco que llegaron a existir hoy s\u00f3lo quedan diecis\u00e9is. Durante el gobierno criminal de Gustavo D\u00edaz Ordaz, por el apoyo que los normalistas dan al movimiento del 68, \u00e9ste elimina catorce de esos centros. La misma escuela Vasco de Quiroga tiene todo un historial de agresiones sangrientas, como la que ocurre cuando una camioneta de la polic\u00eda estatal atropella a&nbsp; estudiantes, causando la muerte a varios de ellos, cuando se manifestaban exigiendo la soluci\u00f3n de leg\u00edtimas demandas. Por las dif\u00edciles condiciones en que viven, en una ocasi\u00f3n fallecen por un corto circuito en su dormitorio algunos chamacos. No se olvida el actuar del gobernador priista Fausto Vallejo que con la polic\u00eda estatal, con maquinaria pesada la invade, deteniendo a decenas de estudiantes.<\/p>\n\n\n\n<p>\u00a0\u00a0 La agresi\u00f3n desproporcionada a esos centros ha motivado que haya una matr\u00edcula actual de siete mil estudiantes, que deben defender la no desaparici\u00f3n de sus internados y comedores. Ellos mismos dicen, y no sin falta de raz\u00f3n, que la profesi\u00f3n magisterial se obtiene con sangre. As\u00ed a mediados del 2011 son asesinados por polic\u00edas ministeriales en Guerrero los alumnos de Ayotzinapa : Gabriel Echeverr\u00eda de Jes\u00fas y Jorge Herrera Pino. Que mejor muestra de reconocimiento a esos cien a\u00f1os, ser\u00eda atender su demanda de asignarles plazas autom\u00e1ticas a los egresados, regularizar la situaci\u00f3n de muchos docentes, no s\u00f3lo de Michoac\u00e1n sino de todo el pa\u00eds, quienes nos ense\u00f1aron a leer y escribir deben hoy recibir nuestro m\u00e1s completo reconocimiento y solidaridad. <\/p>\n","protected":false},"excerpt":{"rendered":"<p>Fidel Rodr\u00edguez Ramos &nbsp; Desproporcionada ha sido la agresi\u00f3n hacia un neto producto de la Revoluci\u00f3n Mexicana, hacia sus escuelas normales rurales, como la que nace un 22 de mayo de 1922 en Tac\u00e1mbaro, Michoac\u00e1n, en una casa particular con cinco maestras y once profesores, esa instituci\u00f3n debe deambular por varios lugares como Erongar\u00edcuaro,&nbsp;&nbsp; Huetamo, [&hellip;]<\/p>\n","protected":false},"author":1,"featured_media":8408,"comment_status":"open","ping_status":"closed","sticky":false,"template":"","format":"standard","meta":[],"categories":[1],"tags":[],"yoast_head":"<!-- This site is optimized with the Yoast SEO plugin v17.9 - https:\/\/yoast.com\/wordpress\/plugins\/seo\/ -->\n<title>Se cumplen cien a\u00f1os de la primera escuela normal rural - Reflejo de Michoac\u00e1n<\/title>\n<meta name=\"robots\" content=\"index, follow, max-snippet:-1, max-image-preview:large, max-video-preview:-1\" \/>\n<link rel=\"canonical\" href=\"https:\/\/reflejodemichoacan.com\/index.php\/2022\/05\/25\/se-cumplen-cien-anos-de-la-primera-escuela-normal-rural\/\" \/>\n<meta property=\"og:locale\" content=\"es_MX\" \/>\n<meta property=\"og:type\" content=\"article\" \/>\n<meta property=\"og:title\" content=\"Se cumplen cien a\u00f1os de la primera escuela normal rural - Reflejo de Michoac\u00e1n\" \/>\n<meta property=\"og:description\" content=\"Fidel Rodr\u00edguez Ramos &nbsp; Desproporcionada ha sido la agresi\u00f3n hacia un neto producto de la Revoluci\u00f3n Mexicana, hacia sus escuelas normales rurales, como la que nace un 22 de mayo de 1922 en Tac\u00e1mbaro, Michoac\u00e1n, en una casa particular con cinco maestras y once profesores, esa instituci\u00f3n debe deambular por varios lugares como Erongar\u00edcuaro,&nbsp;&nbsp; Huetamo, [&hellip;]\" \/>\n<meta property=\"og:url\" content=\"https:\/\/reflejodemichoacan.com\/index.php\/2022\/05\/25\/se-cumplen-cien-anos-de-la-primera-escuela-normal-rural\/\" \/>\n<meta property=\"og:site_name\" content=\"Reflejo de Michoac\u00e1n\" \/>\n<meta property=\"article:published_time\" content=\"2022-05-25T22:54:34+00:00\" \/>\n<meta property=\"article:modified_time\" content=\"2022-05-25T22:54:39+00:00\" \/>\n<meta property=\"og:image\" content=\"https:\/\/reflejodemichoacan.com\/wp-content\/uploads\/2022\/05\/tiri.jpg\" \/>\n\t<meta property=\"og:image:width\" content=\"1173\" \/>\n\t<meta property=\"og:image:height\" content=\"824\" \/>\n\t<meta property=\"og:image:type\" content=\"image\/jpeg\" \/>\n<meta name=\"twitter:card\" content=\"summary_large_image\" \/>\n<meta name=\"twitter:label1\" content=\"Escrito por\" \/>\n\t<meta name=\"twitter:data1\" content=\"Aurora\" \/>\n\t<meta name=\"twitter:label2\" content=\"Tiempo de lectura\" \/>\n\t<meta name=\"twitter:data2\" content=\"3 minutos\" \/>\n<script type=\"application\/ld+json\" class=\"yoast-schema-graph\">{\"@context\":\"https:\/\/schema.org\",\"@graph\":[{\"@type\":\"WebSite\",\"@id\":\"https:\/\/reflejodemichoacan.com\/#website\",\"url\":\"https:\/\/reflejodemichoacan.com\/\",\"name\":\"Reflejo de Michoac\\u00e1n\",\"description\":\"Medio de comunicaci\\u00f3n impreso y digital al servicio de la regi\\u00f3n lacustre y Michoac\\u00e1n.\",\"potentialAction\":[{\"@type\":\"SearchAction\",\"target\":{\"@type\":\"EntryPoint\",\"urlTemplate\":\"https:\/\/reflejodemichoacan.com\/?s={search_term_string}\"},\"query-input\":\"required name=search_term_string\"}],\"inLanguage\":\"es-MX\"},{\"@type\":\"ImageObject\",\"@id\":\"https:\/\/reflejodemichoacan.com\/index.php\/2022\/05\/25\/se-cumplen-cien-anos-de-la-primera-escuela-normal-rural\/#primaryimage\",\"inLanguage\":\"es-MX\",\"url\":\"https:\/\/reflejodemichoacan.com\/wp-content\/uploads\/2022\/05\/tiri.jpg\",\"contentUrl\":\"https:\/\/reflejodemichoacan.com\/wp-content\/uploads\/2022\/05\/tiri.jpg\",\"width\":1173,\"height\":824,\"caption\":\"El conflicto de la Normal de Tiripet\\u00edo concluy\\u00f3 esta tarde, una vez que los normalistas liberaron la totalidad de los autobuses y camiones que por m\\u00e1s de ocho d\\u00edas retuvieron al interior de la escuela. En derivado de la firma de una minuta que concretaron con el secretario de Gobierno y con la secretaria de Educaci\\u00f3n, en donde la administraci\\u00f3n de Fausto Vallejo se compromete a respetar la matr\\u00edcula de ingreso y a efectuar gestiones ante la federaci\\u00f3n para la asignaci\\u00f3n de plazas autom\\u00e1ticas. Dia 16 de marzo 12 Fot Iv\\u00e1n Sa\\u00e1nchez\"},{\"@type\":\"WebPage\",\"@id\":\"https:\/\/reflejodemichoacan.com\/index.php\/2022\/05\/25\/se-cumplen-cien-anos-de-la-primera-escuela-normal-rural\/#webpage\",\"url\":\"https:\/\/reflejodemichoacan.com\/index.php\/2022\/05\/25\/se-cumplen-cien-anos-de-la-primera-escuela-normal-rural\/\",\"name\":\"Se cumplen cien a\\u00f1os de la primera escuela normal rural - Reflejo de Michoac\\u00e1n\",\"isPartOf\":{\"@id\":\"https:\/\/reflejodemichoacan.com\/#website\"},\"primaryImageOfPage\":{\"@id\":\"https:\/\/reflejodemichoacan.com\/index.php\/2022\/05\/25\/se-cumplen-cien-anos-de-la-primera-escuela-normal-rural\/#primaryimage\"},\"datePublished\":\"2022-05-25T22:54:34+00:00\",\"dateModified\":\"2022-05-25T22:54:39+00:00\",\"author\":{\"@id\":\"https:\/\/reflejodemichoacan.com\/#\/schema\/person\/72d921e8fe99bd6e2e39bcde8995046f\"},\"breadcrumb\":{\"@id\":\"https:\/\/reflejodemichoacan.com\/index.php\/2022\/05\/25\/se-cumplen-cien-anos-de-la-primera-escuela-normal-rural\/#breadcrumb\"},\"inLanguage\":\"es-MX\",\"potentialAction\":[{\"@type\":\"ReadAction\",\"target\":[\"https:\/\/reflejodemichoacan.com\/index.php\/2022\/05\/25\/se-cumplen-cien-anos-de-la-primera-escuela-normal-rural\/\"]}]},{\"@type\":\"BreadcrumbList\",\"@id\":\"https:\/\/reflejodemichoacan.com\/index.php\/2022\/05\/25\/se-cumplen-cien-anos-de-la-primera-escuela-normal-rural\/#breadcrumb\",\"itemListElement\":[{\"@type\":\"ListItem\",\"position\":1,\"name\":\"Inicio\",\"item\":\"https:\/\/reflejodemichoacan.com\/\"},{\"@type\":\"ListItem\",\"position\":2,\"name\":\"Se cumplen cien a\\u00f1os de la primera escuela normal rural\"}]},{\"@type\":\"Person\",\"@id\":\"https:\/\/reflejodemichoacan.com\/#\/schema\/person\/72d921e8fe99bd6e2e39bcde8995046f\",\"name\":\"Aurora\",\"image\":{\"@type\":\"ImageObject\",\"@id\":\"https:\/\/reflejodemichoacan.com\/#personlogo\",\"inLanguage\":\"es-MX\",\"url\":\"https:\/\/secure.gravatar.com\/avatar\/df5ceb9b998be27b25dd258a6b4b0a95?s=96&d=mm&r=g\",\"contentUrl\":\"https:\/\/secure.gravatar.com\/avatar\/df5ceb9b998be27b25dd258a6b4b0a95?s=96&d=mm&r=g\",\"caption\":\"Aurora\"},\"sameAs\":[\"http:\/\/reflejodemichoacan.com\"],\"url\":\"https:\/\/reflejodemichoacan.com\/index.php\/author\/rixwm7qvsq\/\"}]}<\/script>\n<!-- \/ Yoast SEO plugin. -->","yoast_head_json":{"title":"Se cumplen cien a\u00f1os de la primera escuela normal rural - Reflejo de Michoac\u00e1n","robots":{"index":"index","follow":"follow","max-snippet":"max-snippet:-1","max-image-preview":"max-image-preview:large","max-video-preview":"max-video-preview:-1"},"canonical":"https:\/\/reflejodemichoacan.com\/index.php\/2022\/05\/25\/se-cumplen-cien-anos-de-la-primera-escuela-normal-rural\/","og_locale":"es_MX","og_type":"article","og_title":"Se cumplen cien a\u00f1os de la primera escuela normal rural - Reflejo de Michoac\u00e1n","og_description":"Fidel Rodr\u00edguez Ramos &nbsp; Desproporcionada ha sido la agresi\u00f3n hacia un neto producto de la Revoluci\u00f3n Mexicana, hacia sus escuelas normales rurales, como la que nace un 22 de mayo de 1922 en Tac\u00e1mbaro, Michoac\u00e1n, en una casa particular con cinco maestras y once profesores, esa instituci\u00f3n debe deambular por varios lugares como Erongar\u00edcuaro,&nbsp;&nbsp; Huetamo, [&hellip;]","og_url":"https:\/\/reflejodemichoacan.com\/index.php\/2022\/05\/25\/se-cumplen-cien-anos-de-la-primera-escuela-normal-rural\/","og_site_name":"Reflejo de Michoac\u00e1n","article_published_time":"2022-05-25T22:54:34+00:00","article_modified_time":"2022-05-25T22:54:39+00:00","og_image":[{"width":1173,"height":824,"url":"https:\/\/reflejodemichoacan.com\/wp-content\/uploads\/2022\/05\/tiri.jpg","type":"image\/jpeg"}],"twitter_card":"summary_large_image","twitter_misc":{"Escrito por":"Aurora","Tiempo de lectura":"3 minutos"},"schema":{"@context":"https:\/\/schema.org","@graph":[{"@type":"WebSite","@id":"https:\/\/reflejodemichoacan.com\/#website","url":"https:\/\/reflejodemichoacan.com\/","name":"Reflejo de Michoac\u00e1n","description":"Medio de comunicaci\u00f3n impreso y digital al servicio de la regi\u00f3n lacustre y Michoac\u00e1n.","potentialAction":[{"@type":"SearchAction","target":{"@type":"EntryPoint","urlTemplate":"https:\/\/reflejodemichoacan.com\/?s={search_term_string}"},"query-input":"required name=search_term_string"}],"inLanguage":"es-MX"},{"@type":"ImageObject","@id":"https:\/\/reflejodemichoacan.com\/index.php\/2022\/05\/25\/se-cumplen-cien-anos-de-la-primera-escuela-normal-rural\/#primaryimage","inLanguage":"es-MX","url":"https:\/\/reflejodemichoacan.com\/wp-content\/uploads\/2022\/05\/tiri.jpg","contentUrl":"https:\/\/reflejodemichoacan.com\/wp-content\/uploads\/2022\/05\/tiri.jpg","width":1173,"height":824,"caption":"El conflicto de la Normal de Tiripet\u00edo concluy\u00f3 esta tarde, una vez que los normalistas liberaron la totalidad de los autobuses y camiones que por m\u00e1s de ocho d\u00edas retuvieron al interior de la escuela. En derivado de la firma de una minuta que concretaron con el secretario de Gobierno y con la secretaria de Educaci\u00f3n, en donde la administraci\u00f3n de Fausto Vallejo se compromete a respetar la matr\u00edcula de ingreso y a efectuar gestiones ante la federaci\u00f3n para la asignaci\u00f3n de plazas autom\u00e1ticas. Dia 16 de marzo 12 Fot Iv\u00e1n Sa\u00e1nchez"},{"@type":"WebPage","@id":"https:\/\/reflejodemichoacan.com\/index.php\/2022\/05\/25\/se-cumplen-cien-anos-de-la-primera-escuela-normal-rural\/#webpage","url":"https:\/\/reflejodemichoacan.com\/index.php\/2022\/05\/25\/se-cumplen-cien-anos-de-la-primera-escuela-normal-rural\/","name":"Se cumplen cien a\u00f1os de la primera escuela normal rural - Reflejo de Michoac\u00e1n","isPartOf":{"@id":"https:\/\/reflejodemichoacan.com\/#website"},"primaryImageOfPage":{"@id":"https:\/\/reflejodemichoacan.com\/index.php\/2022\/05\/25\/se-cumplen-cien-anos-de-la-primera-escuela-normal-rural\/#primaryimage"},"datePublished":"2022-05-25T22:54:34+00:00","dateModified":"2022-05-25T22:54:39+00:00","author":{"@id":"https:\/\/reflejodemichoacan.com\/#\/schema\/person\/72d921e8fe99bd6e2e39bcde8995046f"},"breadcrumb":{"@id":"https:\/\/reflejodemichoacan.com\/index.php\/2022\/05\/25\/se-cumplen-cien-anos-de-la-primera-escuela-normal-rural\/#breadcrumb"},"inLanguage":"es-MX","potentialAction":[{"@type":"ReadAction","target":["https:\/\/reflejodemichoacan.com\/index.php\/2022\/05\/25\/se-cumplen-cien-anos-de-la-primera-escuela-normal-rural\/"]}]},{"@type":"BreadcrumbList","@id":"https:\/\/reflejodemichoacan.com\/index.php\/2022\/05\/25\/se-cumplen-cien-anos-de-la-primera-escuela-normal-rural\/#breadcrumb","itemListElement":[{"@type":"ListItem","position":1,"name":"Inicio","item":"https:\/\/reflejodemichoacan.com\/"},{"@type":"ListItem","position":2,"name":"Se cumplen cien a\u00f1os de la primera escuela normal rural"}]},{"@type":"Person","@id":"https:\/\/reflejodemichoacan.com\/#\/schema\/person\/72d921e8fe99bd6e2e39bcde8995046f","name":"Aurora","image":{"@type":"ImageObject","@id":"https:\/\/reflejodemichoacan.com\/#personlogo","inLanguage":"es-MX","url":"https:\/\/secure.gravatar.com\/avatar\/df5ceb9b998be27b25dd258a6b4b0a95?s=96&d=mm&r=g","contentUrl":"https:\/\/secure.gravatar.com\/avatar\/df5ceb9b998be27b25dd258a6b4b0a95?s=96&d=mm&r=g","caption":"Aurora"},"sameAs":["http:\/\/reflejodemichoacan.com"],"url":"https:\/\/reflejodemichoacan.com\/index.php\/author\/rixwm7qvsq\/"}]}},"_links":{"self":[{"href":"https:\/\/reflejodemichoacan.com\/index.php\/wp-json\/wp\/v2\/posts\/8407"}],"collection":[{"href":"https:\/\/reflejodemichoacan.com\/index.php\/wp-json\/wp\/v2\/posts"}],"about":[{"href":"https:\/\/reflejodemichoacan.com\/index.php\/wp-json\/wp\/v2\/types\/post"}],"author":[{"embeddable":true,"href":"https:\/\/reflejodemichoacan.com\/index.php\/wp-json\/wp\/v2\/users\/1"}],"replies":[{"embeddable":true,"href":"https:\/\/reflejodemichoacan.com\/index.php\/wp-json\/wp\/v2\/comments?post=8407"}],"version-history":[{"count":1,"href":"https:\/\/reflejodemichoacan.com\/index.php\/wp-json\/wp\/v2\/posts\/8407\/revisions"}],"predecessor-version":[{"id":8409,"href":"https:\/\/reflejodemichoacan.com\/index.php\/wp-json\/wp\/v2\/posts\/8407\/revisions\/8409"}],"wp:featuredmedia":[{"embeddable":true,"href":"https:\/\/reflejodemichoacan.com\/index.php\/wp-json\/wp\/v2\/media\/8408"}],"wp:attachment":[{"href":"https:\/\/reflejodemichoacan.com\/index.php\/wp-json\/wp\/v2\/media?parent=8407"}],"wp:term":[{"taxonomy":"category","embeddable":true,"href":"https:\/\/reflejodemichoacan.com\/index.php\/wp-json\/wp\/v2\/categories?post=8407"},{"taxonomy":"post_tag","embeddable":true,"href":"https:\/\/reflejodemichoacan.com\/index.php\/wp-json\/wp\/v2\/tags?post=8407"}],"curies":[{"name":"wp","href":"https:\/\/api.w.org\/{rel}","templated":true}]}}