{"id":8410,"date":"2022-05-25T22:58:41","date_gmt":"2022-05-25T22:58:41","guid":{"rendered":"https:\/\/reflejodemichoacan.com\/?p=8410"},"modified":"2022-05-25T22:58:51","modified_gmt":"2022-05-25T22:58:51","slug":"la-tragedia-de-uvalde-texas","status":"publish","type":"post","link":"https:\/\/reflejodemichoacan.com\/index.php\/2022\/05\/25\/la-tragedia-de-uvalde-texas\/","title":{"rendered":"LA TRAGEDIA DE UVALDE TEXAS"},"content":{"rendered":"\n<p>\u00a0\u00a0\u00a0 \u201cEs m\u00e1s f\u00e1cil que un ni\u00f1o compre un rifle de asalto que una cerveza\u201d.<\/p>\n\n\n\n<p>Fidel Rodr\u00edguez Ramos<\/p>\n\n\n\n<p>Lamentable lo que acaba de ocurrir \u00e9ste martes 24 de mayo, antes del mediod\u00eda en una escuela primaria de Uvalde Texas, donde una persona de 18 a\u00f1os ingresa disparando con un rifle de asalto, adem\u00e1s de portar otra arma, el saldo tr\u00e1gico de ese violento accionar, se comunicaba ya por la noche de ese d\u00eda: 21 muertos, ni\u00f1os, un maestro y el mismo agresor que es abatido por la polic\u00eda que acude al sitio pocos momentos despu\u00e9s de que se inicia el tiroteo.<\/p>\n\n\n\n<p>El n\u00famero de v\u00edctimas puede ascender, toda vez que se comunicaba el ingreso de heridos a diversas cl\u00ednicas, nadie puede permanecer ajeno a esta tragedia, sobre todo porque casi nunca se hab\u00eda sabido de un alevoso, criminal ataque contra un colegio del nivel b\u00e1sico, dos d\u00edas antes de clausurar el ciclo escolar.<\/p>\n\n\n\n<p>&nbsp; A pesar de que se han tomado m\u00faltiples medidas para evitar esas fuertes tragedias, en los centros educativos como pedir mochilas transparentes, instalar detectores de metales, la violencia sin sentido contin\u00faa. La naci\u00f3n americana, su sociedad es noble, solidaria, participativa, comprensiva, desde hace largo tiempo ha exigido el control, la no proliferaci\u00f3n o prohibici\u00f3n de venta, tras llenar un sencillo formulario, de armas letales que por millones adquieren las familias, que consideran necesarias para cuidar de su integridad f\u00edsica o bienes.<\/p>\n\n\n\n<p>&nbsp; Impacto siempre han causado las muertes que gentes desadaptadas cometen contra inocentes en secundarias o escuelas preparatorias, los ataques no tienen una regularidad, pero cuando se cometen son m\u00e1s letales de los que les preceden. El miedo desde diversos medios o instituciones de gobierno, se promueve, sin tomar en cuenta que eso motiva a la gente a armarse cada vez m\u00e1s.<\/p>\n\n\n\n<p>&nbsp; No es desconocido que la econom\u00eda en los pa\u00edses capitalistas, y Estados Unidos de Am\u00e9rica es su representante m\u00e1s fiel y poderoso, finquen su econom\u00eda en la producci\u00f3n de armamentos sofisticados que ofertan en todo el mundo, por supuesto que sin descuidar su mercado interno. Clamor popular de gran parte de la sociedad norteamericana es pedir un hasta aqu\u00ed a la libre venta de instrumentos de muerte, a pesar de ello la poderosa Asociaci\u00f3n del Rifle lo ha impedido, su duro coraz\u00f3n no se sensibiliza ante el fallecimiento sangriento de ni\u00f1os, j\u00f3venes, adultos, mujeres.<\/p>\n\n\n\n<p>&nbsp;&nbsp;&nbsp; Factor importante, cultural de muchos en &nbsp;esa sociedad americana es el culto a la violencia, enraizado profundamente desde hace m\u00e1s de quinientos a\u00f1os, alentado, por supuesto por la mayor\u00eda de las administraciones de gobierno, que desde siempre proponen como natural eliminar a los dem\u00e1s para conseguir lo que necesitan, sin fijarse en los medios. Las administraciones poderosas no solo afectan con sus decisiones a sus ciudadanos, sino tambi\u00e9n a la mayor\u00eda de la humanidad pues sus armas circulan libremente,&nbsp; como en M\u00e9xico.<\/p>\n\n\n\n<p>&nbsp; Hay toda una l\u00ednea de diversi\u00f3n, desde hace m\u00e1s de tres d\u00e9cadas, basada en lo que se considera una inocente trama como es \u201cmatar\u201d al mayor n\u00famero de enemigos imaginarios, los efectos de esa letal recreaci\u00f3n, es devastadora, quienes se aficionan a ella, desconocen la l\u00ednea que separa &nbsp;la imaginaci\u00f3n de la realidad, quienes act\u00faan tal y como se ve en los videos consideran que no pasar\u00e1 nada, que est\u00e1n dentro de un juego que&nbsp; se acabar\u00e1 cuando lo deseen.<\/p>\n\n\n\n<p>\u00a0 Nos unimos al dolor de esas familias en Texas, porque hemos sentido las muchas tragedias pasadas, donde se entra disparando indiscriminadamente a centros comerciales, a centros de espect\u00e1culos como en un cine de la poblaci\u00f3n de Aurora donde un personaje disfrazado abate a varios espectadores, o como un siniestro personaje desde un hotel dispara contra los asistentes a un concierto en Las Vegas de m\u00fasica country. <\/p>\n","protected":false},"excerpt":{"rendered":"<p>\u00a0\u00a0\u00a0 \u201cEs m\u00e1s f\u00e1cil que un ni\u00f1o compre un rifle de asalto que una cerveza\u201d. Fidel Rodr\u00edguez Ramos Lamentable lo que acaba de ocurrir \u00e9ste martes 24 de mayo, antes del mediod\u00eda en una escuela primaria de Uvalde Texas, donde una persona de 18 a\u00f1os ingresa disparando con un rifle de asalto, adem\u00e1s de portar [&hellip;]<\/p>\n","protected":false},"author":1,"featured_media":8411,"comment_status":"open","ping_status":"closed","sticky":false,"template":"","format":"standard","meta":[],"categories":[1],"tags":[],"yoast_head":"<!-- This site is optimized with the Yoast SEO plugin v17.9 - https:\/\/yoast.com\/wordpress\/plugins\/seo\/ -->\n<title>LA TRAGEDIA DE UVALDE TEXAS - Reflejo de Michoac\u00e1n<\/title>\n<meta name=\"robots\" content=\"index, follow, max-snippet:-1, max-image-preview:large, max-video-preview:-1\" \/>\n<link rel=\"canonical\" href=\"https:\/\/reflejodemichoacan.com\/index.php\/2022\/05\/25\/la-tragedia-de-uvalde-texas\/\" \/>\n<meta property=\"og:locale\" content=\"es_MX\" \/>\n<meta property=\"og:type\" content=\"article\" \/>\n<meta property=\"og:title\" content=\"LA TRAGEDIA DE UVALDE TEXAS - Reflejo de Michoac\u00e1n\" \/>\n<meta property=\"og:description\" content=\"\u00a0\u00a0\u00a0 \u201cEs m\u00e1s f\u00e1cil que un ni\u00f1o compre un rifle de asalto que una cerveza\u201d. Fidel Rodr\u00edguez Ramos Lamentable lo que acaba de ocurrir \u00e9ste martes 24 de mayo, antes del mediod\u00eda en una escuela primaria de Uvalde Texas, donde una persona de 18 a\u00f1os ingresa disparando con un rifle de asalto, adem\u00e1s de portar [&hellip;]\" \/>\n<meta property=\"og:url\" content=\"https:\/\/reflejodemichoacan.com\/index.php\/2022\/05\/25\/la-tragedia-de-uvalde-texas\/\" \/>\n<meta property=\"og:site_name\" content=\"Reflejo de Michoac\u00e1n\" \/>\n<meta property=\"article:published_time\" content=\"2022-05-25T22:58:41+00:00\" \/>\n<meta property=\"article:modified_time\" content=\"2022-05-25T22:58:51+00:00\" \/>\n<meta property=\"og:image\" content=\"https:\/\/reflejodemichoacan.com\/wp-content\/uploads\/2022\/05\/uvalde.jpg\" \/>\n\t<meta property=\"og:image:width\" content=\"1117\" \/>\n\t<meta property=\"og:image:height\" content=\"658\" \/>\n\t<meta property=\"og:image:type\" content=\"image\/jpeg\" \/>\n<meta name=\"twitter:card\" content=\"summary_large_image\" \/>\n<meta name=\"twitter:label1\" content=\"Escrito por\" \/>\n\t<meta name=\"twitter:data1\" content=\"Aurora\" \/>\n\t<meta name=\"twitter:label2\" content=\"Tiempo de lectura\" \/>\n\t<meta name=\"twitter:data2\" content=\"3 minutos\" \/>\n<script type=\"application\/ld+json\" class=\"yoast-schema-graph\">{\"@context\":\"https:\/\/schema.org\",\"@graph\":[{\"@type\":\"WebSite\",\"@id\":\"https:\/\/reflejodemichoacan.com\/#website\",\"url\":\"https:\/\/reflejodemichoacan.com\/\",\"name\":\"Reflejo de Michoac\\u00e1n\",\"description\":\"Medio de comunicaci\\u00f3n impreso y digital al servicio de la regi\\u00f3n lacustre y Michoac\\u00e1n.\",\"potentialAction\":[{\"@type\":\"SearchAction\",\"target\":{\"@type\":\"EntryPoint\",\"urlTemplate\":\"https:\/\/reflejodemichoacan.com\/?s={search_term_string}\"},\"query-input\":\"required name=search_term_string\"}],\"inLanguage\":\"es-MX\"},{\"@type\":\"ImageObject\",\"@id\":\"https:\/\/reflejodemichoacan.com\/index.php\/2022\/05\/25\/la-tragedia-de-uvalde-texas\/#primaryimage\",\"inLanguage\":\"es-MX\",\"url\":\"https:\/\/reflejodemichoacan.com\/wp-content\/uploads\/2022\/05\/uvalde.jpg\",\"contentUrl\":\"https:\/\/reflejodemichoacan.com\/wp-content\/uploads\/2022\/05\/uvalde.jpg\",\"width\":1117,\"height\":658},{\"@type\":\"WebPage\",\"@id\":\"https:\/\/reflejodemichoacan.com\/index.php\/2022\/05\/25\/la-tragedia-de-uvalde-texas\/#webpage\",\"url\":\"https:\/\/reflejodemichoacan.com\/index.php\/2022\/05\/25\/la-tragedia-de-uvalde-texas\/\",\"name\":\"LA TRAGEDIA DE UVALDE TEXAS - Reflejo de Michoac\\u00e1n\",\"isPartOf\":{\"@id\":\"https:\/\/reflejodemichoacan.com\/#website\"},\"primaryImageOfPage\":{\"@id\":\"https:\/\/reflejodemichoacan.com\/index.php\/2022\/05\/25\/la-tragedia-de-uvalde-texas\/#primaryimage\"},\"datePublished\":\"2022-05-25T22:58:41+00:00\",\"dateModified\":\"2022-05-25T22:58:51+00:00\",\"author\":{\"@id\":\"https:\/\/reflejodemichoacan.com\/#\/schema\/person\/72d921e8fe99bd6e2e39bcde8995046f\"},\"breadcrumb\":{\"@id\":\"https:\/\/reflejodemichoacan.com\/index.php\/2022\/05\/25\/la-tragedia-de-uvalde-texas\/#breadcrumb\"},\"inLanguage\":\"es-MX\",\"potentialAction\":[{\"@type\":\"ReadAction\",\"target\":[\"https:\/\/reflejodemichoacan.com\/index.php\/2022\/05\/25\/la-tragedia-de-uvalde-texas\/\"]}]},{\"@type\":\"BreadcrumbList\",\"@id\":\"https:\/\/reflejodemichoacan.com\/index.php\/2022\/05\/25\/la-tragedia-de-uvalde-texas\/#breadcrumb\",\"itemListElement\":[{\"@type\":\"ListItem\",\"position\":1,\"name\":\"Inicio\",\"item\":\"https:\/\/reflejodemichoacan.com\/\"},{\"@type\":\"ListItem\",\"position\":2,\"name\":\"LA TRAGEDIA DE UVALDE TEXAS\"}]},{\"@type\":\"Person\",\"@id\":\"https:\/\/reflejodemichoacan.com\/#\/schema\/person\/72d921e8fe99bd6e2e39bcde8995046f\",\"name\":\"Aurora\",\"image\":{\"@type\":\"ImageObject\",\"@id\":\"https:\/\/reflejodemichoacan.com\/#personlogo\",\"inLanguage\":\"es-MX\",\"url\":\"https:\/\/secure.gravatar.com\/avatar\/df5ceb9b998be27b25dd258a6b4b0a95?s=96&d=mm&r=g\",\"contentUrl\":\"https:\/\/secure.gravatar.com\/avatar\/df5ceb9b998be27b25dd258a6b4b0a95?s=96&d=mm&r=g\",\"caption\":\"Aurora\"},\"sameAs\":[\"http:\/\/reflejodemichoacan.com\"],\"url\":\"https:\/\/reflejodemichoacan.com\/index.php\/author\/rixwm7qvsq\/\"}]}<\/script>\n<!-- \/ Yoast SEO plugin. -->","yoast_head_json":{"title":"LA TRAGEDIA DE UVALDE TEXAS - Reflejo de Michoac\u00e1n","robots":{"index":"index","follow":"follow","max-snippet":"max-snippet:-1","max-image-preview":"max-image-preview:large","max-video-preview":"max-video-preview:-1"},"canonical":"https:\/\/reflejodemichoacan.com\/index.php\/2022\/05\/25\/la-tragedia-de-uvalde-texas\/","og_locale":"es_MX","og_type":"article","og_title":"LA TRAGEDIA DE UVALDE TEXAS - Reflejo de Michoac\u00e1n","og_description":"\u00a0\u00a0\u00a0 \u201cEs m\u00e1s f\u00e1cil que un ni\u00f1o compre un rifle de asalto que una cerveza\u201d. Fidel Rodr\u00edguez Ramos Lamentable lo que acaba de ocurrir \u00e9ste martes 24 de mayo, antes del mediod\u00eda en una escuela primaria de Uvalde Texas, donde una persona de 18 a\u00f1os ingresa disparando con un rifle de asalto, adem\u00e1s de portar [&hellip;]","og_url":"https:\/\/reflejodemichoacan.com\/index.php\/2022\/05\/25\/la-tragedia-de-uvalde-texas\/","og_site_name":"Reflejo de Michoac\u00e1n","article_published_time":"2022-05-25T22:58:41+00:00","article_modified_time":"2022-05-25T22:58:51+00:00","og_image":[{"width":1117,"height":658,"url":"https:\/\/reflejodemichoacan.com\/wp-content\/uploads\/2022\/05\/uvalde.jpg","type":"image\/jpeg"}],"twitter_card":"summary_large_image","twitter_misc":{"Escrito por":"Aurora","Tiempo de lectura":"3 minutos"},"schema":{"@context":"https:\/\/schema.org","@graph":[{"@type":"WebSite","@id":"https:\/\/reflejodemichoacan.com\/#website","url":"https:\/\/reflejodemichoacan.com\/","name":"Reflejo de Michoac\u00e1n","description":"Medio de comunicaci\u00f3n impreso y digital al servicio de la regi\u00f3n lacustre y Michoac\u00e1n.","potentialAction":[{"@type":"SearchAction","target":{"@type":"EntryPoint","urlTemplate":"https:\/\/reflejodemichoacan.com\/?s={search_term_string}"},"query-input":"required name=search_term_string"}],"inLanguage":"es-MX"},{"@type":"ImageObject","@id":"https:\/\/reflejodemichoacan.com\/index.php\/2022\/05\/25\/la-tragedia-de-uvalde-texas\/#primaryimage","inLanguage":"es-MX","url":"https:\/\/reflejodemichoacan.com\/wp-content\/uploads\/2022\/05\/uvalde.jpg","contentUrl":"https:\/\/reflejodemichoacan.com\/wp-content\/uploads\/2022\/05\/uvalde.jpg","width":1117,"height":658},{"@type":"WebPage","@id":"https:\/\/reflejodemichoacan.com\/index.php\/2022\/05\/25\/la-tragedia-de-uvalde-texas\/#webpage","url":"https:\/\/reflejodemichoacan.com\/index.php\/2022\/05\/25\/la-tragedia-de-uvalde-texas\/","name":"LA TRAGEDIA DE UVALDE TEXAS - Reflejo de Michoac\u00e1n","isPartOf":{"@id":"https:\/\/reflejodemichoacan.com\/#website"},"primaryImageOfPage":{"@id":"https:\/\/reflejodemichoacan.com\/index.php\/2022\/05\/25\/la-tragedia-de-uvalde-texas\/#primaryimage"},"datePublished":"2022-05-25T22:58:41+00:00","dateModified":"2022-05-25T22:58:51+00:00","author":{"@id":"https:\/\/reflejodemichoacan.com\/#\/schema\/person\/72d921e8fe99bd6e2e39bcde8995046f"},"breadcrumb":{"@id":"https:\/\/reflejodemichoacan.com\/index.php\/2022\/05\/25\/la-tragedia-de-uvalde-texas\/#breadcrumb"},"inLanguage":"es-MX","potentialAction":[{"@type":"ReadAction","target":["https:\/\/reflejodemichoacan.com\/index.php\/2022\/05\/25\/la-tragedia-de-uvalde-texas\/"]}]},{"@type":"BreadcrumbList","@id":"https:\/\/reflejodemichoacan.com\/index.php\/2022\/05\/25\/la-tragedia-de-uvalde-texas\/#breadcrumb","itemListElement":[{"@type":"ListItem","position":1,"name":"Inicio","item":"https:\/\/reflejodemichoacan.com\/"},{"@type":"ListItem","position":2,"name":"LA TRAGEDIA DE UVALDE TEXAS"}]},{"@type":"Person","@id":"https:\/\/reflejodemichoacan.com\/#\/schema\/person\/72d921e8fe99bd6e2e39bcde8995046f","name":"Aurora","image":{"@type":"ImageObject","@id":"https:\/\/reflejodemichoacan.com\/#personlogo","inLanguage":"es-MX","url":"https:\/\/secure.gravatar.com\/avatar\/df5ceb9b998be27b25dd258a6b4b0a95?s=96&d=mm&r=g","contentUrl":"https:\/\/secure.gravatar.com\/avatar\/df5ceb9b998be27b25dd258a6b4b0a95?s=96&d=mm&r=g","caption":"Aurora"},"sameAs":["http:\/\/reflejodemichoacan.com"],"url":"https:\/\/reflejodemichoacan.com\/index.php\/author\/rixwm7qvsq\/"}]}},"_links":{"self":[{"href":"https:\/\/reflejodemichoacan.com\/index.php\/wp-json\/wp\/v2\/posts\/8410"}],"collection":[{"href":"https:\/\/reflejodemichoacan.com\/index.php\/wp-json\/wp\/v2\/posts"}],"about":[{"href":"https:\/\/reflejodemichoacan.com\/index.php\/wp-json\/wp\/v2\/types\/post"}],"author":[{"embeddable":true,"href":"https:\/\/reflejodemichoacan.com\/index.php\/wp-json\/wp\/v2\/users\/1"}],"replies":[{"embeddable":true,"href":"https:\/\/reflejodemichoacan.com\/index.php\/wp-json\/wp\/v2\/comments?post=8410"}],"version-history":[{"count":1,"href":"https:\/\/reflejodemichoacan.com\/index.php\/wp-json\/wp\/v2\/posts\/8410\/revisions"}],"predecessor-version":[{"id":8412,"href":"https:\/\/reflejodemichoacan.com\/index.php\/wp-json\/wp\/v2\/posts\/8410\/revisions\/8412"}],"wp:featuredmedia":[{"embeddable":true,"href":"https:\/\/reflejodemichoacan.com\/index.php\/wp-json\/wp\/v2\/media\/8411"}],"wp:attachment":[{"href":"https:\/\/reflejodemichoacan.com\/index.php\/wp-json\/wp\/v2\/media?parent=8410"}],"wp:term":[{"taxonomy":"category","embeddable":true,"href":"https:\/\/reflejodemichoacan.com\/index.php\/wp-json\/wp\/v2\/categories?post=8410"},{"taxonomy":"post_tag","embeddable":true,"href":"https:\/\/reflejodemichoacan.com\/index.php\/wp-json\/wp\/v2\/tags?post=8410"}],"curies":[{"name":"wp","href":"https:\/\/api.w.org\/{rel}","templated":true}]}}