{"id":8413,"date":"2022-05-25T23:04:12","date_gmt":"2022-05-25T23:04:12","guid":{"rendered":"https:\/\/reflejodemichoacan.com\/?p=8413"},"modified":"2022-05-25T23:04:16","modified_gmt":"2022-05-25T23:04:16","slug":"ministerio-publico-itinerante-de-la-fge-visito-santa-clara-del-cobre","status":"publish","type":"post","link":"https:\/\/reflejodemichoacan.com\/index.php\/2022\/05\/25\/ministerio-publico-itinerante-de-la-fge-visito-santa-clara-del-cobre\/","title":{"rendered":"Ministerio P\u00fablico Itinerante de la FGE, visit\u00f3 Santa Clara del Cobre."},"content":{"rendered":"\n<p>Salvador Escalante, Mich., 25 de mayo del 2022.- Con la visita del Ministerio P\u00fablico Itinerante de la Fiscal\u00eda General del Estado, La presidenta municipal Araceli Saucedo Reyes, contribuy\u00f3 al acercamiento de la justicia a los habitantes del municipio de Salvador Escalante, la ma\u00f1ana de este mi\u00e9rcoles 25 de mayo, la unidad estuvo presente en la cabecera municipal, Santa Clara del Cobre.<\/p>\n\n\n\n<p>La unidad itinerante se ubic\u00f3 en la calle Allende, n\u00famero 56, de la zona centro de Santa Clara del Cobre, justo en el portal de la presidencia municipal.<\/p>\n\n\n\n<p>En d\u00f3nde se ofrecieron asesor\u00edas a ciudadanos en tr\u00e1mites legales, adem\u00e1s se desarrollaron charlas sobre &#8220;Violencia Familiar&#8221;, a los alumnos de CECYTEM de Opopeo,&nbsp; y &#8220;Medidas de Protecci\u00f3n&#8221; dirigidas a toda la ciudadan\u00eda, impartidas por personal de la FGE.<\/p>\n\n\n\n<p>La presidenta municipal de Salvador Escalante, se ha comprometido a continuar est\u00e1s acciones que acerquen la justicia a los habitantes de su municipio.<\/p>\n","protected":false},"excerpt":{"rendered":"<p>Salvador Escalante, Mich., 25 de mayo del 2022.- Con la visita del Ministerio P\u00fablico Itinerante de la Fiscal\u00eda General del Estado, La presidenta municipal Araceli Saucedo Reyes, contribuy\u00f3 al acercamiento de la justicia a los habitantes del municipio de Salvador Escalante, la ma\u00f1ana de este mi\u00e9rcoles 25 de mayo, la unidad estuvo presente en la [&hellip;]<\/p>\n","protected":false},"author":1,"featured_media":8414,"comment_status":"open","ping_status":"closed","sticky":false,"template":"","format":"standard","meta":[],"categories":[1],"tags":[],"yoast_head":"<!-- This site is optimized with the Yoast SEO plugin v17.9 - https:\/\/yoast.com\/wordpress\/plugins\/seo\/ -->\n<title>Ministerio P\u00fablico Itinerante de la FGE, visit\u00f3 Santa Clara del Cobre. - Reflejo de Michoac\u00e1n<\/title>\n<meta name=\"robots\" content=\"index, follow, max-snippet:-1, max-image-preview:large, max-video-preview:-1\" \/>\n<link rel=\"canonical\" href=\"https:\/\/reflejodemichoacan.com\/index.php\/2022\/05\/25\/ministerio-publico-itinerante-de-la-fge-visito-santa-clara-del-cobre\/\" \/>\n<meta property=\"og:locale\" content=\"es_MX\" \/>\n<meta property=\"og:type\" content=\"article\" \/>\n<meta property=\"og:title\" content=\"Ministerio P\u00fablico Itinerante de la FGE, visit\u00f3 Santa Clara del Cobre. - Reflejo de Michoac\u00e1n\" \/>\n<meta property=\"og:description\" content=\"Salvador Escalante, Mich., 25 de mayo del 2022.- Con la visita del Ministerio P\u00fablico Itinerante de la Fiscal\u00eda General del Estado, La presidenta municipal Araceli Saucedo Reyes, contribuy\u00f3 al acercamiento de la justicia a los habitantes del municipio de Salvador Escalante, la ma\u00f1ana de este mi\u00e9rcoles 25 de mayo, la unidad estuvo presente en la [&hellip;]\" \/>\n<meta property=\"og:url\" content=\"https:\/\/reflejodemichoacan.com\/index.php\/2022\/05\/25\/ministerio-publico-itinerante-de-la-fge-visito-santa-clara-del-cobre\/\" \/>\n<meta property=\"og:site_name\" content=\"Reflejo de Michoac\u00e1n\" \/>\n<meta property=\"article:published_time\" content=\"2022-05-25T23:04:12+00:00\" \/>\n<meta property=\"article:modified_time\" content=\"2022-05-25T23:04:16+00:00\" \/>\n<meta property=\"og:image\" content=\"https:\/\/reflejodemichoacan.com\/wp-content\/uploads\/2022\/05\/MP.jpg\" \/>\n\t<meta property=\"og:image:width\" content=\"960\" \/>\n\t<meta property=\"og:image:height\" content=\"640\" \/>\n\t<meta property=\"og:image:type\" content=\"image\/jpeg\" \/>\n<meta name=\"twitter:card\" content=\"summary_large_image\" \/>\n<meta name=\"twitter:label1\" content=\"Escrito por\" \/>\n\t<meta name=\"twitter:data1\" content=\"Aurora\" \/>\n\t<meta name=\"twitter:label2\" content=\"Tiempo de lectura\" \/>\n\t<meta name=\"twitter:data2\" content=\"1 minuto\" \/>\n<script type=\"application\/ld+json\" class=\"yoast-schema-graph\">{\"@context\":\"https:\/\/schema.org\",\"@graph\":[{\"@type\":\"WebSite\",\"@id\":\"https:\/\/reflejodemichoacan.com\/#website\",\"url\":\"https:\/\/reflejodemichoacan.com\/\",\"name\":\"Reflejo de Michoac\\u00e1n\",\"description\":\"Medio de comunicaci\\u00f3n impreso y digital al servicio de la regi\\u00f3n lacustre y Michoac\\u00e1n.\",\"potentialAction\":[{\"@type\":\"SearchAction\",\"target\":{\"@type\":\"EntryPoint\",\"urlTemplate\":\"https:\/\/reflejodemichoacan.com\/?s={search_term_string}\"},\"query-input\":\"required name=search_term_string\"}],\"inLanguage\":\"es-MX\"},{\"@type\":\"ImageObject\",\"@id\":\"https:\/\/reflejodemichoacan.com\/index.php\/2022\/05\/25\/ministerio-publico-itinerante-de-la-fge-visito-santa-clara-del-cobre\/#primaryimage\",\"inLanguage\":\"es-MX\",\"url\":\"https:\/\/reflejodemichoacan.com\/wp-content\/uploads\/2022\/05\/MP.jpg\",\"contentUrl\":\"https:\/\/reflejodemichoacan.com\/wp-content\/uploads\/2022\/05\/MP.jpg\",\"width\":960,\"height\":640},{\"@type\":\"WebPage\",\"@id\":\"https:\/\/reflejodemichoacan.com\/index.php\/2022\/05\/25\/ministerio-publico-itinerante-de-la-fge-visito-santa-clara-del-cobre\/#webpage\",\"url\":\"https:\/\/reflejodemichoacan.com\/index.php\/2022\/05\/25\/ministerio-publico-itinerante-de-la-fge-visito-santa-clara-del-cobre\/\",\"name\":\"Ministerio P\\u00fablico Itinerante de la FGE, visit\\u00f3 Santa Clara del Cobre. - Reflejo de Michoac\\u00e1n\",\"isPartOf\":{\"@id\":\"https:\/\/reflejodemichoacan.com\/#website\"},\"primaryImageOfPage\":{\"@id\":\"https:\/\/reflejodemichoacan.com\/index.php\/2022\/05\/25\/ministerio-publico-itinerante-de-la-fge-visito-santa-clara-del-cobre\/#primaryimage\"},\"datePublished\":\"2022-05-25T23:04:12+00:00\",\"dateModified\":\"2022-05-25T23:04:16+00:00\",\"author\":{\"@id\":\"https:\/\/reflejodemichoacan.com\/#\/schema\/person\/72d921e8fe99bd6e2e39bcde8995046f\"},\"breadcrumb\":{\"@id\":\"https:\/\/reflejodemichoacan.com\/index.php\/2022\/05\/25\/ministerio-publico-itinerante-de-la-fge-visito-santa-clara-del-cobre\/#breadcrumb\"},\"inLanguage\":\"es-MX\",\"potentialAction\":[{\"@type\":\"ReadAction\",\"target\":[\"https:\/\/reflejodemichoacan.com\/index.php\/2022\/05\/25\/ministerio-publico-itinerante-de-la-fge-visito-santa-clara-del-cobre\/\"]}]},{\"@type\":\"BreadcrumbList\",\"@id\":\"https:\/\/reflejodemichoacan.com\/index.php\/2022\/05\/25\/ministerio-publico-itinerante-de-la-fge-visito-santa-clara-del-cobre\/#breadcrumb\",\"itemListElement\":[{\"@type\":\"ListItem\",\"position\":1,\"name\":\"Inicio\",\"item\":\"https:\/\/reflejodemichoacan.com\/\"},{\"@type\":\"ListItem\",\"position\":2,\"name\":\"Ministerio P\\u00fablico Itinerante de la FGE, visit\\u00f3 Santa Clara del Cobre.\"}]},{\"@type\":\"Person\",\"@id\":\"https:\/\/reflejodemichoacan.com\/#\/schema\/person\/72d921e8fe99bd6e2e39bcde8995046f\",\"name\":\"Aurora\",\"image\":{\"@type\":\"ImageObject\",\"@id\":\"https:\/\/reflejodemichoacan.com\/#personlogo\",\"inLanguage\":\"es-MX\",\"url\":\"https:\/\/secure.gravatar.com\/avatar\/df5ceb9b998be27b25dd258a6b4b0a95?s=96&d=mm&r=g\",\"contentUrl\":\"https:\/\/secure.gravatar.com\/avatar\/df5ceb9b998be27b25dd258a6b4b0a95?s=96&d=mm&r=g\",\"caption\":\"Aurora\"},\"sameAs\":[\"http:\/\/reflejodemichoacan.com\"],\"url\":\"https:\/\/reflejodemichoacan.com\/index.php\/author\/rixwm7qvsq\/\"}]}<\/script>\n<!-- \/ Yoast SEO plugin. -->","yoast_head_json":{"title":"Ministerio P\u00fablico Itinerante de la FGE, visit\u00f3 Santa Clara del Cobre. - Reflejo de Michoac\u00e1n","robots":{"index":"index","follow":"follow","max-snippet":"max-snippet:-1","max-image-preview":"max-image-preview:large","max-video-preview":"max-video-preview:-1"},"canonical":"https:\/\/reflejodemichoacan.com\/index.php\/2022\/05\/25\/ministerio-publico-itinerante-de-la-fge-visito-santa-clara-del-cobre\/","og_locale":"es_MX","og_type":"article","og_title":"Ministerio P\u00fablico Itinerante de la FGE, visit\u00f3 Santa Clara del Cobre. - Reflejo de Michoac\u00e1n","og_description":"Salvador Escalante, Mich., 25 de mayo del 2022.- Con la visita del Ministerio P\u00fablico Itinerante de la Fiscal\u00eda General del Estado, La presidenta municipal Araceli Saucedo Reyes, contribuy\u00f3 al acercamiento de la justicia a los habitantes del municipio de Salvador Escalante, la ma\u00f1ana de este mi\u00e9rcoles 25 de mayo, la unidad estuvo presente en la [&hellip;]","og_url":"https:\/\/reflejodemichoacan.com\/index.php\/2022\/05\/25\/ministerio-publico-itinerante-de-la-fge-visito-santa-clara-del-cobre\/","og_site_name":"Reflejo de Michoac\u00e1n","article_published_time":"2022-05-25T23:04:12+00:00","article_modified_time":"2022-05-25T23:04:16+00:00","og_image":[{"width":960,"height":640,"url":"https:\/\/reflejodemichoacan.com\/wp-content\/uploads\/2022\/05\/MP.jpg","type":"image\/jpeg"}],"twitter_card":"summary_large_image","twitter_misc":{"Escrito por":"Aurora","Tiempo de lectura":"1 minuto"},"schema":{"@context":"https:\/\/schema.org","@graph":[{"@type":"WebSite","@id":"https:\/\/reflejodemichoacan.com\/#website","url":"https:\/\/reflejodemichoacan.com\/","name":"Reflejo de Michoac\u00e1n","description":"Medio de comunicaci\u00f3n impreso y digital al servicio de la regi\u00f3n lacustre y Michoac\u00e1n.","potentialAction":[{"@type":"SearchAction","target":{"@type":"EntryPoint","urlTemplate":"https:\/\/reflejodemichoacan.com\/?s={search_term_string}"},"query-input":"required name=search_term_string"}],"inLanguage":"es-MX"},{"@type":"ImageObject","@id":"https:\/\/reflejodemichoacan.com\/index.php\/2022\/05\/25\/ministerio-publico-itinerante-de-la-fge-visito-santa-clara-del-cobre\/#primaryimage","inLanguage":"es-MX","url":"https:\/\/reflejodemichoacan.com\/wp-content\/uploads\/2022\/05\/MP.jpg","contentUrl":"https:\/\/reflejodemichoacan.com\/wp-content\/uploads\/2022\/05\/MP.jpg","width":960,"height":640},{"@type":"WebPage","@id":"https:\/\/reflejodemichoacan.com\/index.php\/2022\/05\/25\/ministerio-publico-itinerante-de-la-fge-visito-santa-clara-del-cobre\/#webpage","url":"https:\/\/reflejodemichoacan.com\/index.php\/2022\/05\/25\/ministerio-publico-itinerante-de-la-fge-visito-santa-clara-del-cobre\/","name":"Ministerio P\u00fablico Itinerante de la FGE, visit\u00f3 Santa Clara del Cobre. - Reflejo de Michoac\u00e1n","isPartOf":{"@id":"https:\/\/reflejodemichoacan.com\/#website"},"primaryImageOfPage":{"@id":"https:\/\/reflejodemichoacan.com\/index.php\/2022\/05\/25\/ministerio-publico-itinerante-de-la-fge-visito-santa-clara-del-cobre\/#primaryimage"},"datePublished":"2022-05-25T23:04:12+00:00","dateModified":"2022-05-25T23:04:16+00:00","author":{"@id":"https:\/\/reflejodemichoacan.com\/#\/schema\/person\/72d921e8fe99bd6e2e39bcde8995046f"},"breadcrumb":{"@id":"https:\/\/reflejodemichoacan.com\/index.php\/2022\/05\/25\/ministerio-publico-itinerante-de-la-fge-visito-santa-clara-del-cobre\/#breadcrumb"},"inLanguage":"es-MX","potentialAction":[{"@type":"ReadAction","target":["https:\/\/reflejodemichoacan.com\/index.php\/2022\/05\/25\/ministerio-publico-itinerante-de-la-fge-visito-santa-clara-del-cobre\/"]}]},{"@type":"BreadcrumbList","@id":"https:\/\/reflejodemichoacan.com\/index.php\/2022\/05\/25\/ministerio-publico-itinerante-de-la-fge-visito-santa-clara-del-cobre\/#breadcrumb","itemListElement":[{"@type":"ListItem","position":1,"name":"Inicio","item":"https:\/\/reflejodemichoacan.com\/"},{"@type":"ListItem","position":2,"name":"Ministerio P\u00fablico Itinerante de la FGE, visit\u00f3 Santa Clara del Cobre."}]},{"@type":"Person","@id":"https:\/\/reflejodemichoacan.com\/#\/schema\/person\/72d921e8fe99bd6e2e39bcde8995046f","name":"Aurora","image":{"@type":"ImageObject","@id":"https:\/\/reflejodemichoacan.com\/#personlogo","inLanguage":"es-MX","url":"https:\/\/secure.gravatar.com\/avatar\/df5ceb9b998be27b25dd258a6b4b0a95?s=96&d=mm&r=g","contentUrl":"https:\/\/secure.gravatar.com\/avatar\/df5ceb9b998be27b25dd258a6b4b0a95?s=96&d=mm&r=g","caption":"Aurora"},"sameAs":["http:\/\/reflejodemichoacan.com"],"url":"https:\/\/reflejodemichoacan.com\/index.php\/author\/rixwm7qvsq\/"}]}},"_links":{"self":[{"href":"https:\/\/reflejodemichoacan.com\/index.php\/wp-json\/wp\/v2\/posts\/8413"}],"collection":[{"href":"https:\/\/reflejodemichoacan.com\/index.php\/wp-json\/wp\/v2\/posts"}],"about":[{"href":"https:\/\/reflejodemichoacan.com\/index.php\/wp-json\/wp\/v2\/types\/post"}],"author":[{"embeddable":true,"href":"https:\/\/reflejodemichoacan.com\/index.php\/wp-json\/wp\/v2\/users\/1"}],"replies":[{"embeddable":true,"href":"https:\/\/reflejodemichoacan.com\/index.php\/wp-json\/wp\/v2\/comments?post=8413"}],"version-history":[{"count":1,"href":"https:\/\/reflejodemichoacan.com\/index.php\/wp-json\/wp\/v2\/posts\/8413\/revisions"}],"predecessor-version":[{"id":8415,"href":"https:\/\/reflejodemichoacan.com\/index.php\/wp-json\/wp\/v2\/posts\/8413\/revisions\/8415"}],"wp:featuredmedia":[{"embeddable":true,"href":"https:\/\/reflejodemichoacan.com\/index.php\/wp-json\/wp\/v2\/media\/8414"}],"wp:attachment":[{"href":"https:\/\/reflejodemichoacan.com\/index.php\/wp-json\/wp\/v2\/media?parent=8413"}],"wp:term":[{"taxonomy":"category","embeddable":true,"href":"https:\/\/reflejodemichoacan.com\/index.php\/wp-json\/wp\/v2\/categories?post=8413"},{"taxonomy":"post_tag","embeddable":true,"href":"https:\/\/reflejodemichoacan.com\/index.php\/wp-json\/wp\/v2\/tags?post=8413"}],"curies":[{"name":"wp","href":"https:\/\/api.w.org\/{rel}","templated":true}]}}