{"id":8416,"date":"2022-05-26T16:21:48","date_gmt":"2022-05-26T16:21:48","guid":{"rendered":"https:\/\/reflejodemichoacan.com\/?p=8416"},"modified":"2022-05-26T16:21:48","modified_gmt":"2022-05-26T16:21:48","slug":"llama-bienestar-a-integrarse-al-programa-de-apoyo-a-familias-cuidadoras-de-ninas-y-ninos-con-cancer","status":"publish","type":"post","link":"https:\/\/reflejodemichoacan.com\/index.php\/2022\/05\/26\/llama-bienestar-a-integrarse-al-programa-de-apoyo-a-familias-cuidadoras-de-ninas-y-ninos-con-cancer\/","title":{"rendered":"Llama Bienestar a integrarse al programa de apoyo a Familias Cuidadoras de Ni\u00f1as y Ni\u00f1os con C\u00e1ncer"},"content":{"rendered":"\n<p><\/p>\n\n\n\n<ul><li>A la fecha, la Sedebi registra un avance de 238 familias incorporadas al padr\u00f3n de beneficiarios.<\/li><\/ul>\n\n\n\n<p>&nbsp;&nbsp;<br><strong>Morelia, Michoac\u00e1n, 26 de mayo de 2022.-<\/strong>&nbsp;La Secretar\u00eda del Bienestar (Sedebi), a trav\u00e9s de su titular, Carolina Rangel Gracida, hace un llamado a familias michoacanas para que se registren al programa para el Bienestar de Familias Cuidadoras de Ni\u00f1as y Ni\u00f1os con C\u00e1ncer en caso de contar con alg\u00fan familiar menor de edad con este padecimiento.<br>&nbsp;<br>A decir de Rangel Gracida, se estima que en el estado existen al menos 600 familias que tienen un menor padeciendo alg\u00fan tipo de c\u00e1ncer, de las cuales 238 ya se han incorporado al padr\u00f3n de beneficiarios.<br>&nbsp;<br>Explic\u00f3 que las familias que se incorporen tendr\u00e1n derecho al retroactivo por los primeros cuatro meses del a\u00f1o para la mayor\u00eda de las familias; y en menor caso, de dos o tres meses, dependiendo de la fecha de diagn\u00f3stico cl\u00ednico para su incorporaci\u00f3n al programa.<br>&nbsp;<br>\u201cCon la implementaci\u00f3n de este programa social, el gobierno de Michoac\u00e1n da respuesta a una de las peticiones m\u00e1s sentidas que por a\u00f1os se hab\u00edan planteado por las familias de estos menores que lamentablemente se encuentran en esta situaci\u00f3n\u201d, se\u00f1al\u00f3.<br>&nbsp;<br>Es importante recordar que este programa otorga un apoyo econ\u00f3mico de 4 mil pesos mensuales para gastos de traslado, hospedaje, alimentaci\u00f3n, entre otros, para las familias de los menores, mientras reciben atenci\u00f3n m\u00e9dica en hospitales del sector salud.<br>&nbsp;<br>Finalmente, la funcionaria estatal, reiter\u00f3 el llamado a todas aquellas familias que tienen un ni\u00f1o o ni\u00f1a con alg\u00fan padecimiento de tipo oncol\u00f3gico y que a\u00fan no se atienden, a que se acerquen a la Sedebi para que se incorporen al programa lo m\u00e1s pronto posible.<\/p>\n","protected":false},"excerpt":{"rendered":"<p>A la fecha, la Sedebi registra un avance de 238 familias incorporadas al padr\u00f3n de beneficiarios. &nbsp;&nbsp;Morelia, Michoac\u00e1n, 26 de mayo de 2022.-&nbsp;La Secretar\u00eda del Bienestar (Sedebi), a trav\u00e9s de su titular, Carolina Rangel Gracida, hace un llamado a familias michoacanas para que se registren al programa para el Bienestar de Familias Cuidadoras de Ni\u00f1as [&hellip;]<\/p>\n","protected":false},"author":1,"featured_media":8219,"comment_status":"open","ping_status":"closed","sticky":false,"template":"","format":"standard","meta":[],"categories":[1],"tags":[],"yoast_head":"<!-- This site is optimized with the Yoast SEO plugin v17.9 - https:\/\/yoast.com\/wordpress\/plugins\/seo\/ -->\n<title>Llama Bienestar a integrarse al programa de apoyo a Familias Cuidadoras de Ni\u00f1as y Ni\u00f1os con C\u00e1ncer - Reflejo de Michoac\u00e1n<\/title>\n<meta name=\"robots\" content=\"index, follow, max-snippet:-1, max-image-preview:large, max-video-preview:-1\" \/>\n<link rel=\"canonical\" href=\"https:\/\/reflejodemichoacan.com\/index.php\/2022\/05\/26\/llama-bienestar-a-integrarse-al-programa-de-apoyo-a-familias-cuidadoras-de-ninas-y-ninos-con-cancer\/\" \/>\n<meta property=\"og:locale\" content=\"es_MX\" \/>\n<meta property=\"og:type\" content=\"article\" \/>\n<meta property=\"og:title\" content=\"Llama Bienestar a integrarse al programa de apoyo a Familias Cuidadoras de Ni\u00f1as y Ni\u00f1os con C\u00e1ncer - Reflejo de Michoac\u00e1n\" \/>\n<meta property=\"og:description\" content=\"A la fecha, la Sedebi registra un avance de 238 familias incorporadas al padr\u00f3n de beneficiarios. &nbsp;&nbsp;Morelia, Michoac\u00e1n, 26 de mayo de 2022.-&nbsp;La Secretar\u00eda del Bienestar (Sedebi), a trav\u00e9s de su titular, Carolina Rangel Gracida, hace un llamado a familias michoacanas para que se registren al programa para el Bienestar de Familias Cuidadoras de Ni\u00f1as [&hellip;]\" \/>\n<meta property=\"og:url\" content=\"https:\/\/reflejodemichoacan.com\/index.php\/2022\/05\/26\/llama-bienestar-a-integrarse-al-programa-de-apoyo-a-familias-cuidadoras-de-ninas-y-ninos-con-cancer\/\" \/>\n<meta property=\"og:site_name\" content=\"Reflejo de Michoac\u00e1n\" \/>\n<meta property=\"article:published_time\" content=\"2022-05-26T16:21:48+00:00\" \/>\n<meta name=\"twitter:card\" content=\"summary_large_image\" \/>\n<meta name=\"twitter:label1\" content=\"Escrito por\" \/>\n\t<meta name=\"twitter:data1\" content=\"Aurora\" \/>\n\t<meta name=\"twitter:label2\" content=\"Tiempo de lectura\" \/>\n\t<meta name=\"twitter:data2\" content=\"2 minutos\" \/>\n<script type=\"application\/ld+json\" class=\"yoast-schema-graph\">{\"@context\":\"https:\/\/schema.org\",\"@graph\":[{\"@type\":\"WebSite\",\"@id\":\"https:\/\/reflejodemichoacan.com\/#website\",\"url\":\"https:\/\/reflejodemichoacan.com\/\",\"name\":\"Reflejo de Michoac\\u00e1n\",\"description\":\"Medio de comunicaci\\u00f3n impreso y digital al servicio de la regi\\u00f3n lacustre y Michoac\\u00e1n.\",\"potentialAction\":[{\"@type\":\"SearchAction\",\"target\":{\"@type\":\"EntryPoint\",\"urlTemplate\":\"https:\/\/reflejodemichoacan.com\/?s={search_term_string}\"},\"query-input\":\"required name=search_term_string\"}],\"inLanguage\":\"es-MX\"},{\"@type\":\"ImageObject\",\"@id\":\"https:\/\/reflejodemichoacan.com\/index.php\/2022\/05\/26\/llama-bienestar-a-integrarse-al-programa-de-apoyo-a-familias-cuidadoras-de-ninas-y-ninos-con-cancer\/#primaryimage\",\"inLanguage\":\"es-MX\",\"url\":\"https:\/\/reflejodemichoacan.com\/wp-content\/uploads\/2022\/04\/Entrega.jpg\",\"contentUrl\":\"https:\/\/reflejodemichoacan.com\/wp-content\/uploads\/2022\/04\/Entrega.jpg\",\"width\":1440,\"height\":962},{\"@type\":\"WebPage\",\"@id\":\"https:\/\/reflejodemichoacan.com\/index.php\/2022\/05\/26\/llama-bienestar-a-integrarse-al-programa-de-apoyo-a-familias-cuidadoras-de-ninas-y-ninos-con-cancer\/#webpage\",\"url\":\"https:\/\/reflejodemichoacan.com\/index.php\/2022\/05\/26\/llama-bienestar-a-integrarse-al-programa-de-apoyo-a-familias-cuidadoras-de-ninas-y-ninos-con-cancer\/\",\"name\":\"Llama Bienestar a integrarse al programa de apoyo a Familias Cuidadoras de Ni\\u00f1as y Ni\\u00f1os con C\\u00e1ncer - Reflejo de Michoac\\u00e1n\",\"isPartOf\":{\"@id\":\"https:\/\/reflejodemichoacan.com\/#website\"},\"primaryImageOfPage\":{\"@id\":\"https:\/\/reflejodemichoacan.com\/index.php\/2022\/05\/26\/llama-bienestar-a-integrarse-al-programa-de-apoyo-a-familias-cuidadoras-de-ninas-y-ninos-con-cancer\/#primaryimage\"},\"datePublished\":\"2022-05-26T16:21:48+00:00\",\"dateModified\":\"2022-05-26T16:21:48+00:00\",\"author\":{\"@id\":\"https:\/\/reflejodemichoacan.com\/#\/schema\/person\/72d921e8fe99bd6e2e39bcde8995046f\"},\"breadcrumb\":{\"@id\":\"https:\/\/reflejodemichoacan.com\/index.php\/2022\/05\/26\/llama-bienestar-a-integrarse-al-programa-de-apoyo-a-familias-cuidadoras-de-ninas-y-ninos-con-cancer\/#breadcrumb\"},\"inLanguage\":\"es-MX\",\"potentialAction\":[{\"@type\":\"ReadAction\",\"target\":[\"https:\/\/reflejodemichoacan.com\/index.php\/2022\/05\/26\/llama-bienestar-a-integrarse-al-programa-de-apoyo-a-familias-cuidadoras-de-ninas-y-ninos-con-cancer\/\"]}]},{\"@type\":\"BreadcrumbList\",\"@id\":\"https:\/\/reflejodemichoacan.com\/index.php\/2022\/05\/26\/llama-bienestar-a-integrarse-al-programa-de-apoyo-a-familias-cuidadoras-de-ninas-y-ninos-con-cancer\/#breadcrumb\",\"itemListElement\":[{\"@type\":\"ListItem\",\"position\":1,\"name\":\"Inicio\",\"item\":\"https:\/\/reflejodemichoacan.com\/\"},{\"@type\":\"ListItem\",\"position\":2,\"name\":\"Llama Bienestar a integrarse al programa de apoyo a Familias Cuidadoras de Ni\\u00f1as y Ni\\u00f1os con C\\u00e1ncer\"}]},{\"@type\":\"Person\",\"@id\":\"https:\/\/reflejodemichoacan.com\/#\/schema\/person\/72d921e8fe99bd6e2e39bcde8995046f\",\"name\":\"Aurora\",\"image\":{\"@type\":\"ImageObject\",\"@id\":\"https:\/\/reflejodemichoacan.com\/#personlogo\",\"inLanguage\":\"es-MX\",\"url\":\"https:\/\/secure.gravatar.com\/avatar\/df5ceb9b998be27b25dd258a6b4b0a95?s=96&d=mm&r=g\",\"contentUrl\":\"https:\/\/secure.gravatar.com\/avatar\/df5ceb9b998be27b25dd258a6b4b0a95?s=96&d=mm&r=g\",\"caption\":\"Aurora\"},\"sameAs\":[\"http:\/\/reflejodemichoacan.com\"],\"url\":\"https:\/\/reflejodemichoacan.com\/index.php\/author\/rixwm7qvsq\/\"}]}<\/script>\n<!-- \/ Yoast SEO plugin. -->","yoast_head_json":{"title":"Llama Bienestar a integrarse al programa de apoyo a Familias Cuidadoras de Ni\u00f1as y Ni\u00f1os con C\u00e1ncer - Reflejo de Michoac\u00e1n","robots":{"index":"index","follow":"follow","max-snippet":"max-snippet:-1","max-image-preview":"max-image-preview:large","max-video-preview":"max-video-preview:-1"},"canonical":"https:\/\/reflejodemichoacan.com\/index.php\/2022\/05\/26\/llama-bienestar-a-integrarse-al-programa-de-apoyo-a-familias-cuidadoras-de-ninas-y-ninos-con-cancer\/","og_locale":"es_MX","og_type":"article","og_title":"Llama Bienestar a integrarse al programa de apoyo a Familias Cuidadoras de Ni\u00f1as y Ni\u00f1os con C\u00e1ncer - Reflejo de Michoac\u00e1n","og_description":"A la fecha, la Sedebi registra un avance de 238 familias incorporadas al padr\u00f3n de beneficiarios. &nbsp;&nbsp;Morelia, Michoac\u00e1n, 26 de mayo de 2022.-&nbsp;La Secretar\u00eda del Bienestar (Sedebi), a trav\u00e9s de su titular, Carolina Rangel Gracida, hace un llamado a familias michoacanas para que se registren al programa para el Bienestar de Familias Cuidadoras de Ni\u00f1as [&hellip;]","og_url":"https:\/\/reflejodemichoacan.com\/index.php\/2022\/05\/26\/llama-bienestar-a-integrarse-al-programa-de-apoyo-a-familias-cuidadoras-de-ninas-y-ninos-con-cancer\/","og_site_name":"Reflejo de Michoac\u00e1n","article_published_time":"2022-05-26T16:21:48+00:00","twitter_card":"summary_large_image","twitter_misc":{"Escrito por":"Aurora","Tiempo de lectura":"2 minutos"},"schema":{"@context":"https:\/\/schema.org","@graph":[{"@type":"WebSite","@id":"https:\/\/reflejodemichoacan.com\/#website","url":"https:\/\/reflejodemichoacan.com\/","name":"Reflejo de Michoac\u00e1n","description":"Medio de comunicaci\u00f3n impreso y digital al servicio de la regi\u00f3n lacustre y Michoac\u00e1n.","potentialAction":[{"@type":"SearchAction","target":{"@type":"EntryPoint","urlTemplate":"https:\/\/reflejodemichoacan.com\/?s={search_term_string}"},"query-input":"required name=search_term_string"}],"inLanguage":"es-MX"},{"@type":"ImageObject","@id":"https:\/\/reflejodemichoacan.com\/index.php\/2022\/05\/26\/llama-bienestar-a-integrarse-al-programa-de-apoyo-a-familias-cuidadoras-de-ninas-y-ninos-con-cancer\/#primaryimage","inLanguage":"es-MX","url":"https:\/\/reflejodemichoacan.com\/wp-content\/uploads\/2022\/04\/Entrega.jpg","contentUrl":"https:\/\/reflejodemichoacan.com\/wp-content\/uploads\/2022\/04\/Entrega.jpg","width":1440,"height":962},{"@type":"WebPage","@id":"https:\/\/reflejodemichoacan.com\/index.php\/2022\/05\/26\/llama-bienestar-a-integrarse-al-programa-de-apoyo-a-familias-cuidadoras-de-ninas-y-ninos-con-cancer\/#webpage","url":"https:\/\/reflejodemichoacan.com\/index.php\/2022\/05\/26\/llama-bienestar-a-integrarse-al-programa-de-apoyo-a-familias-cuidadoras-de-ninas-y-ninos-con-cancer\/","name":"Llama Bienestar a integrarse al programa de apoyo a Familias Cuidadoras de Ni\u00f1as y Ni\u00f1os con C\u00e1ncer - Reflejo de Michoac\u00e1n","isPartOf":{"@id":"https:\/\/reflejodemichoacan.com\/#website"},"primaryImageOfPage":{"@id":"https:\/\/reflejodemichoacan.com\/index.php\/2022\/05\/26\/llama-bienestar-a-integrarse-al-programa-de-apoyo-a-familias-cuidadoras-de-ninas-y-ninos-con-cancer\/#primaryimage"},"datePublished":"2022-05-26T16:21:48+00:00","dateModified":"2022-05-26T16:21:48+00:00","author":{"@id":"https:\/\/reflejodemichoacan.com\/#\/schema\/person\/72d921e8fe99bd6e2e39bcde8995046f"},"breadcrumb":{"@id":"https:\/\/reflejodemichoacan.com\/index.php\/2022\/05\/26\/llama-bienestar-a-integrarse-al-programa-de-apoyo-a-familias-cuidadoras-de-ninas-y-ninos-con-cancer\/#breadcrumb"},"inLanguage":"es-MX","potentialAction":[{"@type":"ReadAction","target":["https:\/\/reflejodemichoacan.com\/index.php\/2022\/05\/26\/llama-bienestar-a-integrarse-al-programa-de-apoyo-a-familias-cuidadoras-de-ninas-y-ninos-con-cancer\/"]}]},{"@type":"BreadcrumbList","@id":"https:\/\/reflejodemichoacan.com\/index.php\/2022\/05\/26\/llama-bienestar-a-integrarse-al-programa-de-apoyo-a-familias-cuidadoras-de-ninas-y-ninos-con-cancer\/#breadcrumb","itemListElement":[{"@type":"ListItem","position":1,"name":"Inicio","item":"https:\/\/reflejodemichoacan.com\/"},{"@type":"ListItem","position":2,"name":"Llama Bienestar a integrarse al programa de apoyo a Familias Cuidadoras de Ni\u00f1as y Ni\u00f1os con C\u00e1ncer"}]},{"@type":"Person","@id":"https:\/\/reflejodemichoacan.com\/#\/schema\/person\/72d921e8fe99bd6e2e39bcde8995046f","name":"Aurora","image":{"@type":"ImageObject","@id":"https:\/\/reflejodemichoacan.com\/#personlogo","inLanguage":"es-MX","url":"https:\/\/secure.gravatar.com\/avatar\/df5ceb9b998be27b25dd258a6b4b0a95?s=96&d=mm&r=g","contentUrl":"https:\/\/secure.gravatar.com\/avatar\/df5ceb9b998be27b25dd258a6b4b0a95?s=96&d=mm&r=g","caption":"Aurora"},"sameAs":["http:\/\/reflejodemichoacan.com"],"url":"https:\/\/reflejodemichoacan.com\/index.php\/author\/rixwm7qvsq\/"}]}},"_links":{"self":[{"href":"https:\/\/reflejodemichoacan.com\/index.php\/wp-json\/wp\/v2\/posts\/8416"}],"collection":[{"href":"https:\/\/reflejodemichoacan.com\/index.php\/wp-json\/wp\/v2\/posts"}],"about":[{"href":"https:\/\/reflejodemichoacan.com\/index.php\/wp-json\/wp\/v2\/types\/post"}],"author":[{"embeddable":true,"href":"https:\/\/reflejodemichoacan.com\/index.php\/wp-json\/wp\/v2\/users\/1"}],"replies":[{"embeddable":true,"href":"https:\/\/reflejodemichoacan.com\/index.php\/wp-json\/wp\/v2\/comments?post=8416"}],"version-history":[{"count":1,"href":"https:\/\/reflejodemichoacan.com\/index.php\/wp-json\/wp\/v2\/posts\/8416\/revisions"}],"predecessor-version":[{"id":8417,"href":"https:\/\/reflejodemichoacan.com\/index.php\/wp-json\/wp\/v2\/posts\/8416\/revisions\/8417"}],"wp:featuredmedia":[{"embeddable":true,"href":"https:\/\/reflejodemichoacan.com\/index.php\/wp-json\/wp\/v2\/media\/8219"}],"wp:attachment":[{"href":"https:\/\/reflejodemichoacan.com\/index.php\/wp-json\/wp\/v2\/media?parent=8416"}],"wp:term":[{"taxonomy":"category","embeddable":true,"href":"https:\/\/reflejodemichoacan.com\/index.php\/wp-json\/wp\/v2\/categories?post=8416"},{"taxonomy":"post_tag","embeddable":true,"href":"https:\/\/reflejodemichoacan.com\/index.php\/wp-json\/wp\/v2\/tags?post=8416"}],"curies":[{"name":"wp","href":"https:\/\/api.w.org\/{rel}","templated":true}]}}