{"id":8418,"date":"2022-05-26T16:24:13","date_gmt":"2022-05-26T16:24:13","guid":{"rendered":"https:\/\/reflejodemichoacan.com\/?p=8418"},"modified":"2022-05-26T16:24:16","modified_gmt":"2022-05-26T16:24:16","slug":"con-buzon-naranja-cecytem-promueve-denuncia-por-violencia-de-genero-en-planteles","status":"publish","type":"post","link":"https:\/\/reflejodemichoacan.com\/index.php\/2022\/05\/26\/con-buzon-naranja-cecytem-promueve-denuncia-por-violencia-de-genero-en-planteles\/","title":{"rendered":"Con buz\u00f3n naranja, Cecytem promueve denuncia por violencia de g\u00e9nero en planteles"},"content":{"rendered":"\n<p><br><br><strong>Morelia, Michoac\u00e1n, 26 de mayo del 2022.-\u00a0<\/strong>Con el compromiso de dar atenci\u00f3n integral a quejas y denuncias por violencia de g\u00e9nero, el director general del Colegio de Estudios Cient\u00edficos y Tecnol\u00f3gicos del Estado de Michoac\u00e1n (Cecytem), V\u00edctor Manuel B\u00e1ez Ceja, hizo entrega de los primeros buzones naranja al personal del plantel 12 de Morelia.\u00a0<br><br>B\u00e1ez Ceja coment\u00f3 que este mecanismo ser\u00e1 implementado en los 93 centros educativos que conforman el Cecytem, a fin de integrar una red de acciones y apoyos en materia de equidad e igualdad de g\u00e9nero, actualmente dijo, \u201cestamos con el programa Escuela para Hombres, y vamos a continuar trabajando en un solo sentido para dar seguimiento puntual a los nuevos proyectos en beneficio de toda la comunidad\u201d.<br><br>Con la entrega de estos buzones naranja al director del plantel, Armando Ch\u00e1vez Flores y a la representante del comit\u00e9 organizador, Martha Corona Garc\u00eda, se destac\u00f3 el inter\u00e9s del Gobierno de Michoac\u00e1n para eliminar cualquier manifestaci\u00f3n de violencia contra las mujeres. \u00a0<br><br>Ch\u00e1vez Flores coment\u00f3 que en el centro educativo constantemente se ofrecen charlas, conversatorios y conferencias con la finalidad de sensibilizar a las y los alumnos sobre la necesidad de trascender en los estereotipos y roles de g\u00e9nero y, de esta manera, crear condiciones de igualdad sustantiva en la sociedad.<br><br>Mientras que Martha Corona Garc\u00eda, refiri\u00f3 que el personal docente determin\u00f3 participar en la Agenda Internacional de las Naciones Unidas denominado \u201cD\u00eda Naranja\u201d, que se recuerda cada d\u00eda 25 del mes con actividades para promover la erradicaci\u00f3n de la violencia en contra de las mujeres y ni\u00f1as.\u00a0<br><br>\u201cDaremos puntual seguimiento a las denuncias que hagan nuestras alumnas y el comit\u00e9 las revisar\u00e1 y se turnar\u00e1n a las instancias correspondientes, queremos una sociedad libre de violencia\u201d, extern\u00f3.<\/p>\n","protected":false},"excerpt":{"rendered":"<p>Morelia, Michoac\u00e1n, 26 de mayo del 2022.-\u00a0Con el compromiso de dar atenci\u00f3n integral a quejas y denuncias por violencia de g\u00e9nero, el director general del Colegio de Estudios Cient\u00edficos y Tecnol\u00f3gicos del Estado de Michoac\u00e1n (Cecytem), V\u00edctor Manuel B\u00e1ez Ceja, hizo entrega de los primeros buzones naranja al personal del plantel 12 de Morelia.\u00a0 B\u00e1ez [&hellip;]<\/p>\n","protected":false},"author":1,"featured_media":8419,"comment_status":"open","ping_status":"closed","sticky":false,"template":"","format":"standard","meta":[],"categories":[1],"tags":[],"yoast_head":"<!-- This site is optimized with the Yoast SEO plugin v17.9 - https:\/\/yoast.com\/wordpress\/plugins\/seo\/ -->\n<title>Con buz\u00f3n naranja, Cecytem promueve denuncia por violencia de g\u00e9nero en planteles - Reflejo de Michoac\u00e1n<\/title>\n<meta name=\"robots\" content=\"index, follow, max-snippet:-1, max-image-preview:large, max-video-preview:-1\" \/>\n<link rel=\"canonical\" href=\"https:\/\/reflejodemichoacan.com\/index.php\/2022\/05\/26\/con-buzon-naranja-cecytem-promueve-denuncia-por-violencia-de-genero-en-planteles\/\" \/>\n<meta property=\"og:locale\" content=\"es_MX\" \/>\n<meta property=\"og:type\" content=\"article\" \/>\n<meta property=\"og:title\" content=\"Con buz\u00f3n naranja, Cecytem promueve denuncia por violencia de g\u00e9nero en planteles - Reflejo de Michoac\u00e1n\" \/>\n<meta property=\"og:description\" content=\"Morelia, Michoac\u00e1n, 26 de mayo del 2022.-\u00a0Con el compromiso de dar atenci\u00f3n integral a quejas y denuncias por violencia de g\u00e9nero, el director general del Colegio de Estudios Cient\u00edficos y Tecnol\u00f3gicos del Estado de Michoac\u00e1n (Cecytem), V\u00edctor Manuel B\u00e1ez Ceja, hizo entrega de los primeros buzones naranja al personal del plantel 12 de Morelia.\u00a0 B\u00e1ez [&hellip;]\" \/>\n<meta property=\"og:url\" content=\"https:\/\/reflejodemichoacan.com\/index.php\/2022\/05\/26\/con-buzon-naranja-cecytem-promueve-denuncia-por-violencia-de-genero-en-planteles\/\" \/>\n<meta property=\"og:site_name\" content=\"Reflejo de Michoac\u00e1n\" \/>\n<meta property=\"article:published_time\" content=\"2022-05-26T16:24:13+00:00\" \/>\n<meta property=\"article:modified_time\" content=\"2022-05-26T16:24:16+00:00\" \/>\n<meta property=\"og:image\" content=\"https:\/\/reflejodemichoacan.com\/wp-content\/uploads\/2022\/05\/buzon.jpg\" \/>\n\t<meta property=\"og:image:width\" content=\"1296\" \/>\n\t<meta property=\"og:image:height\" content=\"864\" \/>\n\t<meta property=\"og:image:type\" content=\"image\/jpeg\" \/>\n<meta name=\"twitter:card\" content=\"summary_large_image\" \/>\n<meta name=\"twitter:label1\" content=\"Escrito por\" \/>\n\t<meta name=\"twitter:data1\" content=\"Aurora\" \/>\n\t<meta name=\"twitter:label2\" content=\"Tiempo de lectura\" \/>\n\t<meta name=\"twitter:data2\" content=\"2 minutos\" \/>\n<script type=\"application\/ld+json\" class=\"yoast-schema-graph\">{\"@context\":\"https:\/\/schema.org\",\"@graph\":[{\"@type\":\"WebSite\",\"@id\":\"https:\/\/reflejodemichoacan.com\/#website\",\"url\":\"https:\/\/reflejodemichoacan.com\/\",\"name\":\"Reflejo de Michoac\\u00e1n\",\"description\":\"Medio de comunicaci\\u00f3n impreso y digital al servicio de la regi\\u00f3n lacustre y Michoac\\u00e1n.\",\"potentialAction\":[{\"@type\":\"SearchAction\",\"target\":{\"@type\":\"EntryPoint\",\"urlTemplate\":\"https:\/\/reflejodemichoacan.com\/?s={search_term_string}\"},\"query-input\":\"required name=search_term_string\"}],\"inLanguage\":\"es-MX\"},{\"@type\":\"ImageObject\",\"@id\":\"https:\/\/reflejodemichoacan.com\/index.php\/2022\/05\/26\/con-buzon-naranja-cecytem-promueve-denuncia-por-violencia-de-genero-en-planteles\/#primaryimage\",\"inLanguage\":\"es-MX\",\"url\":\"https:\/\/reflejodemichoacan.com\/wp-content\/uploads\/2022\/05\/buzon.jpg\",\"contentUrl\":\"https:\/\/reflejodemichoacan.com\/wp-content\/uploads\/2022\/05\/buzon.jpg\",\"width\":1296,\"height\":864},{\"@type\":\"WebPage\",\"@id\":\"https:\/\/reflejodemichoacan.com\/index.php\/2022\/05\/26\/con-buzon-naranja-cecytem-promueve-denuncia-por-violencia-de-genero-en-planteles\/#webpage\",\"url\":\"https:\/\/reflejodemichoacan.com\/index.php\/2022\/05\/26\/con-buzon-naranja-cecytem-promueve-denuncia-por-violencia-de-genero-en-planteles\/\",\"name\":\"Con buz\\u00f3n naranja, Cecytem promueve denuncia por violencia de g\\u00e9nero en planteles - Reflejo de Michoac\\u00e1n\",\"isPartOf\":{\"@id\":\"https:\/\/reflejodemichoacan.com\/#website\"},\"primaryImageOfPage\":{\"@id\":\"https:\/\/reflejodemichoacan.com\/index.php\/2022\/05\/26\/con-buzon-naranja-cecytem-promueve-denuncia-por-violencia-de-genero-en-planteles\/#primaryimage\"},\"datePublished\":\"2022-05-26T16:24:13+00:00\",\"dateModified\":\"2022-05-26T16:24:16+00:00\",\"author\":{\"@id\":\"https:\/\/reflejodemichoacan.com\/#\/schema\/person\/72d921e8fe99bd6e2e39bcde8995046f\"},\"breadcrumb\":{\"@id\":\"https:\/\/reflejodemichoacan.com\/index.php\/2022\/05\/26\/con-buzon-naranja-cecytem-promueve-denuncia-por-violencia-de-genero-en-planteles\/#breadcrumb\"},\"inLanguage\":\"es-MX\",\"potentialAction\":[{\"@type\":\"ReadAction\",\"target\":[\"https:\/\/reflejodemichoacan.com\/index.php\/2022\/05\/26\/con-buzon-naranja-cecytem-promueve-denuncia-por-violencia-de-genero-en-planteles\/\"]}]},{\"@type\":\"BreadcrumbList\",\"@id\":\"https:\/\/reflejodemichoacan.com\/index.php\/2022\/05\/26\/con-buzon-naranja-cecytem-promueve-denuncia-por-violencia-de-genero-en-planteles\/#breadcrumb\",\"itemListElement\":[{\"@type\":\"ListItem\",\"position\":1,\"name\":\"Inicio\",\"item\":\"https:\/\/reflejodemichoacan.com\/\"},{\"@type\":\"ListItem\",\"position\":2,\"name\":\"Con buz\\u00f3n naranja, Cecytem promueve denuncia por violencia de g\\u00e9nero en planteles\"}]},{\"@type\":\"Person\",\"@id\":\"https:\/\/reflejodemichoacan.com\/#\/schema\/person\/72d921e8fe99bd6e2e39bcde8995046f\",\"name\":\"Aurora\",\"image\":{\"@type\":\"ImageObject\",\"@id\":\"https:\/\/reflejodemichoacan.com\/#personlogo\",\"inLanguage\":\"es-MX\",\"url\":\"https:\/\/secure.gravatar.com\/avatar\/df5ceb9b998be27b25dd258a6b4b0a95?s=96&d=mm&r=g\",\"contentUrl\":\"https:\/\/secure.gravatar.com\/avatar\/df5ceb9b998be27b25dd258a6b4b0a95?s=96&d=mm&r=g\",\"caption\":\"Aurora\"},\"sameAs\":[\"http:\/\/reflejodemichoacan.com\"],\"url\":\"https:\/\/reflejodemichoacan.com\/index.php\/author\/rixwm7qvsq\/\"}]}<\/script>\n<!-- \/ Yoast SEO plugin. -->","yoast_head_json":{"title":"Con buz\u00f3n naranja, Cecytem promueve denuncia por violencia de g\u00e9nero en planteles - Reflejo de Michoac\u00e1n","robots":{"index":"index","follow":"follow","max-snippet":"max-snippet:-1","max-image-preview":"max-image-preview:large","max-video-preview":"max-video-preview:-1"},"canonical":"https:\/\/reflejodemichoacan.com\/index.php\/2022\/05\/26\/con-buzon-naranja-cecytem-promueve-denuncia-por-violencia-de-genero-en-planteles\/","og_locale":"es_MX","og_type":"article","og_title":"Con buz\u00f3n naranja, Cecytem promueve denuncia por violencia de g\u00e9nero en planteles - Reflejo de Michoac\u00e1n","og_description":"Morelia, Michoac\u00e1n, 26 de mayo del 2022.-\u00a0Con el compromiso de dar atenci\u00f3n integral a quejas y denuncias por violencia de g\u00e9nero, el director general del Colegio de Estudios Cient\u00edficos y Tecnol\u00f3gicos del Estado de Michoac\u00e1n (Cecytem), V\u00edctor Manuel B\u00e1ez Ceja, hizo entrega de los primeros buzones naranja al personal del plantel 12 de Morelia.\u00a0 B\u00e1ez [&hellip;]","og_url":"https:\/\/reflejodemichoacan.com\/index.php\/2022\/05\/26\/con-buzon-naranja-cecytem-promueve-denuncia-por-violencia-de-genero-en-planteles\/","og_site_name":"Reflejo de Michoac\u00e1n","article_published_time":"2022-05-26T16:24:13+00:00","article_modified_time":"2022-05-26T16:24:16+00:00","og_image":[{"width":1296,"height":864,"url":"https:\/\/reflejodemichoacan.com\/wp-content\/uploads\/2022\/05\/buzon.jpg","type":"image\/jpeg"}],"twitter_card":"summary_large_image","twitter_misc":{"Escrito por":"Aurora","Tiempo de lectura":"2 minutos"},"schema":{"@context":"https:\/\/schema.org","@graph":[{"@type":"WebSite","@id":"https:\/\/reflejodemichoacan.com\/#website","url":"https:\/\/reflejodemichoacan.com\/","name":"Reflejo de Michoac\u00e1n","description":"Medio de comunicaci\u00f3n impreso y digital al servicio de la regi\u00f3n lacustre y Michoac\u00e1n.","potentialAction":[{"@type":"SearchAction","target":{"@type":"EntryPoint","urlTemplate":"https:\/\/reflejodemichoacan.com\/?s={search_term_string}"},"query-input":"required name=search_term_string"}],"inLanguage":"es-MX"},{"@type":"ImageObject","@id":"https:\/\/reflejodemichoacan.com\/index.php\/2022\/05\/26\/con-buzon-naranja-cecytem-promueve-denuncia-por-violencia-de-genero-en-planteles\/#primaryimage","inLanguage":"es-MX","url":"https:\/\/reflejodemichoacan.com\/wp-content\/uploads\/2022\/05\/buzon.jpg","contentUrl":"https:\/\/reflejodemichoacan.com\/wp-content\/uploads\/2022\/05\/buzon.jpg","width":1296,"height":864},{"@type":"WebPage","@id":"https:\/\/reflejodemichoacan.com\/index.php\/2022\/05\/26\/con-buzon-naranja-cecytem-promueve-denuncia-por-violencia-de-genero-en-planteles\/#webpage","url":"https:\/\/reflejodemichoacan.com\/index.php\/2022\/05\/26\/con-buzon-naranja-cecytem-promueve-denuncia-por-violencia-de-genero-en-planteles\/","name":"Con buz\u00f3n naranja, Cecytem promueve denuncia por violencia de g\u00e9nero en planteles - Reflejo de Michoac\u00e1n","isPartOf":{"@id":"https:\/\/reflejodemichoacan.com\/#website"},"primaryImageOfPage":{"@id":"https:\/\/reflejodemichoacan.com\/index.php\/2022\/05\/26\/con-buzon-naranja-cecytem-promueve-denuncia-por-violencia-de-genero-en-planteles\/#primaryimage"},"datePublished":"2022-05-26T16:24:13+00:00","dateModified":"2022-05-26T16:24:16+00:00","author":{"@id":"https:\/\/reflejodemichoacan.com\/#\/schema\/person\/72d921e8fe99bd6e2e39bcde8995046f"},"breadcrumb":{"@id":"https:\/\/reflejodemichoacan.com\/index.php\/2022\/05\/26\/con-buzon-naranja-cecytem-promueve-denuncia-por-violencia-de-genero-en-planteles\/#breadcrumb"},"inLanguage":"es-MX","potentialAction":[{"@type":"ReadAction","target":["https:\/\/reflejodemichoacan.com\/index.php\/2022\/05\/26\/con-buzon-naranja-cecytem-promueve-denuncia-por-violencia-de-genero-en-planteles\/"]}]},{"@type":"BreadcrumbList","@id":"https:\/\/reflejodemichoacan.com\/index.php\/2022\/05\/26\/con-buzon-naranja-cecytem-promueve-denuncia-por-violencia-de-genero-en-planteles\/#breadcrumb","itemListElement":[{"@type":"ListItem","position":1,"name":"Inicio","item":"https:\/\/reflejodemichoacan.com\/"},{"@type":"ListItem","position":2,"name":"Con buz\u00f3n naranja, Cecytem promueve denuncia por violencia de g\u00e9nero en planteles"}]},{"@type":"Person","@id":"https:\/\/reflejodemichoacan.com\/#\/schema\/person\/72d921e8fe99bd6e2e39bcde8995046f","name":"Aurora","image":{"@type":"ImageObject","@id":"https:\/\/reflejodemichoacan.com\/#personlogo","inLanguage":"es-MX","url":"https:\/\/secure.gravatar.com\/avatar\/df5ceb9b998be27b25dd258a6b4b0a95?s=96&d=mm&r=g","contentUrl":"https:\/\/secure.gravatar.com\/avatar\/df5ceb9b998be27b25dd258a6b4b0a95?s=96&d=mm&r=g","caption":"Aurora"},"sameAs":["http:\/\/reflejodemichoacan.com"],"url":"https:\/\/reflejodemichoacan.com\/index.php\/author\/rixwm7qvsq\/"}]}},"_links":{"self":[{"href":"https:\/\/reflejodemichoacan.com\/index.php\/wp-json\/wp\/v2\/posts\/8418"}],"collection":[{"href":"https:\/\/reflejodemichoacan.com\/index.php\/wp-json\/wp\/v2\/posts"}],"about":[{"href":"https:\/\/reflejodemichoacan.com\/index.php\/wp-json\/wp\/v2\/types\/post"}],"author":[{"embeddable":true,"href":"https:\/\/reflejodemichoacan.com\/index.php\/wp-json\/wp\/v2\/users\/1"}],"replies":[{"embeddable":true,"href":"https:\/\/reflejodemichoacan.com\/index.php\/wp-json\/wp\/v2\/comments?post=8418"}],"version-history":[{"count":1,"href":"https:\/\/reflejodemichoacan.com\/index.php\/wp-json\/wp\/v2\/posts\/8418\/revisions"}],"predecessor-version":[{"id":8420,"href":"https:\/\/reflejodemichoacan.com\/index.php\/wp-json\/wp\/v2\/posts\/8418\/revisions\/8420"}],"wp:featuredmedia":[{"embeddable":true,"href":"https:\/\/reflejodemichoacan.com\/index.php\/wp-json\/wp\/v2\/media\/8419"}],"wp:attachment":[{"href":"https:\/\/reflejodemichoacan.com\/index.php\/wp-json\/wp\/v2\/media?parent=8418"}],"wp:term":[{"taxonomy":"category","embeddable":true,"href":"https:\/\/reflejodemichoacan.com\/index.php\/wp-json\/wp\/v2\/categories?post=8418"},{"taxonomy":"post_tag","embeddable":true,"href":"https:\/\/reflejodemichoacan.com\/index.php\/wp-json\/wp\/v2\/tags?post=8418"}],"curies":[{"name":"wp","href":"https:\/\/api.w.org\/{rel}","templated":true}]}}