{"id":8421,"date":"2022-05-26T17:56:19","date_gmt":"2022-05-26T17:56:19","guid":{"rendered":"https:\/\/reflejodemichoacan.com\/?p=8421"},"modified":"2022-05-26T17:56:22","modified_gmt":"2022-05-26T17:56:22","slug":"inaugura-julio-arreola-el-1er-foro-de-psicologia-salud-mental-y-confinamiento-en-patzcuaro","status":"publish","type":"post","link":"https:\/\/reflejodemichoacan.com\/index.php\/2022\/05\/26\/inaugura-julio-arreola-el-1er-foro-de-psicologia-salud-mental-y-confinamiento-en-patzcuaro\/","title":{"rendered":"Inaugura\u00a0 Julio Arreola el 1er. Foro de Psicolog\u00eda, Salud Mental y Confinamiento en P\u00e1tzcuaro"},"content":{"rendered":"\n<p>*Fue organizado por la Unidad de Salud\u00a0 de P\u00e1tzcuaro, a cargo de Efra\u00edn Emiliano R\u00edos.<\/p>\n\n\n\n<p>P\u00e1tzcuaro, Mich., 26 de Mayo de 2022.- El Presidente Municipal, Julio Arreola V\u00e1zquez, inaugur\u00f3 el 1er. Foro de Psicolog\u00eda, Salud Mental y Confinamiento, que tuvo el objetivo de fortalecer el autoestima, el autocuidado y la valoraci\u00f3n propia.\u00a0Al hacer la declaratoria de inicio de los trabajos, el Alcalde dio la bienvenida a\u00a0 los integrantes de la mesa del pres\u00eddium, invitados especiales, alumnos de instituciones educativas y p\u00fablico en general, para luego destacar la preocupaci\u00f3n que \u201cel Ayuntamiento de P\u00e1tzcuaro desde el inicio de esta administraci\u00f3n, por brindar una atenci\u00f3n m\u00e9dica de forma integral,\u00a0 ver\u00e1s y oportuna&#8221;.\u00a0En ello, continu\u00f3, se tiene tambi\u00e9n el objetivo concientizar a la ciudadan\u00eda de lo valioso e importante que es cuidar nuestra salud f\u00edsica, pero principalmente la mental, derivado de los contantes cambios sociales, ambientales y econ\u00f3micos, por lo cuales se ha visto afectada.\u00a0A\u00f1adi\u00f3 que \u201cla violencia ha crecido de manera exponencial, ya que se ha normalizado cualquier expresi\u00f3n agresiva, incrementando las afectaciones psicol\u00f3gicas y f\u00edsicas&#8221;, por ello, continu\u00f3, es &#8220;urgente unir fuerzas para crear conciencia de que no es normal que nos agredan y mucho menos, dejar nuestra dignidad como seres humanos\u201d.\u00a0Reconoci\u00f3 que la Direcci\u00f3n de Salud\u00a0 Municipal no cuenta con todos los actores profesionales y equipamiento para brindar una atenci\u00f3n integral, sin embargo, dijo\u00a0 que se tiene el conocimiento y el apoyo de las autoridades para trabajar de forma conjunta y participativa.\u00a0Es por ello, sigui\u00f3 el Presidente, que \u201cnos dimos a la tarea de organizar, por primera vez, este foro\u201d, por lo que felicit\u00f3 nuevamente a los asistentes y al equipo de la Direcci\u00f3n de Salud Municipal por la organizaci\u00f3n del mismo.\u00a0Por su parte, Efra\u00edn Emiliano R\u00edos, Director de Salud en el Municipio, explic\u00f3 que el objetivo principal del Foro es\u00a0 promover la salud mental como parte esencial y conseguirla de forma integral, adem\u00e1s de sensibilizar a la ciudadan\u00eda\u00a0 por medio de talleres orientados a fortalecer el autoestima, el autocuidado y la valoraci\u00f3n propia.\u00a0Agradeci\u00f3 el apoyo que por parte del Alcalde recibi\u00f3 para que fuera posible llevar a cabo este proyecto, as\u00ed como la colaboraci\u00f3n del DIF Municipal, el CREEI y de la Instancia de la Mujer.\u00a0Cabe destacar que los ponentes fueron Betsab\u00e9 Cort\u00e9s Reyes, Auxiliar en la Dir. de Salud, quien expuso el tema \u201cLa salud Mental en el Contexto Actual\u201d; Ma. Amparo Galv\u00e1n Contreras tuvo a su cargo \u201cAnsiedad, Duelo y Depresi\u00f3n, Impacto Psicol\u00f3gico en el Confinamiento&#8221;; Karla Andrea Lemus Cervantes, \u201cPrimeros Auxilios Psicol\u00f3gicos en Salud Mental\u201d; por parte de la Instancia de la Mujer, el tema \u201cEl Confinamiento\u00a0 y la Violencia dentro del Hogar\u201d; Karen Daniela Villase\u00f1or \u00c1ngel del CREEI, \u201cParentalidad Positiva\u201d; Iliana Vidales Arreola, \u201cPerspectivas Actuales de la Psicolog\u00eda\u201d; Viridiana Lizet Maldonado Guzm\u00e1n, \u201cPsicoterapia, Retos y Actualidad\u201d; y, Armando Morales Garc\u00eda, \u201cEl criminal \u00bfnace o se hace?, la Etimolog\u00eda de la conducta antisocial\u201d.\u00a0Dentro del evento estuvieron presentes Presidenta del DIF Municipal, Ma. de Jes\u00fas Tovar Flores; la S\u00edndica Claudia Berenice Reyes Ferr\u00e1ez; Erika Tinoco Tovar, Regidora de Salud y Educaci\u00f3n; Secretario de Salud, Educaci\u00f3n, Juventud y Deportes, Rub\u00e9n Rodr\u00edguez Leal; Jefa de la Unidad\u00a0 del Centro Integral de Atenci\u00f3n a la Mujer, Alice Arlahe Zamora Martin\u00e9z y el Dr. Efra\u00edn Emiliano R\u00edos, Director de Salud Municipal.\u00a0Se cont\u00f3, adem\u00e1s, con la presencia de alumnos y docentes del CETAC (Centro de Estudios Tecnol\u00f3gicos en Aguas Continentales), de esta ciudad.<\/p>\n","protected":false},"excerpt":{"rendered":"<p>*Fue organizado por la Unidad de Salud\u00a0 de P\u00e1tzcuaro, a cargo de Efra\u00edn Emiliano R\u00edos. P\u00e1tzcuaro, Mich., 26 de Mayo de 2022.- El Presidente Municipal, Julio Arreola V\u00e1zquez, inaugur\u00f3 el 1er. Foro de Psicolog\u00eda, Salud Mental y Confinamiento, que tuvo el objetivo de fortalecer el autoestima, el autocuidado y la valoraci\u00f3n propia.\u00a0Al hacer la declaratoria [&hellip;]<\/p>\n","protected":false},"author":1,"featured_media":8422,"comment_status":"open","ping_status":"closed","sticky":false,"template":"","format":"standard","meta":[],"categories":[1],"tags":[],"yoast_head":"<!-- This site is optimized with the Yoast SEO plugin v17.9 - https:\/\/yoast.com\/wordpress\/plugins\/seo\/ -->\n<title>Inaugura\u00a0 Julio Arreola el 1er. Foro de Psicolog\u00eda, Salud Mental y Confinamiento en P\u00e1tzcuaro - Reflejo de Michoac\u00e1n<\/title>\n<meta name=\"robots\" content=\"index, follow, max-snippet:-1, max-image-preview:large, max-video-preview:-1\" \/>\n<link rel=\"canonical\" href=\"https:\/\/reflejodemichoacan.com\/index.php\/2022\/05\/26\/inaugura-julio-arreola-el-1er-foro-de-psicologia-salud-mental-y-confinamiento-en-patzcuaro\/\" \/>\n<meta property=\"og:locale\" content=\"es_MX\" \/>\n<meta property=\"og:type\" content=\"article\" \/>\n<meta property=\"og:title\" content=\"Inaugura\u00a0 Julio Arreola el 1er. Foro de Psicolog\u00eda, Salud Mental y Confinamiento en P\u00e1tzcuaro - Reflejo de Michoac\u00e1n\" \/>\n<meta property=\"og:description\" content=\"*Fue organizado por la Unidad de Salud\u00a0 de P\u00e1tzcuaro, a cargo de Efra\u00edn Emiliano R\u00edos. P\u00e1tzcuaro, Mich., 26 de Mayo de 2022.- El Presidente Municipal, Julio Arreola V\u00e1zquez, inaugur\u00f3 el 1er. Foro de Psicolog\u00eda, Salud Mental y Confinamiento, que tuvo el objetivo de fortalecer el autoestima, el autocuidado y la valoraci\u00f3n propia.\u00a0Al hacer la declaratoria [&hellip;]\" \/>\n<meta property=\"og:url\" content=\"https:\/\/reflejodemichoacan.com\/index.php\/2022\/05\/26\/inaugura-julio-arreola-el-1er-foro-de-psicologia-salud-mental-y-confinamiento-en-patzcuaro\/\" \/>\n<meta property=\"og:site_name\" content=\"Reflejo de Michoac\u00e1n\" \/>\n<meta property=\"article:published_time\" content=\"2022-05-26T17:56:19+00:00\" \/>\n<meta property=\"article:modified_time\" content=\"2022-05-26T17:56:22+00:00\" \/>\n<meta property=\"og:image\" content=\"https:\/\/reflejodemichoacan.com\/wp-content\/uploads\/2022\/05\/foro.jpg\" \/>\n\t<meta property=\"og:image:width\" content=\"1392\" \/>\n\t<meta property=\"og:image:height\" content=\"928\" \/>\n\t<meta property=\"og:image:type\" content=\"image\/jpeg\" \/>\n<meta name=\"twitter:card\" content=\"summary_large_image\" \/>\n<meta name=\"twitter:label1\" content=\"Escrito por\" \/>\n\t<meta name=\"twitter:data1\" content=\"Aurora\" \/>\n\t<meta name=\"twitter:label2\" content=\"Tiempo de lectura\" \/>\n\t<meta name=\"twitter:data2\" content=\"3 minutos\" \/>\n<script type=\"application\/ld+json\" class=\"yoast-schema-graph\">{\"@context\":\"https:\/\/schema.org\",\"@graph\":[{\"@type\":\"WebSite\",\"@id\":\"https:\/\/reflejodemichoacan.com\/#website\",\"url\":\"https:\/\/reflejodemichoacan.com\/\",\"name\":\"Reflejo de Michoac\\u00e1n\",\"description\":\"Medio de comunicaci\\u00f3n impreso y digital al servicio de la regi\\u00f3n lacustre y Michoac\\u00e1n.\",\"potentialAction\":[{\"@type\":\"SearchAction\",\"target\":{\"@type\":\"EntryPoint\",\"urlTemplate\":\"https:\/\/reflejodemichoacan.com\/?s={search_term_string}\"},\"query-input\":\"required name=search_term_string\"}],\"inLanguage\":\"es-MX\"},{\"@type\":\"ImageObject\",\"@id\":\"https:\/\/reflejodemichoacan.com\/index.php\/2022\/05\/26\/inaugura-julio-arreola-el-1er-foro-de-psicologia-salud-mental-y-confinamiento-en-patzcuaro\/#primaryimage\",\"inLanguage\":\"es-MX\",\"url\":\"https:\/\/reflejodemichoacan.com\/wp-content\/uploads\/2022\/05\/foro.jpg\",\"contentUrl\":\"https:\/\/reflejodemichoacan.com\/wp-content\/uploads\/2022\/05\/foro.jpg\",\"width\":1392,\"height\":928},{\"@type\":\"WebPage\",\"@id\":\"https:\/\/reflejodemichoacan.com\/index.php\/2022\/05\/26\/inaugura-julio-arreola-el-1er-foro-de-psicologia-salud-mental-y-confinamiento-en-patzcuaro\/#webpage\",\"url\":\"https:\/\/reflejodemichoacan.com\/index.php\/2022\/05\/26\/inaugura-julio-arreola-el-1er-foro-de-psicologia-salud-mental-y-confinamiento-en-patzcuaro\/\",\"name\":\"Inaugura\\u00a0 Julio Arreola el 1er. Foro de Psicolog\\u00eda, Salud Mental y Confinamiento en P\\u00e1tzcuaro - Reflejo de Michoac\\u00e1n\",\"isPartOf\":{\"@id\":\"https:\/\/reflejodemichoacan.com\/#website\"},\"primaryImageOfPage\":{\"@id\":\"https:\/\/reflejodemichoacan.com\/index.php\/2022\/05\/26\/inaugura-julio-arreola-el-1er-foro-de-psicologia-salud-mental-y-confinamiento-en-patzcuaro\/#primaryimage\"},\"datePublished\":\"2022-05-26T17:56:19+00:00\",\"dateModified\":\"2022-05-26T17:56:22+00:00\",\"author\":{\"@id\":\"https:\/\/reflejodemichoacan.com\/#\/schema\/person\/72d921e8fe99bd6e2e39bcde8995046f\"},\"breadcrumb\":{\"@id\":\"https:\/\/reflejodemichoacan.com\/index.php\/2022\/05\/26\/inaugura-julio-arreola-el-1er-foro-de-psicologia-salud-mental-y-confinamiento-en-patzcuaro\/#breadcrumb\"},\"inLanguage\":\"es-MX\",\"potentialAction\":[{\"@type\":\"ReadAction\",\"target\":[\"https:\/\/reflejodemichoacan.com\/index.php\/2022\/05\/26\/inaugura-julio-arreola-el-1er-foro-de-psicologia-salud-mental-y-confinamiento-en-patzcuaro\/\"]}]},{\"@type\":\"BreadcrumbList\",\"@id\":\"https:\/\/reflejodemichoacan.com\/index.php\/2022\/05\/26\/inaugura-julio-arreola-el-1er-foro-de-psicologia-salud-mental-y-confinamiento-en-patzcuaro\/#breadcrumb\",\"itemListElement\":[{\"@type\":\"ListItem\",\"position\":1,\"name\":\"Inicio\",\"item\":\"https:\/\/reflejodemichoacan.com\/\"},{\"@type\":\"ListItem\",\"position\":2,\"name\":\"Inaugura\\u00a0 Julio Arreola el 1er. Foro de Psicolog\\u00eda, Salud Mental y Confinamiento en P\\u00e1tzcuaro\"}]},{\"@type\":\"Person\",\"@id\":\"https:\/\/reflejodemichoacan.com\/#\/schema\/person\/72d921e8fe99bd6e2e39bcde8995046f\",\"name\":\"Aurora\",\"image\":{\"@type\":\"ImageObject\",\"@id\":\"https:\/\/reflejodemichoacan.com\/#personlogo\",\"inLanguage\":\"es-MX\",\"url\":\"https:\/\/secure.gravatar.com\/avatar\/df5ceb9b998be27b25dd258a6b4b0a95?s=96&d=mm&r=g\",\"contentUrl\":\"https:\/\/secure.gravatar.com\/avatar\/df5ceb9b998be27b25dd258a6b4b0a95?s=96&d=mm&r=g\",\"caption\":\"Aurora\"},\"sameAs\":[\"http:\/\/reflejodemichoacan.com\"],\"url\":\"https:\/\/reflejodemichoacan.com\/index.php\/author\/rixwm7qvsq\/\"}]}<\/script>\n<!-- \/ Yoast SEO plugin. -->","yoast_head_json":{"title":"Inaugura\u00a0 Julio Arreola el 1er. Foro de Psicolog\u00eda, Salud Mental y Confinamiento en P\u00e1tzcuaro - Reflejo de Michoac\u00e1n","robots":{"index":"index","follow":"follow","max-snippet":"max-snippet:-1","max-image-preview":"max-image-preview:large","max-video-preview":"max-video-preview:-1"},"canonical":"https:\/\/reflejodemichoacan.com\/index.php\/2022\/05\/26\/inaugura-julio-arreola-el-1er-foro-de-psicologia-salud-mental-y-confinamiento-en-patzcuaro\/","og_locale":"es_MX","og_type":"article","og_title":"Inaugura\u00a0 Julio Arreola el 1er. Foro de Psicolog\u00eda, Salud Mental y Confinamiento en P\u00e1tzcuaro - Reflejo de Michoac\u00e1n","og_description":"*Fue organizado por la Unidad de Salud\u00a0 de P\u00e1tzcuaro, a cargo de Efra\u00edn Emiliano R\u00edos. P\u00e1tzcuaro, Mich., 26 de Mayo de 2022.- El Presidente Municipal, Julio Arreola V\u00e1zquez, inaugur\u00f3 el 1er. Foro de Psicolog\u00eda, Salud Mental y Confinamiento, que tuvo el objetivo de fortalecer el autoestima, el autocuidado y la valoraci\u00f3n propia.\u00a0Al hacer la declaratoria [&hellip;]","og_url":"https:\/\/reflejodemichoacan.com\/index.php\/2022\/05\/26\/inaugura-julio-arreola-el-1er-foro-de-psicologia-salud-mental-y-confinamiento-en-patzcuaro\/","og_site_name":"Reflejo de Michoac\u00e1n","article_published_time":"2022-05-26T17:56:19+00:00","article_modified_time":"2022-05-26T17:56:22+00:00","og_image":[{"width":1392,"height":928,"url":"https:\/\/reflejodemichoacan.com\/wp-content\/uploads\/2022\/05\/foro.jpg","type":"image\/jpeg"}],"twitter_card":"summary_large_image","twitter_misc":{"Escrito por":"Aurora","Tiempo de lectura":"3 minutos"},"schema":{"@context":"https:\/\/schema.org","@graph":[{"@type":"WebSite","@id":"https:\/\/reflejodemichoacan.com\/#website","url":"https:\/\/reflejodemichoacan.com\/","name":"Reflejo de Michoac\u00e1n","description":"Medio de comunicaci\u00f3n impreso y digital al servicio de la regi\u00f3n lacustre y Michoac\u00e1n.","potentialAction":[{"@type":"SearchAction","target":{"@type":"EntryPoint","urlTemplate":"https:\/\/reflejodemichoacan.com\/?s={search_term_string}"},"query-input":"required name=search_term_string"}],"inLanguage":"es-MX"},{"@type":"ImageObject","@id":"https:\/\/reflejodemichoacan.com\/index.php\/2022\/05\/26\/inaugura-julio-arreola-el-1er-foro-de-psicologia-salud-mental-y-confinamiento-en-patzcuaro\/#primaryimage","inLanguage":"es-MX","url":"https:\/\/reflejodemichoacan.com\/wp-content\/uploads\/2022\/05\/foro.jpg","contentUrl":"https:\/\/reflejodemichoacan.com\/wp-content\/uploads\/2022\/05\/foro.jpg","width":1392,"height":928},{"@type":"WebPage","@id":"https:\/\/reflejodemichoacan.com\/index.php\/2022\/05\/26\/inaugura-julio-arreola-el-1er-foro-de-psicologia-salud-mental-y-confinamiento-en-patzcuaro\/#webpage","url":"https:\/\/reflejodemichoacan.com\/index.php\/2022\/05\/26\/inaugura-julio-arreola-el-1er-foro-de-psicologia-salud-mental-y-confinamiento-en-patzcuaro\/","name":"Inaugura\u00a0 Julio Arreola el 1er. Foro de Psicolog\u00eda, Salud Mental y Confinamiento en P\u00e1tzcuaro - Reflejo de Michoac\u00e1n","isPartOf":{"@id":"https:\/\/reflejodemichoacan.com\/#website"},"primaryImageOfPage":{"@id":"https:\/\/reflejodemichoacan.com\/index.php\/2022\/05\/26\/inaugura-julio-arreola-el-1er-foro-de-psicologia-salud-mental-y-confinamiento-en-patzcuaro\/#primaryimage"},"datePublished":"2022-05-26T17:56:19+00:00","dateModified":"2022-05-26T17:56:22+00:00","author":{"@id":"https:\/\/reflejodemichoacan.com\/#\/schema\/person\/72d921e8fe99bd6e2e39bcde8995046f"},"breadcrumb":{"@id":"https:\/\/reflejodemichoacan.com\/index.php\/2022\/05\/26\/inaugura-julio-arreola-el-1er-foro-de-psicologia-salud-mental-y-confinamiento-en-patzcuaro\/#breadcrumb"},"inLanguage":"es-MX","potentialAction":[{"@type":"ReadAction","target":["https:\/\/reflejodemichoacan.com\/index.php\/2022\/05\/26\/inaugura-julio-arreola-el-1er-foro-de-psicologia-salud-mental-y-confinamiento-en-patzcuaro\/"]}]},{"@type":"BreadcrumbList","@id":"https:\/\/reflejodemichoacan.com\/index.php\/2022\/05\/26\/inaugura-julio-arreola-el-1er-foro-de-psicologia-salud-mental-y-confinamiento-en-patzcuaro\/#breadcrumb","itemListElement":[{"@type":"ListItem","position":1,"name":"Inicio","item":"https:\/\/reflejodemichoacan.com\/"},{"@type":"ListItem","position":2,"name":"Inaugura\u00a0 Julio Arreola el 1er. Foro de Psicolog\u00eda, Salud Mental y Confinamiento en P\u00e1tzcuaro"}]},{"@type":"Person","@id":"https:\/\/reflejodemichoacan.com\/#\/schema\/person\/72d921e8fe99bd6e2e39bcde8995046f","name":"Aurora","image":{"@type":"ImageObject","@id":"https:\/\/reflejodemichoacan.com\/#personlogo","inLanguage":"es-MX","url":"https:\/\/secure.gravatar.com\/avatar\/df5ceb9b998be27b25dd258a6b4b0a95?s=96&d=mm&r=g","contentUrl":"https:\/\/secure.gravatar.com\/avatar\/df5ceb9b998be27b25dd258a6b4b0a95?s=96&d=mm&r=g","caption":"Aurora"},"sameAs":["http:\/\/reflejodemichoacan.com"],"url":"https:\/\/reflejodemichoacan.com\/index.php\/author\/rixwm7qvsq\/"}]}},"_links":{"self":[{"href":"https:\/\/reflejodemichoacan.com\/index.php\/wp-json\/wp\/v2\/posts\/8421"}],"collection":[{"href":"https:\/\/reflejodemichoacan.com\/index.php\/wp-json\/wp\/v2\/posts"}],"about":[{"href":"https:\/\/reflejodemichoacan.com\/index.php\/wp-json\/wp\/v2\/types\/post"}],"author":[{"embeddable":true,"href":"https:\/\/reflejodemichoacan.com\/index.php\/wp-json\/wp\/v2\/users\/1"}],"replies":[{"embeddable":true,"href":"https:\/\/reflejodemichoacan.com\/index.php\/wp-json\/wp\/v2\/comments?post=8421"}],"version-history":[{"count":1,"href":"https:\/\/reflejodemichoacan.com\/index.php\/wp-json\/wp\/v2\/posts\/8421\/revisions"}],"predecessor-version":[{"id":8423,"href":"https:\/\/reflejodemichoacan.com\/index.php\/wp-json\/wp\/v2\/posts\/8421\/revisions\/8423"}],"wp:featuredmedia":[{"embeddable":true,"href":"https:\/\/reflejodemichoacan.com\/index.php\/wp-json\/wp\/v2\/media\/8422"}],"wp:attachment":[{"href":"https:\/\/reflejodemichoacan.com\/index.php\/wp-json\/wp\/v2\/media?parent=8421"}],"wp:term":[{"taxonomy":"category","embeddable":true,"href":"https:\/\/reflejodemichoacan.com\/index.php\/wp-json\/wp\/v2\/categories?post=8421"},{"taxonomy":"post_tag","embeddable":true,"href":"https:\/\/reflejodemichoacan.com\/index.php\/wp-json\/wp\/v2\/tags?post=8421"}],"curies":[{"name":"wp","href":"https:\/\/api.w.org\/{rel}","templated":true}]}}