{"id":8426,"date":"2022-05-26T23:21:56","date_gmt":"2022-05-26T23:21:56","guid":{"rendered":"https:\/\/reflejodemichoacan.com\/?p=8426"},"modified":"2022-05-26T23:22:00","modified_gmt":"2022-05-26T23:22:00","slug":"uvalde-texas-nadie-lo-quiere-decir","status":"publish","type":"post","link":"https:\/\/reflejodemichoacan.com\/index.php\/2022\/05\/26\/uvalde-texas-nadie-lo-quiere-decir\/","title":{"rendered":"Uvalde Texas; Nadie lo quiere decir"},"content":{"rendered":"\n<p>Fidel Rodr\u00edguez Ramos<\/p>\n\n\n\n<p>&nbsp;&nbsp;&nbsp; Todos podemos externar algunas ideas para entender la cruel masacre que acabamos de presenciar en Uvalde Texas, y en lo particular considero que el hecho es producto de la sociedad americana, su funcionamiento, posibilidades, como en todo el mundo, depende en gran parte de la ruta que trace su gobierno en el rengl\u00f3n de la educaci\u00f3n, salud, trabajo, vivienda, y a pesar&nbsp; de que su econom\u00eda , por su fortaleza, garantiza la realizaci\u00f3n de muchas aspiraciones, mucha parte de su poblaci\u00f3n padece un vac\u00edo en su interior que trata de aliviarlo con drogas, practicando deportes extremos, visitando lugares ex\u00f3ticos. Gozando de una vida regalada, llena de lujos, eso solamente lo puede disfrutar una minor\u00eda, mientras los dem\u00e1s enfrentan serias limitaciones para adquirir lo m\u00e1s indispensable, ello crea un resentimiento, una frustraci\u00f3n que explota en un momento dado, con tr\u00e1gicas consecuencias, como acaba de darse en Texas.<\/p>\n\n\n\n<p>&nbsp;&nbsp; Los bajos salarios, la desuni\u00f3n o desintegraci\u00f3n familiar, el desempleo, la dificultad para acceder al estudio (como el de nivel superior que debe pagarse despu\u00e9s de terminar una carrera), la violencia que provocan miles de pandillas, el narcotr\u00e1fico en los Estados Unidos son el caldo de cultivo para que pronto aparezcan en la escena seres an\u00f3nimos para denunciar a un sistema, gobierno desinteresado en atender la necesidad de un clima de confianza, de buena relaci\u00f3n entre sus habitantes y el sistema americano no lo puede asumir, intentar resolverlo, porque de hacerlo se estar\u00eda encaminando a su autodestrucci\u00f3n.<\/p>\n\n\n\n<p>&nbsp; Los americanos necesitan de la atenci\u00f3n de su gobierno, pero como hacerlo si \u00e9ste se encuentra entretenido en fomentar la violencia en todo el planeta, curiosamente, sin que nadie se lo pida, se asume como el polic\u00eda en todos los continentes, fomentando el enfrentamiento entre hermanos; descuidando en lo interno el libre mercado del fentanilo, la droga mortal que ha provocado miles de muertos en toda la uni\u00f3n americana.<\/p>\n\n\n\n<p>\u00a0\u00a0 Y no s\u00f3lo en los Estados Unidos de Am\u00e9rica, sino tambi\u00e9n en muchas naciones, los hijos se la viven sin el cari\u00f1o, protecci\u00f3n, consejos de sus padres. Muchos peque\u00f1os viven con familiares que los golpean, insultan y da\u00f1an en todos los sentidos; y por supuesto muchos pap\u00e1s descargan sus frustraciones, la imposibilidad de lograr sus metas agrediendo, abusando de sus propios v\u00e1stagos, un ni\u00f1o humillado, pisoteado, rebajado en su dignidad (y eso lo sabe cualquier psic\u00f3logo), vive en su interior, \u00a0un acumulamiento de coraje, un odio que explota cuando menos se lo imagina la sociedad. Sin el af\u00e1n de morbo, ser\u00eda importante saber el historial del chamaco Salvador Ramos, quien antes de realizar el tiroteo en una escuela primaria, agrede a su abuelita, un joven insultado minimizado, desatendido, a la menor sensaci\u00f3n de inseguridad, responde violentamente. <\/p>\n","protected":false},"excerpt":{"rendered":"<p>Fidel Rodr\u00edguez Ramos &nbsp;&nbsp;&nbsp; Todos podemos externar algunas ideas para entender la cruel masacre que acabamos de presenciar en Uvalde Texas, y en lo particular considero que el hecho es producto de la sociedad americana, su funcionamiento, posibilidades, como en todo el mundo, depende en gran parte de la ruta que trace su gobierno en [&hellip;]<\/p>\n","protected":false},"author":1,"featured_media":8427,"comment_status":"open","ping_status":"closed","sticky":false,"template":"","format":"standard","meta":[],"categories":[1],"tags":[],"yoast_head":"<!-- This site is optimized with the Yoast SEO plugin v17.9 - https:\/\/yoast.com\/wordpress\/plugins\/seo\/ -->\n<title>Uvalde Texas; Nadie lo quiere decir - Reflejo de Michoac\u00e1n<\/title>\n<meta name=\"robots\" content=\"index, follow, max-snippet:-1, max-image-preview:large, max-video-preview:-1\" \/>\n<link rel=\"canonical\" href=\"https:\/\/reflejodemichoacan.com\/index.php\/2022\/05\/26\/uvalde-texas-nadie-lo-quiere-decir\/\" \/>\n<meta property=\"og:locale\" content=\"es_MX\" \/>\n<meta property=\"og:type\" content=\"article\" \/>\n<meta property=\"og:title\" content=\"Uvalde Texas; Nadie lo quiere decir - Reflejo de Michoac\u00e1n\" \/>\n<meta property=\"og:description\" content=\"Fidel Rodr\u00edguez Ramos &nbsp;&nbsp;&nbsp; Todos podemos externar algunas ideas para entender la cruel masacre que acabamos de presenciar en Uvalde Texas, y en lo particular considero que el hecho es producto de la sociedad americana, su funcionamiento, posibilidades, como en todo el mundo, depende en gran parte de la ruta que trace su gobierno en [&hellip;]\" \/>\n<meta property=\"og:url\" content=\"https:\/\/reflejodemichoacan.com\/index.php\/2022\/05\/26\/uvalde-texas-nadie-lo-quiere-decir\/\" \/>\n<meta property=\"og:site_name\" content=\"Reflejo de Michoac\u00e1n\" \/>\n<meta property=\"article:published_time\" content=\"2022-05-26T23:21:56+00:00\" \/>\n<meta property=\"article:modified_time\" content=\"2022-05-26T23:22:00+00:00\" \/>\n<meta name=\"twitter:card\" content=\"summary_large_image\" \/>\n<meta name=\"twitter:image\" content=\"https:\/\/reflejodemichoacan.com\/wp-content\/uploads\/2022\/05\/uvalde1.webp\" \/>\n<meta name=\"twitter:label1\" content=\"Escrito por\" \/>\n\t<meta name=\"twitter:data1\" content=\"Aurora\" \/>\n\t<meta name=\"twitter:label2\" content=\"Tiempo de lectura\" \/>\n\t<meta name=\"twitter:data2\" content=\"3 minutos\" \/>\n<script type=\"application\/ld+json\" class=\"yoast-schema-graph\">{\"@context\":\"https:\/\/schema.org\",\"@graph\":[{\"@type\":\"WebSite\",\"@id\":\"https:\/\/reflejodemichoacan.com\/#website\",\"url\":\"https:\/\/reflejodemichoacan.com\/\",\"name\":\"Reflejo de Michoac\\u00e1n\",\"description\":\"Medio de comunicaci\\u00f3n impreso y digital al servicio de la regi\\u00f3n lacustre y Michoac\\u00e1n.\",\"potentialAction\":[{\"@type\":\"SearchAction\",\"target\":{\"@type\":\"EntryPoint\",\"urlTemplate\":\"https:\/\/reflejodemichoacan.com\/?s={search_term_string}\"},\"query-input\":\"required name=search_term_string\"}],\"inLanguage\":\"es-MX\"},{\"@type\":\"ImageObject\",\"@id\":\"https:\/\/reflejodemichoacan.com\/index.php\/2022\/05\/26\/uvalde-texas-nadie-lo-quiere-decir\/#primaryimage\",\"inLanguage\":\"es-MX\",\"url\":\"https:\/\/reflejodemichoacan.com\/wp-content\/uploads\/2022\/05\/uvalde1.webp\",\"contentUrl\":\"https:\/\/reflejodemichoacan.com\/wp-content\/uploads\/2022\/05\/uvalde1.webp\",\"width\":980,\"height\":551},{\"@type\":\"WebPage\",\"@id\":\"https:\/\/reflejodemichoacan.com\/index.php\/2022\/05\/26\/uvalde-texas-nadie-lo-quiere-decir\/#webpage\",\"url\":\"https:\/\/reflejodemichoacan.com\/index.php\/2022\/05\/26\/uvalde-texas-nadie-lo-quiere-decir\/\",\"name\":\"Uvalde Texas; Nadie lo quiere decir - Reflejo de Michoac\\u00e1n\",\"isPartOf\":{\"@id\":\"https:\/\/reflejodemichoacan.com\/#website\"},\"primaryImageOfPage\":{\"@id\":\"https:\/\/reflejodemichoacan.com\/index.php\/2022\/05\/26\/uvalde-texas-nadie-lo-quiere-decir\/#primaryimage\"},\"datePublished\":\"2022-05-26T23:21:56+00:00\",\"dateModified\":\"2022-05-26T23:22:00+00:00\",\"author\":{\"@id\":\"https:\/\/reflejodemichoacan.com\/#\/schema\/person\/72d921e8fe99bd6e2e39bcde8995046f\"},\"breadcrumb\":{\"@id\":\"https:\/\/reflejodemichoacan.com\/index.php\/2022\/05\/26\/uvalde-texas-nadie-lo-quiere-decir\/#breadcrumb\"},\"inLanguage\":\"es-MX\",\"potentialAction\":[{\"@type\":\"ReadAction\",\"target\":[\"https:\/\/reflejodemichoacan.com\/index.php\/2022\/05\/26\/uvalde-texas-nadie-lo-quiere-decir\/\"]}]},{\"@type\":\"BreadcrumbList\",\"@id\":\"https:\/\/reflejodemichoacan.com\/index.php\/2022\/05\/26\/uvalde-texas-nadie-lo-quiere-decir\/#breadcrumb\",\"itemListElement\":[{\"@type\":\"ListItem\",\"position\":1,\"name\":\"Inicio\",\"item\":\"https:\/\/reflejodemichoacan.com\/\"},{\"@type\":\"ListItem\",\"position\":2,\"name\":\"Uvalde Texas; Nadie lo quiere decir\"}]},{\"@type\":\"Person\",\"@id\":\"https:\/\/reflejodemichoacan.com\/#\/schema\/person\/72d921e8fe99bd6e2e39bcde8995046f\",\"name\":\"Aurora\",\"image\":{\"@type\":\"ImageObject\",\"@id\":\"https:\/\/reflejodemichoacan.com\/#personlogo\",\"inLanguage\":\"es-MX\",\"url\":\"https:\/\/secure.gravatar.com\/avatar\/df5ceb9b998be27b25dd258a6b4b0a95?s=96&d=mm&r=g\",\"contentUrl\":\"https:\/\/secure.gravatar.com\/avatar\/df5ceb9b998be27b25dd258a6b4b0a95?s=96&d=mm&r=g\",\"caption\":\"Aurora\"},\"sameAs\":[\"http:\/\/reflejodemichoacan.com\"],\"url\":\"https:\/\/reflejodemichoacan.com\/index.php\/author\/rixwm7qvsq\/\"}]}<\/script>\n<!-- \/ Yoast SEO plugin. -->","yoast_head_json":{"title":"Uvalde Texas; Nadie lo quiere decir - Reflejo de Michoac\u00e1n","robots":{"index":"index","follow":"follow","max-snippet":"max-snippet:-1","max-image-preview":"max-image-preview:large","max-video-preview":"max-video-preview:-1"},"canonical":"https:\/\/reflejodemichoacan.com\/index.php\/2022\/05\/26\/uvalde-texas-nadie-lo-quiere-decir\/","og_locale":"es_MX","og_type":"article","og_title":"Uvalde Texas; Nadie lo quiere decir - Reflejo de Michoac\u00e1n","og_description":"Fidel Rodr\u00edguez Ramos &nbsp;&nbsp;&nbsp; Todos podemos externar algunas ideas para entender la cruel masacre que acabamos de presenciar en Uvalde Texas, y en lo particular considero que el hecho es producto de la sociedad americana, su funcionamiento, posibilidades, como en todo el mundo, depende en gran parte de la ruta que trace su gobierno en [&hellip;]","og_url":"https:\/\/reflejodemichoacan.com\/index.php\/2022\/05\/26\/uvalde-texas-nadie-lo-quiere-decir\/","og_site_name":"Reflejo de Michoac\u00e1n","article_published_time":"2022-05-26T23:21:56+00:00","article_modified_time":"2022-05-26T23:22:00+00:00","twitter_card":"summary_large_image","twitter_image":"https:\/\/reflejodemichoacan.com\/wp-content\/uploads\/2022\/05\/uvalde1.webp","twitter_misc":{"Escrito por":"Aurora","Tiempo de lectura":"3 minutos"},"schema":{"@context":"https:\/\/schema.org","@graph":[{"@type":"WebSite","@id":"https:\/\/reflejodemichoacan.com\/#website","url":"https:\/\/reflejodemichoacan.com\/","name":"Reflejo de Michoac\u00e1n","description":"Medio de comunicaci\u00f3n impreso y digital al servicio de la regi\u00f3n lacustre y Michoac\u00e1n.","potentialAction":[{"@type":"SearchAction","target":{"@type":"EntryPoint","urlTemplate":"https:\/\/reflejodemichoacan.com\/?s={search_term_string}"},"query-input":"required name=search_term_string"}],"inLanguage":"es-MX"},{"@type":"ImageObject","@id":"https:\/\/reflejodemichoacan.com\/index.php\/2022\/05\/26\/uvalde-texas-nadie-lo-quiere-decir\/#primaryimage","inLanguage":"es-MX","url":"https:\/\/reflejodemichoacan.com\/wp-content\/uploads\/2022\/05\/uvalde1.webp","contentUrl":"https:\/\/reflejodemichoacan.com\/wp-content\/uploads\/2022\/05\/uvalde1.webp","width":980,"height":551},{"@type":"WebPage","@id":"https:\/\/reflejodemichoacan.com\/index.php\/2022\/05\/26\/uvalde-texas-nadie-lo-quiere-decir\/#webpage","url":"https:\/\/reflejodemichoacan.com\/index.php\/2022\/05\/26\/uvalde-texas-nadie-lo-quiere-decir\/","name":"Uvalde Texas; Nadie lo quiere decir - Reflejo de Michoac\u00e1n","isPartOf":{"@id":"https:\/\/reflejodemichoacan.com\/#website"},"primaryImageOfPage":{"@id":"https:\/\/reflejodemichoacan.com\/index.php\/2022\/05\/26\/uvalde-texas-nadie-lo-quiere-decir\/#primaryimage"},"datePublished":"2022-05-26T23:21:56+00:00","dateModified":"2022-05-26T23:22:00+00:00","author":{"@id":"https:\/\/reflejodemichoacan.com\/#\/schema\/person\/72d921e8fe99bd6e2e39bcde8995046f"},"breadcrumb":{"@id":"https:\/\/reflejodemichoacan.com\/index.php\/2022\/05\/26\/uvalde-texas-nadie-lo-quiere-decir\/#breadcrumb"},"inLanguage":"es-MX","potentialAction":[{"@type":"ReadAction","target":["https:\/\/reflejodemichoacan.com\/index.php\/2022\/05\/26\/uvalde-texas-nadie-lo-quiere-decir\/"]}]},{"@type":"BreadcrumbList","@id":"https:\/\/reflejodemichoacan.com\/index.php\/2022\/05\/26\/uvalde-texas-nadie-lo-quiere-decir\/#breadcrumb","itemListElement":[{"@type":"ListItem","position":1,"name":"Inicio","item":"https:\/\/reflejodemichoacan.com\/"},{"@type":"ListItem","position":2,"name":"Uvalde Texas; Nadie lo quiere decir"}]},{"@type":"Person","@id":"https:\/\/reflejodemichoacan.com\/#\/schema\/person\/72d921e8fe99bd6e2e39bcde8995046f","name":"Aurora","image":{"@type":"ImageObject","@id":"https:\/\/reflejodemichoacan.com\/#personlogo","inLanguage":"es-MX","url":"https:\/\/secure.gravatar.com\/avatar\/df5ceb9b998be27b25dd258a6b4b0a95?s=96&d=mm&r=g","contentUrl":"https:\/\/secure.gravatar.com\/avatar\/df5ceb9b998be27b25dd258a6b4b0a95?s=96&d=mm&r=g","caption":"Aurora"},"sameAs":["http:\/\/reflejodemichoacan.com"],"url":"https:\/\/reflejodemichoacan.com\/index.php\/author\/rixwm7qvsq\/"}]}},"_links":{"self":[{"href":"https:\/\/reflejodemichoacan.com\/index.php\/wp-json\/wp\/v2\/posts\/8426"}],"collection":[{"href":"https:\/\/reflejodemichoacan.com\/index.php\/wp-json\/wp\/v2\/posts"}],"about":[{"href":"https:\/\/reflejodemichoacan.com\/index.php\/wp-json\/wp\/v2\/types\/post"}],"author":[{"embeddable":true,"href":"https:\/\/reflejodemichoacan.com\/index.php\/wp-json\/wp\/v2\/users\/1"}],"replies":[{"embeddable":true,"href":"https:\/\/reflejodemichoacan.com\/index.php\/wp-json\/wp\/v2\/comments?post=8426"}],"version-history":[{"count":1,"href":"https:\/\/reflejodemichoacan.com\/index.php\/wp-json\/wp\/v2\/posts\/8426\/revisions"}],"predecessor-version":[{"id":8428,"href":"https:\/\/reflejodemichoacan.com\/index.php\/wp-json\/wp\/v2\/posts\/8426\/revisions\/8428"}],"wp:featuredmedia":[{"embeddable":true,"href":"https:\/\/reflejodemichoacan.com\/index.php\/wp-json\/wp\/v2\/media\/8427"}],"wp:attachment":[{"href":"https:\/\/reflejodemichoacan.com\/index.php\/wp-json\/wp\/v2\/media?parent=8426"}],"wp:term":[{"taxonomy":"category","embeddable":true,"href":"https:\/\/reflejodemichoacan.com\/index.php\/wp-json\/wp\/v2\/categories?post=8426"},{"taxonomy":"post_tag","embeddable":true,"href":"https:\/\/reflejodemichoacan.com\/index.php\/wp-json\/wp\/v2\/tags?post=8426"}],"curies":[{"name":"wp","href":"https:\/\/api.w.org\/{rel}","templated":true}]}}