{"id":8429,"date":"2022-05-26T23:26:22","date_gmt":"2022-05-26T23:26:22","guid":{"rendered":"https:\/\/reflejodemichoacan.com\/?p=8429"},"modified":"2022-05-26T23:26:26","modified_gmt":"2022-05-26T23:26:26","slug":"gobierno-de-michoacan-tendra-policia-mas-especializada-bedolla","status":"publish","type":"post","link":"https:\/\/reflejodemichoacan.com\/index.php\/2022\/05\/26\/gobierno-de-michoacan-tendra-policia-mas-especializada-bedolla\/","title":{"rendered":"Gobierno de Michoac\u00e1n tendr\u00e1 polic\u00eda m\u00e1s especializada: Bedolla"},"content":{"rendered":"\n<p><\/p>\n\n\n\n<ul><li>Actualmente se trabaja en la profesionalizaci\u00f3n y especializaci\u00f3n de los polic\u00edas<\/li><\/ul>\n\n\n\n<p><br><strong>Morelia, Michoac\u00e1n, 26 de mayo del 2022.-<\/strong>&nbsp;El gobernador Alfredo Ram\u00edrez Bedolla anunci\u00f3 que Michoac\u00e1n se encuentra en un periodo de transici\u00f3n hacia un nuevo paradigma de la seguridad, donde se atiendan las causas mediante estrategias de prevenci\u00f3n y proximidad social, en apego a la legalidad y los derechos humanos, pero tambi\u00e9n en el perfil del polic\u00eda.<br><br>Al encabezar el Primer Congreso Internacional de Mejores Pr\u00e1cticas en Seguridad P\u00fablica, que se lleva a cabo en conjunto con la Asociaci\u00f3n de Consejeros, Agregados y Enlaces de Polic\u00eda y Seguridad Acreditados en M\u00e9xico (ACAEPS), el mandatario aport\u00f3 \u201cnuestra polic\u00eda se va a transformar a Guardia Civil, vamos a cambiar el perfil de los polic\u00edas, por supuesto, respetando sus grados, salarios, no habr\u00e1 despidos, solo vamos a implementar polic\u00eda especializada en extorci\u00f3n, en inteligencia, en investigaci\u00f3n, en \u00f3rdenes de aprehensi\u00f3n y en b\u00fasqueda de desaparecidos\u201d.&nbsp;<br><br>Resalt\u00f3 que tambi\u00e9n se est\u00e1 trabajando en el combate a la impunidad y corrupci\u00f3n, as\u00ed como en la implementaci\u00f3n de programas sociales que combatan desde la ra\u00edz el tema de la inseguridad dado que, el 80 por ciento de los homicidios en la entidad tiene que ver con las adicciones.&nbsp;<br><br>Al hacer uso de la palabra, el representante de ACAEPS, Eduardo G\u00f3mez del Campo, agradeci\u00f3 al Gobernador, a nombre de las 43 nacionales y seis agencias que conforman la red, el inter\u00e9s del Gobierno de Michoac\u00e1n por llevar a cabo este congreso que es precisamente una de las acciones para la mejora en materia de seguridad.&nbsp;<br><br>\u201cSuscribimos y acompa\u00f1amos los esfuerzos del gobernador, a trav\u00e9s de las diferentes secretarias, para coadyuvar y hacer este estado m\u00e1s bello\u201d, afirm\u00f3.<br><br>El secretario de Seguridad P\u00fablica (SSP), Jos\u00e9 Alfredo Ortega Reyes, coincidi\u00f3 en la relevancia de este congreso para el intercambio de puntos de vista, y la b\u00fasqueda de mecanismos para la atenci\u00f3n a las amenazas, preocupaciones y desaf\u00edos a la seguridad p\u00fablica atendiendo su naturaleza y repercusiones.<br><br>El congreso consistir\u00e1 en una serie de foros para el intercambio de ideas y experiencias de \u00e9xito en materia de seguridad p\u00fablica, a fin de analizar los modelos policiales y estrategias implementadas en los 43 pa\u00edses de la comunidad de agregados de ACAEPS, de los cuales, nueve participaran en el evento.<br><br>Estuvieron presentes en el acto inaugural, el secretario de Seguridad Publica de Guerrero, Evelio M\u00e9ndez G\u00f3mez; la presidenta de la Comisi\u00f3n de Seguridad Publica del Congreso de Michoac\u00e1n, Margarita L\u00f3pez P\u00e9rez; la directora general del Instituto Estatal de Estudios Superiores en Seguridad y Profesionalizaci\u00f3n Policial (IEESSPP), Julissa Suarez Bucio; el agregado de la Polic\u00eda Nacional de Per\u00fa, Carlos Augusto Vargas Mormontoy; as\u00ed como el agregado para Asuntos de Cooperaci\u00f3n de Inteligencia de la embajada de Brasil en M\u00e9xico, Macel Carrijo Oliveira.<br><br>Adem\u00e1s, acudieron representantes de Canad\u00e1, Colombia, Ecuador, El Salvador, Espa\u00f1a y Estados Unidos.<br>&nbsp;<\/p>\n","protected":false},"excerpt":{"rendered":"<p>Actualmente se trabaja en la profesionalizaci\u00f3n y especializaci\u00f3n de los polic\u00edas Morelia, Michoac\u00e1n, 26 de mayo del 2022.-&nbsp;El gobernador Alfredo Ram\u00edrez Bedolla anunci\u00f3 que Michoac\u00e1n se encuentra en un periodo de transici\u00f3n hacia un nuevo paradigma de la seguridad, donde se atiendan las causas mediante estrategias de prevenci\u00f3n y proximidad social, en apego a la [&hellip;]<\/p>\n","protected":false},"author":1,"featured_media":8430,"comment_status":"open","ping_status":"closed","sticky":false,"template":"","format":"standard","meta":[],"categories":[1],"tags":[],"yoast_head":"<!-- This site is optimized with the Yoast SEO plugin v17.9 - https:\/\/yoast.com\/wordpress\/plugins\/seo\/ -->\n<title>Gobierno de Michoac\u00e1n tendr\u00e1 polic\u00eda m\u00e1s especializada: Bedolla - Reflejo de Michoac\u00e1n<\/title>\n<meta name=\"robots\" content=\"index, follow, max-snippet:-1, max-image-preview:large, max-video-preview:-1\" \/>\n<link rel=\"canonical\" href=\"https:\/\/reflejodemichoacan.com\/index.php\/2022\/05\/26\/gobierno-de-michoacan-tendra-policia-mas-especializada-bedolla\/\" \/>\n<meta property=\"og:locale\" content=\"es_MX\" \/>\n<meta property=\"og:type\" content=\"article\" \/>\n<meta property=\"og:title\" content=\"Gobierno de Michoac\u00e1n tendr\u00e1 polic\u00eda m\u00e1s especializada: Bedolla - Reflejo de Michoac\u00e1n\" \/>\n<meta property=\"og:description\" content=\"Actualmente se trabaja en la profesionalizaci\u00f3n y especializaci\u00f3n de los polic\u00edas Morelia, Michoac\u00e1n, 26 de mayo del 2022.-&nbsp;El gobernador Alfredo Ram\u00edrez Bedolla anunci\u00f3 que Michoac\u00e1n se encuentra en un periodo de transici\u00f3n hacia un nuevo paradigma de la seguridad, donde se atiendan las causas mediante estrategias de prevenci\u00f3n y proximidad social, en apego a la [&hellip;]\" \/>\n<meta property=\"og:url\" content=\"https:\/\/reflejodemichoacan.com\/index.php\/2022\/05\/26\/gobierno-de-michoacan-tendra-policia-mas-especializada-bedolla\/\" \/>\n<meta property=\"og:site_name\" content=\"Reflejo de Michoac\u00e1n\" \/>\n<meta property=\"article:published_time\" content=\"2022-05-26T23:26:22+00:00\" \/>\n<meta property=\"article:modified_time\" content=\"2022-05-26T23:26:26+00:00\" \/>\n<meta property=\"og:image\" content=\"https:\/\/reflejodemichoacan.com\/wp-content\/uploads\/2022\/05\/policia.jpg\" \/>\n\t<meta property=\"og:image:width\" content=\"1600\" \/>\n\t<meta property=\"og:image:height\" content=\"1066\" \/>\n\t<meta property=\"og:image:type\" content=\"image\/jpeg\" \/>\n<meta name=\"twitter:card\" content=\"summary_large_image\" \/>\n<meta name=\"twitter:label1\" content=\"Escrito por\" \/>\n\t<meta name=\"twitter:data1\" content=\"Aurora\" \/>\n\t<meta name=\"twitter:label2\" content=\"Tiempo de lectura\" \/>\n\t<meta name=\"twitter:data2\" content=\"3 minutos\" \/>\n<script type=\"application\/ld+json\" class=\"yoast-schema-graph\">{\"@context\":\"https:\/\/schema.org\",\"@graph\":[{\"@type\":\"WebSite\",\"@id\":\"https:\/\/reflejodemichoacan.com\/#website\",\"url\":\"https:\/\/reflejodemichoacan.com\/\",\"name\":\"Reflejo de Michoac\\u00e1n\",\"description\":\"Medio de comunicaci\\u00f3n impreso y digital al servicio de la regi\\u00f3n lacustre y Michoac\\u00e1n.\",\"potentialAction\":[{\"@type\":\"SearchAction\",\"target\":{\"@type\":\"EntryPoint\",\"urlTemplate\":\"https:\/\/reflejodemichoacan.com\/?s={search_term_string}\"},\"query-input\":\"required name=search_term_string\"}],\"inLanguage\":\"es-MX\"},{\"@type\":\"ImageObject\",\"@id\":\"https:\/\/reflejodemichoacan.com\/index.php\/2022\/05\/26\/gobierno-de-michoacan-tendra-policia-mas-especializada-bedolla\/#primaryimage\",\"inLanguage\":\"es-MX\",\"url\":\"https:\/\/reflejodemichoacan.com\/wp-content\/uploads\/2022\/05\/policia.jpg\",\"contentUrl\":\"https:\/\/reflejodemichoacan.com\/wp-content\/uploads\/2022\/05\/policia.jpg\",\"width\":1600,\"height\":1066},{\"@type\":\"WebPage\",\"@id\":\"https:\/\/reflejodemichoacan.com\/index.php\/2022\/05\/26\/gobierno-de-michoacan-tendra-policia-mas-especializada-bedolla\/#webpage\",\"url\":\"https:\/\/reflejodemichoacan.com\/index.php\/2022\/05\/26\/gobierno-de-michoacan-tendra-policia-mas-especializada-bedolla\/\",\"name\":\"Gobierno de Michoac\\u00e1n tendr\\u00e1 polic\\u00eda m\\u00e1s especializada: Bedolla - Reflejo de Michoac\\u00e1n\",\"isPartOf\":{\"@id\":\"https:\/\/reflejodemichoacan.com\/#website\"},\"primaryImageOfPage\":{\"@id\":\"https:\/\/reflejodemichoacan.com\/index.php\/2022\/05\/26\/gobierno-de-michoacan-tendra-policia-mas-especializada-bedolla\/#primaryimage\"},\"datePublished\":\"2022-05-26T23:26:22+00:00\",\"dateModified\":\"2022-05-26T23:26:26+00:00\",\"author\":{\"@id\":\"https:\/\/reflejodemichoacan.com\/#\/schema\/person\/72d921e8fe99bd6e2e39bcde8995046f\"},\"breadcrumb\":{\"@id\":\"https:\/\/reflejodemichoacan.com\/index.php\/2022\/05\/26\/gobierno-de-michoacan-tendra-policia-mas-especializada-bedolla\/#breadcrumb\"},\"inLanguage\":\"es-MX\",\"potentialAction\":[{\"@type\":\"ReadAction\",\"target\":[\"https:\/\/reflejodemichoacan.com\/index.php\/2022\/05\/26\/gobierno-de-michoacan-tendra-policia-mas-especializada-bedolla\/\"]}]},{\"@type\":\"BreadcrumbList\",\"@id\":\"https:\/\/reflejodemichoacan.com\/index.php\/2022\/05\/26\/gobierno-de-michoacan-tendra-policia-mas-especializada-bedolla\/#breadcrumb\",\"itemListElement\":[{\"@type\":\"ListItem\",\"position\":1,\"name\":\"Inicio\",\"item\":\"https:\/\/reflejodemichoacan.com\/\"},{\"@type\":\"ListItem\",\"position\":2,\"name\":\"Gobierno de Michoac\\u00e1n tendr\\u00e1 polic\\u00eda m\\u00e1s especializada: Bedolla\"}]},{\"@type\":\"Person\",\"@id\":\"https:\/\/reflejodemichoacan.com\/#\/schema\/person\/72d921e8fe99bd6e2e39bcde8995046f\",\"name\":\"Aurora\",\"image\":{\"@type\":\"ImageObject\",\"@id\":\"https:\/\/reflejodemichoacan.com\/#personlogo\",\"inLanguage\":\"es-MX\",\"url\":\"https:\/\/secure.gravatar.com\/avatar\/df5ceb9b998be27b25dd258a6b4b0a95?s=96&d=mm&r=g\",\"contentUrl\":\"https:\/\/secure.gravatar.com\/avatar\/df5ceb9b998be27b25dd258a6b4b0a95?s=96&d=mm&r=g\",\"caption\":\"Aurora\"},\"sameAs\":[\"http:\/\/reflejodemichoacan.com\"],\"url\":\"https:\/\/reflejodemichoacan.com\/index.php\/author\/rixwm7qvsq\/\"}]}<\/script>\n<!-- \/ Yoast SEO plugin. -->","yoast_head_json":{"title":"Gobierno de Michoac\u00e1n tendr\u00e1 polic\u00eda m\u00e1s especializada: Bedolla - Reflejo de Michoac\u00e1n","robots":{"index":"index","follow":"follow","max-snippet":"max-snippet:-1","max-image-preview":"max-image-preview:large","max-video-preview":"max-video-preview:-1"},"canonical":"https:\/\/reflejodemichoacan.com\/index.php\/2022\/05\/26\/gobierno-de-michoacan-tendra-policia-mas-especializada-bedolla\/","og_locale":"es_MX","og_type":"article","og_title":"Gobierno de Michoac\u00e1n tendr\u00e1 polic\u00eda m\u00e1s especializada: Bedolla - Reflejo de Michoac\u00e1n","og_description":"Actualmente se trabaja en la profesionalizaci\u00f3n y especializaci\u00f3n de los polic\u00edas Morelia, Michoac\u00e1n, 26 de mayo del 2022.-&nbsp;El gobernador Alfredo Ram\u00edrez Bedolla anunci\u00f3 que Michoac\u00e1n se encuentra en un periodo de transici\u00f3n hacia un nuevo paradigma de la seguridad, donde se atiendan las causas mediante estrategias de prevenci\u00f3n y proximidad social, en apego a la [&hellip;]","og_url":"https:\/\/reflejodemichoacan.com\/index.php\/2022\/05\/26\/gobierno-de-michoacan-tendra-policia-mas-especializada-bedolla\/","og_site_name":"Reflejo de Michoac\u00e1n","article_published_time":"2022-05-26T23:26:22+00:00","article_modified_time":"2022-05-26T23:26:26+00:00","og_image":[{"width":1600,"height":1066,"url":"https:\/\/reflejodemichoacan.com\/wp-content\/uploads\/2022\/05\/policia.jpg","type":"image\/jpeg"}],"twitter_card":"summary_large_image","twitter_misc":{"Escrito por":"Aurora","Tiempo de lectura":"3 minutos"},"schema":{"@context":"https:\/\/schema.org","@graph":[{"@type":"WebSite","@id":"https:\/\/reflejodemichoacan.com\/#website","url":"https:\/\/reflejodemichoacan.com\/","name":"Reflejo de Michoac\u00e1n","description":"Medio de comunicaci\u00f3n impreso y digital al servicio de la regi\u00f3n lacustre y Michoac\u00e1n.","potentialAction":[{"@type":"SearchAction","target":{"@type":"EntryPoint","urlTemplate":"https:\/\/reflejodemichoacan.com\/?s={search_term_string}"},"query-input":"required name=search_term_string"}],"inLanguage":"es-MX"},{"@type":"ImageObject","@id":"https:\/\/reflejodemichoacan.com\/index.php\/2022\/05\/26\/gobierno-de-michoacan-tendra-policia-mas-especializada-bedolla\/#primaryimage","inLanguage":"es-MX","url":"https:\/\/reflejodemichoacan.com\/wp-content\/uploads\/2022\/05\/policia.jpg","contentUrl":"https:\/\/reflejodemichoacan.com\/wp-content\/uploads\/2022\/05\/policia.jpg","width":1600,"height":1066},{"@type":"WebPage","@id":"https:\/\/reflejodemichoacan.com\/index.php\/2022\/05\/26\/gobierno-de-michoacan-tendra-policia-mas-especializada-bedolla\/#webpage","url":"https:\/\/reflejodemichoacan.com\/index.php\/2022\/05\/26\/gobierno-de-michoacan-tendra-policia-mas-especializada-bedolla\/","name":"Gobierno de Michoac\u00e1n tendr\u00e1 polic\u00eda m\u00e1s especializada: Bedolla - Reflejo de Michoac\u00e1n","isPartOf":{"@id":"https:\/\/reflejodemichoacan.com\/#website"},"primaryImageOfPage":{"@id":"https:\/\/reflejodemichoacan.com\/index.php\/2022\/05\/26\/gobierno-de-michoacan-tendra-policia-mas-especializada-bedolla\/#primaryimage"},"datePublished":"2022-05-26T23:26:22+00:00","dateModified":"2022-05-26T23:26:26+00:00","author":{"@id":"https:\/\/reflejodemichoacan.com\/#\/schema\/person\/72d921e8fe99bd6e2e39bcde8995046f"},"breadcrumb":{"@id":"https:\/\/reflejodemichoacan.com\/index.php\/2022\/05\/26\/gobierno-de-michoacan-tendra-policia-mas-especializada-bedolla\/#breadcrumb"},"inLanguage":"es-MX","potentialAction":[{"@type":"ReadAction","target":["https:\/\/reflejodemichoacan.com\/index.php\/2022\/05\/26\/gobierno-de-michoacan-tendra-policia-mas-especializada-bedolla\/"]}]},{"@type":"BreadcrumbList","@id":"https:\/\/reflejodemichoacan.com\/index.php\/2022\/05\/26\/gobierno-de-michoacan-tendra-policia-mas-especializada-bedolla\/#breadcrumb","itemListElement":[{"@type":"ListItem","position":1,"name":"Inicio","item":"https:\/\/reflejodemichoacan.com\/"},{"@type":"ListItem","position":2,"name":"Gobierno de Michoac\u00e1n tendr\u00e1 polic\u00eda m\u00e1s especializada: Bedolla"}]},{"@type":"Person","@id":"https:\/\/reflejodemichoacan.com\/#\/schema\/person\/72d921e8fe99bd6e2e39bcde8995046f","name":"Aurora","image":{"@type":"ImageObject","@id":"https:\/\/reflejodemichoacan.com\/#personlogo","inLanguage":"es-MX","url":"https:\/\/secure.gravatar.com\/avatar\/df5ceb9b998be27b25dd258a6b4b0a95?s=96&d=mm&r=g","contentUrl":"https:\/\/secure.gravatar.com\/avatar\/df5ceb9b998be27b25dd258a6b4b0a95?s=96&d=mm&r=g","caption":"Aurora"},"sameAs":["http:\/\/reflejodemichoacan.com"],"url":"https:\/\/reflejodemichoacan.com\/index.php\/author\/rixwm7qvsq\/"}]}},"_links":{"self":[{"href":"https:\/\/reflejodemichoacan.com\/index.php\/wp-json\/wp\/v2\/posts\/8429"}],"collection":[{"href":"https:\/\/reflejodemichoacan.com\/index.php\/wp-json\/wp\/v2\/posts"}],"about":[{"href":"https:\/\/reflejodemichoacan.com\/index.php\/wp-json\/wp\/v2\/types\/post"}],"author":[{"embeddable":true,"href":"https:\/\/reflejodemichoacan.com\/index.php\/wp-json\/wp\/v2\/users\/1"}],"replies":[{"embeddable":true,"href":"https:\/\/reflejodemichoacan.com\/index.php\/wp-json\/wp\/v2\/comments?post=8429"}],"version-history":[{"count":1,"href":"https:\/\/reflejodemichoacan.com\/index.php\/wp-json\/wp\/v2\/posts\/8429\/revisions"}],"predecessor-version":[{"id":8431,"href":"https:\/\/reflejodemichoacan.com\/index.php\/wp-json\/wp\/v2\/posts\/8429\/revisions\/8431"}],"wp:featuredmedia":[{"embeddable":true,"href":"https:\/\/reflejodemichoacan.com\/index.php\/wp-json\/wp\/v2\/media\/8430"}],"wp:attachment":[{"href":"https:\/\/reflejodemichoacan.com\/index.php\/wp-json\/wp\/v2\/media?parent=8429"}],"wp:term":[{"taxonomy":"category","embeddable":true,"href":"https:\/\/reflejodemichoacan.com\/index.php\/wp-json\/wp\/v2\/categories?post=8429"},{"taxonomy":"post_tag","embeddable":true,"href":"https:\/\/reflejodemichoacan.com\/index.php\/wp-json\/wp\/v2\/tags?post=8429"}],"curies":[{"name":"wp","href":"https:\/\/api.w.org\/{rel}","templated":true}]}}