{"id":8432,"date":"2022-05-27T17:35:55","date_gmt":"2022-05-27T17:35:55","guid":{"rendered":"https:\/\/reflejodemichoacan.com\/?p=8432"},"modified":"2022-05-27T20:09:35","modified_gmt":"2022-05-27T20:09:35","slug":"el-grupo-patzcuaro-trabaja-con-orgullo-lleva-campana-de-lentes-a-la-plaza-gertrudis-bocanegra","status":"publish","type":"post","link":"https:\/\/reflejodemichoacan.com\/index.php\/2022\/05\/27\/el-grupo-patzcuaro-trabaja-con-orgullo-lleva-campana-de-lentes-a-la-plaza-gertrudis-bocanegra\/","title":{"rendered":"El grupo \u201cP\u00e1tzcuaro trabaja con orgullo\u201d lleva campa\u00f1a de lentes a la plaza Gertrudis Bocanegra"},"content":{"rendered":"\n<p><\/p>\n\n\n\n<p>Roberto Soto P\u00e9rez<\/p>\n\n\n\n<p>P\u00e1tzcuaro, Mich., 27 de mayo de 2022.- Como parte de las acciones y actividades que lleva a cabo el grupo \u201cP\u00e1tzcuaro trabaja con orgullo\u201d, mismo que preside Alejandro Valencia Huacuja, este viernes se lleva a cabo la Campa\u00f1a de Salud Visual en la plaza Gertrudis Bocanegra; se sum\u00f3 a la campa\u00f1a el Club de Leones que encabeza el ingeniero Eduardo Rosas.<\/p>\n\n\n\n<p>En entrevista con Reflejo de Michoac\u00e1n, el l\u00edder de Cuanajo Alejandro Valencia, quien tambi\u00e9n es parte de la Direcci\u00f3n Municipal del PRD, dio a conocer que esta campa\u00f1a de lentes se est\u00e1 haciendo llegar a todas las colonias y comunidades del municipio, con el objetivo de que las personas puedan acudir a realizarse el estudio de la vista gratis y obtener sus lentes a bajo costo.<\/p>\n\n\n\n<p>Refiri\u00f3 que detr\u00e1s de este proyecto hay gente con voluntad que busca ayudar a quienes dif\u00edcilmente pueden transportarse para visitar una \u00f3ptica, \u201cse hace el esfuerzo y hoy se suma el Club de Leones con ese entusiasmo aqu\u00ed en la plaza Gertrudis Bocanegra, trajimos un inflable para que las mam\u00e1s que asistan no tengan mayor preocupaci\u00f3n\u201d.<\/p>\n\n\n\n<p>Alejandro Valencia, refiri\u00f3 que estas campa\u00f1as han tenido muy buen resultado, principalmente en las comunidades donde dif\u00edcilmente llegan estos programas \u201cnosotros lo estamos haciendo y seguiremos llev\u00e1ndolos, el municipio es muy grande, pero continuaremos adelante\u201d.<\/p>\n\n\n\n<p>Explic\u00f3 que el examen de la vista es totalmente gratuito y el costo de los lentes es de 250 pesos.<\/p>\n\n\n\n<p>Adelant\u00f3 que pr\u00f3ximamente se llevar\u00e1 a cabo un evento para beneficiar a la gente m\u00e1s necesitada \u201ca esas personas le vamos a regalar los lentes por mi cuenta, es con la voluntad para que esas personas que no puedan comprarlos los obtengan sin ning\u00fan costo\u201d.<\/p>\n","protected":false},"excerpt":{"rendered":"<p>Roberto Soto P\u00e9rez P\u00e1tzcuaro, Mich., 27 de mayo de 2022.- Como parte de las acciones y actividades que lleva a cabo el grupo \u201cP\u00e1tzcuaro trabaja con orgullo\u201d, mismo que preside Alejandro Valencia Huacuja, este viernes se lleva a cabo la Campa\u00f1a de Salud Visual en la plaza Gertrudis Bocanegra; se sum\u00f3 a la campa\u00f1a el [&hellip;]<\/p>\n","protected":false},"author":1,"featured_media":8433,"comment_status":"open","ping_status":"closed","sticky":false,"template":"","format":"standard","meta":[],"categories":[1],"tags":[],"yoast_head":"<!-- This site is optimized with the Yoast SEO plugin v17.9 - https:\/\/yoast.com\/wordpress\/plugins\/seo\/ -->\n<title>El grupo \u201cP\u00e1tzcuaro trabaja con orgullo\u201d lleva campa\u00f1a de lentes a la plaza Gertrudis Bocanegra - Reflejo de Michoac\u00e1n<\/title>\n<meta name=\"robots\" content=\"index, follow, max-snippet:-1, max-image-preview:large, max-video-preview:-1\" \/>\n<link rel=\"canonical\" href=\"https:\/\/reflejodemichoacan.com\/index.php\/2022\/05\/27\/el-grupo-patzcuaro-trabaja-con-orgullo-lleva-campana-de-lentes-a-la-plaza-gertrudis-bocanegra\/\" \/>\n<meta property=\"og:locale\" content=\"es_MX\" \/>\n<meta property=\"og:type\" content=\"article\" \/>\n<meta property=\"og:title\" content=\"El grupo \u201cP\u00e1tzcuaro trabaja con orgullo\u201d lleva campa\u00f1a de lentes a la plaza Gertrudis Bocanegra - Reflejo de Michoac\u00e1n\" \/>\n<meta property=\"og:description\" content=\"Roberto Soto P\u00e9rez P\u00e1tzcuaro, Mich., 27 de mayo de 2022.- Como parte de las acciones y actividades que lleva a cabo el grupo \u201cP\u00e1tzcuaro trabaja con orgullo\u201d, mismo que preside Alejandro Valencia Huacuja, este viernes se lleva a cabo la Campa\u00f1a de Salud Visual en la plaza Gertrudis Bocanegra; se sum\u00f3 a la campa\u00f1a el [&hellip;]\" \/>\n<meta property=\"og:url\" content=\"https:\/\/reflejodemichoacan.com\/index.php\/2022\/05\/27\/el-grupo-patzcuaro-trabaja-con-orgullo-lleva-campana-de-lentes-a-la-plaza-gertrudis-bocanegra\/\" \/>\n<meta property=\"og:site_name\" content=\"Reflejo de Michoac\u00e1n\" \/>\n<meta property=\"article:published_time\" content=\"2022-05-27T17:35:55+00:00\" \/>\n<meta property=\"article:modified_time\" content=\"2022-05-27T20:09:35+00:00\" \/>\n<meta property=\"og:image\" content=\"https:\/\/reflejodemichoacan.com\/wp-content\/uploads\/2022\/05\/Alex.jpg\" \/>\n\t<meta property=\"og:image:width\" content=\"1600\" \/>\n\t<meta property=\"og:image:height\" content=\"769\" \/>\n\t<meta property=\"og:image:type\" content=\"image\/jpeg\" \/>\n<meta name=\"twitter:card\" content=\"summary_large_image\" \/>\n<meta name=\"twitter:label1\" content=\"Escrito por\" \/>\n\t<meta name=\"twitter:data1\" content=\"Aurora\" \/>\n\t<meta name=\"twitter:label2\" content=\"Tiempo de lectura\" \/>\n\t<meta name=\"twitter:data2\" content=\"2 minutos\" \/>\n<script type=\"application\/ld+json\" class=\"yoast-schema-graph\">{\"@context\":\"https:\/\/schema.org\",\"@graph\":[{\"@type\":\"WebSite\",\"@id\":\"https:\/\/reflejodemichoacan.com\/#website\",\"url\":\"https:\/\/reflejodemichoacan.com\/\",\"name\":\"Reflejo de Michoac\\u00e1n\",\"description\":\"Medio de comunicaci\\u00f3n impreso y digital al servicio de la regi\\u00f3n lacustre y Michoac\\u00e1n.\",\"potentialAction\":[{\"@type\":\"SearchAction\",\"target\":{\"@type\":\"EntryPoint\",\"urlTemplate\":\"https:\/\/reflejodemichoacan.com\/?s={search_term_string}\"},\"query-input\":\"required name=search_term_string\"}],\"inLanguage\":\"es-MX\"},{\"@type\":\"ImageObject\",\"@id\":\"https:\/\/reflejodemichoacan.com\/index.php\/2022\/05\/27\/el-grupo-patzcuaro-trabaja-con-orgullo-lleva-campana-de-lentes-a-la-plaza-gertrudis-bocanegra\/#primaryimage\",\"inLanguage\":\"es-MX\",\"url\":\"https:\/\/reflejodemichoacan.com\/wp-content\/uploads\/2022\/05\/Alex.jpg\",\"contentUrl\":\"https:\/\/reflejodemichoacan.com\/wp-content\/uploads\/2022\/05\/Alex.jpg\",\"width\":1600,\"height\":769},{\"@type\":\"WebPage\",\"@id\":\"https:\/\/reflejodemichoacan.com\/index.php\/2022\/05\/27\/el-grupo-patzcuaro-trabaja-con-orgullo-lleva-campana-de-lentes-a-la-plaza-gertrudis-bocanegra\/#webpage\",\"url\":\"https:\/\/reflejodemichoacan.com\/index.php\/2022\/05\/27\/el-grupo-patzcuaro-trabaja-con-orgullo-lleva-campana-de-lentes-a-la-plaza-gertrudis-bocanegra\/\",\"name\":\"El grupo \\u201cP\\u00e1tzcuaro trabaja con orgullo\\u201d lleva campa\\u00f1a de lentes a la plaza Gertrudis Bocanegra - Reflejo de Michoac\\u00e1n\",\"isPartOf\":{\"@id\":\"https:\/\/reflejodemichoacan.com\/#website\"},\"primaryImageOfPage\":{\"@id\":\"https:\/\/reflejodemichoacan.com\/index.php\/2022\/05\/27\/el-grupo-patzcuaro-trabaja-con-orgullo-lleva-campana-de-lentes-a-la-plaza-gertrudis-bocanegra\/#primaryimage\"},\"datePublished\":\"2022-05-27T17:35:55+00:00\",\"dateModified\":\"2022-05-27T20:09:35+00:00\",\"author\":{\"@id\":\"https:\/\/reflejodemichoacan.com\/#\/schema\/person\/72d921e8fe99bd6e2e39bcde8995046f\"},\"breadcrumb\":{\"@id\":\"https:\/\/reflejodemichoacan.com\/index.php\/2022\/05\/27\/el-grupo-patzcuaro-trabaja-con-orgullo-lleva-campana-de-lentes-a-la-plaza-gertrudis-bocanegra\/#breadcrumb\"},\"inLanguage\":\"es-MX\",\"potentialAction\":[{\"@type\":\"ReadAction\",\"target\":[\"https:\/\/reflejodemichoacan.com\/index.php\/2022\/05\/27\/el-grupo-patzcuaro-trabaja-con-orgullo-lleva-campana-de-lentes-a-la-plaza-gertrudis-bocanegra\/\"]}]},{\"@type\":\"BreadcrumbList\",\"@id\":\"https:\/\/reflejodemichoacan.com\/index.php\/2022\/05\/27\/el-grupo-patzcuaro-trabaja-con-orgullo-lleva-campana-de-lentes-a-la-plaza-gertrudis-bocanegra\/#breadcrumb\",\"itemListElement\":[{\"@type\":\"ListItem\",\"position\":1,\"name\":\"Inicio\",\"item\":\"https:\/\/reflejodemichoacan.com\/\"},{\"@type\":\"ListItem\",\"position\":2,\"name\":\"El grupo \\u201cP\\u00e1tzcuaro trabaja con orgullo\\u201d lleva campa\\u00f1a de lentes a la plaza Gertrudis Bocanegra\"}]},{\"@type\":\"Person\",\"@id\":\"https:\/\/reflejodemichoacan.com\/#\/schema\/person\/72d921e8fe99bd6e2e39bcde8995046f\",\"name\":\"Aurora\",\"image\":{\"@type\":\"ImageObject\",\"@id\":\"https:\/\/reflejodemichoacan.com\/#personlogo\",\"inLanguage\":\"es-MX\",\"url\":\"https:\/\/secure.gravatar.com\/avatar\/df5ceb9b998be27b25dd258a6b4b0a95?s=96&d=mm&r=g\",\"contentUrl\":\"https:\/\/secure.gravatar.com\/avatar\/df5ceb9b998be27b25dd258a6b4b0a95?s=96&d=mm&r=g\",\"caption\":\"Aurora\"},\"sameAs\":[\"http:\/\/reflejodemichoacan.com\"],\"url\":\"https:\/\/reflejodemichoacan.com\/index.php\/author\/rixwm7qvsq\/\"}]}<\/script>\n<!-- \/ Yoast SEO plugin. -->","yoast_head_json":{"title":"El grupo \u201cP\u00e1tzcuaro trabaja con orgullo\u201d lleva campa\u00f1a de lentes a la plaza Gertrudis Bocanegra - Reflejo de Michoac\u00e1n","robots":{"index":"index","follow":"follow","max-snippet":"max-snippet:-1","max-image-preview":"max-image-preview:large","max-video-preview":"max-video-preview:-1"},"canonical":"https:\/\/reflejodemichoacan.com\/index.php\/2022\/05\/27\/el-grupo-patzcuaro-trabaja-con-orgullo-lleva-campana-de-lentes-a-la-plaza-gertrudis-bocanegra\/","og_locale":"es_MX","og_type":"article","og_title":"El grupo \u201cP\u00e1tzcuaro trabaja con orgullo\u201d lleva campa\u00f1a de lentes a la plaza Gertrudis Bocanegra - Reflejo de Michoac\u00e1n","og_description":"Roberto Soto P\u00e9rez P\u00e1tzcuaro, Mich., 27 de mayo de 2022.- Como parte de las acciones y actividades que lleva a cabo el grupo \u201cP\u00e1tzcuaro trabaja con orgullo\u201d, mismo que preside Alejandro Valencia Huacuja, este viernes se lleva a cabo la Campa\u00f1a de Salud Visual en la plaza Gertrudis Bocanegra; se sum\u00f3 a la campa\u00f1a el [&hellip;]","og_url":"https:\/\/reflejodemichoacan.com\/index.php\/2022\/05\/27\/el-grupo-patzcuaro-trabaja-con-orgullo-lleva-campana-de-lentes-a-la-plaza-gertrudis-bocanegra\/","og_site_name":"Reflejo de Michoac\u00e1n","article_published_time":"2022-05-27T17:35:55+00:00","article_modified_time":"2022-05-27T20:09:35+00:00","og_image":[{"width":1600,"height":769,"url":"https:\/\/reflejodemichoacan.com\/wp-content\/uploads\/2022\/05\/Alex.jpg","type":"image\/jpeg"}],"twitter_card":"summary_large_image","twitter_misc":{"Escrito por":"Aurora","Tiempo de lectura":"2 minutos"},"schema":{"@context":"https:\/\/schema.org","@graph":[{"@type":"WebSite","@id":"https:\/\/reflejodemichoacan.com\/#website","url":"https:\/\/reflejodemichoacan.com\/","name":"Reflejo de Michoac\u00e1n","description":"Medio de comunicaci\u00f3n impreso y digital al servicio de la regi\u00f3n lacustre y Michoac\u00e1n.","potentialAction":[{"@type":"SearchAction","target":{"@type":"EntryPoint","urlTemplate":"https:\/\/reflejodemichoacan.com\/?s={search_term_string}"},"query-input":"required name=search_term_string"}],"inLanguage":"es-MX"},{"@type":"ImageObject","@id":"https:\/\/reflejodemichoacan.com\/index.php\/2022\/05\/27\/el-grupo-patzcuaro-trabaja-con-orgullo-lleva-campana-de-lentes-a-la-plaza-gertrudis-bocanegra\/#primaryimage","inLanguage":"es-MX","url":"https:\/\/reflejodemichoacan.com\/wp-content\/uploads\/2022\/05\/Alex.jpg","contentUrl":"https:\/\/reflejodemichoacan.com\/wp-content\/uploads\/2022\/05\/Alex.jpg","width":1600,"height":769},{"@type":"WebPage","@id":"https:\/\/reflejodemichoacan.com\/index.php\/2022\/05\/27\/el-grupo-patzcuaro-trabaja-con-orgullo-lleva-campana-de-lentes-a-la-plaza-gertrudis-bocanegra\/#webpage","url":"https:\/\/reflejodemichoacan.com\/index.php\/2022\/05\/27\/el-grupo-patzcuaro-trabaja-con-orgullo-lleva-campana-de-lentes-a-la-plaza-gertrudis-bocanegra\/","name":"El grupo \u201cP\u00e1tzcuaro trabaja con orgullo\u201d lleva campa\u00f1a de lentes a la plaza Gertrudis Bocanegra - Reflejo de Michoac\u00e1n","isPartOf":{"@id":"https:\/\/reflejodemichoacan.com\/#website"},"primaryImageOfPage":{"@id":"https:\/\/reflejodemichoacan.com\/index.php\/2022\/05\/27\/el-grupo-patzcuaro-trabaja-con-orgullo-lleva-campana-de-lentes-a-la-plaza-gertrudis-bocanegra\/#primaryimage"},"datePublished":"2022-05-27T17:35:55+00:00","dateModified":"2022-05-27T20:09:35+00:00","author":{"@id":"https:\/\/reflejodemichoacan.com\/#\/schema\/person\/72d921e8fe99bd6e2e39bcde8995046f"},"breadcrumb":{"@id":"https:\/\/reflejodemichoacan.com\/index.php\/2022\/05\/27\/el-grupo-patzcuaro-trabaja-con-orgullo-lleva-campana-de-lentes-a-la-plaza-gertrudis-bocanegra\/#breadcrumb"},"inLanguage":"es-MX","potentialAction":[{"@type":"ReadAction","target":["https:\/\/reflejodemichoacan.com\/index.php\/2022\/05\/27\/el-grupo-patzcuaro-trabaja-con-orgullo-lleva-campana-de-lentes-a-la-plaza-gertrudis-bocanegra\/"]}]},{"@type":"BreadcrumbList","@id":"https:\/\/reflejodemichoacan.com\/index.php\/2022\/05\/27\/el-grupo-patzcuaro-trabaja-con-orgullo-lleva-campana-de-lentes-a-la-plaza-gertrudis-bocanegra\/#breadcrumb","itemListElement":[{"@type":"ListItem","position":1,"name":"Inicio","item":"https:\/\/reflejodemichoacan.com\/"},{"@type":"ListItem","position":2,"name":"El grupo \u201cP\u00e1tzcuaro trabaja con orgullo\u201d lleva campa\u00f1a de lentes a la plaza Gertrudis Bocanegra"}]},{"@type":"Person","@id":"https:\/\/reflejodemichoacan.com\/#\/schema\/person\/72d921e8fe99bd6e2e39bcde8995046f","name":"Aurora","image":{"@type":"ImageObject","@id":"https:\/\/reflejodemichoacan.com\/#personlogo","inLanguage":"es-MX","url":"https:\/\/secure.gravatar.com\/avatar\/df5ceb9b998be27b25dd258a6b4b0a95?s=96&d=mm&r=g","contentUrl":"https:\/\/secure.gravatar.com\/avatar\/df5ceb9b998be27b25dd258a6b4b0a95?s=96&d=mm&r=g","caption":"Aurora"},"sameAs":["http:\/\/reflejodemichoacan.com"],"url":"https:\/\/reflejodemichoacan.com\/index.php\/author\/rixwm7qvsq\/"}]}},"_links":{"self":[{"href":"https:\/\/reflejodemichoacan.com\/index.php\/wp-json\/wp\/v2\/posts\/8432"}],"collection":[{"href":"https:\/\/reflejodemichoacan.com\/index.php\/wp-json\/wp\/v2\/posts"}],"about":[{"href":"https:\/\/reflejodemichoacan.com\/index.php\/wp-json\/wp\/v2\/types\/post"}],"author":[{"embeddable":true,"href":"https:\/\/reflejodemichoacan.com\/index.php\/wp-json\/wp\/v2\/users\/1"}],"replies":[{"embeddable":true,"href":"https:\/\/reflejodemichoacan.com\/index.php\/wp-json\/wp\/v2\/comments?post=8432"}],"version-history":[{"count":2,"href":"https:\/\/reflejodemichoacan.com\/index.php\/wp-json\/wp\/v2\/posts\/8432\/revisions"}],"predecessor-version":[{"id":8438,"href":"https:\/\/reflejodemichoacan.com\/index.php\/wp-json\/wp\/v2\/posts\/8432\/revisions\/8438"}],"wp:featuredmedia":[{"embeddable":true,"href":"https:\/\/reflejodemichoacan.com\/index.php\/wp-json\/wp\/v2\/media\/8433"}],"wp:attachment":[{"href":"https:\/\/reflejodemichoacan.com\/index.php\/wp-json\/wp\/v2\/media?parent=8432"}],"wp:term":[{"taxonomy":"category","embeddable":true,"href":"https:\/\/reflejodemichoacan.com\/index.php\/wp-json\/wp\/v2\/categories?post=8432"},{"taxonomy":"post_tag","embeddable":true,"href":"https:\/\/reflejodemichoacan.com\/index.php\/wp-json\/wp\/v2\/tags?post=8432"}],"curies":[{"name":"wp","href":"https:\/\/api.w.org\/{rel}","templated":true}]}}