{"id":9920,"date":"2022-10-11T02:04:44","date_gmt":"2022-10-11T02:04:44","guid":{"rendered":"https:\/\/reflejodemichoacan.com\/?p=9920"},"modified":"2022-10-11T02:04:47","modified_gmt":"2022-10-11T02:04:47","slug":"legisla-ivonne-pantoja-para-erradicar-el-maltrato-infantil-y-en-adolescentes","status":"publish","type":"post","link":"https:\/\/reflejodemichoacan.com\/index.php\/2022\/10\/11\/legisla-ivonne-pantoja-para-erradicar-el-maltrato-infantil-y-en-adolescentes\/","title":{"rendered":"Legisla Ivonne Pantoja para erradicar el maltrato infantil y en adolescentes"},"content":{"rendered":"\n<p>&#8211; La iniciativa fue elaborada y presentada en conjunto por las integrantes de la Comisi\u00f3n de Protecci\u00f3n a la ni\u00f1ez y adolescencia<br>Morelia, Michoac\u00e1n, 10 de octubre de 2022.- Con la finalidad de garantizar la seguridad, atenci\u00f3n, justicia y respeto a los derechos de ni\u00f1as, ni\u00f1os y adolescentes, legislamos para la creaci\u00f3n de espacios adecuados, expres\u00f3 Ivonne Pantoja Abascal, diputada local por Zamora.\u00a0<br>Al presentar la iniciativa para la creaci\u00f3n de Centros de Justicia de protecci\u00f3n a la ni\u00f1ez y la adolescencia, en conjunto con las diputadas Adriana Hern\u00e1ndez \u00cd\u00f1iguez y Guadalupe D\u00edaz Chagolla, integrantes de la Comisi\u00f3n de Protecci\u00f3n a la ni\u00f1ez y adolescencia, Ivonne Pantoja destac\u00f3 la urgencia de garantizar el respeto a los menores y evitar la violencia desde el hogar.\u00a0<br>&#8220;Es urgente que podamos legislar para crear los entes adecuados que garanticen la protecci\u00f3n de los derechos de los ni\u00f1os y se reduzcan los niveles de violencia de los que son v\u00edctimas los menores, iniciando desde el n\u00facleo familiar. Debemos tratar con respeto y de manera digna a nuestros peque\u00f1os y adolescentes&#8221;.<br>Explic\u00f3 que con esta propuesta de reforma a la Ley Org\u00e1nica de la Fiscal\u00eda General del Estado y la Ley de los Derechos de Ni\u00f1as, Ni\u00f1os y Adolescentes, se pretende impulsar la creaci\u00f3n de Centros de Justicia de protecci\u00f3n a la ni\u00f1ez y la adolescencia, como espacios especializados para elaborar estrategias que atiendan, sancionen y eliminen la violencia en los menores de edad.\u00a0<br>La diputada por Zamora detall\u00f3 que las actividades de este Centro de Justicia ser\u00e1 identificar las fuentes y datos respecto al maltrato infantil, crear herramientas para diagnosticar este tema en el estado, dar atenci\u00f3n a los ni\u00f1os y abrir albergues para proteger a quienes se encuentren en estado vulnerable.\u00a0<br>Pantoja Abascal record\u00f3 que el C\u00f3digo Civil para el Distrito y Territorios Federales a partir de 2021 prohibi\u00f3 el castigo corporal o la humillaci\u00f3n como forma de correcci\u00f3n o disciplina de ni\u00f1as, ni\u00f1os y adolescentes, por lo que es urgente implementar actividades, herramientas y espacios para mejorar las condiciones de vida de los infantes.<\/p>\n","protected":false},"excerpt":{"rendered":"<p>&#8211; La iniciativa fue elaborada y presentada en conjunto por las integrantes de la Comisi\u00f3n de Protecci\u00f3n a la ni\u00f1ez y adolescenciaMorelia, Michoac\u00e1n, 10 de octubre de 2022.- Con la finalidad de garantizar la seguridad, atenci\u00f3n, justicia y respeto a los derechos de ni\u00f1as, ni\u00f1os y adolescentes, legislamos para la creaci\u00f3n de espacios adecuados, expres\u00f3 [&hellip;]<\/p>\n","protected":false},"author":1,"featured_media":9921,"comment_status":"open","ping_status":"closed","sticky":false,"template":"","format":"standard","meta":[],"categories":[1],"tags":[],"yoast_head":"<!-- This site is optimized with the Yoast SEO plugin v17.9 - https:\/\/yoast.com\/wordpress\/plugins\/seo\/ -->\n<title>Legisla Ivonne Pantoja para erradicar el maltrato infantil y en adolescentes - Reflejo de Michoac\u00e1n<\/title>\n<meta name=\"robots\" content=\"index, follow, max-snippet:-1, max-image-preview:large, max-video-preview:-1\" \/>\n<link rel=\"canonical\" href=\"https:\/\/reflejodemichoacan.com\/index.php\/2022\/10\/11\/legisla-ivonne-pantoja-para-erradicar-el-maltrato-infantil-y-en-adolescentes\/\" \/>\n<meta property=\"og:locale\" content=\"es_MX\" \/>\n<meta property=\"og:type\" content=\"article\" \/>\n<meta property=\"og:title\" content=\"Legisla Ivonne Pantoja para erradicar el maltrato infantil y en adolescentes - Reflejo de Michoac\u00e1n\" \/>\n<meta property=\"og:description\" content=\"&#8211; La iniciativa fue elaborada y presentada en conjunto por las integrantes de la Comisi\u00f3n de Protecci\u00f3n a la ni\u00f1ez y adolescenciaMorelia, Michoac\u00e1n, 10 de octubre de 2022.- Con la finalidad de garantizar la seguridad, atenci\u00f3n, justicia y respeto a los derechos de ni\u00f1as, ni\u00f1os y adolescentes, legislamos para la creaci\u00f3n de espacios adecuados, expres\u00f3 [&hellip;]\" \/>\n<meta property=\"og:url\" content=\"https:\/\/reflejodemichoacan.com\/index.php\/2022\/10\/11\/legisla-ivonne-pantoja-para-erradicar-el-maltrato-infantil-y-en-adolescentes\/\" \/>\n<meta property=\"og:site_name\" content=\"Reflejo de Michoac\u00e1n\" \/>\n<meta property=\"article:published_time\" content=\"2022-10-11T02:04:44+00:00\" \/>\n<meta property=\"article:modified_time\" content=\"2022-10-11T02:04:47+00:00\" \/>\n<meta property=\"og:image\" content=\"https:\/\/reflejodemichoacan.com\/wp-content\/uploads\/2022\/10\/legisla-ivon.jpg\" \/>\n\t<meta property=\"og:image:width\" content=\"1280\" \/>\n\t<meta property=\"og:image:height\" content=\"852\" \/>\n\t<meta property=\"og:image:type\" content=\"image\/jpeg\" \/>\n<meta name=\"twitter:card\" content=\"summary_large_image\" \/>\n<meta name=\"twitter:label1\" content=\"Escrito por\" \/>\n\t<meta name=\"twitter:data1\" content=\"Aurora\" \/>\n\t<meta name=\"twitter:label2\" content=\"Tiempo de lectura\" \/>\n\t<meta name=\"twitter:data2\" content=\"2 minutos\" \/>\n<script type=\"application\/ld+json\" class=\"yoast-schema-graph\">{\"@context\":\"https:\/\/schema.org\",\"@graph\":[{\"@type\":\"WebSite\",\"@id\":\"https:\/\/reflejodemichoacan.com\/#website\",\"url\":\"https:\/\/reflejodemichoacan.com\/\",\"name\":\"Reflejo de Michoac\\u00e1n\",\"description\":\"Medio de comunicaci\\u00f3n impreso y digital al servicio de la regi\\u00f3n lacustre y Michoac\\u00e1n.\",\"potentialAction\":[{\"@type\":\"SearchAction\",\"target\":{\"@type\":\"EntryPoint\",\"urlTemplate\":\"https:\/\/reflejodemichoacan.com\/?s={search_term_string}\"},\"query-input\":\"required name=search_term_string\"}],\"inLanguage\":\"es-MX\"},{\"@type\":\"ImageObject\",\"@id\":\"https:\/\/reflejodemichoacan.com\/index.php\/2022\/10\/11\/legisla-ivonne-pantoja-para-erradicar-el-maltrato-infantil-y-en-adolescentes\/#primaryimage\",\"inLanguage\":\"es-MX\",\"url\":\"https:\/\/reflejodemichoacan.com\/wp-content\/uploads\/2022\/10\/legisla-ivon.jpg\",\"contentUrl\":\"https:\/\/reflejodemichoacan.com\/wp-content\/uploads\/2022\/10\/legisla-ivon.jpg\",\"width\":1280,\"height\":852},{\"@type\":\"WebPage\",\"@id\":\"https:\/\/reflejodemichoacan.com\/index.php\/2022\/10\/11\/legisla-ivonne-pantoja-para-erradicar-el-maltrato-infantil-y-en-adolescentes\/#webpage\",\"url\":\"https:\/\/reflejodemichoacan.com\/index.php\/2022\/10\/11\/legisla-ivonne-pantoja-para-erradicar-el-maltrato-infantil-y-en-adolescentes\/\",\"name\":\"Legisla Ivonne Pantoja para erradicar el maltrato infantil y en adolescentes - Reflejo de Michoac\\u00e1n\",\"isPartOf\":{\"@id\":\"https:\/\/reflejodemichoacan.com\/#website\"},\"primaryImageOfPage\":{\"@id\":\"https:\/\/reflejodemichoacan.com\/index.php\/2022\/10\/11\/legisla-ivonne-pantoja-para-erradicar-el-maltrato-infantil-y-en-adolescentes\/#primaryimage\"},\"datePublished\":\"2022-10-11T02:04:44+00:00\",\"dateModified\":\"2022-10-11T02:04:47+00:00\",\"author\":{\"@id\":\"https:\/\/reflejodemichoacan.com\/#\/schema\/person\/72d921e8fe99bd6e2e39bcde8995046f\"},\"breadcrumb\":{\"@id\":\"https:\/\/reflejodemichoacan.com\/index.php\/2022\/10\/11\/legisla-ivonne-pantoja-para-erradicar-el-maltrato-infantil-y-en-adolescentes\/#breadcrumb\"},\"inLanguage\":\"es-MX\",\"potentialAction\":[{\"@type\":\"ReadAction\",\"target\":[\"https:\/\/reflejodemichoacan.com\/index.php\/2022\/10\/11\/legisla-ivonne-pantoja-para-erradicar-el-maltrato-infantil-y-en-adolescentes\/\"]}]},{\"@type\":\"BreadcrumbList\",\"@id\":\"https:\/\/reflejodemichoacan.com\/index.php\/2022\/10\/11\/legisla-ivonne-pantoja-para-erradicar-el-maltrato-infantil-y-en-adolescentes\/#breadcrumb\",\"itemListElement\":[{\"@type\":\"ListItem\",\"position\":1,\"name\":\"Inicio\",\"item\":\"https:\/\/reflejodemichoacan.com\/\"},{\"@type\":\"ListItem\",\"position\":2,\"name\":\"Legisla Ivonne Pantoja para erradicar el maltrato infantil y en adolescentes\"}]},{\"@type\":\"Person\",\"@id\":\"https:\/\/reflejodemichoacan.com\/#\/schema\/person\/72d921e8fe99bd6e2e39bcde8995046f\",\"name\":\"Aurora\",\"image\":{\"@type\":\"ImageObject\",\"@id\":\"https:\/\/reflejodemichoacan.com\/#personlogo\",\"inLanguage\":\"es-MX\",\"url\":\"https:\/\/secure.gravatar.com\/avatar\/df5ceb9b998be27b25dd258a6b4b0a95?s=96&d=mm&r=g\",\"contentUrl\":\"https:\/\/secure.gravatar.com\/avatar\/df5ceb9b998be27b25dd258a6b4b0a95?s=96&d=mm&r=g\",\"caption\":\"Aurora\"},\"sameAs\":[\"http:\/\/reflejodemichoacan.com\"],\"url\":\"https:\/\/reflejodemichoacan.com\/index.php\/author\/rixwm7qvsq\/\"}]}<\/script>\n<!-- \/ Yoast SEO plugin. -->","yoast_head_json":{"title":"Legisla Ivonne Pantoja para erradicar el maltrato infantil y en adolescentes - Reflejo de Michoac\u00e1n","robots":{"index":"index","follow":"follow","max-snippet":"max-snippet:-1","max-image-preview":"max-image-preview:large","max-video-preview":"max-video-preview:-1"},"canonical":"https:\/\/reflejodemichoacan.com\/index.php\/2022\/10\/11\/legisla-ivonne-pantoja-para-erradicar-el-maltrato-infantil-y-en-adolescentes\/","og_locale":"es_MX","og_type":"article","og_title":"Legisla Ivonne Pantoja para erradicar el maltrato infantil y en adolescentes - Reflejo de Michoac\u00e1n","og_description":"&#8211; La iniciativa fue elaborada y presentada en conjunto por las integrantes de la Comisi\u00f3n de Protecci\u00f3n a la ni\u00f1ez y adolescenciaMorelia, Michoac\u00e1n, 10 de octubre de 2022.- Con la finalidad de garantizar la seguridad, atenci\u00f3n, justicia y respeto a los derechos de ni\u00f1as, ni\u00f1os y adolescentes, legislamos para la creaci\u00f3n de espacios adecuados, expres\u00f3 [&hellip;]","og_url":"https:\/\/reflejodemichoacan.com\/index.php\/2022\/10\/11\/legisla-ivonne-pantoja-para-erradicar-el-maltrato-infantil-y-en-adolescentes\/","og_site_name":"Reflejo de Michoac\u00e1n","article_published_time":"2022-10-11T02:04:44+00:00","article_modified_time":"2022-10-11T02:04:47+00:00","og_image":[{"width":1280,"height":852,"url":"https:\/\/reflejodemichoacan.com\/wp-content\/uploads\/2022\/10\/legisla-ivon.jpg","type":"image\/jpeg"}],"twitter_card":"summary_large_image","twitter_misc":{"Escrito por":"Aurora","Tiempo de lectura":"2 minutos"},"schema":{"@context":"https:\/\/schema.org","@graph":[{"@type":"WebSite","@id":"https:\/\/reflejodemichoacan.com\/#website","url":"https:\/\/reflejodemichoacan.com\/","name":"Reflejo de Michoac\u00e1n","description":"Medio de comunicaci\u00f3n impreso y digital al servicio de la regi\u00f3n lacustre y Michoac\u00e1n.","potentialAction":[{"@type":"SearchAction","target":{"@type":"EntryPoint","urlTemplate":"https:\/\/reflejodemichoacan.com\/?s={search_term_string}"},"query-input":"required name=search_term_string"}],"inLanguage":"es-MX"},{"@type":"ImageObject","@id":"https:\/\/reflejodemichoacan.com\/index.php\/2022\/10\/11\/legisla-ivonne-pantoja-para-erradicar-el-maltrato-infantil-y-en-adolescentes\/#primaryimage","inLanguage":"es-MX","url":"https:\/\/reflejodemichoacan.com\/wp-content\/uploads\/2022\/10\/legisla-ivon.jpg","contentUrl":"https:\/\/reflejodemichoacan.com\/wp-content\/uploads\/2022\/10\/legisla-ivon.jpg","width":1280,"height":852},{"@type":"WebPage","@id":"https:\/\/reflejodemichoacan.com\/index.php\/2022\/10\/11\/legisla-ivonne-pantoja-para-erradicar-el-maltrato-infantil-y-en-adolescentes\/#webpage","url":"https:\/\/reflejodemichoacan.com\/index.php\/2022\/10\/11\/legisla-ivonne-pantoja-para-erradicar-el-maltrato-infantil-y-en-adolescentes\/","name":"Legisla Ivonne Pantoja para erradicar el maltrato infantil y en adolescentes - Reflejo de Michoac\u00e1n","isPartOf":{"@id":"https:\/\/reflejodemichoacan.com\/#website"},"primaryImageOfPage":{"@id":"https:\/\/reflejodemichoacan.com\/index.php\/2022\/10\/11\/legisla-ivonne-pantoja-para-erradicar-el-maltrato-infantil-y-en-adolescentes\/#primaryimage"},"datePublished":"2022-10-11T02:04:44+00:00","dateModified":"2022-10-11T02:04:47+00:00","author":{"@id":"https:\/\/reflejodemichoacan.com\/#\/schema\/person\/72d921e8fe99bd6e2e39bcde8995046f"},"breadcrumb":{"@id":"https:\/\/reflejodemichoacan.com\/index.php\/2022\/10\/11\/legisla-ivonne-pantoja-para-erradicar-el-maltrato-infantil-y-en-adolescentes\/#breadcrumb"},"inLanguage":"es-MX","potentialAction":[{"@type":"ReadAction","target":["https:\/\/reflejodemichoacan.com\/index.php\/2022\/10\/11\/legisla-ivonne-pantoja-para-erradicar-el-maltrato-infantil-y-en-adolescentes\/"]}]},{"@type":"BreadcrumbList","@id":"https:\/\/reflejodemichoacan.com\/index.php\/2022\/10\/11\/legisla-ivonne-pantoja-para-erradicar-el-maltrato-infantil-y-en-adolescentes\/#breadcrumb","itemListElement":[{"@type":"ListItem","position":1,"name":"Inicio","item":"https:\/\/reflejodemichoacan.com\/"},{"@type":"ListItem","position":2,"name":"Legisla Ivonne Pantoja para erradicar el maltrato infantil y en adolescentes"}]},{"@type":"Person","@id":"https:\/\/reflejodemichoacan.com\/#\/schema\/person\/72d921e8fe99bd6e2e39bcde8995046f","name":"Aurora","image":{"@type":"ImageObject","@id":"https:\/\/reflejodemichoacan.com\/#personlogo","inLanguage":"es-MX","url":"https:\/\/secure.gravatar.com\/avatar\/df5ceb9b998be27b25dd258a6b4b0a95?s=96&d=mm&r=g","contentUrl":"https:\/\/secure.gravatar.com\/avatar\/df5ceb9b998be27b25dd258a6b4b0a95?s=96&d=mm&r=g","caption":"Aurora"},"sameAs":["http:\/\/reflejodemichoacan.com"],"url":"https:\/\/reflejodemichoacan.com\/index.php\/author\/rixwm7qvsq\/"}]}},"_links":{"self":[{"href":"https:\/\/reflejodemichoacan.com\/index.php\/wp-json\/wp\/v2\/posts\/9920"}],"collection":[{"href":"https:\/\/reflejodemichoacan.com\/index.php\/wp-json\/wp\/v2\/posts"}],"about":[{"href":"https:\/\/reflejodemichoacan.com\/index.php\/wp-json\/wp\/v2\/types\/post"}],"author":[{"embeddable":true,"href":"https:\/\/reflejodemichoacan.com\/index.php\/wp-json\/wp\/v2\/users\/1"}],"replies":[{"embeddable":true,"href":"https:\/\/reflejodemichoacan.com\/index.php\/wp-json\/wp\/v2\/comments?post=9920"}],"version-history":[{"count":1,"href":"https:\/\/reflejodemichoacan.com\/index.php\/wp-json\/wp\/v2\/posts\/9920\/revisions"}],"predecessor-version":[{"id":9922,"href":"https:\/\/reflejodemichoacan.com\/index.php\/wp-json\/wp\/v2\/posts\/9920\/revisions\/9922"}],"wp:featuredmedia":[{"embeddable":true,"href":"https:\/\/reflejodemichoacan.com\/index.php\/wp-json\/wp\/v2\/media\/9921"}],"wp:attachment":[{"href":"https:\/\/reflejodemichoacan.com\/index.php\/wp-json\/wp\/v2\/media?parent=9920"}],"wp:term":[{"taxonomy":"category","embeddable":true,"href":"https:\/\/reflejodemichoacan.com\/index.php\/wp-json\/wp\/v2\/categories?post=9920"},{"taxonomy":"post_tag","embeddable":true,"href":"https:\/\/reflejodemichoacan.com\/index.php\/wp-json\/wp\/v2\/tags?post=9920"}],"curies":[{"name":"wp","href":"https:\/\/api.w.org\/{rel}","templated":true}]}}