{"id":9926,"date":"2022-10-12T00:21:07","date_gmt":"2022-10-12T00:21:07","guid":{"rendered":"https:\/\/reflejodemichoacan.com\/?p=9926"},"modified":"2022-10-12T00:21:11","modified_gmt":"2022-10-12T00:21:11","slug":"bedolla-urge-al-congreso-derogar-ley-que-obliga-el-uso-del-cubrebocas-en-michoacan","status":"publish","type":"post","link":"https:\/\/reflejodemichoacan.com\/index.php\/2022\/10\/12\/bedolla-urge-al-congreso-derogar-ley-que-obliga-el-uso-del-cubrebocas-en-michoacan\/","title":{"rendered":"Bedolla urge al Congreso derogar ley que obliga el uso del cubrebocas en Michoac\u00e1n"},"content":{"rendered":"\n<p>Morelia, Michoac\u00e1n, 11 de octubre del 2022.- El gobernador Alfredo Ram\u00edrez Bedolla exhorta a los integrantes de la LXXV Legislatura local derogar la Ley que Regula el Uso del Cubrebocas en Michoac\u00e1n, y con ello, eliminar su obligatoriedad en espacios cerrados donde exista la sana distancia.<br>Luego de que la Secretar\u00eda de Salud (SSA) determinara anular el uso de mascarillas en personas vacunadas contra Covid-19 y sin padecimientos inmunodepresores, el mandatario estatal pidi\u00f3 a las y los diputados anular la normatividad que se aprob\u00f3 en 2020 y en su lugar, homologar los lineamientos de prevenci\u00f3n con los de la federaci\u00f3n.\u00a0<br>Dichos criterios establecen la eliminaci\u00f3n de filtros sanitarios y tapetes sanitizantes, as\u00ed como el uso de mascarillas en espacios cerrados donde se garantice una distancia de 1.5 metros entre personas y recomienda continuar su portaci\u00f3n en lugares de trabajo mal ventilados o con alta exposici\u00f3n a fuentes de contagio como los hospitales y el transporte p\u00fablico, entre otros.<br>Ram\u00edrez Bedolla record\u00f3 que, en d\u00edas pasados, el Ejecutivo del estado envi\u00f3 al Congreso local una iniciativa para que la Secretar\u00eda de Salud en Michoac\u00e1n (SSM), sea quien defina los mecanismos de contenci\u00f3n a los contagios por el virus del SARS-CoV-2, por lo que urgi\u00f3 atender este tema y llevarlo al pleno para su respectiva aprobaci\u00f3n.<br>De acuerdo con informaci\u00f3n actualizada de las instituciones de Salud, Michoac\u00e1n contin\u00faa a la baja en el n\u00famero de contagios por Covid-19, al tener un registro de 169 casos activos y una ocupaci\u00f3n hospitalaria de 1.8 por ciento, adem\u00e1s de que suman 7 millones 757 mil vacunas aplicadas en la entidad con corte al 10 de octubre del 2022.<\/p>\n","protected":false},"excerpt":{"rendered":"<p>Morelia, Michoac\u00e1n, 11 de octubre del 2022.- El gobernador Alfredo Ram\u00edrez Bedolla exhorta a los integrantes de la LXXV Legislatura local derogar la Ley que Regula el Uso del Cubrebocas en Michoac\u00e1n, y con ello, eliminar su obligatoriedad en espacios cerrados donde exista la sana distancia.Luego de que la Secretar\u00eda de Salud (SSA) determinara anular [&hellip;]<\/p>\n","protected":false},"author":1,"featured_media":9927,"comment_status":"open","ping_status":"closed","sticky":false,"template":"","format":"standard","meta":[],"categories":[1],"tags":[],"yoast_head":"<!-- This site is optimized with the Yoast SEO plugin v17.9 - https:\/\/yoast.com\/wordpress\/plugins\/seo\/ -->\n<title>Bedolla urge al Congreso derogar ley que obliga el uso del cubrebocas en Michoac\u00e1n - Reflejo de Michoac\u00e1n<\/title>\n<meta name=\"robots\" content=\"index, follow, max-snippet:-1, max-image-preview:large, max-video-preview:-1\" \/>\n<link rel=\"canonical\" href=\"https:\/\/reflejodemichoacan.com\/index.php\/2022\/10\/12\/bedolla-urge-al-congreso-derogar-ley-que-obliga-el-uso-del-cubrebocas-en-michoacan\/\" \/>\n<meta property=\"og:locale\" content=\"es_MX\" \/>\n<meta property=\"og:type\" content=\"article\" \/>\n<meta property=\"og:title\" content=\"Bedolla urge al Congreso derogar ley que obliga el uso del cubrebocas en Michoac\u00e1n - Reflejo de Michoac\u00e1n\" \/>\n<meta property=\"og:description\" content=\"Morelia, Michoac\u00e1n, 11 de octubre del 2022.- El gobernador Alfredo Ram\u00edrez Bedolla exhorta a los integrantes de la LXXV Legislatura local derogar la Ley que Regula el Uso del Cubrebocas en Michoac\u00e1n, y con ello, eliminar su obligatoriedad en espacios cerrados donde exista la sana distancia.Luego de que la Secretar\u00eda de Salud (SSA) determinara anular [&hellip;]\" \/>\n<meta property=\"og:url\" content=\"https:\/\/reflejodemichoacan.com\/index.php\/2022\/10\/12\/bedolla-urge-al-congreso-derogar-ley-que-obliga-el-uso-del-cubrebocas-en-michoacan\/\" \/>\n<meta property=\"og:site_name\" content=\"Reflejo de Michoac\u00e1n\" \/>\n<meta property=\"article:published_time\" content=\"2022-10-12T00:21:07+00:00\" \/>\n<meta property=\"article:modified_time\" content=\"2022-10-12T00:21:11+00:00\" \/>\n<meta property=\"og:image\" content=\"https:\/\/reflejodemichoacan.com\/wp-content\/uploads\/2022\/10\/bedolla.jpg\" \/>\n\t<meta property=\"og:image:width\" content=\"1280\" \/>\n\t<meta property=\"og:image:height\" content=\"852\" \/>\n\t<meta property=\"og:image:type\" content=\"image\/jpeg\" \/>\n<meta name=\"twitter:card\" content=\"summary_large_image\" \/>\n<meta name=\"twitter:label1\" content=\"Escrito por\" \/>\n\t<meta name=\"twitter:data1\" content=\"Aurora\" \/>\n\t<meta name=\"twitter:label2\" content=\"Tiempo de lectura\" \/>\n\t<meta name=\"twitter:data2\" content=\"2 minutos\" \/>\n<script type=\"application\/ld+json\" class=\"yoast-schema-graph\">{\"@context\":\"https:\/\/schema.org\",\"@graph\":[{\"@type\":\"WebSite\",\"@id\":\"https:\/\/reflejodemichoacan.com\/#website\",\"url\":\"https:\/\/reflejodemichoacan.com\/\",\"name\":\"Reflejo de Michoac\\u00e1n\",\"description\":\"Medio de comunicaci\\u00f3n impreso y digital al servicio de la regi\\u00f3n lacustre y Michoac\\u00e1n.\",\"potentialAction\":[{\"@type\":\"SearchAction\",\"target\":{\"@type\":\"EntryPoint\",\"urlTemplate\":\"https:\/\/reflejodemichoacan.com\/?s={search_term_string}\"},\"query-input\":\"required name=search_term_string\"}],\"inLanguage\":\"es-MX\"},{\"@type\":\"ImageObject\",\"@id\":\"https:\/\/reflejodemichoacan.com\/index.php\/2022\/10\/12\/bedolla-urge-al-congreso-derogar-ley-que-obliga-el-uso-del-cubrebocas-en-michoacan\/#primaryimage\",\"inLanguage\":\"es-MX\",\"url\":\"https:\/\/reflejodemichoacan.com\/wp-content\/uploads\/2022\/10\/bedolla.jpg\",\"contentUrl\":\"https:\/\/reflejodemichoacan.com\/wp-content\/uploads\/2022\/10\/bedolla.jpg\",\"width\":1280,\"height\":852},{\"@type\":\"WebPage\",\"@id\":\"https:\/\/reflejodemichoacan.com\/index.php\/2022\/10\/12\/bedolla-urge-al-congreso-derogar-ley-que-obliga-el-uso-del-cubrebocas-en-michoacan\/#webpage\",\"url\":\"https:\/\/reflejodemichoacan.com\/index.php\/2022\/10\/12\/bedolla-urge-al-congreso-derogar-ley-que-obliga-el-uso-del-cubrebocas-en-michoacan\/\",\"name\":\"Bedolla urge al Congreso derogar ley que obliga el uso del cubrebocas en Michoac\\u00e1n - Reflejo de Michoac\\u00e1n\",\"isPartOf\":{\"@id\":\"https:\/\/reflejodemichoacan.com\/#website\"},\"primaryImageOfPage\":{\"@id\":\"https:\/\/reflejodemichoacan.com\/index.php\/2022\/10\/12\/bedolla-urge-al-congreso-derogar-ley-que-obliga-el-uso-del-cubrebocas-en-michoacan\/#primaryimage\"},\"datePublished\":\"2022-10-12T00:21:07+00:00\",\"dateModified\":\"2022-10-12T00:21:11+00:00\",\"author\":{\"@id\":\"https:\/\/reflejodemichoacan.com\/#\/schema\/person\/72d921e8fe99bd6e2e39bcde8995046f\"},\"breadcrumb\":{\"@id\":\"https:\/\/reflejodemichoacan.com\/index.php\/2022\/10\/12\/bedolla-urge-al-congreso-derogar-ley-que-obliga-el-uso-del-cubrebocas-en-michoacan\/#breadcrumb\"},\"inLanguage\":\"es-MX\",\"potentialAction\":[{\"@type\":\"ReadAction\",\"target\":[\"https:\/\/reflejodemichoacan.com\/index.php\/2022\/10\/12\/bedolla-urge-al-congreso-derogar-ley-que-obliga-el-uso-del-cubrebocas-en-michoacan\/\"]}]},{\"@type\":\"BreadcrumbList\",\"@id\":\"https:\/\/reflejodemichoacan.com\/index.php\/2022\/10\/12\/bedolla-urge-al-congreso-derogar-ley-que-obliga-el-uso-del-cubrebocas-en-michoacan\/#breadcrumb\",\"itemListElement\":[{\"@type\":\"ListItem\",\"position\":1,\"name\":\"Inicio\",\"item\":\"https:\/\/reflejodemichoacan.com\/\"},{\"@type\":\"ListItem\",\"position\":2,\"name\":\"Bedolla urge al Congreso derogar ley que obliga el uso del cubrebocas en Michoac\\u00e1n\"}]},{\"@type\":\"Person\",\"@id\":\"https:\/\/reflejodemichoacan.com\/#\/schema\/person\/72d921e8fe99bd6e2e39bcde8995046f\",\"name\":\"Aurora\",\"image\":{\"@type\":\"ImageObject\",\"@id\":\"https:\/\/reflejodemichoacan.com\/#personlogo\",\"inLanguage\":\"es-MX\",\"url\":\"https:\/\/secure.gravatar.com\/avatar\/df5ceb9b998be27b25dd258a6b4b0a95?s=96&d=mm&r=g\",\"contentUrl\":\"https:\/\/secure.gravatar.com\/avatar\/df5ceb9b998be27b25dd258a6b4b0a95?s=96&d=mm&r=g\",\"caption\":\"Aurora\"},\"sameAs\":[\"http:\/\/reflejodemichoacan.com\"],\"url\":\"https:\/\/reflejodemichoacan.com\/index.php\/author\/rixwm7qvsq\/\"}]}<\/script>\n<!-- \/ Yoast SEO plugin. -->","yoast_head_json":{"title":"Bedolla urge al Congreso derogar ley que obliga el uso del cubrebocas en Michoac\u00e1n - Reflejo de Michoac\u00e1n","robots":{"index":"index","follow":"follow","max-snippet":"max-snippet:-1","max-image-preview":"max-image-preview:large","max-video-preview":"max-video-preview:-1"},"canonical":"https:\/\/reflejodemichoacan.com\/index.php\/2022\/10\/12\/bedolla-urge-al-congreso-derogar-ley-que-obliga-el-uso-del-cubrebocas-en-michoacan\/","og_locale":"es_MX","og_type":"article","og_title":"Bedolla urge al Congreso derogar ley que obliga el uso del cubrebocas en Michoac\u00e1n - Reflejo de Michoac\u00e1n","og_description":"Morelia, Michoac\u00e1n, 11 de octubre del 2022.- El gobernador Alfredo Ram\u00edrez Bedolla exhorta a los integrantes de la LXXV Legislatura local derogar la Ley que Regula el Uso del Cubrebocas en Michoac\u00e1n, y con ello, eliminar su obligatoriedad en espacios cerrados donde exista la sana distancia.Luego de que la Secretar\u00eda de Salud (SSA) determinara anular [&hellip;]","og_url":"https:\/\/reflejodemichoacan.com\/index.php\/2022\/10\/12\/bedolla-urge-al-congreso-derogar-ley-que-obliga-el-uso-del-cubrebocas-en-michoacan\/","og_site_name":"Reflejo de Michoac\u00e1n","article_published_time":"2022-10-12T00:21:07+00:00","article_modified_time":"2022-10-12T00:21:11+00:00","og_image":[{"width":1280,"height":852,"url":"https:\/\/reflejodemichoacan.com\/wp-content\/uploads\/2022\/10\/bedolla.jpg","type":"image\/jpeg"}],"twitter_card":"summary_large_image","twitter_misc":{"Escrito por":"Aurora","Tiempo de lectura":"2 minutos"},"schema":{"@context":"https:\/\/schema.org","@graph":[{"@type":"WebSite","@id":"https:\/\/reflejodemichoacan.com\/#website","url":"https:\/\/reflejodemichoacan.com\/","name":"Reflejo de Michoac\u00e1n","description":"Medio de comunicaci\u00f3n impreso y digital al servicio de la regi\u00f3n lacustre y Michoac\u00e1n.","potentialAction":[{"@type":"SearchAction","target":{"@type":"EntryPoint","urlTemplate":"https:\/\/reflejodemichoacan.com\/?s={search_term_string}"},"query-input":"required name=search_term_string"}],"inLanguage":"es-MX"},{"@type":"ImageObject","@id":"https:\/\/reflejodemichoacan.com\/index.php\/2022\/10\/12\/bedolla-urge-al-congreso-derogar-ley-que-obliga-el-uso-del-cubrebocas-en-michoacan\/#primaryimage","inLanguage":"es-MX","url":"https:\/\/reflejodemichoacan.com\/wp-content\/uploads\/2022\/10\/bedolla.jpg","contentUrl":"https:\/\/reflejodemichoacan.com\/wp-content\/uploads\/2022\/10\/bedolla.jpg","width":1280,"height":852},{"@type":"WebPage","@id":"https:\/\/reflejodemichoacan.com\/index.php\/2022\/10\/12\/bedolla-urge-al-congreso-derogar-ley-que-obliga-el-uso-del-cubrebocas-en-michoacan\/#webpage","url":"https:\/\/reflejodemichoacan.com\/index.php\/2022\/10\/12\/bedolla-urge-al-congreso-derogar-ley-que-obliga-el-uso-del-cubrebocas-en-michoacan\/","name":"Bedolla urge al Congreso derogar ley que obliga el uso del cubrebocas en Michoac\u00e1n - Reflejo de Michoac\u00e1n","isPartOf":{"@id":"https:\/\/reflejodemichoacan.com\/#website"},"primaryImageOfPage":{"@id":"https:\/\/reflejodemichoacan.com\/index.php\/2022\/10\/12\/bedolla-urge-al-congreso-derogar-ley-que-obliga-el-uso-del-cubrebocas-en-michoacan\/#primaryimage"},"datePublished":"2022-10-12T00:21:07+00:00","dateModified":"2022-10-12T00:21:11+00:00","author":{"@id":"https:\/\/reflejodemichoacan.com\/#\/schema\/person\/72d921e8fe99bd6e2e39bcde8995046f"},"breadcrumb":{"@id":"https:\/\/reflejodemichoacan.com\/index.php\/2022\/10\/12\/bedolla-urge-al-congreso-derogar-ley-que-obliga-el-uso-del-cubrebocas-en-michoacan\/#breadcrumb"},"inLanguage":"es-MX","potentialAction":[{"@type":"ReadAction","target":["https:\/\/reflejodemichoacan.com\/index.php\/2022\/10\/12\/bedolla-urge-al-congreso-derogar-ley-que-obliga-el-uso-del-cubrebocas-en-michoacan\/"]}]},{"@type":"BreadcrumbList","@id":"https:\/\/reflejodemichoacan.com\/index.php\/2022\/10\/12\/bedolla-urge-al-congreso-derogar-ley-que-obliga-el-uso-del-cubrebocas-en-michoacan\/#breadcrumb","itemListElement":[{"@type":"ListItem","position":1,"name":"Inicio","item":"https:\/\/reflejodemichoacan.com\/"},{"@type":"ListItem","position":2,"name":"Bedolla urge al Congreso derogar ley que obliga el uso del cubrebocas en Michoac\u00e1n"}]},{"@type":"Person","@id":"https:\/\/reflejodemichoacan.com\/#\/schema\/person\/72d921e8fe99bd6e2e39bcde8995046f","name":"Aurora","image":{"@type":"ImageObject","@id":"https:\/\/reflejodemichoacan.com\/#personlogo","inLanguage":"es-MX","url":"https:\/\/secure.gravatar.com\/avatar\/df5ceb9b998be27b25dd258a6b4b0a95?s=96&d=mm&r=g","contentUrl":"https:\/\/secure.gravatar.com\/avatar\/df5ceb9b998be27b25dd258a6b4b0a95?s=96&d=mm&r=g","caption":"Aurora"},"sameAs":["http:\/\/reflejodemichoacan.com"],"url":"https:\/\/reflejodemichoacan.com\/index.php\/author\/rixwm7qvsq\/"}]}},"_links":{"self":[{"href":"https:\/\/reflejodemichoacan.com\/index.php\/wp-json\/wp\/v2\/posts\/9926"}],"collection":[{"href":"https:\/\/reflejodemichoacan.com\/index.php\/wp-json\/wp\/v2\/posts"}],"about":[{"href":"https:\/\/reflejodemichoacan.com\/index.php\/wp-json\/wp\/v2\/types\/post"}],"author":[{"embeddable":true,"href":"https:\/\/reflejodemichoacan.com\/index.php\/wp-json\/wp\/v2\/users\/1"}],"replies":[{"embeddable":true,"href":"https:\/\/reflejodemichoacan.com\/index.php\/wp-json\/wp\/v2\/comments?post=9926"}],"version-history":[{"count":1,"href":"https:\/\/reflejodemichoacan.com\/index.php\/wp-json\/wp\/v2\/posts\/9926\/revisions"}],"predecessor-version":[{"id":9928,"href":"https:\/\/reflejodemichoacan.com\/index.php\/wp-json\/wp\/v2\/posts\/9926\/revisions\/9928"}],"wp:featuredmedia":[{"embeddable":true,"href":"https:\/\/reflejodemichoacan.com\/index.php\/wp-json\/wp\/v2\/media\/9927"}],"wp:attachment":[{"href":"https:\/\/reflejodemichoacan.com\/index.php\/wp-json\/wp\/v2\/media?parent=9926"}],"wp:term":[{"taxonomy":"category","embeddable":true,"href":"https:\/\/reflejodemichoacan.com\/index.php\/wp-json\/wp\/v2\/categories?post=9926"},{"taxonomy":"post_tag","embeddable":true,"href":"https:\/\/reflejodemichoacan.com\/index.php\/wp-json\/wp\/v2\/tags?post=9926"}],"curies":[{"name":"wp","href":"https:\/\/api.w.org\/{rel}","templated":true}]}}