{"id":9929,"date":"2022-10-12T00:55:15","date_gmt":"2022-10-12T00:55:15","guid":{"rendered":"https:\/\/reflejodemichoacan.com\/?p=9929"},"modified":"2022-10-12T00:55:22","modified_gmt":"2022-10-12T00:55:22","slug":"resaltan-la-importancia-de-la-planeacion-urbana","status":"publish","type":"post","link":"https:\/\/reflejodemichoacan.com\/index.php\/2022\/10\/12\/resaltan-la-importancia-de-la-planeacion-urbana\/","title":{"rendered":"Resaltan la importancia de la planeaci\u00f3n urbana"},"content":{"rendered":"\n<p>\u2022Se re\u00fanen diputadas de la Comisi\u00f3n de Desarrollo Urbano, Obra P\u00fablica y Vivienda con directora del Implan<br>Morelia, Michoac\u00e1n, a 11 de octubre de 2022.- Con la finalidad de conocer las vertientes de trabajo del Instituto Municipal de Planeaci\u00f3n de Morelia (Implan), integrantes de la Comisi\u00f3n de Desarrollo Urbano, Obra P\u00fablica y Vivienda, presidida por la Diputada, Mar\u00eda Guadalupe D\u00edaz Chagolla, se reunieron con Joanna Margarita Moreno Manzo, titular de este organismo municipal.<br>En dicho encuentro se intercambiaron puntos de vista sobre las \u00e1reas de oportunidad susceptibles de normarse mediante ordenamientos jur\u00eddicos para mejorar el trabajo que emprende el Implan, adem\u00e1s que se detallaron todos los servicios que brinda el Instituto con el objetivo de coadyuvar a que las administraciones p\u00fablicas puedan conformar planes de desarrollo acordes a las necesidades de crecimiento de las ciudades.<br>La diputada Mar\u00eda Guadalupe D\u00edaz Chagolla indic\u00f3 que la labor que emprende el Implan es muy importante, por lo que un trabajo conjunto permitir\u00e1 generar iniciativas de ley que promuevan su fortalecimiento, pero que adem\u00e1s nutra la emisi\u00f3n nuevos ordenamientos, tales como la homologaci\u00f3n de Ley General de Asentamientos Humanos, Ordenamiento Territorial y Desarrollo Urbano, la cual sigue pendiente en el estado de Michoac\u00e1n.<br>Mar\u00eda Guadalupe D\u00edaz agradeci\u00f3 la disposici\u00f3n de la directora del Implan para que a trav\u00e9s de su experiencia brinde asesor\u00eda referente a las modificaciones que requiere el C\u00f3digo de Desarrollo Urbano en materia de redensificaci\u00f3n, para dar respuesta al crecimiento de las ciudades, como es el caso de Morelia y otras ciudades en el estado.<br>Joanna Moreno resalt\u00f3 que entre las actividades que se emprenden en el Implan se encuentran las de compilaci\u00f3n, investigaci\u00f3n y geograf\u00eda, as\u00ed como la oferta de cursos, el compilado de instrumentos plantaci\u00f3n, as\u00ed como la elaboraci\u00f3n del Programa Municipal de Desarrollo Urbano.<\/p>\n","protected":false},"excerpt":{"rendered":"<p>\u2022Se re\u00fanen diputadas de la Comisi\u00f3n de Desarrollo Urbano, Obra P\u00fablica y Vivienda con directora del ImplanMorelia, Michoac\u00e1n, a 11 de octubre de 2022.- Con la finalidad de conocer las vertientes de trabajo del Instituto Municipal de Planeaci\u00f3n de Morelia (Implan), integrantes de la Comisi\u00f3n de Desarrollo Urbano, Obra P\u00fablica y Vivienda, presidida por la [&hellip;]<\/p>\n","protected":false},"author":1,"featured_media":9930,"comment_status":"open","ping_status":"closed","sticky":false,"template":"","format":"standard","meta":[],"categories":[1],"tags":[],"yoast_head":"<!-- This site is optimized with the Yoast SEO plugin v17.9 - https:\/\/yoast.com\/wordpress\/plugins\/seo\/ -->\n<title>Resaltan la importancia de la planeaci\u00f3n urbana - Reflejo de Michoac\u00e1n<\/title>\n<meta name=\"robots\" content=\"index, follow, max-snippet:-1, max-image-preview:large, max-video-preview:-1\" \/>\n<link rel=\"canonical\" href=\"https:\/\/reflejodemichoacan.com\/index.php\/2022\/10\/12\/resaltan-la-importancia-de-la-planeacion-urbana\/\" \/>\n<meta property=\"og:locale\" content=\"es_MX\" \/>\n<meta property=\"og:type\" content=\"article\" \/>\n<meta property=\"og:title\" content=\"Resaltan la importancia de la planeaci\u00f3n urbana - Reflejo de Michoac\u00e1n\" \/>\n<meta property=\"og:description\" content=\"\u2022Se re\u00fanen diputadas de la Comisi\u00f3n de Desarrollo Urbano, Obra P\u00fablica y Vivienda con directora del ImplanMorelia, Michoac\u00e1n, a 11 de octubre de 2022.- Con la finalidad de conocer las vertientes de trabajo del Instituto Municipal de Planeaci\u00f3n de Morelia (Implan), integrantes de la Comisi\u00f3n de Desarrollo Urbano, Obra P\u00fablica y Vivienda, presidida por la [&hellip;]\" \/>\n<meta property=\"og:url\" content=\"https:\/\/reflejodemichoacan.com\/index.php\/2022\/10\/12\/resaltan-la-importancia-de-la-planeacion-urbana\/\" \/>\n<meta property=\"og:site_name\" content=\"Reflejo de Michoac\u00e1n\" \/>\n<meta property=\"article:published_time\" content=\"2022-10-12T00:55:15+00:00\" \/>\n<meta property=\"article:modified_time\" content=\"2022-10-12T00:55:22+00:00\" \/>\n<meta property=\"og:image\" content=\"https:\/\/reflejodemichoacan.com\/wp-content\/uploads\/2022\/10\/daniela.jpg\" \/>\n\t<meta property=\"og:image:width\" content=\"1280\" \/>\n\t<meta property=\"og:image:height\" content=\"852\" \/>\n\t<meta property=\"og:image:type\" content=\"image\/jpeg\" \/>\n<meta name=\"twitter:card\" content=\"summary_large_image\" \/>\n<meta name=\"twitter:label1\" content=\"Escrito por\" \/>\n\t<meta name=\"twitter:data1\" content=\"Aurora\" \/>\n\t<meta name=\"twitter:label2\" content=\"Tiempo de lectura\" \/>\n\t<meta name=\"twitter:data2\" content=\"2 minutos\" \/>\n<script type=\"application\/ld+json\" class=\"yoast-schema-graph\">{\"@context\":\"https:\/\/schema.org\",\"@graph\":[{\"@type\":\"WebSite\",\"@id\":\"https:\/\/reflejodemichoacan.com\/#website\",\"url\":\"https:\/\/reflejodemichoacan.com\/\",\"name\":\"Reflejo de Michoac\\u00e1n\",\"description\":\"Medio de comunicaci\\u00f3n impreso y digital al servicio de la regi\\u00f3n lacustre y Michoac\\u00e1n.\",\"potentialAction\":[{\"@type\":\"SearchAction\",\"target\":{\"@type\":\"EntryPoint\",\"urlTemplate\":\"https:\/\/reflejodemichoacan.com\/?s={search_term_string}\"},\"query-input\":\"required name=search_term_string\"}],\"inLanguage\":\"es-MX\"},{\"@type\":\"ImageObject\",\"@id\":\"https:\/\/reflejodemichoacan.com\/index.php\/2022\/10\/12\/resaltan-la-importancia-de-la-planeacion-urbana\/#primaryimage\",\"inLanguage\":\"es-MX\",\"url\":\"https:\/\/reflejodemichoacan.com\/wp-content\/uploads\/2022\/10\/daniela.jpg\",\"contentUrl\":\"https:\/\/reflejodemichoacan.com\/wp-content\/uploads\/2022\/10\/daniela.jpg\",\"width\":1280,\"height\":852},{\"@type\":\"WebPage\",\"@id\":\"https:\/\/reflejodemichoacan.com\/index.php\/2022\/10\/12\/resaltan-la-importancia-de-la-planeacion-urbana\/#webpage\",\"url\":\"https:\/\/reflejodemichoacan.com\/index.php\/2022\/10\/12\/resaltan-la-importancia-de-la-planeacion-urbana\/\",\"name\":\"Resaltan la importancia de la planeaci\\u00f3n urbana - Reflejo de Michoac\\u00e1n\",\"isPartOf\":{\"@id\":\"https:\/\/reflejodemichoacan.com\/#website\"},\"primaryImageOfPage\":{\"@id\":\"https:\/\/reflejodemichoacan.com\/index.php\/2022\/10\/12\/resaltan-la-importancia-de-la-planeacion-urbana\/#primaryimage\"},\"datePublished\":\"2022-10-12T00:55:15+00:00\",\"dateModified\":\"2022-10-12T00:55:22+00:00\",\"author\":{\"@id\":\"https:\/\/reflejodemichoacan.com\/#\/schema\/person\/72d921e8fe99bd6e2e39bcde8995046f\"},\"breadcrumb\":{\"@id\":\"https:\/\/reflejodemichoacan.com\/index.php\/2022\/10\/12\/resaltan-la-importancia-de-la-planeacion-urbana\/#breadcrumb\"},\"inLanguage\":\"es-MX\",\"potentialAction\":[{\"@type\":\"ReadAction\",\"target\":[\"https:\/\/reflejodemichoacan.com\/index.php\/2022\/10\/12\/resaltan-la-importancia-de-la-planeacion-urbana\/\"]}]},{\"@type\":\"BreadcrumbList\",\"@id\":\"https:\/\/reflejodemichoacan.com\/index.php\/2022\/10\/12\/resaltan-la-importancia-de-la-planeacion-urbana\/#breadcrumb\",\"itemListElement\":[{\"@type\":\"ListItem\",\"position\":1,\"name\":\"Inicio\",\"item\":\"https:\/\/reflejodemichoacan.com\/\"},{\"@type\":\"ListItem\",\"position\":2,\"name\":\"Resaltan la importancia de la planeaci\\u00f3n urbana\"}]},{\"@type\":\"Person\",\"@id\":\"https:\/\/reflejodemichoacan.com\/#\/schema\/person\/72d921e8fe99bd6e2e39bcde8995046f\",\"name\":\"Aurora\",\"image\":{\"@type\":\"ImageObject\",\"@id\":\"https:\/\/reflejodemichoacan.com\/#personlogo\",\"inLanguage\":\"es-MX\",\"url\":\"https:\/\/secure.gravatar.com\/avatar\/df5ceb9b998be27b25dd258a6b4b0a95?s=96&d=mm&r=g\",\"contentUrl\":\"https:\/\/secure.gravatar.com\/avatar\/df5ceb9b998be27b25dd258a6b4b0a95?s=96&d=mm&r=g\",\"caption\":\"Aurora\"},\"sameAs\":[\"http:\/\/reflejodemichoacan.com\"],\"url\":\"https:\/\/reflejodemichoacan.com\/index.php\/author\/rixwm7qvsq\/\"}]}<\/script>\n<!-- \/ Yoast SEO plugin. -->","yoast_head_json":{"title":"Resaltan la importancia de la planeaci\u00f3n urbana - Reflejo de Michoac\u00e1n","robots":{"index":"index","follow":"follow","max-snippet":"max-snippet:-1","max-image-preview":"max-image-preview:large","max-video-preview":"max-video-preview:-1"},"canonical":"https:\/\/reflejodemichoacan.com\/index.php\/2022\/10\/12\/resaltan-la-importancia-de-la-planeacion-urbana\/","og_locale":"es_MX","og_type":"article","og_title":"Resaltan la importancia de la planeaci\u00f3n urbana - Reflejo de Michoac\u00e1n","og_description":"\u2022Se re\u00fanen diputadas de la Comisi\u00f3n de Desarrollo Urbano, Obra P\u00fablica y Vivienda con directora del ImplanMorelia, Michoac\u00e1n, a 11 de octubre de 2022.- Con la finalidad de conocer las vertientes de trabajo del Instituto Municipal de Planeaci\u00f3n de Morelia (Implan), integrantes de la Comisi\u00f3n de Desarrollo Urbano, Obra P\u00fablica y Vivienda, presidida por la [&hellip;]","og_url":"https:\/\/reflejodemichoacan.com\/index.php\/2022\/10\/12\/resaltan-la-importancia-de-la-planeacion-urbana\/","og_site_name":"Reflejo de Michoac\u00e1n","article_published_time":"2022-10-12T00:55:15+00:00","article_modified_time":"2022-10-12T00:55:22+00:00","og_image":[{"width":1280,"height":852,"url":"https:\/\/reflejodemichoacan.com\/wp-content\/uploads\/2022\/10\/daniela.jpg","type":"image\/jpeg"}],"twitter_card":"summary_large_image","twitter_misc":{"Escrito por":"Aurora","Tiempo de lectura":"2 minutos"},"schema":{"@context":"https:\/\/schema.org","@graph":[{"@type":"WebSite","@id":"https:\/\/reflejodemichoacan.com\/#website","url":"https:\/\/reflejodemichoacan.com\/","name":"Reflejo de Michoac\u00e1n","description":"Medio de comunicaci\u00f3n impreso y digital al servicio de la regi\u00f3n lacustre y Michoac\u00e1n.","potentialAction":[{"@type":"SearchAction","target":{"@type":"EntryPoint","urlTemplate":"https:\/\/reflejodemichoacan.com\/?s={search_term_string}"},"query-input":"required name=search_term_string"}],"inLanguage":"es-MX"},{"@type":"ImageObject","@id":"https:\/\/reflejodemichoacan.com\/index.php\/2022\/10\/12\/resaltan-la-importancia-de-la-planeacion-urbana\/#primaryimage","inLanguage":"es-MX","url":"https:\/\/reflejodemichoacan.com\/wp-content\/uploads\/2022\/10\/daniela.jpg","contentUrl":"https:\/\/reflejodemichoacan.com\/wp-content\/uploads\/2022\/10\/daniela.jpg","width":1280,"height":852},{"@type":"WebPage","@id":"https:\/\/reflejodemichoacan.com\/index.php\/2022\/10\/12\/resaltan-la-importancia-de-la-planeacion-urbana\/#webpage","url":"https:\/\/reflejodemichoacan.com\/index.php\/2022\/10\/12\/resaltan-la-importancia-de-la-planeacion-urbana\/","name":"Resaltan la importancia de la planeaci\u00f3n urbana - Reflejo de Michoac\u00e1n","isPartOf":{"@id":"https:\/\/reflejodemichoacan.com\/#website"},"primaryImageOfPage":{"@id":"https:\/\/reflejodemichoacan.com\/index.php\/2022\/10\/12\/resaltan-la-importancia-de-la-planeacion-urbana\/#primaryimage"},"datePublished":"2022-10-12T00:55:15+00:00","dateModified":"2022-10-12T00:55:22+00:00","author":{"@id":"https:\/\/reflejodemichoacan.com\/#\/schema\/person\/72d921e8fe99bd6e2e39bcde8995046f"},"breadcrumb":{"@id":"https:\/\/reflejodemichoacan.com\/index.php\/2022\/10\/12\/resaltan-la-importancia-de-la-planeacion-urbana\/#breadcrumb"},"inLanguage":"es-MX","potentialAction":[{"@type":"ReadAction","target":["https:\/\/reflejodemichoacan.com\/index.php\/2022\/10\/12\/resaltan-la-importancia-de-la-planeacion-urbana\/"]}]},{"@type":"BreadcrumbList","@id":"https:\/\/reflejodemichoacan.com\/index.php\/2022\/10\/12\/resaltan-la-importancia-de-la-planeacion-urbana\/#breadcrumb","itemListElement":[{"@type":"ListItem","position":1,"name":"Inicio","item":"https:\/\/reflejodemichoacan.com\/"},{"@type":"ListItem","position":2,"name":"Resaltan la importancia de la planeaci\u00f3n urbana"}]},{"@type":"Person","@id":"https:\/\/reflejodemichoacan.com\/#\/schema\/person\/72d921e8fe99bd6e2e39bcde8995046f","name":"Aurora","image":{"@type":"ImageObject","@id":"https:\/\/reflejodemichoacan.com\/#personlogo","inLanguage":"es-MX","url":"https:\/\/secure.gravatar.com\/avatar\/df5ceb9b998be27b25dd258a6b4b0a95?s=96&d=mm&r=g","contentUrl":"https:\/\/secure.gravatar.com\/avatar\/df5ceb9b998be27b25dd258a6b4b0a95?s=96&d=mm&r=g","caption":"Aurora"},"sameAs":["http:\/\/reflejodemichoacan.com"],"url":"https:\/\/reflejodemichoacan.com\/index.php\/author\/rixwm7qvsq\/"}]}},"_links":{"self":[{"href":"https:\/\/reflejodemichoacan.com\/index.php\/wp-json\/wp\/v2\/posts\/9929"}],"collection":[{"href":"https:\/\/reflejodemichoacan.com\/index.php\/wp-json\/wp\/v2\/posts"}],"about":[{"href":"https:\/\/reflejodemichoacan.com\/index.php\/wp-json\/wp\/v2\/types\/post"}],"author":[{"embeddable":true,"href":"https:\/\/reflejodemichoacan.com\/index.php\/wp-json\/wp\/v2\/users\/1"}],"replies":[{"embeddable":true,"href":"https:\/\/reflejodemichoacan.com\/index.php\/wp-json\/wp\/v2\/comments?post=9929"}],"version-history":[{"count":1,"href":"https:\/\/reflejodemichoacan.com\/index.php\/wp-json\/wp\/v2\/posts\/9929\/revisions"}],"predecessor-version":[{"id":9931,"href":"https:\/\/reflejodemichoacan.com\/index.php\/wp-json\/wp\/v2\/posts\/9929\/revisions\/9931"}],"wp:featuredmedia":[{"embeddable":true,"href":"https:\/\/reflejodemichoacan.com\/index.php\/wp-json\/wp\/v2\/media\/9930"}],"wp:attachment":[{"href":"https:\/\/reflejodemichoacan.com\/index.php\/wp-json\/wp\/v2\/media?parent=9929"}],"wp:term":[{"taxonomy":"category","embeddable":true,"href":"https:\/\/reflejodemichoacan.com\/index.php\/wp-json\/wp\/v2\/categories?post=9929"},{"taxonomy":"post_tag","embeddable":true,"href":"https:\/\/reflejodemichoacan.com\/index.php\/wp-json\/wp\/v2\/tags?post=9929"}],"curies":[{"name":"wp","href":"https:\/\/api.w.org\/{rel}","templated":true}]}}