{"id":9932,"date":"2022-10-12T01:13:36","date_gmt":"2022-10-12T01:13:36","guid":{"rendered":"https:\/\/reflejodemichoacan.com\/?p=9932"},"modified":"2022-10-12T01:13:38","modified_gmt":"2022-10-12T01:13:38","slug":"acuden-corazones-mensajeros-de-salvador-escalante-a-embajada-americana-a-entrevista-para-su-visa","status":"publish","type":"post","link":"https:\/\/reflejodemichoacan.com\/index.php\/2022\/10\/12\/acuden-corazones-mensajeros-de-salvador-escalante-a-embajada-americana-a-entrevista-para-su-visa\/","title":{"rendered":"Acuden &#8220;Corazones Mensajeros&#8221; de Salvador Escalante a embajada americana a entrevista para su VISA."},"content":{"rendered":"\n<p>Salvador Escalante, Mich., 11 de octubre del 2022.- El programa de reunificaci\u00f3n familiar migrante &#8220;Corazones Mensajeros&#8221;, que opera el Ayuntamiento de Salvador Escalante representado por su presidenta Araceli Saucedo Reyes, contin\u00faa la ruta de la felicidad.<\/p>\n\n\n\n<p>Hoy un grupo de adultos mayores acompa\u00f1ados de personal de la direcci\u00f3n municipal del migrante, acudieron a la CDMX, para desahogar su cita en la embajada americana y con ello poder obtener su VISA.<\/p>\n\n\n\n<p>Es de mencionar que dentro de este programa ya son dos grupos de &#8220;Corazones Mensajeros&#8221; los que han podido viajar a Estados Unidos de Norteam\u00e9rica, ha ver a su familiares, el segundo grupo est\u00e1 por regresar.<\/p>\n\n\n\n<p>En lista de espera se encuentran otros grupos compuestos por adultos mayores, quienes se encuentran reuniendo todos los requisitos para poder viajar.<\/p>\n\n\n\n<p>Est\u00e1s interesad@, en ser beneficiario de este programa, acude a la direcci\u00f3n del migrante municipal, ubicada&nbsp; en la casa de la cultura, en Santa Clara del Cobre, no importa que seas de otro municipio.<\/p>\n","protected":false},"excerpt":{"rendered":"<p>Salvador Escalante, Mich., 11 de octubre del 2022.- El programa de reunificaci\u00f3n familiar migrante &#8220;Corazones Mensajeros&#8221;, que opera el Ayuntamiento de Salvador Escalante representado por su presidenta Araceli Saucedo Reyes, contin\u00faa la ruta de la felicidad. Hoy un grupo de adultos mayores acompa\u00f1ados de personal de la direcci\u00f3n municipal del migrante, acudieron a la CDMX, [&hellip;]<\/p>\n","protected":false},"author":1,"featured_media":9933,"comment_status":"open","ping_status":"closed","sticky":false,"template":"","format":"standard","meta":[],"categories":[1],"tags":[],"yoast_head":"<!-- This site is optimized with the Yoast SEO plugin v17.9 - https:\/\/yoast.com\/wordpress\/plugins\/seo\/ -->\n<title>Acuden &quot;Corazones Mensajeros&quot; de Salvador Escalante a embajada americana a entrevista para su VISA. - Reflejo de Michoac\u00e1n<\/title>\n<meta name=\"robots\" content=\"index, follow, max-snippet:-1, max-image-preview:large, max-video-preview:-1\" \/>\n<link rel=\"canonical\" href=\"https:\/\/reflejodemichoacan.com\/index.php\/2022\/10\/12\/acuden-corazones-mensajeros-de-salvador-escalante-a-embajada-americana-a-entrevista-para-su-visa\/\" \/>\n<meta property=\"og:locale\" content=\"es_MX\" \/>\n<meta property=\"og:type\" content=\"article\" \/>\n<meta property=\"og:title\" content=\"Acuden &quot;Corazones Mensajeros&quot; de Salvador Escalante a embajada americana a entrevista para su VISA. - Reflejo de Michoac\u00e1n\" \/>\n<meta property=\"og:description\" content=\"Salvador Escalante, Mich., 11 de octubre del 2022.- El programa de reunificaci\u00f3n familiar migrante &#8220;Corazones Mensajeros&#8221;, que opera el Ayuntamiento de Salvador Escalante representado por su presidenta Araceli Saucedo Reyes, contin\u00faa la ruta de la felicidad. Hoy un grupo de adultos mayores acompa\u00f1ados de personal de la direcci\u00f3n municipal del migrante, acudieron a la CDMX, [&hellip;]\" \/>\n<meta property=\"og:url\" content=\"https:\/\/reflejodemichoacan.com\/index.php\/2022\/10\/12\/acuden-corazones-mensajeros-de-salvador-escalante-a-embajada-americana-a-entrevista-para-su-visa\/\" \/>\n<meta property=\"og:site_name\" content=\"Reflejo de Michoac\u00e1n\" \/>\n<meta property=\"article:published_time\" content=\"2022-10-12T01:13:36+00:00\" \/>\n<meta property=\"article:modified_time\" content=\"2022-10-12T01:13:38+00:00\" \/>\n<meta property=\"og:image\" content=\"https:\/\/reflejodemichoacan.com\/wp-content\/uploads\/2022\/10\/Corazones.jpg\" \/>\n\t<meta property=\"og:image:width\" content=\"1024\" \/>\n\t<meta property=\"og:image:height\" content=\"461\" \/>\n\t<meta property=\"og:image:type\" content=\"image\/jpeg\" \/>\n<meta name=\"twitter:card\" content=\"summary_large_image\" \/>\n<meta name=\"twitter:label1\" content=\"Escrito por\" \/>\n\t<meta name=\"twitter:data1\" content=\"Aurora\" \/>\n\t<meta name=\"twitter:label2\" content=\"Tiempo de lectura\" \/>\n\t<meta name=\"twitter:data2\" content=\"1 minuto\" \/>\n<script type=\"application\/ld+json\" class=\"yoast-schema-graph\">{\"@context\":\"https:\/\/schema.org\",\"@graph\":[{\"@type\":\"WebSite\",\"@id\":\"https:\/\/reflejodemichoacan.com\/#website\",\"url\":\"https:\/\/reflejodemichoacan.com\/\",\"name\":\"Reflejo de Michoac\\u00e1n\",\"description\":\"Medio de comunicaci\\u00f3n impreso y digital al servicio de la regi\\u00f3n lacustre y Michoac\\u00e1n.\",\"potentialAction\":[{\"@type\":\"SearchAction\",\"target\":{\"@type\":\"EntryPoint\",\"urlTemplate\":\"https:\/\/reflejodemichoacan.com\/?s={search_term_string}\"},\"query-input\":\"required name=search_term_string\"}],\"inLanguage\":\"es-MX\"},{\"@type\":\"ImageObject\",\"@id\":\"https:\/\/reflejodemichoacan.com\/index.php\/2022\/10\/12\/acuden-corazones-mensajeros-de-salvador-escalante-a-embajada-americana-a-entrevista-para-su-visa\/#primaryimage\",\"inLanguage\":\"es-MX\",\"url\":\"https:\/\/reflejodemichoacan.com\/wp-content\/uploads\/2022\/10\/Corazones.jpg\",\"contentUrl\":\"https:\/\/reflejodemichoacan.com\/wp-content\/uploads\/2022\/10\/Corazones.jpg\",\"width\":1024,\"height\":461},{\"@type\":\"WebPage\",\"@id\":\"https:\/\/reflejodemichoacan.com\/index.php\/2022\/10\/12\/acuden-corazones-mensajeros-de-salvador-escalante-a-embajada-americana-a-entrevista-para-su-visa\/#webpage\",\"url\":\"https:\/\/reflejodemichoacan.com\/index.php\/2022\/10\/12\/acuden-corazones-mensajeros-de-salvador-escalante-a-embajada-americana-a-entrevista-para-su-visa\/\",\"name\":\"Acuden \\\"Corazones Mensajeros\\\" de Salvador Escalante a embajada americana a entrevista para su VISA. - Reflejo de Michoac\\u00e1n\",\"isPartOf\":{\"@id\":\"https:\/\/reflejodemichoacan.com\/#website\"},\"primaryImageOfPage\":{\"@id\":\"https:\/\/reflejodemichoacan.com\/index.php\/2022\/10\/12\/acuden-corazones-mensajeros-de-salvador-escalante-a-embajada-americana-a-entrevista-para-su-visa\/#primaryimage\"},\"datePublished\":\"2022-10-12T01:13:36+00:00\",\"dateModified\":\"2022-10-12T01:13:38+00:00\",\"author\":{\"@id\":\"https:\/\/reflejodemichoacan.com\/#\/schema\/person\/72d921e8fe99bd6e2e39bcde8995046f\"},\"breadcrumb\":{\"@id\":\"https:\/\/reflejodemichoacan.com\/index.php\/2022\/10\/12\/acuden-corazones-mensajeros-de-salvador-escalante-a-embajada-americana-a-entrevista-para-su-visa\/#breadcrumb\"},\"inLanguage\":\"es-MX\",\"potentialAction\":[{\"@type\":\"ReadAction\",\"target\":[\"https:\/\/reflejodemichoacan.com\/index.php\/2022\/10\/12\/acuden-corazones-mensajeros-de-salvador-escalante-a-embajada-americana-a-entrevista-para-su-visa\/\"]}]},{\"@type\":\"BreadcrumbList\",\"@id\":\"https:\/\/reflejodemichoacan.com\/index.php\/2022\/10\/12\/acuden-corazones-mensajeros-de-salvador-escalante-a-embajada-americana-a-entrevista-para-su-visa\/#breadcrumb\",\"itemListElement\":[{\"@type\":\"ListItem\",\"position\":1,\"name\":\"Inicio\",\"item\":\"https:\/\/reflejodemichoacan.com\/\"},{\"@type\":\"ListItem\",\"position\":2,\"name\":\"Acuden &#8220;Corazones Mensajeros&#8221; de Salvador Escalante a embajada americana a entrevista para su VISA.\"}]},{\"@type\":\"Person\",\"@id\":\"https:\/\/reflejodemichoacan.com\/#\/schema\/person\/72d921e8fe99bd6e2e39bcde8995046f\",\"name\":\"Aurora\",\"image\":{\"@type\":\"ImageObject\",\"@id\":\"https:\/\/reflejodemichoacan.com\/#personlogo\",\"inLanguage\":\"es-MX\",\"url\":\"https:\/\/secure.gravatar.com\/avatar\/df5ceb9b998be27b25dd258a6b4b0a95?s=96&d=mm&r=g\",\"contentUrl\":\"https:\/\/secure.gravatar.com\/avatar\/df5ceb9b998be27b25dd258a6b4b0a95?s=96&d=mm&r=g\",\"caption\":\"Aurora\"},\"sameAs\":[\"http:\/\/reflejodemichoacan.com\"],\"url\":\"https:\/\/reflejodemichoacan.com\/index.php\/author\/rixwm7qvsq\/\"}]}<\/script>\n<!-- \/ Yoast SEO plugin. -->","yoast_head_json":{"title":"Acuden \"Corazones Mensajeros\" de Salvador Escalante a embajada americana a entrevista para su VISA. - Reflejo de Michoac\u00e1n","robots":{"index":"index","follow":"follow","max-snippet":"max-snippet:-1","max-image-preview":"max-image-preview:large","max-video-preview":"max-video-preview:-1"},"canonical":"https:\/\/reflejodemichoacan.com\/index.php\/2022\/10\/12\/acuden-corazones-mensajeros-de-salvador-escalante-a-embajada-americana-a-entrevista-para-su-visa\/","og_locale":"es_MX","og_type":"article","og_title":"Acuden \"Corazones Mensajeros\" de Salvador Escalante a embajada americana a entrevista para su VISA. - Reflejo de Michoac\u00e1n","og_description":"Salvador Escalante, Mich., 11 de octubre del 2022.- El programa de reunificaci\u00f3n familiar migrante &#8220;Corazones Mensajeros&#8221;, que opera el Ayuntamiento de Salvador Escalante representado por su presidenta Araceli Saucedo Reyes, contin\u00faa la ruta de la felicidad. Hoy un grupo de adultos mayores acompa\u00f1ados de personal de la direcci\u00f3n municipal del migrante, acudieron a la CDMX, [&hellip;]","og_url":"https:\/\/reflejodemichoacan.com\/index.php\/2022\/10\/12\/acuden-corazones-mensajeros-de-salvador-escalante-a-embajada-americana-a-entrevista-para-su-visa\/","og_site_name":"Reflejo de Michoac\u00e1n","article_published_time":"2022-10-12T01:13:36+00:00","article_modified_time":"2022-10-12T01:13:38+00:00","og_image":[{"width":1024,"height":461,"url":"https:\/\/reflejodemichoacan.com\/wp-content\/uploads\/2022\/10\/Corazones.jpg","type":"image\/jpeg"}],"twitter_card":"summary_large_image","twitter_misc":{"Escrito por":"Aurora","Tiempo de lectura":"1 minuto"},"schema":{"@context":"https:\/\/schema.org","@graph":[{"@type":"WebSite","@id":"https:\/\/reflejodemichoacan.com\/#website","url":"https:\/\/reflejodemichoacan.com\/","name":"Reflejo de Michoac\u00e1n","description":"Medio de comunicaci\u00f3n impreso y digital al servicio de la regi\u00f3n lacustre y Michoac\u00e1n.","potentialAction":[{"@type":"SearchAction","target":{"@type":"EntryPoint","urlTemplate":"https:\/\/reflejodemichoacan.com\/?s={search_term_string}"},"query-input":"required name=search_term_string"}],"inLanguage":"es-MX"},{"@type":"ImageObject","@id":"https:\/\/reflejodemichoacan.com\/index.php\/2022\/10\/12\/acuden-corazones-mensajeros-de-salvador-escalante-a-embajada-americana-a-entrevista-para-su-visa\/#primaryimage","inLanguage":"es-MX","url":"https:\/\/reflejodemichoacan.com\/wp-content\/uploads\/2022\/10\/Corazones.jpg","contentUrl":"https:\/\/reflejodemichoacan.com\/wp-content\/uploads\/2022\/10\/Corazones.jpg","width":1024,"height":461},{"@type":"WebPage","@id":"https:\/\/reflejodemichoacan.com\/index.php\/2022\/10\/12\/acuden-corazones-mensajeros-de-salvador-escalante-a-embajada-americana-a-entrevista-para-su-visa\/#webpage","url":"https:\/\/reflejodemichoacan.com\/index.php\/2022\/10\/12\/acuden-corazones-mensajeros-de-salvador-escalante-a-embajada-americana-a-entrevista-para-su-visa\/","name":"Acuden \"Corazones Mensajeros\" de Salvador Escalante a embajada americana a entrevista para su VISA. - Reflejo de Michoac\u00e1n","isPartOf":{"@id":"https:\/\/reflejodemichoacan.com\/#website"},"primaryImageOfPage":{"@id":"https:\/\/reflejodemichoacan.com\/index.php\/2022\/10\/12\/acuden-corazones-mensajeros-de-salvador-escalante-a-embajada-americana-a-entrevista-para-su-visa\/#primaryimage"},"datePublished":"2022-10-12T01:13:36+00:00","dateModified":"2022-10-12T01:13:38+00:00","author":{"@id":"https:\/\/reflejodemichoacan.com\/#\/schema\/person\/72d921e8fe99bd6e2e39bcde8995046f"},"breadcrumb":{"@id":"https:\/\/reflejodemichoacan.com\/index.php\/2022\/10\/12\/acuden-corazones-mensajeros-de-salvador-escalante-a-embajada-americana-a-entrevista-para-su-visa\/#breadcrumb"},"inLanguage":"es-MX","potentialAction":[{"@type":"ReadAction","target":["https:\/\/reflejodemichoacan.com\/index.php\/2022\/10\/12\/acuden-corazones-mensajeros-de-salvador-escalante-a-embajada-americana-a-entrevista-para-su-visa\/"]}]},{"@type":"BreadcrumbList","@id":"https:\/\/reflejodemichoacan.com\/index.php\/2022\/10\/12\/acuden-corazones-mensajeros-de-salvador-escalante-a-embajada-americana-a-entrevista-para-su-visa\/#breadcrumb","itemListElement":[{"@type":"ListItem","position":1,"name":"Inicio","item":"https:\/\/reflejodemichoacan.com\/"},{"@type":"ListItem","position":2,"name":"Acuden &#8220;Corazones Mensajeros&#8221; de Salvador Escalante a embajada americana a entrevista para su VISA."}]},{"@type":"Person","@id":"https:\/\/reflejodemichoacan.com\/#\/schema\/person\/72d921e8fe99bd6e2e39bcde8995046f","name":"Aurora","image":{"@type":"ImageObject","@id":"https:\/\/reflejodemichoacan.com\/#personlogo","inLanguage":"es-MX","url":"https:\/\/secure.gravatar.com\/avatar\/df5ceb9b998be27b25dd258a6b4b0a95?s=96&d=mm&r=g","contentUrl":"https:\/\/secure.gravatar.com\/avatar\/df5ceb9b998be27b25dd258a6b4b0a95?s=96&d=mm&r=g","caption":"Aurora"},"sameAs":["http:\/\/reflejodemichoacan.com"],"url":"https:\/\/reflejodemichoacan.com\/index.php\/author\/rixwm7qvsq\/"}]}},"_links":{"self":[{"href":"https:\/\/reflejodemichoacan.com\/index.php\/wp-json\/wp\/v2\/posts\/9932"}],"collection":[{"href":"https:\/\/reflejodemichoacan.com\/index.php\/wp-json\/wp\/v2\/posts"}],"about":[{"href":"https:\/\/reflejodemichoacan.com\/index.php\/wp-json\/wp\/v2\/types\/post"}],"author":[{"embeddable":true,"href":"https:\/\/reflejodemichoacan.com\/index.php\/wp-json\/wp\/v2\/users\/1"}],"replies":[{"embeddable":true,"href":"https:\/\/reflejodemichoacan.com\/index.php\/wp-json\/wp\/v2\/comments?post=9932"}],"version-history":[{"count":1,"href":"https:\/\/reflejodemichoacan.com\/index.php\/wp-json\/wp\/v2\/posts\/9932\/revisions"}],"predecessor-version":[{"id":9934,"href":"https:\/\/reflejodemichoacan.com\/index.php\/wp-json\/wp\/v2\/posts\/9932\/revisions\/9934"}],"wp:featuredmedia":[{"embeddable":true,"href":"https:\/\/reflejodemichoacan.com\/index.php\/wp-json\/wp\/v2\/media\/9933"}],"wp:attachment":[{"href":"https:\/\/reflejodemichoacan.com\/index.php\/wp-json\/wp\/v2\/media?parent=9932"}],"wp:term":[{"taxonomy":"category","embeddable":true,"href":"https:\/\/reflejodemichoacan.com\/index.php\/wp-json\/wp\/v2\/categories?post=9932"},{"taxonomy":"post_tag","embeddable":true,"href":"https:\/\/reflejodemichoacan.com\/index.php\/wp-json\/wp\/v2\/tags?post=9932"}],"curies":[{"name":"wp","href":"https:\/\/api.w.org\/{rel}","templated":true}]}}